{"id":2332,"date":"2018-09-25T09:26:59","date_gmt":"2018-09-25T07:26:59","guid":{"rendered":"http:\/\/cepronda.com\/blog\/?p=2332"},"modified":"2018-09-25T09:27:07","modified_gmt":"2018-09-25T07:27:07","slug":"seneca-gestion-economica-de-los-centros-publicos","status":"publish","type":"post","link":"https:\/\/cepronda.com\/blog\/seneca-gestion-economica-de-los-centros-publicos\/","title":{"rendered":"S\u00e9neca: gesti\u00f3n econ\u00f3mica de los centros p\u00fablicos"},"content":{"rendered":"\n<p class=\"wp-block-paragraph\">Hola familia,\u00a0<\/p>\n\n\n\n<p class=\"wp-block-paragraph\">Compartimos con las secretar\u00edas de los centros esta actividad que creemos que os puede resultar de gran inter\u00e9s, donde se har\u00e1 un recorrido por el m\u00f3dulo de gesti\u00f3n econ\u00f3mica de S\u00e9neca, con los siguientes contenidos:\u00a0 <br\/>calendario de gesti\u00f3n econ\u00f3mica;\u00a0 cuestiones problem\u00e1ticas y novedades; procedimientos habituales de gesti\u00f3n; ingresos y reintegros; compras y facturaci\u00f3n; factura electr\u00f3nica; modelos de la AEAT; conciliaciones bancarias y arqueos de caja; justificaciones espec\u00edficas; cierre del ejercicio econ\u00f3mico; e inventario de Centros.<\/p>\n\n\n\n<p class=\"wp-block-paragraph\">Os dejamos con el <a href=\"https:\/\/www.juntadeandalucia.es\/educacion\/secretariavirtual\/consultaCEP\/actividad\/192924FC009\/\" target=\"_blank\">enlace a la actividad<\/a> para que pod\u00e1is ver los detalles e inscribiros. Un saludo y nos vemos en estos d\u00edas por los centros.\u00a0<\/p>\n\n\n\n<figure class=\"wp-block-image\"><a href=\"https:\/\/www.juntadeandalucia.es\/educacion\/secretariavirtual\/consultaCEP\/actividad\/192924FC009\/\"><img data-recalc-dims=\"1\" loading=\"lazy\" decoding=\"async\" width=\"640\" height=\"452\" src=\"https:\/\/i0.wp.com\/cepronda.com\/blog\/wp-content\/uploads\/2017\/05\/gear-1444094_640.jpg?resize=640%2C452\" alt=\"\" class=\"wp-image-877\" srcset=\"https:\/\/i0.wp.com\/cepronda.com\/blog\/wp-content\/uploads\/2017\/05\/gear-1444094_640.jpg?w=640&amp;ssl=1 640w, https:\/\/i0.wp.com\/cepronda.com\/blog\/wp-content\/uploads\/2017\/05\/gear-1444094_640.jpg?resize=300%2C212&amp;ssl=1 300w\" sizes=\"auto, (max-width: 640px) 100vw, 640px\" \/><\/a><\/figure>\n","protected":false},"excerpt":{"rendered":"<p>Hola familia,\u00a0 Compartimos con las secretar\u00edas de los centros esta actividad que creemos que os puede resultar de gran inter\u00e9s, donde se har\u00e1 un recorrido por el m\u00f3dulo de gesti\u00f3n econ\u00f3mica de S\u00e9neca, con los siguientes contenidos:\u00a0 calendario de gesti\u00f3n econ\u00f3mica;\u00a0 cuestiones problem\u00e1ticas y novedades; procedimientos habituales de gesti\u00f3n; ingresos y reintegros; compras y facturaci\u00f3n; [&hellip;]<\/p>\n","protected":false},"author":3,"featured_media":877,"comment_status":"open","ping_status":"open","sticky":false,"template":"","format":"standard","meta":{"_crdt_document":"","advanced_seo_description":"","jetpack_seo_html_title":"","jetpack_seo_noindex":false,"jetpack_post_was_ever_published":false,"_jetpack_newsletter_access":"","_jetpack_dont_email_post_to_subs":false,"_jetpack_newsletter_tier_id":0,"_jetpack_memberships_contains_paywalled_content":false,"_jetpack_memberships_contains_paid_content":false,"footnotes":"","jetpack_publicize_message":"","jetpack_publicize_feature_enabled":true,"jetpack_social_post_already_shared":true,"jetpack_social_options":{"image_generator_settings":{"template":"highway","default_image_id":0,"font":"","enabled":false},"version":2}},"categories":[3],"tags":[34],"class_list":{"0":"post-2332","1":"post","2":"type-post","3":"status-publish","4":"format-standard","5":"has-post-thumbnail","7":"category-formaciones","8":"tag-gestion-economica","9":"czr-hentry"},"jetpack_publicize_connections":[],"jetpack_featured_media_url":"https:\/\/i0.wp.com\/cepronda.com\/blog\/wp-content\/uploads\/2017\/05\/gear-1444094_640.jpg?fit=640%2C452&ssl=1","jetpack_shortlink":"https:\/\/wp.me\/p8M4X7-BC","jetpack-related-posts":[{"id":8937,"url":"https:\/\/cepronda.com\/blog\/gestion-economica-para-secretarias-5\/","url_meta":{"origin":2332,"position":0},"title":"GESTI\u00d3N ECON\u00d3MICA PARA SECRETAR\u00cdAS","author":"Mamen Moreno","date":"17 octubre, 2025","format":false,"excerpt":"Abierta la inscripci\u00f3n para el 2\u00ba curso del Itinerario Formativo para Secretar\u00edas de Centros P\u00fablicos: Gesti\u00f3n econ\u00f3mica para secretar\u00edas. C\u00f3digo: 269924KPF230 Dirigido a: secretar\u00edas en activo de los centros educativos p\u00fablicos de la provincia de M\u00e1laga. Comienzo: 5 de noviembre Inscripci\u00f3n del 17\/10 al 31\/10 M\u00e1s informaci\u00f3n: https:\/\/www.juntadeandalucia.es\/educacion\/secretariavirtual\/consultaCEP\/actividad\/269924KPF230\/","rel":"","context":"En \u00abFormaciones\u00bb","block_context":{"text":"Formaciones","link":"https:\/\/cepronda.com\/blog\/category\/formaciones\/"},"img":{"alt_text":"","src":"https:\/\/i0.wp.com\/cepronda.com\/blog\/wp-content\/uploads\/2025\/09\/SECRETARIAS-NOVELES-2023_24.png?fit=848%2C1200&ssl=1&resize=350%2C200","width":350,"height":200,"srcset":"https:\/\/i0.wp.com\/cepronda.com\/blog\/wp-content\/uploads\/2025\/09\/SECRETARIAS-NOVELES-2023_24.png?fit=848%2C1200&ssl=1&resize=350%2C200 1x, https:\/\/i0.wp.com\/cepronda.com\/blog\/wp-content\/uploads\/2025\/09\/SECRETARIAS-NOVELES-2023_24.png?fit=848%2C1200&ssl=1&resize=525%2C300 1.5x, https:\/\/i0.wp.com\/cepronda.com\/blog\/wp-content\/uploads\/2025\/09\/SECRETARIAS-NOVELES-2023_24.png?fit=848%2C1200&ssl=1&resize=700%2C400 2x"},"classes":[]},{"id":4153,"url":"https:\/\/cepronda.com\/blog\/gestion-economica-en-seneca-de-proyectos-erasmus\/","url_meta":{"origin":2332,"position":1},"title":"GESTI\u00d3N ECON\u00d3MICA EN S\u00c9NECA DE PROYECTOS ERASMUS+","author":"Maribel Mu\u00f1oz","date":"8 febrero, 2021","format":false,"excerpt":"Buenas tardes compa\u00f1eras y compa\u00f1eros, Os informamos que est\u00e1 abierto el plazo de inscripci\u00f3n de la formaci\u00f3n\u00a0 GESTI\u00d3N ECON\u00d3MICA EN S\u00c9NECA DE PROYECTOS ERASMUS+ 219924KPI266 a nivel provincial,\u00a0 y que comenzar\u00e1 a desarrollarse el pr\u00f3ximo\u00a0 01\/03\/2021. Adjuntamos enlace : https:\/\/www.juntadeandalucia.es\/educacion\/secretariavirtual\/consultaCEP\/actividad\/219924KPI266\/ Te rogamos que en el caso de renunciar o no\u2026","rel":"","context":"En \u00abFormaciones\u00bb","block_context":{"text":"Formaciones","link":"https:\/\/cepronda.com\/blog\/category\/formaciones\/"},"img":{"alt_text":"","src":"https:\/\/i0.wp.com\/cepronda.com\/blog\/wp-content\/uploads\/2021\/02\/erasmus-modulo-avanzado_-gestion-administrativa-y-economica-de-proyectos-erasmus-en-seneca.jpg?fit=848%2C1200&ssl=1&resize=350%2C200","width":350,"height":200,"srcset":"https:\/\/i0.wp.com\/cepronda.com\/blog\/wp-content\/uploads\/2021\/02\/erasmus-modulo-avanzado_-gestion-administrativa-y-economica-de-proyectos-erasmus-en-seneca.jpg?fit=848%2C1200&ssl=1&resize=350%2C200 1x, https:\/\/i0.wp.com\/cepronda.com\/blog\/wp-content\/uploads\/2021\/02\/erasmus-modulo-avanzado_-gestion-administrativa-y-economica-de-proyectos-erasmus-en-seneca.jpg?fit=848%2C1200&ssl=1&resize=525%2C300 1.5x, https:\/\/i0.wp.com\/cepronda.com\/blog\/wp-content\/uploads\/2021\/02\/erasmus-modulo-avanzado_-gestion-administrativa-y-economica-de-proyectos-erasmus-en-seneca.jpg?fit=848%2C1200&ssl=1&resize=700%2C400 2x"},"classes":[]},{"id":474,"url":"https:\/\/cepronda.com\/blog\/curso-fundamentacion-juridica-para-la-gestion-de-los-centros-educativos\/","url_meta":{"origin":2332,"position":2},"title":"Curso \u00abFundamentaci\u00f3n jur\u00eddica para la gesti\u00f3n de los centros educativos\u00bb","author":"V\u00edctor Caballero","date":"13 diciembre, 2016","format":false,"excerpt":"\u00a1No nos paran! Seguimos con un \u00a0curso con seguimiento dirigido a las personas responsables de las secretar\u00edas en los centros y al resto de los miembros de los Equipos Directivos para su actualizaci\u00f3n a la hora de aplicar la legislaci\u00f3n educativa como norma para la mejora de la gesti\u00f3n econ\u00f3mica\u2026","rel":"","context":"En \u00abFormaciones\u00bb","block_context":{"text":"Formaciones","link":"https:\/\/cepronda.com\/blog\/category\/formaciones\/"},"img":{"alt_text":"home-office-336377_640","src":"https:\/\/i0.wp.com\/cepronda.com\/blog\/wp-content\/uploads\/2016\/12\/home-office-336377_640.jpg?resize=350%2C200","width":350,"height":200},"classes":[]},{"id":3942,"url":"https:\/\/cepronda.com\/blog\/gestion-economica-para-secretarias\/","url_meta":{"origin":2332,"position":3},"title":"GESTI\u00d3N ECON\u00d3MICA PARA SECRETAR\u00cdAS","author":"Mar\u00eda Jos\u00e9 M\u00e1rquez","date":"3 noviembre, 2020","format":false,"excerpt":"Se abre el plazo para la inscripci\u00f3n en le curso \"GESTI\u00d3N ECON\u00d3MICA PARA SECRETAR\u00cdAS\". FECHAS DE MATRICULACI\u00d3N: 29\/10\/2020 AL 12\/11\/2020 Esta actividad va dirigida, exclusivamente, a las secretarias y secretarios de los centros pertenecientes al \u00e1mbito de actuaci\u00f3n de los CEPs de Antequera, MArbella-Co\u00edn, Ronda y V\u00e9lez-M\u00e1laga. El criterio para\u2026","rel":"","context":"En \u00abFormaciones\u00bb","block_context":{"text":"Formaciones","link":"https:\/\/cepronda.com\/blog\/category\/formaciones\/"},"img":{"alt_text":"","src":"https:\/\/i0.wp.com\/cepronda.com\/blog\/wp-content\/uploads\/2020\/11\/gestioneconomica.jpg?fit=848%2C1200&ssl=1&resize=350%2C200","width":350,"height":200,"srcset":"https:\/\/i0.wp.com\/cepronda.com\/blog\/wp-content\/uploads\/2020\/11\/gestioneconomica.jpg?fit=848%2C1200&ssl=1&resize=350%2C200 1x, https:\/\/i0.wp.com\/cepronda.com\/blog\/wp-content\/uploads\/2020\/11\/gestioneconomica.jpg?fit=848%2C1200&ssl=1&resize=525%2C300 1.5x, https:\/\/i0.wp.com\/cepronda.com\/blog\/wp-content\/uploads\/2020\/11\/gestioneconomica.jpg?fit=848%2C1200&ssl=1&resize=700%2C400 2x"},"classes":[]},{"id":8805,"url":"https:\/\/cepronda.com\/blog\/gestion-economica-para-secretarias-noveles-horario-de-manana\/","url_meta":{"origin":2332,"position":4},"title":"GESTI\u00d3N ECON\u00d3MICA PARA SECRETAR\u00cdAS NOVELES HORARIO DE MA\u00d1ANA","author":"Mamen Moreno","date":"18 septiembre, 2025","format":false,"excerpt":"Abierta la inscripci\u00f3n del curso a distancia regional organizado por el CEP de El Ejido; dirigido a: Secretar\u00edas noveles en centros educativos p\u00fablicos en el presente curso 2025\/2026 que imparten docencia en horario de tarde. GESTI\u00d3N ECON\u00d3MICA PARA SECRETAR\u00cdAS NOVELES. C\u00f3digo: 269902KPF001 Dirigido a: Secretar\u00edas noveles en centros educativos p\u00fablicos\u2026","rel":"","context":"En \u00abFormaciones\u00bb","block_context":{"text":"Formaciones","link":"https:\/\/cepronda.com\/blog\/category\/formaciones\/"},"img":{"alt_text":"","src":"https:\/\/i0.wp.com\/cepronda.com\/blog\/wp-content\/uploads\/2025\/09\/269902KPF001.jpeg?fit=1080%2C1080&ssl=1&resize=350%2C200","width":350,"height":200,"srcset":"https:\/\/i0.wp.com\/cepronda.com\/blog\/wp-content\/uploads\/2025\/09\/269902KPF001.jpeg?fit=1080%2C1080&ssl=1&resize=350%2C200 1x, https:\/\/i0.wp.com\/cepronda.com\/blog\/wp-content\/uploads\/2025\/09\/269902KPF001.jpeg?fit=1080%2C1080&ssl=1&resize=525%2C300 1.5x, https:\/\/i0.wp.com\/cepronda.com\/blog\/wp-content\/uploads\/2025\/09\/269902KPF001.jpeg?fit=1080%2C1080&ssl=1&resize=700%2C400 2x, https:\/\/i0.wp.com\/cepronda.com\/blog\/wp-content\/uploads\/2025\/09\/269902KPF001.jpeg?fit=1080%2C1080&ssl=1&resize=1050%2C600 3x"},"classes":[]},{"id":8863,"url":"https:\/\/cepronda.com\/blog\/gestion-economica-para-secretarias-4\/","url_meta":{"origin":2332,"position":5},"title":"GESTI\u00d3N ECON\u00d3MICA PARA SECRETAR\u00cdAS","author":"Mamen Moreno","date":"26 septiembre, 2025","format":false,"excerpt":"Abierta la inscripci\u00f3n de los cursos del Itinerario Formativo para Secretar\u00edas de Centros P\u00fablicos: \u00a01\u00ba Curso Semipresencial: 4 sesiones por videoconferencia Gesti\u00f3n econ\u00f3mica para secretar\u00edas n\u00f3veles . C\u00f3digo: 269926KPF011 \u00a0Dirigido a: secretar\u00edas en su primer a\u00f1o \u00a0Comienzo: 7 de octubre \u00a0Inscripci\u00f3n del 25\/09 al 05\/10:\u00a0https:\/\/www.juntadeandalucia.es\/educacion\/secretariavirtual\/consultaCEP\/actividad\/269926KPF011\/ \u00a02\u00ba Curso Online: Aula Virtual\u2026","rel":"","context":"En \u00abFormaciones\u00bb","block_context":{"text":"Formaciones","link":"https:\/\/cepronda.com\/blog\/category\/formaciones\/"},"img":{"alt_text":"","src":"https:\/\/i0.wp.com\/cepronda.com\/blog\/wp-content\/uploads\/2025\/09\/SECRETARIAS-NOVELES-2023_24.png?fit=848%2C1200&ssl=1&resize=350%2C200","width":350,"height":200,"srcset":"https:\/\/i0.wp.com\/cepronda.com\/blog\/wp-content\/uploads\/2025\/09\/SECRETARIAS-NOVELES-2023_24.png?fit=848%2C1200&ssl=1&resize=350%2C200 1x, https:\/\/i0.wp.com\/cepronda.com\/blog\/wp-content\/uploads\/2025\/09\/SECRETARIAS-NOVELES-2023_24.png?fit=848%2C1200&ssl=1&resize=525%2C300 1.5x, https:\/\/i0.wp.com\/cepronda.com\/blog\/wp-content\/uploads\/2025\/09\/SECRETARIAS-NOVELES-2023_24.png?fit=848%2C1200&ssl=1&resize=700%2C400 2x"},"classes":[]}],"jetpack_sharing_enabled":true,"_links":{"self":[{"href":"https:\/\/cepronda.com\/blog\/wp-json\/wp\/v2\/posts\/2332","targetHints":{"allow":["GET"]}}],"collection":[{"href":"https:\/\/cepronda.com\/blog\/wp-json\/wp\/v2\/posts"}],"about":[{"href":"https:\/\/cepronda.com\/blog\/wp-json\/wp\/v2\/types\/post"}],"author":[{"embeddable":true,"href":"https:\/\/cepronda.com\/blog\/wp-json\/wp\/v2\/users\/3"}],"replies":[{"embeddable":true,"href":"https:\/\/cepronda.com\/blog\/wp-json\/wp\/v2\/comments?post=2332"}],"version-history":[{"count":1,"href":"https:\/\/cepronda.com\/blog\/wp-json\/wp\/v2\/posts\/2332\/revisions"}],"predecessor-version":[{"id":2333,"href":"https:\/\/cepronda.com\/blog\/wp-json\/wp\/v2\/posts\/2332\/revisions\/2333"}],"wp:featuredmedia":[{"embeddable":true,"href":"https:\/\/cepronda.com\/blog\/wp-json\/wp\/v2\/media\/877"}],"wp:attachment":[{"href":"https:\/\/cepronda.com\/blog\/wp-json\/wp\/v2\/media?parent=2332"}],"wp:term":[{"taxonomy":"category","embeddable":true,"href":"https:\/\/cepronda.com\/blog\/wp-json\/wp\/v2\/categories?post=2332"},{"taxonomy":"post_tag","embeddable":true,"href":"https:\/\/cepronda.com\/blog\/wp-json\/wp\/v2\/tags?post=2332"}],"curies":[{"name":"wp","href":"https:\/\/api.w.org\/{rel}","templated":true}]}}