{"id":2319,"date":"2018-09-13T11:37:00","date_gmt":"2018-09-13T09:37:00","guid":{"rendered":"http:\/\/cepronda.com\/blog\/?p=2319"},"modified":"2025-04-28T12:06:20","modified_gmt":"2025-04-28T10:06:20","slug":"v-encuentro-de-escuelas-rurales-de-andalucia","status":"publish","type":"post","link":"https:\/\/cepronda.com\/blog\/v-encuentro-de-escuelas-rurales-de-andalucia\/","title":{"rendered":"V Encuentro de Escuelas Rurales de Andaluc\u00eda"},"content":{"rendered":"\n<p class=\"has-drop-cap wp-block-paragraph\">Muy buenas,<\/p>\n\n\n\n<p class=\"wp-block-paragraph\">Como sab\u00e9is una de nuestras prioridades son los centros rurales agrupados dada su casu\u00edstica tan peculiar, y dado que tenemos la gran suerte de contar con 5 de ellos en nuestra zona. En este sentido os queremos comunicar que los pr\u00f3ximos d\u00edas 4 y 5 de octubre se va a celebrar en Mollina el V Encuentro de Escuelas Rurales de Andaluc\u00eda, y os queremos animar a participar en el mismo.<\/p>\n\n\n\n<p class=\"wp-block-paragraph\">Enmarcado dentro del Programa de cooperaci\u00f3n territorial, \u00abPROEDUCAR\u00bb, financiado por el Ministerio de Educaci\u00f3n, la Consejer\u00eda de Educaci\u00f3n organiza el V ENCUENTRO DE ESCUELAS RURALES DE ANDALUC\u00cdA\u00a0 con el fin de de dar visibilidad a la escuela rural como motor de la compensaci\u00f3n educativa y la igualdad de oportunidades.El Encuentro tendr\u00e1 lugar los d\u00edas\u00a0<strong>4 y 5 de octubre<\/strong>\u00a0en el Centro Eurolatinoamericano de Juventud (CEULAJ) de Mollina (M\u00e1laga).<\/p>\n\n\n\n<p class=\"wp-block-paragraph\">Est\u00e1 dirigido a equipos directivos y profesorado de dichos centros as\u00ed como a representantes de Educaci\u00f3n Compensatoria de las Delegaciones Territoriales. Y pod\u00e9is encontrar toda la informaci\u00f3n en el <a href=\"https:\/\/www.juntadeandalucia.es\/educacion\/secretariavirtual\/consultaCEP\/actividad\/199925OE001\/\" target=\"_blank\">siguiente enlace<\/a>, as\u00ed como la posibilidad de inscribiros.<\/p>\n\n\n\n<figure class=\"wp-block-image\"><a href=\"https:\/\/www.juntadeandalucia.es\/educacion\/secretariavirtual\/consultaCEP\/actividad\/199925OE001\/\"><img data-recalc-dims=\"1\" loading=\"lazy\" decoding=\"async\" width=\"640\" height=\"426\" src=\"https:\/\/i0.wp.com\/cepronda.com\/blog\/wp-content\/uploads\/2018\/09\/handbag-407198_640.jpg?resize=640%2C426\" alt=\"\" class=\"wp-image-2320\" srcset=\"https:\/\/i0.wp.com\/cepronda.com\/blog\/wp-content\/uploads\/2018\/09\/handbag-407198_640.jpg?w=640&amp;ssl=1 640w, https:\/\/i0.wp.com\/cepronda.com\/blog\/wp-content\/uploads\/2018\/09\/handbag-407198_640.jpg?resize=300%2C200&amp;ssl=1 300w\" sizes=\"auto, (max-width: 640px) 100vw, 640px\" \/><\/a><\/figure>\n","protected":false},"excerpt":{"rendered":"<p>Muy buenas, Como sab\u00e9is una de nuestras prioridades son los centros rurales agrupados dada su casu\u00edstica tan peculiar, y dado que tenemos la gran suerte de contar con 5 de ellos en nuestra zona. En este sentido os queremos comunicar que los pr\u00f3ximos d\u00edas 4 y 5 de octubre se va a celebrar en Mollina [&hellip;]<\/p>\n","protected":false},"author":3,"featured_media":2320,"comment_status":"open","ping_status":"open","sticky":false,"template":"","format":"standard","meta":{"_crdt_document":"","advanced_seo_description":"","jetpack_seo_html_title":"","jetpack_seo_noindex":false,"jetpack_post_was_ever_published":false,"_jetpack_newsletter_access":"","_jetpack_dont_email_post_to_subs":false,"_jetpack_newsletter_tier_id":0,"_jetpack_memberships_contains_paywalled_content":false,"_jetpack_memberships_contains_paid_content":false,"footnotes":"","jetpack_publicize_message":"","jetpack_publicize_feature_enabled":true,"jetpack_social_post_already_shared":true,"jetpack_social_options":{"image_generator_settings":{"template":"highway","default_image_id":0,"font":"","enabled":false},"version":2}},"categories":[5],"tags":[18,174],"class_list":{"0":"post-2319","1":"post","2":"type-post","3":"status-publish","4":"format-standard","5":"has-post-thumbnail","7":"category-noticias","8":"tag-cpr","9":"tag-jornadas","10":"czr-hentry"},"jetpack_publicize_connections":[],"jetpack_featured_media_url":"https:\/\/i0.wp.com\/cepronda.com\/blog\/wp-content\/uploads\/2018\/09\/handbag-407198_640.jpg?fit=640%2C426&ssl=1","jetpack_shortlink":"https:\/\/wp.me\/p8M4X7-Bp","jetpack-related-posts":[{"id":5307,"url":"https:\/\/cepronda.com\/blog\/la-realidad-de-los-centros-publicos-rurales-revista-andalucia-educativa\/","url_meta":{"origin":2319,"position":0},"title":"LA REALIDAD DE LOS CENTROS P\u00daBLICOS RURALES. REVISTA ANDALUC\u00cdA EDUCATIVA.","author":"Inmaculada Garc\u00eda","date":"12 mayo, 2022","format":false,"excerpt":"Estimados compa\u00f1eros y compa\u00f1eras, el pasado 26 de abril la revista Andaluc\u00eda Educativa public\u00f3 un art\u00edculo en el que contamos las necesidades detectadas en los CPRs de nuestra zona desde el CEP de Ronda y su asesor\u00eda de referencia, as\u00ed como las diferentes acciones que llevamos a cabo en esta\u2026","rel":"","context":"En \u00abNoticias\u00bb","block_context":{"text":"Noticias","link":"https:\/\/cepronda.com\/blog\/category\/noticias\/"},"img":{"alt_text":"","src":"https:\/\/i0.wp.com\/cepronda.com\/blog\/wp-content\/uploads\/2022\/05\/Captura-de-pantalla-104.png?fit=608%2C596&ssl=1&resize=350%2C200","width":350,"height":200,"srcset":"https:\/\/i0.wp.com\/cepronda.com\/blog\/wp-content\/uploads\/2022\/05\/Captura-de-pantalla-104.png?fit=608%2C596&ssl=1&resize=350%2C200 1x, https:\/\/i0.wp.com\/cepronda.com\/blog\/wp-content\/uploads\/2022\/05\/Captura-de-pantalla-104.png?fit=608%2C596&ssl=1&resize=525%2C300 1.5x"},"classes":[]},{"id":8883,"url":"https:\/\/cepronda.com\/blog\/escuelas-rurales-y-aulas-multinivel-metodologia-programacion-y-evaluacion\/","url_meta":{"origin":2319,"position":1},"title":"ESCUELAS RURALES Y AULAS MULTINIVEL: METODOLOG\u00cdA, PROGRAMACI\u00d3N Y EVALUACI\u00d3N","author":"Mamen Moreno","date":"6 octubre, 2025","format":false,"excerpt":"Se encuentra abierto el plazo de inscripciones para el curso provincial \u201cEscuelas Rurales y Aulas Multinivel: Metodolog\u00eda, Programaci\u00f3n y Evaluaci\u00f3n\u201d, c\u00f3digo 262924GE254 destinado al profesorado de centros rurales y aulas multinivel. Fechas: \u00a05, 12, 19 y 26 de noviembre de 2025Sesiones por videoconferencia:\u00a016:30 a 19:30 hLugar: Sala de videoconferencia Webex\u2026","rel":"","context":"En \u00abFormaciones\u00bb","block_context":{"text":"Formaciones","link":"https:\/\/cepronda.com\/blog\/category\/formaciones\/"},"img":{"alt_text":"","src":"https:\/\/i0.wp.com\/cepronda.com\/blog\/wp-content\/uploads\/2025\/10\/Post-Instagram-Dia-del-Maestro-Verde-1-1.png?fit=960%2C1200&ssl=1&resize=350%2C200","width":350,"height":200,"srcset":"https:\/\/i0.wp.com\/cepronda.com\/blog\/wp-content\/uploads\/2025\/10\/Post-Instagram-Dia-del-Maestro-Verde-1-1.png?fit=960%2C1200&ssl=1&resize=350%2C200 1x, https:\/\/i0.wp.com\/cepronda.com\/blog\/wp-content\/uploads\/2025\/10\/Post-Instagram-Dia-del-Maestro-Verde-1-1.png?fit=960%2C1200&ssl=1&resize=525%2C300 1.5x, https:\/\/i0.wp.com\/cepronda.com\/blog\/wp-content\/uploads\/2025\/10\/Post-Instagram-Dia-del-Maestro-Verde-1-1.png?fit=960%2C1200&ssl=1&resize=700%2C400 2x"},"classes":[]},{"id":7573,"url":"https:\/\/cepronda.com\/blog\/xiv-jornadas-autonomicas-bajo-el-titulo-inclusion-3d-diversidad-dialogo-y-desarrollo\/","url_meta":{"origin":2319,"position":2},"title":"XIV Jornadas Auton\u00f3micas bajo el t\u00edtulo \u00abInclusi\u00f3n 3D: Diversidad, Di\u00e1logo y Desarrollo","author":"Mamen Moreno","date":"16 abril, 2024","format":false,"excerpt":"El Consejo Escolar de Andaluc\u00eda organiza junto con el CEP de Granada las \"XIV Jornadas Auton\u00f3micas bajo el t\u00edtulo \"Inclusi\u00f3n 3D: Diversidad, Di\u00e1logo y Desarrollo\". Plazo de inscripci\u00f3n: lunes 8 de abril al martes 30 de abril. Fecha de realizaci\u00f3n 16 y 17 de mayo Inscripci\u00f3n: https:\/\/www.juntadeandalucia.es\/educacion\/secretariavirtual\/consultaCEP\/actividad\/241811GE044\/","rel":"","context":"En \u00abNoticias\u00bb","block_context":{"text":"Noticias","link":"https:\/\/cepronda.com\/blog\/category\/noticias\/"},"img":{"alt_text":"","src":"https:\/\/i0.wp.com\/cepronda.com\/blog\/wp-content\/uploads\/2024\/04\/WhatsApp-Image-2024-03-21-at-13.33.00.jpeg?fit=1145%2C700&ssl=1&resize=350%2C200","width":350,"height":200,"srcset":"https:\/\/i0.wp.com\/cepronda.com\/blog\/wp-content\/uploads\/2024\/04\/WhatsApp-Image-2024-03-21-at-13.33.00.jpeg?fit=1145%2C700&ssl=1&resize=350%2C200 1x, https:\/\/i0.wp.com\/cepronda.com\/blog\/wp-content\/uploads\/2024\/04\/WhatsApp-Image-2024-03-21-at-13.33.00.jpeg?fit=1145%2C700&ssl=1&resize=525%2C300 1.5x, https:\/\/i0.wp.com\/cepronda.com\/blog\/wp-content\/uploads\/2024\/04\/WhatsApp-Image-2024-03-21-at-13.33.00.jpeg?fit=1145%2C700&ssl=1&resize=700%2C400 2x, https:\/\/i0.wp.com\/cepronda.com\/blog\/wp-content\/uploads\/2024\/04\/WhatsApp-Image-2024-03-21-at-13.33.00.jpeg?fit=1145%2C700&ssl=1&resize=1050%2C600 3x"},"classes":[]},{"id":8786,"url":"https:\/\/cepronda.com\/blog\/xv-jornadas-las-pruebas-de-la-educacion-inclusion-3d\/","url_meta":{"origin":2319,"position":3},"title":"XV JORNADAS DEL CONSEJO ESCOLAR \u00abLas Pruebas de la Educaci\u00f3n &#038; Inclusi\u00f3n 3D\u00bb","author":"Mamen Moreno","date":"11 septiembre, 2025","format":false,"excerpt":"El Consejo Escolar de Andaluc\u00eda organiza las XV Jornadas del Consejo Escolar de Andaluc\u00eda: \u201cLas Pruebas de la Educaci\u00f3n & Inclusi\u00f3n 3D\", que celebraremos los pr\u00f3ximos d\u00edas 16 y 17 de octubre de 2025 en la Escuela T\u00e9cnica Superior de Arquitectura de Granada. \u00a0 Desde el Consejo Escolar de Andaluc\u00eda\u2026","rel":"","context":"En \u00abFormaciones\u00bb","block_context":{"text":"Formaciones","link":"https:\/\/cepronda.com\/blog\/category\/formaciones\/"},"img":{"alt_text":"","src":"https:\/\/i0.wp.com\/cepronda.com\/blog\/wp-content\/uploads\/2025\/09\/544070332_17979172922879832_4134245255170936447_n.jpg?fit=960%2C1200&ssl=1&resize=350%2C200","width":350,"height":200,"srcset":"https:\/\/i0.wp.com\/cepronda.com\/blog\/wp-content\/uploads\/2025\/09\/544070332_17979172922879832_4134245255170936447_n.jpg?fit=960%2C1200&ssl=1&resize=350%2C200 1x, https:\/\/i0.wp.com\/cepronda.com\/blog\/wp-content\/uploads\/2025\/09\/544070332_17979172922879832_4134245255170936447_n.jpg?fit=960%2C1200&ssl=1&resize=525%2C300 1.5x, https:\/\/i0.wp.com\/cepronda.com\/blog\/wp-content\/uploads\/2025\/09\/544070332_17979172922879832_4134245255170936447_n.jpg?fit=960%2C1200&ssl=1&resize=700%2C400 2x"},"classes":[]},{"id":2607,"url":"https:\/\/cepronda.com\/blog\/vii-encuentro-de-andalucia-sobre-geogebra-en-el-aula\/","url_meta":{"origin":2319,"position":4},"title":"VII Encuentro de Andaluc\u00eda sobre Geogebra en el aula","author":"V\u00edctor Caballero","date":"25 enero, 2019","format":false,"excerpt":"Muy buenas, os informamos que est\u00e1 abierto el plazo para presentar comunicaciones y talleres en el\u00a0VII Encuentro de Andaluc\u00eda sobre GeoGebra en el aula\u00a0que se celebrar\u00e1 en el CEP de Jerez los d\u00edas\u00a05 y 6 de abril\u00a0de 2019.Este encuentro regional est\u00e1 organizado por la SAEM Thales, el Instituto de GeoGebra\u2026","rel":"","context":"En \u00abNoticias\u00bb","block_context":{"text":"Noticias","link":"https:\/\/cepronda.com\/blog\/category\/noticias\/"},"img":{"alt_text":"","src":"https:\/\/i0.wp.com\/cepronda.com\/blog\/wp-content\/uploads\/2019\/01\/geogebra.png?resize=350%2C200","width":350,"height":200},"classes":[]},{"id":6046,"url":"https:\/\/cepronda.com\/blog\/ii-kit-de-herramientas-digitales-para-centros-rurales-y-aulas-multinivel\/","url_meta":{"origin":2319,"position":5},"title":"II KIT DE HERRAMIENTAS DIGITALES PARA CENTROS RURALES Y AULAS MULTINIVEL","author":"Mamen Moreno","date":"14 septiembre, 2023","format":false,"excerpt":"Abierto el plazo de inscripci\u00f3n para el curso online provincial II KIT DE HERRAMIENTAS DIGITALES PARA CENTROS RURALES Y AULAS MULTINIVEL con c\u00f3digo 242924GE006 \u00a0 Dirigida al\u00a0Profesorado de Centro Rurales\u00a0 Fechas de inscripci\u00f3n: 14\/09\/2023 hasta 27\/09\/2023 Fecha actividad:\u00a0 3 de octubre hasta el 13 de noviembre Lugar de realizaci\u00f3n: AVFP\u2026","rel":"","context":"En \u00abFormaciones\u00bb","block_context":{"text":"Formaciones","link":"https:\/\/cepronda.com\/blog\/category\/formaciones\/"},"img":{"alt_text":"","src":"https:\/\/i0.wp.com\/cepronda.com\/blog\/wp-content\/uploads\/2023\/09\/Diseno-sin-titulo-2.jpg?fit=1080%2C1080&ssl=1&resize=350%2C200","width":350,"height":200,"srcset":"https:\/\/i0.wp.com\/cepronda.com\/blog\/wp-content\/uploads\/2023\/09\/Diseno-sin-titulo-2.jpg?fit=1080%2C1080&ssl=1&resize=350%2C200 1x, https:\/\/i0.wp.com\/cepronda.com\/blog\/wp-content\/uploads\/2023\/09\/Diseno-sin-titulo-2.jpg?fit=1080%2C1080&ssl=1&resize=525%2C300 1.5x, https:\/\/i0.wp.com\/cepronda.com\/blog\/wp-content\/uploads\/2023\/09\/Diseno-sin-titulo-2.jpg?fit=1080%2C1080&ssl=1&resize=700%2C400 2x, https:\/\/i0.wp.com\/cepronda.com\/blog\/wp-content\/uploads\/2023\/09\/Diseno-sin-titulo-2.jpg?fit=1080%2C1080&ssl=1&resize=1050%2C600 3x"},"classes":[]}],"jetpack_sharing_enabled":true,"_links":{"self":[{"href":"https:\/\/cepronda.com\/blog\/wp-json\/wp\/v2\/posts\/2319","targetHints":{"allow":["GET"]}}],"collection":[{"href":"https:\/\/cepronda.com\/blog\/wp-json\/wp\/v2\/posts"}],"about":[{"href":"https:\/\/cepronda.com\/blog\/wp-json\/wp\/v2\/types\/post"}],"author":[{"embeddable":true,"href":"https:\/\/cepronda.com\/blog\/wp-json\/wp\/v2\/users\/3"}],"replies":[{"embeddable":true,"href":"https:\/\/cepronda.com\/blog\/wp-json\/wp\/v2\/comments?post=2319"}],"version-history":[{"count":1,"href":"https:\/\/cepronda.com\/blog\/wp-json\/wp\/v2\/posts\/2319\/revisions"}],"predecessor-version":[{"id":2321,"href":"https:\/\/cepronda.com\/blog\/wp-json\/wp\/v2\/posts\/2319\/revisions\/2321"}],"wp:featuredmedia":[{"embeddable":true,"href":"https:\/\/cepronda.com\/blog\/wp-json\/wp\/v2\/media\/2320"}],"wp:attachment":[{"href":"https:\/\/cepronda.com\/blog\/wp-json\/wp\/v2\/media?parent=2319"}],"wp:term":[{"taxonomy":"category","embeddable":true,"href":"https:\/\/cepronda.com\/blog\/wp-json\/wp\/v2\/categories?post=2319"},{"taxonomy":"post_tag","embeddable":true,"href":"https:\/\/cepronda.com\/blog\/wp-json\/wp\/v2\/tags?post=2319"}],"curies":[{"name":"wp","href":"https:\/\/api.w.org\/{rel}","templated":true}]}}