{"id":2306,"date":"2018-09-11T10:00:52","date_gmt":"2018-09-11T08:00:52","guid":{"rendered":"http:\/\/cepronda.com\/blog\/?p=2306"},"modified":"2025-04-28T11:58:59","modified_gmt":"2025-04-28T09:58:59","slug":"convocatoria-del-curso-de-actualizacion-de-competencias-directivas","status":"publish","type":"post","link":"https:\/\/cepronda.com\/blog\/convocatoria-del-curso-de-actualizacion-de-competencias-directivas\/","title":{"rendered":"Convocatoria del curso de Actualizaci\u00f3n de competencias directivas"},"content":{"rendered":"\n<p class=\"wp-block-paragraph\">\u00a1Hola de nuevo!<\/p>\n\n\n\n<p class=\"wp-block-paragraph\">Os informamos de esta convocatoria para aquellos docentes que\u00a0\u00a0est\u00e9n en posesi\u00f3n de acreditaci\u00f3n o habilitaci\u00f3n para el ejercicio de direcci\u00f3n de centros p\u00fablicos expedidas con anterioridad a la entrada en vigor de la Ley Org\u00e1nica de 8\/2013, de 9 de diciembre, o tener experiencia en la direcci\u00f3n a fecha de la finalizaci\u00f3n del plazo de solicitud.<\/p>\n\n\n\n<p class=\"wp-block-paragraph\">Os dejamos con el <a href=\"https:\/\/www.juntadeandalucia.es\/boja\/2018\/175\/BOJA18-175-00008-14492-01_00141790.pdf\" target=\"_blank\">enlace a las instrucciones<\/a> y toda la informaci\u00f3n sobre la misma. Un saludo.<\/p>\n\n\n\n<figure class=\"wp-block-image\"><a href=\"https:\/\/www.juntadeandalucia.es\/boja\/2018\/175\/BOJA18-175-00008-14492-01_00141790.pdf\"><img data-recalc-dims=\"1\" loading=\"lazy\" decoding=\"async\" width=\"732\" height=\"600\" src=\"https:\/\/i0.wp.com\/cepronda.com\/blog\/wp-content\/uploads\/2017\/05\/logo_ja_ce_mejor.jpg?resize=732%2C600\" alt=\"\" class=\"wp-image-848\" srcset=\"https:\/\/i0.wp.com\/cepronda.com\/blog\/wp-content\/uploads\/2017\/05\/logo_ja_ce_mejor.jpg?w=732&amp;ssl=1 732w, https:\/\/i0.wp.com\/cepronda.com\/blog\/wp-content\/uploads\/2017\/05\/logo_ja_ce_mejor.jpg?resize=300%2C246&amp;ssl=1 300w\" sizes=\"auto, (max-width: 732px) 100vw, 732px\" \/><\/a><\/figure>\n","protected":false},"excerpt":{"rendered":"<p>\u00a1Hola de nuevo! Os informamos de esta convocatoria para aquellos docentes que\u00a0\u00a0est\u00e9n en posesi\u00f3n de acreditaci\u00f3n o habilitaci\u00f3n para el ejercicio de direcci\u00f3n de centros p\u00fablicos expedidas con anterioridad a la entrada en vigor de la Ley Org\u00e1nica de 8\/2013, de 9 de diciembre, o tener experiencia en la direcci\u00f3n a fecha de la finalizaci\u00f3n [&hellip;]<\/p>\n","protected":false},"author":3,"featured_media":848,"comment_status":"open","ping_status":"open","sticky":false,"template":"","format":"standard","meta":{"_crdt_document":"","advanced_seo_description":"","jetpack_seo_html_title":"","jetpack_seo_noindex":false,"jetpack_post_was_ever_published":false,"_jetpack_newsletter_access":"","_jetpack_dont_email_post_to_subs":false,"_jetpack_newsletter_tier_id":0,"_jetpack_memberships_contains_paywalled_content":false,"_jetpack_memberships_contains_paid_content":false,"footnotes":"","jetpack_publicize_message":"","jetpack_publicize_feature_enabled":true,"jetpack_social_post_already_shared":true,"jetpack_social_options":{"image_generator_settings":{"template":"highway","default_image_id":0,"font":"","enabled":false},"version":2}},"categories":[3,5],"tags":[32],"class_list":{"0":"post-2306","1":"post","2":"type-post","3":"status-publish","4":"format-standard","5":"has-post-thumbnail","7":"category-formaciones","8":"category-noticias","9":"tag-funcion-directiva","10":"czr-hentry"},"jetpack_publicize_connections":[],"jetpack_featured_media_url":"https:\/\/i0.wp.com\/cepronda.com\/blog\/wp-content\/uploads\/2017\/05\/logo_ja_ce_mejor.jpg?fit=732%2C600&ssl=1","jetpack_shortlink":"https:\/\/wp.me\/p8M4X7-Bc","jetpack-related-posts":[{"id":3622,"url":"https:\/\/cepronda.com\/blog\/convocatoria-para-la-provision-de-plazas-vacantes-de-direccion-y-asesorias-en-centros-del-profesorado\/","url_meta":{"origin":2306,"position":0},"title":"Convocatoria para la provisi\u00f3n de plazas vacantes de direcci\u00f3n y asesor\u00edas en Centros del Profesorado","author":"V\u00edctor Caballero","date":"9 junio, 2020","format":false,"excerpt":"Muy buenas familia, Como sab\u00e9is el curso pr\u00f3ximo queda una vacante en el CEP de Ronda en cuanto a asesor\u00edas de formaci\u00f3n. Se acaba de publicar la resoluci\u00f3n, tanto al de asesor\u00edas como la de direcci\u00f3n. Os animamos a participar en la convocatoria de asesor\u00eda de nuestro CEP. Convocatorias Asesor\u00edas\u2026","rel":"","context":"En \u00abFormaciones\u00bb","block_context":{"text":"Formaciones","link":"https:\/\/cepronda.com\/blog\/category\/formaciones\/"},"img":{"alt_text":"","src":"https:\/\/i0.wp.com\/cepronda.com\/blog\/wp-content\/uploads\/2020\/03\/Logo_twitter_cep_ronda-INSTITUCIONAL-estrecho.jpg?fit=349%2C527&ssl=1&resize=350%2C200","width":350,"height":200},"classes":[]},{"id":4030,"url":"https:\/\/cepronda.com\/blog\/convocatoria-para-elaborar-recursos-educativos\/","url_meta":{"origin":2306,"position":1},"title":"Convocatoria para elaborar recursos educativos.","author":"Maribel Mu\u00f1oz","date":"10 diciembre, 2020","format":false,"excerpt":"Buenos d\u00edas compa\u00f1eras y compa\u00f1eros, Os informamos que est\u00e1 publicada la Resoluci\u00f3n de 20 de noviembre de 2020, de la Direcci\u00f3n General de Formaci\u00f3n del Profesorado e Innovaci\u00f3n Educativa, por la que se efect\u00faa convocatoria de selecci\u00f3n y nombramiento de profesorado para la elaboraci\u00f3n de recursos educativos abiertos de ense\u00f1anzas\u2026","rel":"","context":"En \u00abFormaciones\u00bb","block_context":{"text":"Formaciones","link":"https:\/\/cepronda.com\/blog\/category\/formaciones\/"},"img":{"alt_text":"","src":"https:\/\/i0.wp.com\/cepronda.com\/blog\/wp-content\/uploads\/2020\/03\/S%C2%B0mbolo-gen%C3%87rico-RRSS-redondo-negativo.png?fit=1200%2C1200&ssl=1&resize=350%2C200","width":350,"height":200,"srcset":"https:\/\/i0.wp.com\/cepronda.com\/blog\/wp-content\/uploads\/2020\/03\/S%C2%B0mbolo-gen%C3%87rico-RRSS-redondo-negativo.png?fit=1200%2C1200&ssl=1&resize=350%2C200 1x, https:\/\/i0.wp.com\/cepronda.com\/blog\/wp-content\/uploads\/2020\/03\/S%C2%B0mbolo-gen%C3%87rico-RRSS-redondo-negativo.png?fit=1200%2C1200&ssl=1&resize=525%2C300 1.5x, https:\/\/i0.wp.com\/cepronda.com\/blog\/wp-content\/uploads\/2020\/03\/S%C2%B0mbolo-gen%C3%87rico-RRSS-redondo-negativo.png?fit=1200%2C1200&ssl=1&resize=700%2C400 2x, https:\/\/i0.wp.com\/cepronda.com\/blog\/wp-content\/uploads\/2020\/03\/S%C2%B0mbolo-gen%C3%87rico-RRSS-redondo-negativo.png?fit=1200%2C1200&ssl=1&resize=1050%2C600 3x"},"classes":[]},{"id":4488,"url":"https:\/\/cepronda.com\/blog\/convocatoria-vacantes-direcciones-cep\/","url_meta":{"origin":2306,"position":2},"title":"Convocatoria vacantes direcciones CEP","author":"Mar\u00eda Jos\u00e9 M\u00e1rquez","date":"26 abril, 2021","format":false,"excerpt":"Estimados compa\u00f1eros y estimadas compa\u00f1eras, os informamos que se ha publicado la Resoluci\u00f3n de 12 de abril de 2021, de la Direcci\u00f3n General de Formaci\u00f3n del Profesorado e Innovaci\u00f3n Educativa, por la que se efect\u00faa la convocatoria para la provisi\u00f3n de plazas vacantes de directores y directoras en Centros del\u2026","rel":"","context":"En \u00abNoticias\u00bb","block_context":{"text":"Noticias","link":"https:\/\/cepronda.com\/blog\/category\/noticias\/"},"img":{"alt_text":"","src":"","width":0,"height":0},"classes":[]},{"id":3786,"url":"https:\/\/cepronda.com\/blog\/plan-de-igualdad-convocatoria-abierta\/","url_meta":{"origin":2306,"position":3},"title":"Plan de Igualdad. Convocatoria abierta.","author":"Inmaculada Garc\u00eda","date":"30 septiembre, 2020","format":false,"excerpt":"Buenos d\u00edas compa\u00f1eras y compa\u00f1eros, Os informamos que est\u00e1 publicada la Resoluci\u00f3n que regula las medidas y actuaciones para la prevenci\u00f3n de la violencia de g\u00e9nero en el \u00e1mbito educativo y establece la convocatoria para este curso 2020\/2021. El plazo para solicitarlo est\u00e1 abierto y en la convocatoria vienen explicadas\u2026","rel":"","context":"En \u00abFormaciones\u00bb","block_context":{"text":"Formaciones","link":"https:\/\/cepronda.com\/blog\/category\/formaciones\/"},"img":{"alt_text":"","src":"https:\/\/i0.wp.com\/cepronda.com\/blog\/wp-content\/uploads\/2020\/09\/cartel_vg_bien.jpg?fit=300%2C300&ssl=1&resize=350%2C200","width":350,"height":200},"classes":[]},{"id":5965,"url":"https:\/\/cepronda.com\/blog\/convocatoria-para-la-provision-de-plazas-vacantes-asesorias-en-centros-del-profesorado-2\/","url_meta":{"origin":2306,"position":4},"title":"CONVOCATORIA PARA LA PROVISI\u00d3N DE PLAZAS VACANTES ASESOR\u00cdAS EN CENTROS DEL PROFESORADO.","author":"Inmaculada Garc\u00eda","date":"10 mayo, 2023","format":false,"excerpt":"Se ha publicado la Resoluci\u00f3n de 3 de mayo de 2023, de la Direcci\u00f3n General de Tecnolog\u00edas Avanzadas y Transformaci\u00f3n Educativa, por la que se efect\u00faa convocatoria para la provisi\u00f3n de plazas vacantes de asesores y asesoras en Centros del Profesorado dependientes de la Consejer\u00eda de Desarrollo Educativo y Formaci\u00f3n\u2026","rel":"","context":"En \u00abFormaciones\u00bb","block_context":{"text":"Formaciones","link":"https:\/\/cepronda.com\/blog\/category\/formaciones\/"},"img":{"alt_text":"","src":"https:\/\/i0.wp.com\/cepronda.com\/blog\/wp-content\/uploads\/2023\/05\/Copia-de-Copia-de-ESTANCIAS-FORMATIVAS-EN-EMPRESAS-PARA-EL-PROFESORADO-DE-FORMACION-PROFESIONAL.jpg?fit=1080%2C1080&ssl=1&resize=350%2C200","width":350,"height":200,"srcset":"https:\/\/i0.wp.com\/cepronda.com\/blog\/wp-content\/uploads\/2023\/05\/Copia-de-Copia-de-ESTANCIAS-FORMATIVAS-EN-EMPRESAS-PARA-EL-PROFESORADO-DE-FORMACION-PROFESIONAL.jpg?fit=1080%2C1080&ssl=1&resize=350%2C200 1x, https:\/\/i0.wp.com\/cepronda.com\/blog\/wp-content\/uploads\/2023\/05\/Copia-de-Copia-de-ESTANCIAS-FORMATIVAS-EN-EMPRESAS-PARA-EL-PROFESORADO-DE-FORMACION-PROFESIONAL.jpg?fit=1080%2C1080&ssl=1&resize=525%2C300 1.5x, https:\/\/i0.wp.com\/cepronda.com\/blog\/wp-content\/uploads\/2023\/05\/Copia-de-Copia-de-ESTANCIAS-FORMATIVAS-EN-EMPRESAS-PARA-EL-PROFESORADO-DE-FORMACION-PROFESIONAL.jpg?fit=1080%2C1080&ssl=1&resize=700%2C400 2x, https:\/\/i0.wp.com\/cepronda.com\/blog\/wp-content\/uploads\/2023\/05\/Copia-de-Copia-de-ESTANCIAS-FORMATIVAS-EN-EMPRESAS-PARA-EL-PROFESORADO-DE-FORMACION-PROFESIONAL.jpg?fit=1080%2C1080&ssl=1&resize=1050%2C600 3x"},"classes":[]},{"id":7621,"url":"https:\/\/cepronda.com\/blog\/convocatoria-para-la-provision-de-plazas-vacantes-asesorias-en-centros-del-profesorado-3\/","url_meta":{"origin":2306,"position":5},"title":"CONVOCATORIA PARA LA PROVISI\u00d3N DE PLAZAS VACANTES ASESOR\u00cdAS EN CENTROS DEL PROFESORADO.","author":"Inmaculada Garc\u00eda","date":"13 mayo, 2024","format":false,"excerpt":"Se ha publicado la Resoluci\u00f3n de 6 de mayo de 2024, de la Direcci\u00f3n General de Tecnolog\u00edas Avanzadas y Transformaci\u00f3n Educativa, por la que se efect\u00faa convocatoria para la provisi\u00f3n de plazas vacantes de asesores y asesoras en Centros del Profesorado dependientes de la Consejer\u00eda de Desarrollo Educativo y Formaci\u00f3n\u2026","rel":"","context":"En \u00abFormaciones\u00bb","block_context":{"text":"Formaciones","link":"https:\/\/cepronda.com\/blog\/category\/formaciones\/"},"img":{"alt_text":"","src":"https:\/\/i0.wp.com\/cepronda.com\/blog\/wp-content\/uploads\/2024\/05\/Post-de-Instagram-para-rebajas-y-ofertas-tiendas-azul-y-terracota-1.jpg?fit=1200%2C1200&ssl=1&resize=350%2C200","width":350,"height":200,"srcset":"https:\/\/i0.wp.com\/cepronda.com\/blog\/wp-content\/uploads\/2024\/05\/Post-de-Instagram-para-rebajas-y-ofertas-tiendas-azul-y-terracota-1.jpg?fit=1200%2C1200&ssl=1&resize=350%2C200 1x, https:\/\/i0.wp.com\/cepronda.com\/blog\/wp-content\/uploads\/2024\/05\/Post-de-Instagram-para-rebajas-y-ofertas-tiendas-azul-y-terracota-1.jpg?fit=1200%2C1200&ssl=1&resize=525%2C300 1.5x, https:\/\/i0.wp.com\/cepronda.com\/blog\/wp-content\/uploads\/2024\/05\/Post-de-Instagram-para-rebajas-y-ofertas-tiendas-azul-y-terracota-1.jpg?fit=1200%2C1200&ssl=1&resize=700%2C400 2x, https:\/\/i0.wp.com\/cepronda.com\/blog\/wp-content\/uploads\/2024\/05\/Post-de-Instagram-para-rebajas-y-ofertas-tiendas-azul-y-terracota-1.jpg?fit=1200%2C1200&ssl=1&resize=1050%2C600 3x"},"classes":[]}],"jetpack_sharing_enabled":true,"_links":{"self":[{"href":"https:\/\/cepronda.com\/blog\/wp-json\/wp\/v2\/posts\/2306","targetHints":{"allow":["GET"]}}],"collection":[{"href":"https:\/\/cepronda.com\/blog\/wp-json\/wp\/v2\/posts"}],"about":[{"href":"https:\/\/cepronda.com\/blog\/wp-json\/wp\/v2\/types\/post"}],"author":[{"embeddable":true,"href":"https:\/\/cepronda.com\/blog\/wp-json\/wp\/v2\/users\/3"}],"replies":[{"embeddable":true,"href":"https:\/\/cepronda.com\/blog\/wp-json\/wp\/v2\/comments?post=2306"}],"version-history":[{"count":1,"href":"https:\/\/cepronda.com\/blog\/wp-json\/wp\/v2\/posts\/2306\/revisions"}],"predecessor-version":[{"id":2307,"href":"https:\/\/cepronda.com\/blog\/wp-json\/wp\/v2\/posts\/2306\/revisions\/2307"}],"wp:featuredmedia":[{"embeddable":true,"href":"https:\/\/cepronda.com\/blog\/wp-json\/wp\/v2\/media\/848"}],"wp:attachment":[{"href":"https:\/\/cepronda.com\/blog\/wp-json\/wp\/v2\/media?parent=2306"}],"wp:term":[{"taxonomy":"category","embeddable":true,"href":"https:\/\/cepronda.com\/blog\/wp-json\/wp\/v2\/categories?post=2306"},{"taxonomy":"post_tag","embeddable":true,"href":"https:\/\/cepronda.com\/blog\/wp-json\/wp\/v2\/tags?post=2306"}],"curies":[{"name":"wp","href":"https:\/\/api.w.org\/{rel}","templated":true}]}}