{"id":2302,"date":"2018-09-11T09:44:26","date_gmt":"2018-09-11T07:44:26","guid":{"rendered":"http:\/\/cepronda.com\/blog\/?p=2302"},"modified":"2025-04-28T11:59:00","modified_gmt":"2025-04-28T09:59:00","slug":"concurso-nacional-de-buenas-practicas","status":"publish","type":"post","link":"https:\/\/cepronda.com\/blog\/concurso-nacional-de-buenas-practicas\/","title":{"rendered":"Concurso nacional de Buenas Pr\u00e1cticas"},"content":{"rendered":"\n<p class=\"wp-block-paragraph\">\u00bfQu\u00e9 tal? Para todos aquellos centros que est\u00e9is interesados en presentar alguna de vuestra buena pr\u00e1ctica sabed que desde el Ministerio de Educaci\u00f3n han convocado un concurso nacional. Os dejamos con el <a href=\"https:\/\/www.boe.es\/boe\/dias\/2018\/09\/08\/pdfs\/BOE-B-2018-42851.pdf\" target=\"_blank\">enlace al extracto de las instrucciones<\/a>, para que as\u00ed lo pod\u00e1is consultar. El plazo es hasta el 30 de septiembre y la cuant\u00eda del premio por categor\u00eda es de 10.000 euros.<\/p>\n\n\n\n<p class=\"wp-block-paragraph\">Desde el CEP os animamos a participar, ya que sabemos que muchos de vuestros centros est\u00e1is haciendo grandes pr\u00e1cticas. Un saludo y nos seguimos viendo.\u00a0<\/p>\n\n\n\n<div class=\"wp-block-image\"><figure class=\"aligncenter\"><a href=\"https:\/\/www.boe.es\/boe\/dias\/2018\/09\/08\/pdfs\/BOE-B-2018-42851.pdf\"><img data-recalc-dims=\"1\" loading=\"lazy\" decoding=\"async\" width=\"392\" height=\"72\" src=\"https:\/\/i0.wp.com\/cepronda.com\/blog\/wp-content\/uploads\/2018\/09\/escudo-mefp-mcd.gif?resize=392%2C72\" alt=\"\" class=\"wp-image-2303\"\/><\/a><\/figure><\/div>\n","protected":false},"excerpt":{"rendered":"<p>\u00bfQu\u00e9 tal? Para todos aquellos centros que est\u00e9is interesados en presentar alguna de vuestra buena pr\u00e1ctica sabed que desde el Ministerio de Educaci\u00f3n han convocado un concurso nacional. Os dejamos con el enlace al extracto de las instrucciones, para que as\u00ed lo pod\u00e1is consultar. El plazo es hasta el 30 de septiembre y la cuant\u00eda [&hellip;]<\/p>\n","protected":false},"author":3,"featured_media":2304,"comment_status":"open","ping_status":"open","sticky":false,"template":"","format":"standard","meta":{"_crdt_document":"","advanced_seo_description":"","jetpack_seo_html_title":"","jetpack_seo_noindex":false,"jetpack_post_was_ever_published":false,"_jetpack_newsletter_access":"","_jetpack_dont_email_post_to_subs":false,"_jetpack_newsletter_tier_id":0,"_jetpack_memberships_contains_paywalled_content":false,"_jetpack_memberships_contains_paid_content":false,"footnotes":"","jetpack_publicize_message":"","jetpack_publicize_feature_enabled":true,"jetpack_social_post_already_shared":true,"jetpack_social_options":{"image_generator_settings":{"template":"highway","default_image_id":0,"font":"","enabled":false},"version":2}},"categories":[3,5],"tags":[13],"class_list":{"0":"post-2302","1":"post","2":"type-post","3":"status-publish","4":"format-standard","5":"has-post-thumbnail","7":"category-formaciones","8":"category-noticias","9":"tag-buenas-practicas","10":"czr-hentry"},"jetpack_publicize_connections":[],"jetpack_featured_media_url":"https:\/\/i0.wp.com\/cepronda.com\/blog\/wp-content\/uploads\/2018\/09\/escudo-mefp-mcd-1.gif?fit=392%2C72&ssl=1","jetpack_shortlink":"https:\/\/wp.me\/p8M4X7-B8","jetpack-related-posts":[{"id":125,"url":"https:\/\/cepronda.com\/blog\/inscripcion-vii-concurso-buenas-practicas-educativas\/","url_meta":{"origin":2302,"position":0},"title":"Inscripci\u00f3n VII Concurso Buenas Pr\u00e1cticas Educativas","author":"V\u00edctor Caballero","date":"22 septiembre, 2016","format":false,"excerpt":"Queremos compartir con todo el profesorado este concurso de Buenas Pr\u00e1cticas Educativas. La Asociaci\u00f3n Mejora tu Escuela P\u00fablica convoca la s\u00e9ptima edici\u00f3n de su concurso de Buenas Pr\u00e1cticas Educativas, en el que podr\u00e1n participar las experiencias educativas llevadas a cabo durante el curso 2015\/2016 en centros p\u00fablicos del Estado Espa\u00f1ol.\u2026","rel":"","context":"En \u00abNoticias\u00bb","block_context":{"text":"Noticias","link":"https:\/\/cepronda.com\/blog\/category\/noticias\/"},"img":{"alt_text":"logomep","src":"https:\/\/i0.wp.com\/cepronda.com\/blog\/wp-content\/uploads\/2016\/09\/logoMEP.png?resize=350%2C200","width":350,"height":200},"classes":[]},{"id":3279,"url":"https:\/\/cepronda.com\/blog\/x-concurso-de-buenas-practicas-educativas-de-la-asociacion-mejora-tu-escuela-publica\/","url_meta":{"origin":2302,"position":1},"title":"X concurso de Buenas Pr\u00e1cticas Educativas de la Asociaci\u00f3n &quot;Mejora tu Escuela P\u00fablica&quot;","author":"V\u00edctor Caballero","date":"7 enero, 2020","format":false,"excerpt":"La Asociaci\u00f3n Mejora tu Escuela P\u00fablica convoca la d\u00e9cima edici\u00f3n de su Concurso Nacional de Buenas Pr\u00e1cticas Educativas, en el que podr\u00e1n participar las experiencias educativas llevadas a cabo durante el curso 2018\/19 y\/o 2019\/2020 en centros p\u00fablicos del Estado Espa\u00f1ol. Podr\u00e1n participar los Profesores a nivel personal o colectivo,\u2026","rel":"","context":"En \u00abNoticias\u00bb","block_context":{"text":"Noticias","link":"https:\/\/cepronda.com\/blog\/category\/noticias\/"},"img":{"alt_text":"","src":"https:\/\/i0.wp.com\/cepronda.com\/blog\/wp-content\/uploads\/2019\/05\/logo-nuevo.jpg?fit=531%2C342&ssl=1&resize=350%2C200","width":350,"height":200,"srcset":"https:\/\/i0.wp.com\/cepronda.com\/blog\/wp-content\/uploads\/2019\/05\/logo-nuevo.jpg?fit=531%2C342&ssl=1&resize=350%2C200 1x, https:\/\/i0.wp.com\/cepronda.com\/blog\/wp-content\/uploads\/2019\/05\/logo-nuevo.jpg?fit=531%2C342&ssl=1&resize=525%2C300 1.5x"},"classes":[]},{"id":3794,"url":"https:\/\/cepronda.com\/blog\/iii-premios-para-el-reconocimiento-a-centros-publicos-de-andalucia-con-buenas-practicas-docentes-en-bibliotecas-escolares-y-en-el-fomento-de-la-lectura-2\/","url_meta":{"origin":2302,"position":2},"title":"III Premios para el reconocimiento a centros p\u00fablicos de Andaluc\u00eda con buenas pr\u00e1cticas docentes en Bibliotecas Escolares y en el fomento de la lectura","author":"Inmaculada Garc\u00eda","date":"5 octubre, 2020","format":false,"excerpt":"\u00a0 \u00a0 \u00a0 Enhorabuena a todos los centros que han sido premiados en los III Premios para el reconocimiento a centros p\u00fablicos de Andaluc\u00eda con buenas pr\u00e1cticas docentes en bibliotecas escolares y en el fomento de la lectura correspondientes al curso 2019-2020. (Publicaci\u00f3n del fallo del jurado) \u00a0 \u00a0 \u00a0\u2026","rel":"","context":"En \u00abNoticias\u00bb","block_context":{"text":"Noticias","link":"https:\/\/cepronda.com\/blog\/category\/noticias\/"},"img":{"alt_text":"","src":"https:\/\/i0.wp.com\/cepronda.com\/blog\/wp-content\/uploads\/2020\/03\/premio_bibliotecas_escolares.png?fit=1200%2C678&ssl=1&resize=350%2C200","width":350,"height":200,"srcset":"https:\/\/i0.wp.com\/cepronda.com\/blog\/wp-content\/uploads\/2020\/03\/premio_bibliotecas_escolares.png?fit=1200%2C678&ssl=1&resize=350%2C200 1x, https:\/\/i0.wp.com\/cepronda.com\/blog\/wp-content\/uploads\/2020\/03\/premio_bibliotecas_escolares.png?fit=1200%2C678&ssl=1&resize=525%2C300 1.5x, https:\/\/i0.wp.com\/cepronda.com\/blog\/wp-content\/uploads\/2020\/03\/premio_bibliotecas_escolares.png?fit=1200%2C678&ssl=1&resize=700%2C400 2x, https:\/\/i0.wp.com\/cepronda.com\/blog\/wp-content\/uploads\/2020\/03\/premio_bibliotecas_escolares.png?fit=1200%2C678&ssl=1&resize=1050%2C600 3x"},"classes":[]},{"id":7507,"url":"https:\/\/cepronda.com\/blog\/jornadas-provinciales-de-difusion-y-buenas-practicas-de-centros-de-comunidades-de-aprendizaje\/","url_meta":{"origin":2302,"position":3},"title":"JORNADAS PROVINCIALES DE DIFUSI\u00d3N Y BUENAS PR\u00c1CTICAS DE CENTROS DE COMUNIDADES DE APRENDIZAJE","author":"Mamen Moreno","date":"15 marzo, 2024","format":false,"excerpt":"Abierto el plazo de inscripci\u00f3n hasta el 10 de abril para la actividad formativa provincial: \"JORNADAS PROVINCIALES DE DIFUSI\u00d3N Y BUENAS PR\u00c1CTICAS DE CENTROS DE COMUNIDADES DE APRENDIZAJE\" con c\u00f3digo 242926GE515. Organizan los CEPs de la provincia de M\u00e1laga y se desarrollar\u00e1 en las Escuelas de Ingenier\u00edas Industriales de M\u00e1laga\u2026","rel":"","context":"En \u00abNoticias\u00bb","block_context":{"text":"Noticias","link":"https:\/\/cepronda.com\/blog\/category\/noticias\/"},"img":{"alt_text":"","src":"https:\/\/i0.wp.com\/cepronda.com\/blog\/wp-content\/uploads\/2024\/03\/cartel-JORNADAS-PROVINCIALES-INFORMATIVAS-Y-DIFUSION-DE-BUENAS-PRACTICAS-DE-CENTROS-COMUNIDAD-DE-APRENDIZAJe_pages-to-jpg-0001-scaled.jpg?fit=848%2C1200&ssl=1&resize=350%2C200","width":350,"height":200,"srcset":"https:\/\/i0.wp.com\/cepronda.com\/blog\/wp-content\/uploads\/2024\/03\/cartel-JORNADAS-PROVINCIALES-INFORMATIVAS-Y-DIFUSION-DE-BUENAS-PRACTICAS-DE-CENTROS-COMUNIDAD-DE-APRENDIZAJe_pages-to-jpg-0001-scaled.jpg?fit=848%2C1200&ssl=1&resize=350%2C200 1x, https:\/\/i0.wp.com\/cepronda.com\/blog\/wp-content\/uploads\/2024\/03\/cartel-JORNADAS-PROVINCIALES-INFORMATIVAS-Y-DIFUSION-DE-BUENAS-PRACTICAS-DE-CENTROS-COMUNIDAD-DE-APRENDIZAJe_pages-to-jpg-0001-scaled.jpg?fit=848%2C1200&ssl=1&resize=525%2C300 1.5x, https:\/\/i0.wp.com\/cepronda.com\/blog\/wp-content\/uploads\/2024\/03\/cartel-JORNADAS-PROVINCIALES-INFORMATIVAS-Y-DIFUSION-DE-BUENAS-PRACTICAS-DE-CENTROS-COMUNIDAD-DE-APRENDIZAJe_pages-to-jpg-0001-scaled.jpg?fit=848%2C1200&ssl=1&resize=700%2C400 2x"},"classes":[]},{"id":3388,"url":"https:\/\/cepronda.com\/blog\/iii-premios-para-el-reconocimiento-a-centros-publicos-de-andalucia-con-buenas-practicas-docentes-en-bibliotecas-escolares-y-en-el-fomento-de-la-lectura\/","url_meta":{"origin":2302,"position":4},"title":"III Premios para el reconocimiento a centros p\u00fablicos de Andaluc\u00eda con buenas pr\u00e1cticas docentes en bibliotecas escolares y en el fomento de la lectura","author":"V\u00edctor Caballero","date":"4 febrero, 2020","format":false,"excerpt":"Muy buenas, Sabemos que en muchos de nuestros centros la biblioteca es uno de los motores que ayuda a dinamizar la vida escolar, y por lo tanto sabemos que muchas de nuestras bibliotecas sois referentes. Por eso os animamos a participar en esta convocatoria. Pr\u00f3xima publicaci\u00f3n en BOJA. Caracter\u00edsticas de\u2026","rel":"","context":"En \u00abFormaciones\u00bb","block_context":{"text":"Formaciones","link":"https:\/\/cepronda.com\/blog\/category\/formaciones\/"},"img":{"alt_text":"","src":"https:\/\/i0.wp.com\/cepronda.com\/blog\/wp-content\/uploads\/2018\/10\/child-315049_1280.jpg?fit=794%2C1200&ssl=1&resize=350%2C200","width":350,"height":200,"srcset":"https:\/\/i0.wp.com\/cepronda.com\/blog\/wp-content\/uploads\/2018\/10\/child-315049_1280.jpg?fit=794%2C1200&ssl=1&resize=350%2C200 1x, https:\/\/i0.wp.com\/cepronda.com\/blog\/wp-content\/uploads\/2018\/10\/child-315049_1280.jpg?fit=794%2C1200&ssl=1&resize=525%2C300 1.5x, https:\/\/i0.wp.com\/cepronda.com\/blog\/wp-content\/uploads\/2018\/10\/child-315049_1280.jpg?fit=794%2C1200&ssl=1&resize=700%2C400 2x"},"classes":[]},{"id":2667,"url":"https:\/\/cepronda.com\/blog\/ii-premios-para-el-reconocimiento-a-centros-publicos-de-andalucia-con-buenas-practicas-docentes-en-bibliotecas-escolares-y-en-el-fomento-de-la-lectura\/","url_meta":{"origin":2302,"position":5},"title":"II Premios para el reconocimiento a centros p\u00fablicos de Andaluc\u00eda con buenas pr\u00e1cticas docentes en Bibliotecas Escolares y en el fomento de la lectura","author":"V\u00edctor Caballero","date":"13 marzo, 2019","format":false,"excerpt":"Muy buenas familia, queremos compartir con todos y todas vosotras la convocatoria de estos premios, ya que sabemos que muchas de las bibliotecas de los centros de nuestra zona est\u00e1n haciendo un gran trabajo, y creemos sinceramente que pod\u00e9is optar a estos premios. Os dejamos con la informaci\u00f3n sobre la\u2026","rel":"","context":"En \u00abNoticias\u00bb","block_context":{"text":"Noticias","link":"https:\/\/cepronda.com\/blog\/category\/noticias\/"},"img":{"alt_text":"","src":"","width":0,"height":0},"classes":[]}],"jetpack_sharing_enabled":true,"_links":{"self":[{"href":"https:\/\/cepronda.com\/blog\/wp-json\/wp\/v2\/posts\/2302","targetHints":{"allow":["GET"]}}],"collection":[{"href":"https:\/\/cepronda.com\/blog\/wp-json\/wp\/v2\/posts"}],"about":[{"href":"https:\/\/cepronda.com\/blog\/wp-json\/wp\/v2\/types\/post"}],"author":[{"embeddable":true,"href":"https:\/\/cepronda.com\/blog\/wp-json\/wp\/v2\/users\/3"}],"replies":[{"embeddable":true,"href":"https:\/\/cepronda.com\/blog\/wp-json\/wp\/v2\/comments?post=2302"}],"version-history":[{"count":1,"href":"https:\/\/cepronda.com\/blog\/wp-json\/wp\/v2\/posts\/2302\/revisions"}],"predecessor-version":[{"id":2305,"href":"https:\/\/cepronda.com\/blog\/wp-json\/wp\/v2\/posts\/2302\/revisions\/2305"}],"wp:featuredmedia":[{"embeddable":true,"href":"https:\/\/cepronda.com\/blog\/wp-json\/wp\/v2\/media\/2304"}],"wp:attachment":[{"href":"https:\/\/cepronda.com\/blog\/wp-json\/wp\/v2\/media?parent=2302"}],"wp:term":[{"taxonomy":"category","embeddable":true,"href":"https:\/\/cepronda.com\/blog\/wp-json\/wp\/v2\/categories?post=2302"},{"taxonomy":"post_tag","embeddable":true,"href":"https:\/\/cepronda.com\/blog\/wp-json\/wp\/v2\/tags?post=2302"}],"curies":[{"name":"wp","href":"https:\/\/api.w.org\/{rel}","templated":true}]}}