{"id":2296,"date":"2018-09-10T13:59:11","date_gmt":"2018-09-10T11:59:11","guid":{"rendered":"http:\/\/cepronda.com\/blog\/?p=2296"},"modified":"2018-09-10T13:59:20","modified_gmt":"2018-09-10T11:59:20","slug":"curso-ronda-con-nombre-de-mujer","status":"publish","type":"post","link":"https:\/\/cepronda.com\/blog\/curso-ronda-con-nombre-de-mujer\/","title":{"rendered":"Curso \u00abRONDA CON NOMBRE DE MUJER\u00bb"},"content":{"rendered":"\n<p class=\"wp-block-paragraph\">\u00a0Y seguimos trabajando en ofreceros una formaci\u00f3n adecuada a vuestros intereses y necesidades. En este caso nos dirigimos a todas aquellas personas que est\u00e9is interesadas en la coeducaci\u00f3n y el g\u00e9nero, combinada con paseos por Ronda.\u00a0<\/p>\n\n\n\n<p class=\"wp-block-paragraph\">Se trata de una formaci\u00f3n donde pretendemos visibilizar todas aquellas mujeres de Ronda y su serran\u00eda, que han contribuido a escribir su historia, y que hasta ahora ha estado muy silenciada.\u00a0<\/p>\n\n\n\n<p class=\"wp-block-paragraph\">Para ello contaremos con la arque\u00f3loga de Ronda, Pilar Delgado, la periodista e investigadora Aurora Melgar, as\u00ed como Carmen Ruiz Repullo.<\/p>\n\n\n\n<p class=\"wp-block-paragraph\">Creemos que va a ser un curso muy interesante y en el que podremos aprender mucho y adem\u00e1s podremos posteriormente trasladar lo que aprendamos a nuestras aulas y nuestro alumnado.\u00a0<\/p>\n\n\n\n<p class=\"wp-block-paragraph\">Os dejamos con el <a href=\"https:\/\/www.juntadeandalucia.es\/educacion\/secretariavirtual\/consultaCEP\/actividad\/192924GE007\/\" target=\"_blank\">enlace a la actividad <\/a>y sus detalles, y os animamos a inscribiros en la misma,<\/p>\n\n\n\n<figure class=\"wp-block-image\"><a href=\"https:\/\/www.juntadeandalucia.es\/educacion\/secretariavirtual\/consultaCEP\/actividad\/192924GE007\/\"><img data-recalc-dims=\"1\" loading=\"lazy\" decoding=\"async\" width=\"591\" height=\"835\" src=\"https:\/\/i0.wp.com\/cepronda.com\/blog\/wp-content\/uploads\/2018\/09\/Ronda_con_nombre_de_mujer.png?resize=591%2C835\" alt=\"\" class=\"wp-image-2297\" srcset=\"https:\/\/i0.wp.com\/cepronda.com\/blog\/wp-content\/uploads\/2018\/09\/Ronda_con_nombre_de_mujer.png?w=591&amp;ssl=1 591w, https:\/\/i0.wp.com\/cepronda.com\/blog\/wp-content\/uploads\/2018\/09\/Ronda_con_nombre_de_mujer.png?resize=212%2C300&amp;ssl=1 212w\" sizes=\"auto, (max-width: 591px) 100vw, 591px\" \/><\/a><\/figure>\n","protected":false},"excerpt":{"rendered":"<p>\u00a0Y seguimos trabajando en ofreceros una formaci\u00f3n adecuada a vuestros intereses y necesidades. En este caso nos dirigimos a todas aquellas personas que est\u00e9is interesadas en la coeducaci\u00f3n y el g\u00e9nero, combinada con paseos por Ronda.\u00a0 Se trata de una formaci\u00f3n donde pretendemos visibilizar todas aquellas mujeres de Ronda y su serran\u00eda, que han contribuido [&hellip;]<\/p>\n","protected":false},"author":3,"featured_media":2297,"comment_status":"open","ping_status":"open","sticky":false,"template":"","format":"standard","meta":{"_crdt_document":"","advanced_seo_description":"","jetpack_seo_html_title":"","jetpack_seo_noindex":false,"jetpack_post_was_ever_published":false,"_jetpack_newsletter_access":"","_jetpack_dont_email_post_to_subs":false,"_jetpack_newsletter_tier_id":0,"_jetpack_memberships_contains_paywalled_content":false,"_jetpack_memberships_contains_paid_content":false,"footnotes":"","jetpack_publicize_message":"","jetpack_publicize_feature_enabled":true,"jetpack_social_post_already_shared":true,"jetpack_social_options":{"image_generator_settings":{"template":"highway","default_image_id":0,"font":"","enabled":false},"version":2}},"categories":[3],"tags":[37],"class_list":{"0":"post-2296","1":"post","2":"type-post","3":"status-publish","4":"format-standard","5":"has-post-thumbnail","7":"category-formaciones","8":"tag-igualdad","9":"czr-hentry"},"jetpack_publicize_connections":[],"jetpack_featured_media_url":"https:\/\/i0.wp.com\/cepronda.com\/blog\/wp-content\/uploads\/2018\/09\/Ronda_con_nombre_de_mujer.png?fit=591%2C835&ssl=1","jetpack_shortlink":"https:\/\/wp.me\/p8M4X7-B2","jetpack-related-posts":[{"id":5644,"url":"https:\/\/cepronda.com\/blog\/actividades-formativas-del-cep-de-ronda-para-el-curso-22-23\/","url_meta":{"origin":2296,"position":0},"title":"ACTIVIDADES FORMATIVAS DEL CEP DE RONDA para el CURSO 22-23","author":"Inmaculada Garc\u00eda","date":"7 diciembre, 2022","format":false,"excerpt":"Buenos d\u00edas, compa\u00f1eros y compa\u00f1eras. Os compartimos nuestro cartel vivo con las ACTIVIDADES FORMATIVAS DEL CEP DE RONDA para el CURSO 22-23 \u00a0Pincha en el enlace 00-Cartel vivo CEP QR o escanea el c\u00f3digo QR para visualizar la relaci\u00f3n de actividades formativas del CEP de Ronda para este curso.","rel":"","context":"En \u00abNoticias\u00bb","block_context":{"text":"Noticias","link":"https:\/\/cepronda.com\/blog\/category\/noticias\/"},"img":{"alt_text":"","src":"https:\/\/i0.wp.com\/cepronda.com\/blog\/wp-content\/uploads\/2022\/12\/Diseno-sin-titulo.png?fit=848%2C1200&ssl=1&resize=350%2C200","width":350,"height":200,"srcset":"https:\/\/i0.wp.com\/cepronda.com\/blog\/wp-content\/uploads\/2022\/12\/Diseno-sin-titulo.png?fit=848%2C1200&ssl=1&resize=350%2C200 1x, https:\/\/i0.wp.com\/cepronda.com\/blog\/wp-content\/uploads\/2022\/12\/Diseno-sin-titulo.png?fit=848%2C1200&ssl=1&resize=525%2C300 1.5x, https:\/\/i0.wp.com\/cepronda.com\/blog\/wp-content\/uploads\/2022\/12\/Diseno-sin-titulo.png?fit=848%2C1200&ssl=1&resize=700%2C400 2x"},"classes":[]},{"id":5931,"url":"https:\/\/cepronda.com\/blog\/ii-feria-de-formacion-profesional-de-la-serrania-de-ronda\/","url_meta":{"origin":2296,"position":1},"title":"II FERIA DE FORMACI\u00d3N PROFESIONAL DE LA SERRAN\u00cdA DE RONDA","author":"Inmaculada Garc\u00eda","date":"12 abril, 2023","format":false,"excerpt":"Ya est\u00e1 aqu\u00ed la segunda edici\u00f3n de la Feria de Formaci\u00f3n Profesional de la Serran\u00eda de Ronda. Los d\u00edas 12 y 13 de abril, en el Convento de Santo Domingo, tenemos una cita con la Formaci\u00f3n Profesional de la Serran\u00eda de Ronda, para darle visibilidad a la formaci\u00f3n, el empleo\u2026","rel":"","context":"En \u00abNoticias\u00bb","block_context":{"text":"Noticias","link":"https:\/\/cepronda.com\/blog\/category\/noticias\/"},"img":{"alt_text":"","src":"https:\/\/i0.wp.com\/cepronda.com\/blog\/wp-content\/uploads\/2023\/04\/WhatsApp-Image-2023-04-11-at-11.20.09.jpeg?fit=848%2C1200&ssl=1&resize=350%2C200","width":350,"height":200,"srcset":"https:\/\/i0.wp.com\/cepronda.com\/blog\/wp-content\/uploads\/2023\/04\/WhatsApp-Image-2023-04-11-at-11.20.09.jpeg?fit=848%2C1200&ssl=1&resize=350%2C200 1x, https:\/\/i0.wp.com\/cepronda.com\/blog\/wp-content\/uploads\/2023\/04\/WhatsApp-Image-2023-04-11-at-11.20.09.jpeg?fit=848%2C1200&ssl=1&resize=525%2C300 1.5x, https:\/\/i0.wp.com\/cepronda.com\/blog\/wp-content\/uploads\/2023\/04\/WhatsApp-Image-2023-04-11-at-11.20.09.jpeg?fit=848%2C1200&ssl=1&resize=700%2C400 2x"},"classes":[]},{"id":1369,"url":"https:\/\/cepronda.com\/blog\/programa-relaciona\/","url_meta":{"origin":2296,"position":2},"title":"Programa RELACIONA","author":"V\u00edctor Caballero","date":"25 octubre, 2017","format":false,"excerpt":"\u00a1Hola de nuevo! Dentro de nuestras actividades formativas este curso tenemos la suerte de contar con la posibilidad de ofreceros un Programa de \u00e1mbito estatal y que tiene muy buenas referencias. Va dirigida a todas aquellas personas que quieran una formaci\u00f3n en igualdad y tiene como objetivo fundamental seguir avanzando\u2026","rel":"","context":"En \u00abFormaciones\u00bb","block_context":{"text":"Formaciones","link":"https:\/\/cepronda.com\/blog\/category\/formaciones\/"},"img":{"alt_text":"","src":"https:\/\/i0.wp.com\/cepronda.com\/blog\/wp-content\/uploads\/2017\/10\/FSE-invierte-2.jpg?resize=350%2C200","width":350,"height":200},"classes":[]},{"id":3476,"url":"https:\/\/cepronda.com\/blog\/comunicado-importante-del-cep-de-ronda\/","url_meta":{"origin":2296,"position":3},"title":"COMUNICADO IMPORTANTE DEL CEP DE RONDA","author":"V\u00edctor Caballero","date":"13 marzo, 2020","format":false,"excerpt":"Ante la nueva situaci\u00f3n y alerta sanitaria, el equipo t\u00e9cnico de formaci\u00f3n del Centro de Profesorado de Ronda est\u00e1 a vuestra disposici\u00f3n para responder a todas vuestras dudas y consultas, as\u00ed como asesoraros en todas aquellas cuestiones que necesit\u00e9is. Para ello pod\u00e9is escribirnos y\/o llamarnos por cualquiera de estos medios,\u2026","rel":"","context":"En \u00abFormaciones\u00bb","block_context":{"text":"Formaciones","link":"https:\/\/cepronda.com\/blog\/category\/formaciones\/"},"img":{"alt_text":"","src":"https:\/\/i0.wp.com\/cepronda.com\/blog\/wp-content\/uploads\/2020\/02\/Logo_twitter_cep_ronda-INSTITUCIONAL.jpg?fit=565%2C565&ssl=1&resize=350%2C200","width":350,"height":200,"srcset":"https:\/\/i0.wp.com\/cepronda.com\/blog\/wp-content\/uploads\/2020\/02\/Logo_twitter_cep_ronda-INSTITUCIONAL.jpg?fit=565%2C565&ssl=1&resize=350%2C200 1x, https:\/\/i0.wp.com\/cepronda.com\/blog\/wp-content\/uploads\/2020\/02\/Logo_twitter_cep_ronda-INSTITUCIONAL.jpg?fit=565%2C565&ssl=1&resize=525%2C300 1.5x"},"classes":[]},{"id":2980,"url":"https:\/\/cepronda.com\/blog\/ronda-con-nombre-de-mujer-un-paseo-por-la-historia-de-las-mujeres-de-ronda-y-la-serrania\/","url_meta":{"origin":2296,"position":4},"title":"RONDA CON NOMBRE DE MUJER: UN PASEO POR LA HISTORIA DE LAS MUJERES DE RONDA Y LA SERRAN\u00cdA","author":"V\u00edctor Caballero","date":"9 septiembre, 2019","format":false,"excerpt":"Muy buenas familia, Comenzamos la semana poniendo en marcha un curso que el a\u00f1o pasado tuvo muy buena acogida, y que creemos que os puede interesar, tanto a las personas que el a\u00f1o pasado ya lo hicisteis (ya que conoceremos a nuevas mujeres y haremos una visita nueva) como como\u2026","rel":"","context":"En \u00abFormaciones\u00bb","block_context":{"text":"Formaciones","link":"https:\/\/cepronda.com\/blog\/category\/formaciones\/"},"img":{"alt_text":"","src":"https:\/\/i0.wp.com\/cepronda.com\/blog\/wp-content\/uploads\/2019\/09\/Ronda_con_nombre_de_mujer.png?fit=645%2C917&ssl=1&resize=350%2C200","width":350,"height":200,"srcset":"https:\/\/i0.wp.com\/cepronda.com\/blog\/wp-content\/uploads\/2019\/09\/Ronda_con_nombre_de_mujer.png?fit=645%2C917&ssl=1&resize=350%2C200 1x, https:\/\/i0.wp.com\/cepronda.com\/blog\/wp-content\/uploads\/2019\/09\/Ronda_con_nombre_de_mujer.png?fit=645%2C917&ssl=1&resize=525%2C300 1.5x"},"classes":[]},{"id":3242,"url":"https:\/\/cepronda.com\/blog\/visita-de-belen-en-ronda-con-el-alumnado-entrada-gratuita\/","url_meta":{"origin":2296,"position":5},"title":"VISITA DE BEL\u00c9N EN RONDA CON EL ALUMNADO. (Entrada gratuita)","author":"V\u00edctor Caballero","date":"11 diciembre, 2019","format":false,"excerpt":"Muy buenas, compa\u00f1eros\/as y compa\u00f1eras: Al igual que el curso pasado, os enviamos informaci\u00f3n para visitar un genial\u00a0Bel\u00e9n ubicado en La Barriada Cruz de San Jorge. C\/ Virgen de las Nieves n\u00ba 2 (Ronda)Pod\u00e9is ir con el\u00a0alumnado, es totalmente\u00a0gratuito y muy recomendable\u00a0su visita. Lo \u00fanico que ten\u00e9is que hacer es\u00a0acordar\u2026","rel":"","context":"En \u00abNoticias\u00bb","block_context":{"text":"Noticias","link":"https:\/\/cepronda.com\/blog\/category\/noticias\/"},"img":{"alt_text":"","src":"https:\/\/i0.wp.com\/cepronda.com\/blog\/wp-content\/uploads\/2019\/12\/village-nativity-586796_1920.jpg?fit=1200%2C801&ssl=1&resize=350%2C200","width":350,"height":200,"srcset":"https:\/\/i0.wp.com\/cepronda.com\/blog\/wp-content\/uploads\/2019\/12\/village-nativity-586796_1920.jpg?fit=1200%2C801&ssl=1&resize=350%2C200 1x, https:\/\/i0.wp.com\/cepronda.com\/blog\/wp-content\/uploads\/2019\/12\/village-nativity-586796_1920.jpg?fit=1200%2C801&ssl=1&resize=525%2C300 1.5x, https:\/\/i0.wp.com\/cepronda.com\/blog\/wp-content\/uploads\/2019\/12\/village-nativity-586796_1920.jpg?fit=1200%2C801&ssl=1&resize=700%2C400 2x, https:\/\/i0.wp.com\/cepronda.com\/blog\/wp-content\/uploads\/2019\/12\/village-nativity-586796_1920.jpg?fit=1200%2C801&ssl=1&resize=1050%2C600 3x"},"classes":[]}],"jetpack_sharing_enabled":true,"_links":{"self":[{"href":"https:\/\/cepronda.com\/blog\/wp-json\/wp\/v2\/posts\/2296","targetHints":{"allow":["GET"]}}],"collection":[{"href":"https:\/\/cepronda.com\/blog\/wp-json\/wp\/v2\/posts"}],"about":[{"href":"https:\/\/cepronda.com\/blog\/wp-json\/wp\/v2\/types\/post"}],"author":[{"embeddable":true,"href":"https:\/\/cepronda.com\/blog\/wp-json\/wp\/v2\/users\/3"}],"replies":[{"embeddable":true,"href":"https:\/\/cepronda.com\/blog\/wp-json\/wp\/v2\/comments?post=2296"}],"version-history":[{"count":1,"href":"https:\/\/cepronda.com\/blog\/wp-json\/wp\/v2\/posts\/2296\/revisions"}],"predecessor-version":[{"id":2298,"href":"https:\/\/cepronda.com\/blog\/wp-json\/wp\/v2\/posts\/2296\/revisions\/2298"}],"wp:featuredmedia":[{"embeddable":true,"href":"https:\/\/cepronda.com\/blog\/wp-json\/wp\/v2\/media\/2297"}],"wp:attachment":[{"href":"https:\/\/cepronda.com\/blog\/wp-json\/wp\/v2\/media?parent=2296"}],"wp:term":[{"taxonomy":"category","embeddable":true,"href":"https:\/\/cepronda.com\/blog\/wp-json\/wp\/v2\/categories?post=2296"},{"taxonomy":"post_tag","embeddable":true,"href":"https:\/\/cepronda.com\/blog\/wp-json\/wp\/v2\/tags?post=2296"}],"curies":[{"name":"wp","href":"https:\/\/api.w.org\/{rel}","templated":true}]}}