{"id":2293,"date":"2018-09-10T13:36:14","date_gmt":"2018-09-10T11:36:14","guid":{"rendered":"http:\/\/cepronda.com\/blog\/?p=2293"},"modified":"2018-09-10T13:36:23","modified_gmt":"2018-09-10T11:36:23","slug":"curso-iniciacion-al-aprendizaje-basado-en-proyectos-para-primaria","status":"publish","type":"post","link":"https:\/\/cepronda.com\/blog\/curso-iniciacion-al-aprendizaje-basado-en-proyectos-para-primaria\/","title":{"rendered":"Curso: INICIACI\u00d3N AL APRENDIZAJE BASADO EN PROYECTOS PARA PRIMARIA"},"content":{"rendered":"\n<p class=\"has-drop-cap wp-block-paragraph\">Seguimos con nuestro buen ritmo de principio de semana&#8230;<\/p>\n\n\n\n<p class=\"wp-block-paragraph\">En este caso queremos dar respuesta a las demandas que hemos tenido en los \u00faltimos a\u00f1os sobre c\u00f3mo llevar el trabajo por proyectos a nuestras aulas de Primaria. Para ello contaremos como ponente a Antonio Manuel G\u00e1lvez,\u00a0\u00a0y con esta\u00a0actividad formativa pretendemos despejar dudas, eliminar miedos y apoyar a los docentes que quieran cambiar su pr\u00e1ctica docente adecu\u00e1ndola a los nuevos curr\u00edculums y a las orientaciones metodol\u00f3gicas recogidas en la normativa actual. <\/p>\n\n\n\n<p class=\"wp-block-paragraph\">Os dejamos con el <a href=\"https:\/\/www.juntadeandalucia.es\/educacion\/secretariavirtual\/consultaCEP\/actividad\/192924GE004\/\" target=\"_blank\">enlace a la actividad<\/a> y todos sus detalles, y os animamos a inscribiros a la misma.<\/p>\n\n\n\n<figure class=\"wp-block-image\"><a href=\"https:\/\/www.juntadeandalucia.es\/educacion\/secretariavirtual\/consultaCEP\/actividad\/192924GE004\/\"><img data-recalc-dims=\"1\" loading=\"lazy\" decoding=\"async\" width=\"640\" height=\"426\" src=\"https:\/\/i0.wp.com\/cepronda.com\/blog\/wp-content\/uploads\/2018\/09\/children-99507_640.jpg?resize=640%2C426\" alt=\"\" class=\"wp-image-2294\" srcset=\"https:\/\/i0.wp.com\/cepronda.com\/blog\/wp-content\/uploads\/2018\/09\/children-99507_640.jpg?w=640&amp;ssl=1 640w, https:\/\/i0.wp.com\/cepronda.com\/blog\/wp-content\/uploads\/2018\/09\/children-99507_640.jpg?resize=300%2C200&amp;ssl=1 300w\" sizes=\"auto, (max-width: 640px) 100vw, 640px\" \/><\/a><\/figure>\n","protected":false},"excerpt":{"rendered":"<p>Seguimos con nuestro buen ritmo de principio de semana&#8230; En este caso queremos dar respuesta a las demandas que hemos tenido en los \u00faltimos a\u00f1os sobre c\u00f3mo llevar el trabajo por proyectos a nuestras aulas de Primaria. Para ello contaremos como ponente a Antonio Manuel G\u00e1lvez,\u00a0\u00a0y con esta\u00a0actividad formativa pretendemos despejar dudas, eliminar miedos y [&hellip;]<\/p>\n","protected":false},"author":3,"featured_media":2294,"comment_status":"open","ping_status":"open","sticky":false,"template":"","format":"standard","meta":{"_crdt_document":"","advanced_seo_description":"","jetpack_seo_html_title":"","jetpack_seo_noindex":false,"jetpack_post_was_ever_published":false,"_jetpack_newsletter_access":"","_jetpack_dont_email_post_to_subs":false,"_jetpack_newsletter_tier_id":0,"_jetpack_memberships_contains_paywalled_content":false,"_jetpack_memberships_contains_paid_content":false,"footnotes":"","jetpack_publicize_message":"","jetpack_publicize_feature_enabled":true,"jetpack_social_post_already_shared":true,"jetpack_social_options":{"image_generator_settings":{"template":"highway","default_image_id":0,"font":"","enabled":false},"version":2}},"categories":[3],"tags":[6],"class_list":{"0":"post-2293","1":"post","2":"type-post","3":"status-publish","4":"format-standard","5":"has-post-thumbnail","7":"category-formaciones","8":"tag-abp","9":"czr-hentry"},"jetpack_publicize_connections":[],"jetpack_featured_media_url":"https:\/\/i0.wp.com\/cepronda.com\/blog\/wp-content\/uploads\/2018\/09\/children-99507_640.jpg?fit=640%2C426&ssl=1","jetpack_shortlink":"https:\/\/wp.me\/p8M4X7-AZ","jetpack-related-posts":[{"id":7987,"url":"https:\/\/cepronda.com\/blog\/robotica-y-pensamiento-computacional-en-primaria\/","url_meta":{"origin":2293,"position":0},"title":"ROB\u00d3TICA Y PENSAMIENTO COMPUTACIONAL EN PRIMARIA","author":"Mamen Moreno","date":"20 diciembre, 2024","format":false,"excerpt":"Se abre el plazo de inscripci\u00f3n para la actividad provincial ROB\u00d3TICA Y PENSAMIENTO COMPUTACIONAL EN PRIMARIA. Inscripci\u00f3n: Hasta el 31\/12\/24 Dirigido a Educaci\u00f3n Primaria Actividad: del 15\/01\/25 a 05\/02\/25 Duraci\u00f3n:12 h presenciales + 3 en AVFP M\u00e1s en: https:\/www.juntadeandalucia.es\/educacion\/secretariavirtual\/consultaCEP\/actividad\/252922GE073\/","rel":"","context":"En \u00abFormaciones\u00bb","block_context":{"text":"Formaciones","link":"https:\/\/cepronda.com\/blog\/category\/formaciones\/"},"img":{"alt_text":"","src":"https:\/\/i0.wp.com\/cepronda.com\/blog\/wp-content\/uploads\/2024\/12\/WhatsApp-Image-2024-12-20-at-13.06.06-300x300.jpeg?resize=350%2C200&ssl=1","width":350,"height":200},"classes":[]},{"id":2374,"url":"https:\/\/cepronda.com\/blog\/curso-de-actualizacion-didactica-y-metodologica-en-el-area-de-ingles-para-infantil-y-primaria\/","url_meta":{"origin":2293,"position":1},"title":"CURSO DE ACTUALIZACI\u00d3N DID\u00c1CTICA Y METODOL\u00d3GICA EN EL \u00c1REA DE INGL\u00c9S PARA INFANTIL Y PRIMARIA","author":"V\u00edctor Caballero","date":"9 octubre, 2018","format":false,"excerpt":"Hello! How are you? Os anunciamos que acabamos de abrir esta actividad dirigida a las personas especialistas de ingl\u00e9s de Educaci\u00f3n Primaria, y que creemos que os puede resultar de gran inter\u00e9s y ayuda. Contamos con la suerte de tener como ponente a una de las componentes del red de\u2026","rel":"","context":"En \u00abFormaciones\u00bb","block_context":{"text":"Formaciones","link":"https:\/\/cepronda.com\/blog\/category\/formaciones\/"},"img":{"alt_text":"","src":"https:\/\/i0.wp.com\/cepronda.com\/blog\/wp-content\/uploads\/2018\/10\/american-1209605_1920.jpg?fit=1200%2C800&ssl=1&resize=350%2C200","width":350,"height":200,"srcset":"https:\/\/i0.wp.com\/cepronda.com\/blog\/wp-content\/uploads\/2018\/10\/american-1209605_1920.jpg?fit=1200%2C800&ssl=1&resize=350%2C200 1x, https:\/\/i0.wp.com\/cepronda.com\/blog\/wp-content\/uploads\/2018\/10\/american-1209605_1920.jpg?fit=1200%2C800&ssl=1&resize=525%2C300 1.5x, https:\/\/i0.wp.com\/cepronda.com\/blog\/wp-content\/uploads\/2018\/10\/american-1209605_1920.jpg?fit=1200%2C800&ssl=1&resize=700%2C400 2x, https:\/\/i0.wp.com\/cepronda.com\/blog\/wp-content\/uploads\/2018\/10\/american-1209605_1920.jpg?fit=1200%2C800&ssl=1&resize=1050%2C600 3x"},"classes":[]},{"id":4981,"url":"https:\/\/cepronda.com\/blog\/diseno-universal-de-aprendizaje-dua-en-educacion-primaria-codigo-222924ge016\/","url_meta":{"origin":2293,"position":2},"title":"\u00abDISE\u00d1O UNIVERSAL DE APRENDIZAJE (DUA) EN EDUCACI\u00d3N PRIMARIA.\u00bb C\u00f3digo: 222924GE016.","author":"Inmaculada Garc\u00eda","date":"14 enero, 2022","format":false,"excerpt":"Buenos\u00a0 d\u00edas, compa\u00f1eras y compa\u00f1eros. Os recordamos que est\u00e1 abierto el plazo de inscripci\u00f3n en la actividad \u00abDISE\u00d1O UNIVERSAL DE APRENDIZAJE (DUA) EN EDUCACI\u00d3N PRIMARIA.\u00bb C\u00f3digo: 222924GE016. Es una actividad en modalidad de \u00abCurso Semipresencial\u00bb, las sesiones presenciales se desarrollar\u00e1n en la Sala de Videoconferencias del CEP de Ronda. Duraci\u00f3n\u2026","rel":"","context":"En \u00abNoticias\u00bb","block_context":{"text":"Noticias","link":"https:\/\/cepronda.com\/blog\/category\/noticias\/"},"img":{"alt_text":"","src":"https:\/\/i0.wp.com\/cepronda.com\/blog\/wp-content\/uploads\/2022\/01\/DISENO-UNIVERSAL-DE-APRENDIZAJE-DUA-EN-EDUCACION-PRIMARIA.-1.png?fit=848%2C1200&ssl=1&resize=350%2C200","width":350,"height":200,"srcset":"https:\/\/i0.wp.com\/cepronda.com\/blog\/wp-content\/uploads\/2022\/01\/DISENO-UNIVERSAL-DE-APRENDIZAJE-DUA-EN-EDUCACION-PRIMARIA.-1.png?fit=848%2C1200&ssl=1&resize=350%2C200 1x, https:\/\/i0.wp.com\/cepronda.com\/blog\/wp-content\/uploads\/2022\/01\/DISENO-UNIVERSAL-DE-APRENDIZAJE-DUA-EN-EDUCACION-PRIMARIA.-1.png?fit=848%2C1200&ssl=1&resize=525%2C300 1.5x, https:\/\/i0.wp.com\/cepronda.com\/blog\/wp-content\/uploads\/2022\/01\/DISENO-UNIVERSAL-DE-APRENDIZAJE-DUA-EN-EDUCACION-PRIMARIA.-1.png?fit=848%2C1200&ssl=1&resize=700%2C400 2x"},"classes":[]},{"id":5131,"url":"https:\/\/cepronda.com\/blog\/oralidad-ludica-en-primaria-y-primer-ciclo-de-secundaria-los-juegos-del-habla\/","url_meta":{"origin":2293,"position":3},"title":"ORALIDAD L\u00daDICA EN PRIMARIA Y PRIMER CICLO DE SECUNDARIA. LOS JUEGOS DEL HABLA","author":"Maribel Mu\u00f1oz","date":"18 febrero, 2022","format":false,"excerpt":"Buenas tardes compa\u00f1eras y compa\u00f1eros Os informamos que est\u00e1 abierto el plazo de\u00a0 inscripci\u00f3n de la actividad formativa provincial ORALIDAD L\u00daDICA EN PRIMARIA Y PRIMER CICLO DE SECUNDARIA. LOS JUEGOS DEL HABLA \ud83c\udfaf Curso dirigido a profesorado cualquier \u00e1rea de Educaci\u00f3n Primaria y Educaci\u00f3n Secundaria Obligatoria de la provincia de\u2026","rel":"","context":"En \u00abFormaciones\u00bb","block_context":{"text":"Formaciones","link":"https:\/\/cepronda.com\/blog\/category\/formaciones\/"},"img":{"alt_text":"","src":"https:\/\/i0.wp.com\/cepronda.com\/blog\/wp-content\/uploads\/2022\/02\/WhatsApp-Image-2022-02-18-at-13.31.35.jpeg?fit=1001%2C1001&ssl=1&resize=350%2C200","width":350,"height":200,"srcset":"https:\/\/i0.wp.com\/cepronda.com\/blog\/wp-content\/uploads\/2022\/02\/WhatsApp-Image-2022-02-18-at-13.31.35.jpeg?fit=1001%2C1001&ssl=1&resize=350%2C200 1x, https:\/\/i0.wp.com\/cepronda.com\/blog\/wp-content\/uploads\/2022\/02\/WhatsApp-Image-2022-02-18-at-13.31.35.jpeg?fit=1001%2C1001&ssl=1&resize=525%2C300 1.5x, https:\/\/i0.wp.com\/cepronda.com\/blog\/wp-content\/uploads\/2022\/02\/WhatsApp-Image-2022-02-18-at-13.31.35.jpeg?fit=1001%2C1001&ssl=1&resize=700%2C400 2x"},"classes":[]},{"id":4297,"url":"https:\/\/cepronda.com\/blog\/estrategias-de-evaluacion-en-frances-lengua-extranjera-primaria\/","url_meta":{"origin":2293,"position":4},"title":"ESTRATEGIAS DE EVALUACI\u00d3N EN FRANC\u00c9S LENGUA EXTRANJERA (PRIMARIA)","author":"Maribel Mu\u00f1oz","date":"12 marzo, 2021","format":false,"excerpt":"Buenas tardes compa\u00f1eras y compa\u00f1eros, Os informamos que est\u00e1 abierto el plazo de inscripci\u00f3n de la formaci\u00f3n ESTRATEGIAS DE EVALUACI\u00d3N EN FRANC\u00c9S LENGUA EXTRANJERA (PRIMARIA) PROVINCIAL\u00a0 212924GE031,\u00a0\u00a0 que comenzar\u00e1 a desarrollarse el pr\u00f3ximo\u00a0 06\/04\/2021. Adjuntamos enlace : https:\/\/www.juntadeandalucia.es\/educacion\/secretariavirtual\/consultaCEP\/actividad\/212924GE031\/ El plazo de inscripci\u00f3n finaliza el pr\u00f3ximo 04\/04\/2021 a las 23:59. Te\u2026","rel":"","context":"En \u00abNoticias\u00bb","block_context":{"text":"Noticias","link":"https:\/\/cepronda.com\/blog\/category\/noticias\/"},"img":{"alt_text":"","src":"https:\/\/i0.wp.com\/cepronda.com\/blog\/wp-content\/uploads\/2021\/03\/WhatsApp-Image-2021-03-12-at-13.07.43.jpeg?fit=848%2C1200&ssl=1&resize=350%2C200","width":350,"height":200,"srcset":"https:\/\/i0.wp.com\/cepronda.com\/blog\/wp-content\/uploads\/2021\/03\/WhatsApp-Image-2021-03-12-at-13.07.43.jpeg?fit=848%2C1200&ssl=1&resize=350%2C200 1x, https:\/\/i0.wp.com\/cepronda.com\/blog\/wp-content\/uploads\/2021\/03\/WhatsApp-Image-2021-03-12-at-13.07.43.jpeg?fit=848%2C1200&ssl=1&resize=525%2C300 1.5x, https:\/\/i0.wp.com\/cepronda.com\/blog\/wp-content\/uploads\/2021\/03\/WhatsApp-Image-2021-03-12-at-13.07.43.jpeg?fit=848%2C1200&ssl=1&resize=700%2C400 2x"},"classes":[]},{"id":4585,"url":"https:\/\/cepronda.com\/blog\/desarrollo-de-la-competencia-matematica-en-infantil-y-primaria\/","url_meta":{"origin":2293,"position":5},"title":"DESARROLLO DE LA COMPETENCIA MATEM\u00c1TICA EN INFANTIL Y PRIMARIA","author":"V\u00edctor Caballero","date":"6 septiembre, 2021","format":false,"excerpt":"Buenos d\u00edas\u00a0 compa\u00f1eras y compa\u00f1eros, Desde el CEP de Ronda os informamos que est\u00e1 abierto el plazo de inscripci\u00f3n de la formaci\u00f3n\u00a0 DESARROLLO DE LA COMPETENCIA MATEM\u00c1TICA EN INFANTIL Y PRIMARIA . C\u00f3digo: 222924GE003.\u00a0 Las fechas de la formaci\u00f3n son las siguientes:\u00a0 *Fecha inscripci\u00f3n:\u00a0 Del 6 al 17 de septiembre\u2026","rel":"","context":"En \u00abFormaciones\u00bb","block_context":{"text":"Formaciones","link":"https:\/\/cepronda.com\/blog\/category\/formaciones\/"},"img":{"alt_text":"","src":"https:\/\/i0.wp.com\/cepronda.com\/blog\/wp-content\/uploads\/2021\/09\/DESARROLLO-DE-LA-COMPETENCIA-MATEMA%CC%81TICA-EN-INFANTIL-Y-PRIMARIA.png?fit=848%2C1200&ssl=1&resize=350%2C200","width":350,"height":200,"srcset":"https:\/\/i0.wp.com\/cepronda.com\/blog\/wp-content\/uploads\/2021\/09\/DESARROLLO-DE-LA-COMPETENCIA-MATEMA%CC%81TICA-EN-INFANTIL-Y-PRIMARIA.png?fit=848%2C1200&ssl=1&resize=350%2C200 1x, https:\/\/i0.wp.com\/cepronda.com\/blog\/wp-content\/uploads\/2021\/09\/DESARROLLO-DE-LA-COMPETENCIA-MATEMA%CC%81TICA-EN-INFANTIL-Y-PRIMARIA.png?fit=848%2C1200&ssl=1&resize=525%2C300 1.5x, https:\/\/i0.wp.com\/cepronda.com\/blog\/wp-content\/uploads\/2021\/09\/DESARROLLO-DE-LA-COMPETENCIA-MATEMA%CC%81TICA-EN-INFANTIL-Y-PRIMARIA.png?fit=848%2C1200&ssl=1&resize=700%2C400 2x"},"classes":[]}],"jetpack_sharing_enabled":true,"_links":{"self":[{"href":"https:\/\/cepronda.com\/blog\/wp-json\/wp\/v2\/posts\/2293","targetHints":{"allow":["GET"]}}],"collection":[{"href":"https:\/\/cepronda.com\/blog\/wp-json\/wp\/v2\/posts"}],"about":[{"href":"https:\/\/cepronda.com\/blog\/wp-json\/wp\/v2\/types\/post"}],"author":[{"embeddable":true,"href":"https:\/\/cepronda.com\/blog\/wp-json\/wp\/v2\/users\/3"}],"replies":[{"embeddable":true,"href":"https:\/\/cepronda.com\/blog\/wp-json\/wp\/v2\/comments?post=2293"}],"version-history":[{"count":1,"href":"https:\/\/cepronda.com\/blog\/wp-json\/wp\/v2\/posts\/2293\/revisions"}],"predecessor-version":[{"id":2295,"href":"https:\/\/cepronda.com\/blog\/wp-json\/wp\/v2\/posts\/2293\/revisions\/2295"}],"wp:featuredmedia":[{"embeddable":true,"href":"https:\/\/cepronda.com\/blog\/wp-json\/wp\/v2\/media\/2294"}],"wp:attachment":[{"href":"https:\/\/cepronda.com\/blog\/wp-json\/wp\/v2\/media?parent=2293"}],"wp:term":[{"taxonomy":"category","embeddable":true,"href":"https:\/\/cepronda.com\/blog\/wp-json\/wp\/v2\/categories?post=2293"},{"taxonomy":"post_tag","embeddable":true,"href":"https:\/\/cepronda.com\/blog\/wp-json\/wp\/v2\/tags?post=2293"}],"curies":[{"name":"wp","href":"https:\/\/api.w.org\/{rel}","templated":true}]}}