{"id":2285,"date":"2018-09-07T14:00:07","date_gmt":"2018-09-07T12:00:07","guid":{"rendered":"http:\/\/cepronda.com\/blog\/?p=2285"},"modified":"2018-09-07T14:00:17","modified_gmt":"2018-09-07T12:00:17","slug":"instrucciones-sobre-talleres-matematicos-y-de-comprension-lectora-para-primaria","status":"publish","type":"post","link":"https:\/\/cepronda.com\/blog\/instrucciones-sobre-talleres-matematicos-y-de-comprension-lectora-para-primaria\/","title":{"rendered":"Instrucciones sobre talleres matem\u00e1ticos y de comprensi\u00f3n lectora para Primaria"},"content":{"rendered":"\n<p class=\"wp-block-paragraph\">Hola de nuevo,<\/p>\n\n\n\n<p class=\"wp-block-paragraph\">Compartimos con todos los centros de Primaria estas instrucciones que acaban de publicar donde se dicta\u00a0el procedimiento para la configuraci\u00f3n y el desarrollo de talleres did\u00e1cticos para la resoluci\u00f3n de problemas matem\u00e1ticos y de lectura comprensiva en centros docentes de Andaluc\u00eda en los que se imparte Educaci\u00f3n Primaria.<\/p>\n\n\n\n<p class=\"wp-block-paragraph\">Sabemos que tanto la resoluci\u00f3n de problemas matem\u00e1ticos como la comprensi\u00f3n lectora son dos de las claves en Primaria, as\u00ed que creemos que os pueden resultar de inter\u00e9s en vuestros centros.\u00a0<\/p>\n\n\n\n<p class=\"wp-block-paragraph\">Os dejamos con el <a href=\"http:\/\/www.juntadeandalucia.es\/educacion\/portals\/abaco-portlet\/content\/e6eb7e20-d775-411d-ae5c-57c803389dd9\" target=\"_blank\">enlace a las instrucciones<\/a>. Un saludo y que teng\u00e1is buen fin de semana.<\/p>\n\n\n\n<div class=\"wp-block-image\"><figure class=\"aligncenter is-resized\"><a href=\"http:\/\/www.juntadeandalucia.es\/educacion\/portals\/abaco-portlet\/content\/e6eb7e20-d775-411d-ae5c-57c803389dd9\"><img data-recalc-dims=\"1\" loading=\"lazy\" decoding=\"async\" src=\"https:\/\/i0.wp.com\/cepronda.com\/blog\/wp-content\/uploads\/2017\/05\/logo_ja_ce_mejor.jpg?resize=366%2C300\" alt=\"\" class=\"wp-image-848\" width=\"366\" height=\"300\" srcset=\"https:\/\/i0.wp.com\/cepronda.com\/blog\/wp-content\/uploads\/2017\/05\/logo_ja_ce_mejor.jpg?w=732&amp;ssl=1 732w, https:\/\/i0.wp.com\/cepronda.com\/blog\/wp-content\/uploads\/2017\/05\/logo_ja_ce_mejor.jpg?resize=300%2C246&amp;ssl=1 300w\" sizes=\"auto, (max-width: 366px) 100vw, 366px\" \/><\/a><\/figure><\/div>\n","protected":false},"excerpt":{"rendered":"<p>Hola de nuevo, Compartimos con todos los centros de Primaria estas instrucciones que acaban de publicar donde se dicta\u00a0el procedimiento para la configuraci\u00f3n y el desarrollo de talleres did\u00e1cticos para la resoluci\u00f3n de problemas matem\u00e1ticos y de lectura comprensiva en centros docentes de Andaluc\u00eda en los que se imparte Educaci\u00f3n Primaria. Sabemos que tanto la [&hellip;]<\/p>\n","protected":false},"author":3,"featured_media":848,"comment_status":"open","ping_status":"open","sticky":false,"template":"","format":"standard","meta":{"_crdt_document":"","advanced_seo_description":"","jetpack_seo_html_title":"","jetpack_seo_noindex":false,"jetpack_post_was_ever_published":false,"_jetpack_newsletter_access":"","_jetpack_dont_email_post_to_subs":false,"_jetpack_newsletter_tier_id":0,"_jetpack_memberships_contains_paywalled_content":false,"_jetpack_memberships_contains_paid_content":false,"footnotes":"","jetpack_publicize_message":"","jetpack_publicize_feature_enabled":true,"jetpack_social_post_already_shared":true,"jetpack_social_options":{"image_generator_settings":{"template":"highway","default_image_id":0,"font":"","enabled":false},"version":2}},"categories":[5],"tags":[126],"class_list":{"0":"post-2285","1":"post","2":"type-post","3":"status-publish","4":"format-standard","5":"has-post-thumbnail","7":"category-noticias","8":"tag-atencion-a-la-diversidad","9":"czr-hentry"},"jetpack_publicize_connections":[],"jetpack_featured_media_url":"https:\/\/i0.wp.com\/cepronda.com\/blog\/wp-content\/uploads\/2017\/05\/logo_ja_ce_mejor.jpg?fit=732%2C600&ssl=1","jetpack_shortlink":"https:\/\/wp.me\/p8M4X7-AR","jetpack-related-posts":[{"id":8745,"url":"https:\/\/cepronda.com\/blog\/juegos-y-modelos-para-atreverse-con-la-resolucion-de-problemas-matematicos\/","url_meta":{"origin":2285,"position":0},"title":"\u201cJUEGOS Y MODELOS PARA ATREVERSE CON LA RESOLUCI\u00d3N DE PROBLEMAS MATEM\u00c1TICOS\u201d","author":"Mamen Moreno","date":"2 septiembre, 2025","format":false,"excerpt":"Hasta el pr\u00f3ximo 4 de septiembre est\u00e1 abierto el plazo de inscripci\u00f3n a las jornadas provinciales \u201cJUEGOS Y MODELOS PARA ATREVERSE CON LA RESOLUCI\u00d3N DE PROBLEMAS MATEM\u00c1TICOS\u201d de c\u00f3digo 262923GEJ251.PONENTE: Jos\u00e9 Antonio Fern\u00e1ndez Bravo11, 12 y 13 de septiembreD\u00edas 11 y 12, de 16:30 a 20:30 horasD\u00eda 13, de 9:30\u2026","rel":"","context":"En \u00abFormaciones\u00bb","block_context":{"text":"Formaciones","link":"https:\/\/cepronda.com\/blog\/category\/formaciones\/"},"img":{"alt_text":"","src":"https:\/\/i0.wp.com\/cepronda.com\/blog\/wp-content\/uploads\/2025\/09\/532885658_18381494665132491_8811491178714597138_n.jpg?fit=1080%2C1080&ssl=1&resize=350%2C200","width":350,"height":200,"srcset":"https:\/\/i0.wp.com\/cepronda.com\/blog\/wp-content\/uploads\/2025\/09\/532885658_18381494665132491_8811491178714597138_n.jpg?fit=1080%2C1080&ssl=1&resize=350%2C200 1x, https:\/\/i0.wp.com\/cepronda.com\/blog\/wp-content\/uploads\/2025\/09\/532885658_18381494665132491_8811491178714597138_n.jpg?fit=1080%2C1080&ssl=1&resize=525%2C300 1.5x, https:\/\/i0.wp.com\/cepronda.com\/blog\/wp-content\/uploads\/2025\/09\/532885658_18381494665132491_8811491178714597138_n.jpg?fit=1080%2C1080&ssl=1&resize=700%2C400 2x, https:\/\/i0.wp.com\/cepronda.com\/blog\/wp-content\/uploads\/2025\/09\/532885658_18381494665132491_8811491178714597138_n.jpg?fit=1080%2C1080&ssl=1&resize=1050%2C600 3x"},"classes":[]},{"id":9019,"url":"https:\/\/cepronda.com\/blog\/574-mejora-de-la-competencia-lectora-en-el-aula-de-infantil-y-primaria-nivel-i\/","url_meta":{"origin":2285,"position":1},"title":"574. MEJORA DE LA COMPETENCIA LECTORA EN EL AULA DE INFANTIL Y PRIMARIA &#8211; NIVEL I.","author":"Inmaculada Garc\u00eda","date":"13 noviembre, 2025","format":false,"excerpt":"Se encuentra abierto el plazo de inscripci\u00f3n para la formaci\u00f3n regional a distancia: 574. MEJORA DE LA COMPETENCIA LECTORA EN EL AULA DE INFANTIL Y PRIMARIA - NIVEL I. C\u00f3digo: 269915KPF574. Con una dedicaci\u00f3n de 30 HORAS NO PRESENCIALES (AVFP). Plazo de solicitudes: 11 noviembre al 18 de noviembre. Listado\u2026","rel":"","context":"En \u00abFormaciones\u00bb","block_context":{"text":"Formaciones","link":"https:\/\/cepronda.com\/blog\/category\/formaciones\/"},"img":{"alt_text":"","src":"https:\/\/i0.wp.com\/cepronda.com\/blog\/wp-content\/uploads\/2025\/11\/Copia-de-CEP-MOTOR-INTERNACIONALIZACION-PRIMEROS-PASOS.pptx-2.jpg?fit=960%2C1200&ssl=1&resize=350%2C200","width":350,"height":200,"srcset":"https:\/\/i0.wp.com\/cepronda.com\/blog\/wp-content\/uploads\/2025\/11\/Copia-de-CEP-MOTOR-INTERNACIONALIZACION-PRIMEROS-PASOS.pptx-2.jpg?fit=960%2C1200&ssl=1&resize=350%2C200 1x, https:\/\/i0.wp.com\/cepronda.com\/blog\/wp-content\/uploads\/2025\/11\/Copia-de-CEP-MOTOR-INTERNACIONALIZACION-PRIMEROS-PASOS.pptx-2.jpg?fit=960%2C1200&ssl=1&resize=525%2C300 1.5x, https:\/\/i0.wp.com\/cepronda.com\/blog\/wp-content\/uploads\/2025\/11\/Copia-de-CEP-MOTOR-INTERNACIONALIZACION-PRIMEROS-PASOS.pptx-2.jpg?fit=960%2C1200&ssl=1&resize=700%2C400 2x"},"classes":[]},{"id":9372,"url":"https:\/\/cepronda.com\/blog\/9372-2\/","url_meta":{"origin":2285,"position":2},"title":"COMPETENCIA LECTORA NIVEL PROFUNDIZACI\u00d3N INFANTIL Y PRIMARIA","author":"Encarni Jim\u00e9nez Rosado","date":"12 febrero, 2026","format":false,"excerpt":"Abierto plazo de inscripci\u00f3n para curso \u00a0\u201cCOMPETENCIA LECTORA NIVEL PROFUNDIZACI\u00d3N INFANTIL Y PRIMARIA\u201d con c\u00f3digo 269904KPF575. El enlace a la convocatoria, inscripci\u00f3n y encuesta es el siguiente: https:\/\/www.juntadeandalucia.es\/educacion\/secretariavirtual\/consultaCEP\/actividad\/269904KPF575\/ Esta formaci\u00f3n va dirigida al profesorado que imparta docencia en Educaci\u00f3n Infantil y Primaria de cualquier \u00e1rea o materia. \u00a0","rel":"","context":"En \u00abFormaciones\u00bb","block_context":{"text":"Formaciones","link":"https:\/\/cepronda.com\/blog\/category\/formaciones\/"},"img":{"alt_text":"","src":"https:\/\/i0.wp.com\/cepronda.com\/blog\/wp-content\/uploads\/2026\/02\/COMPETEN-1.png?fit=749%2C753&ssl=1&resize=350%2C200","width":350,"height":200,"srcset":"https:\/\/i0.wp.com\/cepronda.com\/blog\/wp-content\/uploads\/2026\/02\/COMPETEN-1.png?fit=749%2C753&ssl=1&resize=350%2C200 1x, https:\/\/i0.wp.com\/cepronda.com\/blog\/wp-content\/uploads\/2026\/02\/COMPETEN-1.png?fit=749%2C753&ssl=1&resize=525%2C300 1.5x, https:\/\/i0.wp.com\/cepronda.com\/blog\/wp-content\/uploads\/2026\/02\/COMPETEN-1.png?fit=749%2C753&ssl=1&resize=700%2C400 2x"},"classes":[]},{"id":7998,"url":"https:\/\/cepronda.com\/blog\/didactica-de-las-matematicas-en-primaria-resolucion-de-problemas\/","url_meta":{"origin":2285,"position":3},"title":"DID\u00c1CTICA DE LAS MATEM\u00c1TICAS EN PRIMARIA: RESOLUCI\u00d3N DE PROBLEMAS","author":"V\u00edctor Caballero","date":"8 enero, 2025","format":false,"excerpt":"Abierto el plazo de inscripciones en la actividad presencial \"DID\u00c1CTICA DE LAS MATEM\u00c1TICAS EN PRIMARIA: RESOLUCI\u00d3N DE PROBLEMAS.\"\u00a0 con c\u00f3digo 252924GE102 Duraci\u00f3n de la actividad: 9h presenciales Fecha de inscripci\u00f3n:\u00a0 hasta el lunes 20\/01\/2025 Fechas de las sesiones: X29\/01, X05\/02, X12\/02\u00a0 en horario de 16:30-19:30h Profesorado destinatario: Primaria Lugar de\u2026","rel":"","context":"En \u00abFormaciones\u00bb","block_context":{"text":"Formaciones","link":"https:\/\/cepronda.com\/blog\/category\/formaciones\/"},"img":{"alt_text":"","src":"https:\/\/i0.wp.com\/cepronda.com\/blog\/wp-content\/uploads\/2025\/01\/252924GE102-Cartel-curso-matematicas-primaria.png?fit=1080%2C1080&ssl=1&resize=350%2C200","width":350,"height":200,"srcset":"https:\/\/i0.wp.com\/cepronda.com\/blog\/wp-content\/uploads\/2025\/01\/252924GE102-Cartel-curso-matematicas-primaria.png?fit=1080%2C1080&ssl=1&resize=350%2C200 1x, https:\/\/i0.wp.com\/cepronda.com\/blog\/wp-content\/uploads\/2025\/01\/252924GE102-Cartel-curso-matematicas-primaria.png?fit=1080%2C1080&ssl=1&resize=525%2C300 1.5x, https:\/\/i0.wp.com\/cepronda.com\/blog\/wp-content\/uploads\/2025\/01\/252924GE102-Cartel-curso-matematicas-primaria.png?fit=1080%2C1080&ssl=1&resize=700%2C400 2x, https:\/\/i0.wp.com\/cepronda.com\/blog\/wp-content\/uploads\/2025\/01\/252924GE102-Cartel-curso-matematicas-primaria.png?fit=1080%2C1080&ssl=1&resize=1050%2C600 3x"},"classes":[]},{"id":8720,"url":"https:\/\/cepronda.com\/blog\/8720-2\/","url_meta":{"origin":2285,"position":4},"title":"JUEGOS Y MODELOS PARA ATREVERSE CON LA RESOLUCI\u00d3N DE PROBLEMAS","author":"Mamen Moreno","date":"2 julio, 2025","format":false,"excerpt":"En agosto se abrir\u00e1 el plazo de inscripci\u00f3n a las jornadas provinciales \"JUEGOS Y MODELOS PARA ATREVERSE CON LA RESOLUCI\u00d3N DE PROBLEMAS MATEM\u00c1TICOS\u201d de c\u00f3digo 262923GEJ251. \u200dPONENTE: Jos\u00e9 Antonio Fern\u00e1ndez Bravo FECHAS: 11 y 12, de 16:30 a 20:30 horas y 13\u00a0de 9:30 a 13:30 horas. LUGAR:\u00a0 CEP Marbella-Co\u00edn \u200d\u2026","rel":"","context":"En \u00abFormaciones\u00bb","block_context":{"text":"Formaciones","link":"https:\/\/cepronda.com\/blog\/category\/formaciones\/"},"img":{"alt_text":"","src":"https:\/\/i0.wp.com\/cepronda.com\/blog\/wp-content\/uploads\/2025\/07\/WhatsApp-Image-2025-06-27-at-12.35.51.jpeg?fit=1080%2C1080&ssl=1&resize=350%2C200","width":350,"height":200,"srcset":"https:\/\/i0.wp.com\/cepronda.com\/blog\/wp-content\/uploads\/2025\/07\/WhatsApp-Image-2025-06-27-at-12.35.51.jpeg?fit=1080%2C1080&ssl=1&resize=350%2C200 1x, https:\/\/i0.wp.com\/cepronda.com\/blog\/wp-content\/uploads\/2025\/07\/WhatsApp-Image-2025-06-27-at-12.35.51.jpeg?fit=1080%2C1080&ssl=1&resize=525%2C300 1.5x, https:\/\/i0.wp.com\/cepronda.com\/blog\/wp-content\/uploads\/2025\/07\/WhatsApp-Image-2025-06-27-at-12.35.51.jpeg?fit=1080%2C1080&ssl=1&resize=700%2C400 2x, https:\/\/i0.wp.com\/cepronda.com\/blog\/wp-content\/uploads\/2025\/07\/WhatsApp-Image-2025-06-27-at-12.35.51.jpeg?fit=1080%2C1080&ssl=1&resize=1050%2C600 3x"},"classes":[]},{"id":5110,"url":"https:\/\/cepronda.com\/blog\/jefatura-de-estudios-organizacion-y-funcionamiento-de-los-centros-e-infantil-y-primaria\/","url_meta":{"origin":2285,"position":5},"title":"JEFATURA DE ESTUDIOS: ORGANIZACI\u00d3N Y FUNCIONAMIENTO DE LOS CENTROS (E. INFANTIL Y PRIMARIA)","author":"Maribel Mu\u00f1oz","date":"15 febrero, 2022","format":false,"excerpt":"Buenas tardes compa\u00f1eras y compa\u00f1eros Os informamos que se encuentra abierta la inscripci\u00f3n del Curso a distancia provincial JEFATURA DE ESTUDIOS: ORGANIZACI\u00d3N Y FUNCIONAMIENTO DE LOS CENTROS (E. INFANTIL Y PRIMARIA)\"\u00a0 C\u00f3digo: 229925PF372 Inscripciones: Del 14\/2\/22 hasta el 10\/03\/2022 Comienzo del curso: 15\/03\/2022 Lugar de realizaci\u00f3n: AVFP (Aula virtual de\u2026","rel":"","context":"En \u00abFormaciones\u00bb","block_context":{"text":"Formaciones","link":"https:\/\/cepronda.com\/blog\/category\/formaciones\/"},"img":{"alt_text":"","src":"https:\/\/i0.wp.com\/cepronda.com\/blog\/wp-content\/uploads\/2022\/02\/WhatsApp-Image-2022-02-15-at-13.41.17.jpeg?fit=848%2C1200&ssl=1&resize=350%2C200","width":350,"height":200,"srcset":"https:\/\/i0.wp.com\/cepronda.com\/blog\/wp-content\/uploads\/2022\/02\/WhatsApp-Image-2022-02-15-at-13.41.17.jpeg?fit=848%2C1200&ssl=1&resize=350%2C200 1x, https:\/\/i0.wp.com\/cepronda.com\/blog\/wp-content\/uploads\/2022\/02\/WhatsApp-Image-2022-02-15-at-13.41.17.jpeg?fit=848%2C1200&ssl=1&resize=525%2C300 1.5x, https:\/\/i0.wp.com\/cepronda.com\/blog\/wp-content\/uploads\/2022\/02\/WhatsApp-Image-2022-02-15-at-13.41.17.jpeg?fit=848%2C1200&ssl=1&resize=700%2C400 2x"},"classes":[]}],"jetpack_sharing_enabled":true,"_links":{"self":[{"href":"https:\/\/cepronda.com\/blog\/wp-json\/wp\/v2\/posts\/2285","targetHints":{"allow":["GET"]}}],"collection":[{"href":"https:\/\/cepronda.com\/blog\/wp-json\/wp\/v2\/posts"}],"about":[{"href":"https:\/\/cepronda.com\/blog\/wp-json\/wp\/v2\/types\/post"}],"author":[{"embeddable":true,"href":"https:\/\/cepronda.com\/blog\/wp-json\/wp\/v2\/users\/3"}],"replies":[{"embeddable":true,"href":"https:\/\/cepronda.com\/blog\/wp-json\/wp\/v2\/comments?post=2285"}],"version-history":[{"count":1,"href":"https:\/\/cepronda.com\/blog\/wp-json\/wp\/v2\/posts\/2285\/revisions"}],"predecessor-version":[{"id":2286,"href":"https:\/\/cepronda.com\/blog\/wp-json\/wp\/v2\/posts\/2285\/revisions\/2286"}],"wp:featuredmedia":[{"embeddable":true,"href":"https:\/\/cepronda.com\/blog\/wp-json\/wp\/v2\/media\/848"}],"wp:attachment":[{"href":"https:\/\/cepronda.com\/blog\/wp-json\/wp\/v2\/media?parent=2285"}],"wp:term":[{"taxonomy":"category","embeddable":true,"href":"https:\/\/cepronda.com\/blog\/wp-json\/wp\/v2\/categories?post=2285"},{"taxonomy":"post_tag","embeddable":true,"href":"https:\/\/cepronda.com\/blog\/wp-json\/wp\/v2\/tags?post=2285"}],"curies":[{"name":"wp","href":"https:\/\/api.w.org\/{rel}","templated":true}]}}