{"id":2280,"date":"2018-09-07T11:56:07","date_gmt":"2018-09-07T09:56:07","guid":{"rendered":"http:\/\/cepronda.com\/blog\/?p=2280"},"modified":"2018-09-07T11:56:16","modified_gmt":"2018-09-07T09:56:16","slug":"canal-de-telegram","status":"publish","type":"post","link":"https:\/\/cepronda.com\/blog\/canal-de-telegram\/","title":{"rendered":"Canal de Telegram"},"content":{"rendered":"\n<p class=\"has-drop-cap wp-block-paragraph\">Hola familia,<\/p>\n\n\n\n<p class=\"wp-block-paragraph\">Como ya sab\u00e9is siempre hemos sentido la necesidad de estar lo m\u00e1s cerca posible de todos y todas vosotras, y que adem\u00e1s conozc\u00e1is en cada momento qu\u00e9 actividades formativas tenemos en marcha y a las que pod\u00e9is inscribiros.\u00a0<\/p>\n\n\n\n<p class=\"wp-block-paragraph\">Este curso escolar hemos pensado en usar, adem\u00e1s de la App, p\u00e1gina web y este blog, un canal de Telegram. Como sab\u00e9is los canales de Telegram tienen la facilidad de que transmiten y difunden informaci\u00f3n, y no permiten respuesta. As\u00ed que creemos que puede resultar interesante para aquellas personas que ten\u00e9is Telegram y os interesa estar al d\u00eda de nuestras actividades.\u00a0<\/p>\n\n\n\n<p class=\"wp-block-paragraph\">Si quer\u00e9is uniros al mismo s\u00f3lo ten\u00e9is que <a href=\"https:\/\/t.me\/cepderonda\" target=\"_blank\">seguir este enlace<\/a>, o clicar en la imagen. Un abrazo y seguimos en contacto.<\/p>\n\n\n\n<div class=\"wp-block-image\"><figure class=\"aligncenter is-resized\"><a href=\"https:\/\/t.me\/cepderonda\"><img data-recalc-dims=\"1\" loading=\"lazy\" decoding=\"async\" src=\"https:\/\/i0.wp.com\/cepronda.com\/blog\/wp-content\/uploads\/2018\/09\/1024px-Telegram_alternative_logo.svg.png?resize=300%2C256\" alt=\"\" class=\"wp-image-2281\" width=\"300\" height=\"256\"\/><\/a><\/figure><\/div>\n","protected":false},"excerpt":{"rendered":"<p>Hola familia, Como ya sab\u00e9is siempre hemos sentido la necesidad de estar lo m\u00e1s cerca posible de todos y todas vosotras, y que adem\u00e1s conozc\u00e1is en cada momento qu\u00e9 actividades formativas tenemos en marcha y a las que pod\u00e9is inscribiros.\u00a0 Este curso escolar hemos pensado en usar, adem\u00e1s de la App, p\u00e1gina web y este [&hellip;]<\/p>\n","protected":false},"author":3,"featured_media":2281,"comment_status":"open","ping_status":"open","sticky":false,"template":"","format":"standard","meta":{"_crdt_document":"","advanced_seo_description":"","jetpack_seo_html_title":"","jetpack_seo_noindex":false,"jetpack_post_was_ever_published":false,"_jetpack_newsletter_access":"","_jetpack_dont_email_post_to_subs":false,"_jetpack_newsletter_tier_id":0,"_jetpack_memberships_contains_paywalled_content":false,"_jetpack_memberships_contains_paid_content":false,"footnotes":"","jetpack_publicize_message":"","jetpack_publicize_feature_enabled":true,"jetpack_social_post_already_shared":true,"jetpack_social_options":{"image_generator_settings":{"template":"highway","default_image_id":0,"font":"","enabled":false},"version":2}},"categories":[5],"tags":[138],"class_list":{"0":"post-2280","1":"post","2":"type-post","3":"status-publish","4":"format-standard","5":"has-post-thumbnail","7":"category-noticias","8":"tag-redes-sociales","9":"czr-hentry"},"jetpack_publicize_connections":[],"jetpack_featured_media_url":"https:\/\/i0.wp.com\/cepronda.com\/blog\/wp-content\/uploads\/2018\/09\/1024px-Telegram_alternative_logo.svg.png?fit=1024%2C1024&ssl=1","jetpack_shortlink":"https:\/\/wp.me\/p8M4X7-AM","jetpack-related-posts":[{"id":3507,"url":"https:\/\/cepronda.com\/blog\/informacion-importante-sobre-actividades-del-cep-de-ronda\/","url_meta":{"origin":2280,"position":0},"title":"Informaci\u00f3n importante sobre actividades del CEP de Ronda","author":"V\u00edctor Caballero","date":"23 marzo, 2020","format":false,"excerpt":"Muy buenas familia, os informamos que: - Se cancela la actividad FORMACI\u00d3N PERMANENTE PARA LA DIRECCI\u00d3N ESCOLAR.C\u00d3DIGO 209924PF003, prevista para el 16 de abril\u00a0ENLACE AL CARTEL- Se aplaza, provisionalmente y a sabiendas de que pueden cambiar las\u00a0instrucciones desde Servicios Centrales, las JORNADAS PROVINCIALES DE DIRECTORES Y DIRECTORAS PROCESO DE DIGITALIZACI\u00d3N\u2026","rel":"","context":"En \u00abNoticias\u00bb","block_context":{"text":"Noticias","link":"https:\/\/cepronda.com\/blog\/category\/noticias\/"},"img":{"alt_text":"","src":"https:\/\/i0.wp.com\/cepronda.com\/blog\/wp-content\/uploads\/2020\/02\/Logo_twitter_cep_ronda-INSTITUCIONAL-Transparente.png?fit=546%2C563&ssl=1&resize=350%2C200","width":350,"height":200,"srcset":"https:\/\/i0.wp.com\/cepronda.com\/blog\/wp-content\/uploads\/2020\/02\/Logo_twitter_cep_ronda-INSTITUCIONAL-Transparente.png?fit=546%2C563&ssl=1&resize=350%2C200 1x, https:\/\/i0.wp.com\/cepronda.com\/blog\/wp-content\/uploads\/2020\/02\/Logo_twitter_cep_ronda-INSTITUCIONAL-Transparente.png?fit=546%2C563&ssl=1&resize=525%2C300 1.5x"},"classes":[]},{"id":2401,"url":"https:\/\/cepronda.com\/blog\/cuaderno-seneca-en-secundaria-y-bachillerato\/","url_meta":{"origin":2280,"position":1},"title":"Cuaderno S\u00e9neca en Secundaria y Bachillerato","author":"V\u00edctor Caballero","date":"26 octubre, 2018","format":false,"excerpt":"Muy buenas, C\u00f3mo sab\u00e9is una de las prioridades en este curso es que avancemos en el uso de Cuaderno S\u00e9neca. En este caso hemos preparado esta actividad para el profesorado de Educaci\u00f3n Secundaria y Bachillerato, con el principal objetivo de potenciar el uso de esta herramienta en el profesorado y\u2026","rel":"","context":"En \u00abFormaciones\u00bb","block_context":{"text":"Formaciones","link":"https:\/\/cepronda.com\/blog\/category\/formaciones\/"},"img":{"alt_text":"","src":"https:\/\/i0.wp.com\/cepronda.com\/blog\/wp-content\/uploads\/2018\/10\/laptop-2709647_1920.jpg?fit=1200%2C801&ssl=1&resize=350%2C200","width":350,"height":200,"srcset":"https:\/\/i0.wp.com\/cepronda.com\/blog\/wp-content\/uploads\/2018\/10\/laptop-2709647_1920.jpg?fit=1200%2C801&ssl=1&resize=350%2C200 1x, https:\/\/i0.wp.com\/cepronda.com\/blog\/wp-content\/uploads\/2018\/10\/laptop-2709647_1920.jpg?fit=1200%2C801&ssl=1&resize=525%2C300 1.5x, https:\/\/i0.wp.com\/cepronda.com\/blog\/wp-content\/uploads\/2018\/10\/laptop-2709647_1920.jpg?fit=1200%2C801&ssl=1&resize=700%2C400 2x, https:\/\/i0.wp.com\/cepronda.com\/blog\/wp-content\/uploads\/2018\/10\/laptop-2709647_1920.jpg?fit=1200%2C801&ssl=1&resize=1050%2C600 3x"},"classes":[]},{"id":1114,"url":"https:\/\/cepronda.com\/blog\/jornadas-de-educacion-fisica\/","url_meta":{"origin":2280,"position":2},"title":"Jornadas de Educaci\u00f3n F\u00edsica","author":"V\u00edctor Caballero","date":"9 junio, 2017","format":false,"excerpt":"Muy buenas, Como sab\u00e9is desde ayer tarde estamos celebrando las Jornadas Provinciales de Educaci\u00f3n F\u00edsica en el Albergue de Cortes de la Frontera. Est\u00e1n siendo unas jornadas muy muy divertidas, din\u00e1micas, activas, l\u00fadicas,... Como muestra aqu\u00ed ten\u00e9is algunas fotos y v\u00eddeos \u00a0 https:\/\/youtu.be\/Arpu3HCIIkk https:\/\/youtu.be\/5m7Tf8Hpp_w","rel":"","context":"En \u00abNoticias\u00bb","block_context":{"text":"Noticias","link":"https:\/\/cepronda.com\/blog\/category\/noticias\/"},"img":{"alt_text":"","src":"https:\/\/i0.wp.com\/cepronda.com\/blog\/wp-content\/uploads\/2017\/06\/WhatsApp-Image-2017-06-09-at-09.25.16-300x225.jpeg?resize=350%2C200","width":350,"height":200},"classes":[]},{"id":1486,"url":"https:\/\/cepronda.com\/blog\/jornadas-informativas-sobre-el-procedimiento-para-la-seleccion-de-directores-y-directoras-de-los-centros-docentes-publicos\/","url_meta":{"origin":2280,"position":3},"title":"JORNADAS INFORMATIVAS SOBRE EL PROCEDIMIENTO PARA LA SELECCI\u00d3N DE DIRECTORES Y DIRECTORAS DE LOS CENTROS DOCENTES P\u00daBLICOS","author":"V\u00edctor Caballero","date":"15 diciembre, 2017","format":false,"excerpt":"\u00a1Muy buenas familia! Como sab\u00e9is en muchos centros de nuestra zona se ha abierto el proceso selectivo para la elecci\u00f3n de directoras y directores. Sabemos que hay muchas dudas y preguntas alrededor del proceso y de la elaboraci\u00f3n del proyecto. \u00c9sta es la raz\u00f3n por la que hemos preparado una\u2026","rel":"","context":"En \u00abNoticias\u00bb","block_context":{"text":"Noticias","link":"https:\/\/cepronda.com\/blog\/category\/noticias\/"},"img":{"alt_text":"","src":"https:\/\/i0.wp.com\/cepronda.com\/blog\/wp-content\/uploads\/2017\/12\/idea-1876659_640.jpg?resize=350%2C200","width":350,"height":200,"srcset":"https:\/\/i0.wp.com\/cepronda.com\/blog\/wp-content\/uploads\/2017\/12\/idea-1876659_640.jpg?resize=350%2C200 1x, https:\/\/i0.wp.com\/cepronda.com\/blog\/wp-content\/uploads\/2017\/12\/idea-1876659_640.jpg?resize=525%2C300 1.5x"},"classes":[]},{"id":3372,"url":"https:\/\/cepronda.com\/blog\/actividades-en-el-c-e-i-p-ntra-sra-del-rosario-de-cortes-de-la-frontera\/","url_meta":{"origin":2280,"position":4},"title":"Actividades en el C.E.I.P. Ntra. Sra. del Rosario de Cortes de la Frontera","author":"V\u00edctor Caballero","date":"28 enero, 2020","format":false,"excerpt":"Muy buenas familia, Muchos de vuestros colegios ten\u00e9is blogs y redes sociales donde nos vais contando vuestras actividades. En este caso desde el cole de Cortes de la Frontera quieren compartir con todas y todos nosotros unas actividades muy interesantes. Para ello os dejamos con el enlace a su blog.","rel":"","context":"En \u00abNoticias\u00bb","block_context":{"text":"Noticias","link":"https:\/\/cepronda.com\/blog\/category\/noticias\/"},"img":{"alt_text":"","src":"","width":0,"height":0},"classes":[]},{"id":1759,"url":"https:\/\/cepronda.com\/blog\/formulario-sobre-necesidades-formativas-relacionadas-con-las-tic\/","url_meta":{"origin":2280,"position":5},"title":"Formulario sobre necesidades formativas relacionadas con las TIC","author":"V\u00edctor Caballero","date":"3 mayo, 2018","format":false,"excerpt":"Muy buenas,\u00a0 Como sab\u00e9is este curso escolar hemos hecho una apuesta importante en el CEP sobre el uso de las TIC en nuestras aulas, y por ello preparamos nuestro itinerario TIC con actividades relacionadas con Scratch, rob\u00f3tica, AppInventor e Impresora 3D.\u00a0 El pr\u00f3ximo curso escolar queremos, en principio, preparar alguna\u2026","rel":"","context":"En \u00abNoticias\u00bb","block_context":{"text":"Noticias","link":"https:\/\/cepronda.com\/blog\/category\/noticias\/"},"img":{"alt_text":"","src":"https:\/\/i0.wp.com\/cepronda.com\/blog\/wp-content\/uploads\/2017\/09\/mobile-phone-2398295_640.jpg?fit=640%2C276&ssl=1&resize=350%2C200","width":350,"height":200,"srcset":"https:\/\/i0.wp.com\/cepronda.com\/blog\/wp-content\/uploads\/2017\/09\/mobile-phone-2398295_640.jpg?fit=640%2C276&ssl=1&resize=350%2C200 1x, https:\/\/i0.wp.com\/cepronda.com\/blog\/wp-content\/uploads\/2017\/09\/mobile-phone-2398295_640.jpg?fit=640%2C276&ssl=1&resize=525%2C300 1.5x"},"classes":[]}],"jetpack_sharing_enabled":true,"_links":{"self":[{"href":"https:\/\/cepronda.com\/blog\/wp-json\/wp\/v2\/posts\/2280","targetHints":{"allow":["GET"]}}],"collection":[{"href":"https:\/\/cepronda.com\/blog\/wp-json\/wp\/v2\/posts"}],"about":[{"href":"https:\/\/cepronda.com\/blog\/wp-json\/wp\/v2\/types\/post"}],"author":[{"embeddable":true,"href":"https:\/\/cepronda.com\/blog\/wp-json\/wp\/v2\/users\/3"}],"replies":[{"embeddable":true,"href":"https:\/\/cepronda.com\/blog\/wp-json\/wp\/v2\/comments?post=2280"}],"version-history":[{"count":1,"href":"https:\/\/cepronda.com\/blog\/wp-json\/wp\/v2\/posts\/2280\/revisions"}],"predecessor-version":[{"id":2282,"href":"https:\/\/cepronda.com\/blog\/wp-json\/wp\/v2\/posts\/2280\/revisions\/2282"}],"wp:featuredmedia":[{"embeddable":true,"href":"https:\/\/cepronda.com\/blog\/wp-json\/wp\/v2\/media\/2281"}],"wp:attachment":[{"href":"https:\/\/cepronda.com\/blog\/wp-json\/wp\/v2\/media?parent=2280"}],"wp:term":[{"taxonomy":"category","embeddable":true,"href":"https:\/\/cepronda.com\/blog\/wp-json\/wp\/v2\/categories?post=2280"},{"taxonomy":"post_tag","embeddable":true,"href":"https:\/\/cepronda.com\/blog\/wp-json\/wp\/v2\/tags?post=2280"}],"curies":[{"name":"wp","href":"https:\/\/api.w.org\/{rel}","templated":true}]}}