{"id":2269,"date":"2018-09-06T12:49:29","date_gmt":"2018-09-06T10:49:29","guid":{"rendered":"http:\/\/cepronda.com\/blog\/?p=2269"},"modified":"2025-04-28T11:59:00","modified_gmt":"2025-04-28T09:59:00","slug":"programa-proeducar","status":"publish","type":"post","link":"https:\/\/cepronda.com\/blog\/programa-proeducar\/","title":{"rendered":"Programa PROEDUCAR"},"content":{"rendered":"\n<p class=\"has-drop-cap wp-block-paragraph\">Y seguimos con las novedades&#8230;<\/p>\n\n\n\n<p class=\"wp-block-paragraph\">En este caso la Consejer\u00eda pone en marcha el programa PROEDUCAR, dirigido al alumnado de 5\u00ba y 6\u00ba de primaria, as\u00ed como 1\u00ba y 2\u00ba de Secundaria, y que tiene como objetivo fundamental contribuir al establecimiento de medidas que contribuyan a la reducci\u00f3n del abandono escolar.\u00a0<\/p>\n\n\n\n<p class=\"wp-block-paragraph\">Toda la informaci\u00f3n relativa a este programa las pod\u00e9is encontrar en las <a href=\"http:\/\/www.juntadeandalucia.es\/educacion\/portals\/abaco-portlet\/content\/9528b24f-5e9a-45d9-b1ca-d1ad8633268f\" target=\"_blank\">siguientes instrucciones<\/a>, y la convocatoria se encuentra abierta hasta el 30 de septiembre.<\/p>\n\n\n\n<p class=\"wp-block-paragraph\">Un saludo y os seguimos informando de m\u00e1s novedades.<\/p>\n\n\n\n<figure class=\"wp-block-image\"><a href=\"http:\/\/www.juntadeandalucia.es\/educacion\/portals\/abaco-portlet\/content\/9528b24f-5e9a-45d9-b1ca-d1ad8633268f\"><img data-recalc-dims=\"1\" loading=\"lazy\" decoding=\"async\" width=\"640\" height=\"426\" src=\"https:\/\/i0.wp.com\/cepronda.com\/blog\/wp-content\/uploads\/2018\/09\/steps-1081909_640.jpg?resize=640%2C426\" alt=\"\" class=\"wp-image-2270\" srcset=\"https:\/\/i0.wp.com\/cepronda.com\/blog\/wp-content\/uploads\/2018\/09\/steps-1081909_640.jpg?w=640&amp;ssl=1 640w, https:\/\/i0.wp.com\/cepronda.com\/blog\/wp-content\/uploads\/2018\/09\/steps-1081909_640.jpg?resize=300%2C200&amp;ssl=1 300w\" sizes=\"auto, (max-width: 640px) 100vw, 640px\" \/><\/a><\/figure>\n","protected":false},"excerpt":{"rendered":"<p>Y seguimos con las novedades&#8230; En este caso la Consejer\u00eda pone en marcha el programa PROEDUCAR, dirigido al alumnado de 5\u00ba y 6\u00ba de primaria, as\u00ed como 1\u00ba y 2\u00ba de Secundaria, y que tiene como objetivo fundamental contribuir al establecimiento de medidas que contribuyan a la reducci\u00f3n del abandono escolar.\u00a0 Toda la informaci\u00f3n relativa [&hellip;]<\/p>\n","protected":false},"author":3,"featured_media":2270,"comment_status":"open","ping_status":"open","sticky":false,"template":"","format":"standard","meta":{"_crdt_document":"","advanced_seo_description":"","jetpack_seo_html_title":"","jetpack_seo_noindex":false,"jetpack_post_was_ever_published":false,"_jetpack_newsletter_access":"","_jetpack_dont_email_post_to_subs":false,"_jetpack_newsletter_tier_id":0,"_jetpack_memberships_contains_paywalled_content":false,"_jetpack_memberships_contains_paid_content":false,"footnotes":"","jetpack_publicize_message":"","jetpack_publicize_feature_enabled":true,"jetpack_social_post_already_shared":true,"jetpack_social_options":{"image_generator_settings":{"template":"highway","default_image_id":0,"font":"","enabled":false},"version":2}},"categories":[3,5],"tags":[137],"class_list":{"0":"post-2269","1":"post","2":"type-post","3":"status-publish","4":"format-standard","5":"has-post-thumbnail","7":"category-formaciones","8":"category-noticias","9":"tag-abandono-escolar","10":"czr-hentry"},"jetpack_publicize_connections":[],"jetpack_featured_media_url":"https:\/\/i0.wp.com\/cepronda.com\/blog\/wp-content\/uploads\/2018\/09\/steps-1081909_640.jpg?fit=640%2C426&ssl=1","jetpack_shortlink":"https:\/\/wp.me\/p8M4X7-AB","jetpack-related-posts":[{"id":1098,"url":"https:\/\/cepronda.com\/blog\/programa-de-inmersion-linguistica-para-el-profesorado-con-destino-en-los-centros-publicos-bilingues-convocatoria-2017\/","url_meta":{"origin":2269,"position":0},"title":"Programa de Inmersi\u00f3n Ling\u00fc\u00edstica para el profesorado con destino en los centros p\u00fablicos biling\u00fces. Convocatoria 2017","author":"V\u00edctor Caballero","date":"29 mayo, 2017","format":false,"excerpt":"\u00a1Hola de nuevo! Seguimos informando de novedades... En este caso se trata del inicio del plazo de inscripci\u00f3n en el programa de inmersi\u00f3n ling\u00fc\u00edstica para el profesorado con destino en los centros p\u00fablicos biling\u00fces, en su convocatoria del a\u00f1o 2017. Para poder acceder a la informaci\u00f3n s\u00f3lo ten\u00e9is que hacer\u2026","rel":"","context":"En \u00abNoticias\u00bb","block_context":{"text":"Noticias","link":"https:\/\/cepronda.com\/blog\/category\/noticias\/"},"img":{"alt_text":"","src":"https:\/\/i0.wp.com\/cepronda.com\/blog\/wp-content\/uploads\/2017\/05\/learn-2004905_640.png?fit=640%2C285&ssl=1&resize=350%2C200","width":350,"height":200,"srcset":"https:\/\/i0.wp.com\/cepronda.com\/blog\/wp-content\/uploads\/2017\/05\/learn-2004905_640.png?fit=640%2C285&ssl=1&resize=350%2C200 1x, https:\/\/i0.wp.com\/cepronda.com\/blog\/wp-content\/uploads\/2017\/05\/learn-2004905_640.png?fit=640%2C285&ssl=1&resize=525%2C300 1.5x"},"classes":[]},{"id":2243,"url":"https:\/\/cepronda.com\/blog\/programa-de-escuelas-mentoras\/","url_meta":{"origin":2269,"position":1},"title":"Programa de Escuelas Mentoras","author":"V\u00edctor Caballero","date":"3 septiembre, 2018","format":false,"excerpt":"Y seguimos con las novedades... En este caso se trata de un programa que el curso pasado se puso a mediados de curso y de forma experimental y, este curso, se pone en marcha desde ya, de modo que el aprendizaje mutuo sea mayor. Escuelas mentoras es un programa de\u2026","rel":"","context":"En \u00abNoticias\u00bb","block_context":{"text":"Noticias","link":"https:\/\/cepronda.com\/blog\/category\/noticias\/"},"img":{"alt_text":"","src":"https:\/\/i0.wp.com\/cepronda.com\/blog\/wp-content\/uploads\/2018\/09\/puzzle-210785_640.jpg?fit=640%2C480&ssl=1&resize=350%2C200","width":350,"height":200,"srcset":"https:\/\/i0.wp.com\/cepronda.com\/blog\/wp-content\/uploads\/2018\/09\/puzzle-210785_640.jpg?fit=640%2C480&ssl=1&resize=350%2C200 1x, https:\/\/i0.wp.com\/cepronda.com\/blog\/wp-content\/uploads\/2018\/09\/puzzle-210785_640.jpg?fit=640%2C480&ssl=1&resize=525%2C300 1.5x"},"classes":[]},{"id":2172,"url":"https:\/\/cepronda.com\/blog\/programa-de-acompanamiento-emocional-en-el-ceip-nuestro-padre-jesus\/","url_meta":{"origin":2269,"position":2},"title":"Programa de acompa\u00f1amiento emocional en el CEIP Nuestro Padre Jes\u00fas","author":"V\u00edctor Caballero","date":"11 junio, 2018","format":false,"excerpt":"\u00a1Hola de nuevo! Os seguimos contando proyectos interesantes que est\u00e1is haciendo en vuestros centros. Seguimos el viaje, y paramos en el CEIP Nuestro Padre Jes\u00fas donde este curso han llevado a cabo un programa piloto de la Junta de Andaluc\u00eda, llamado Acompa\u00f1amiento Emocional. Se ha dirigido al alumnado de tercer\u2026","rel":"","context":"En \u00abNoticias\u00bb","block_context":{"text":"Noticias","link":"https:\/\/cepronda.com\/blog\/category\/noticias\/"},"img":{"alt_text":"","src":"https:\/\/i0.wp.com\/cepronda.com\/blog\/wp-content\/uploads\/2017\/11\/kids-2835426_640.jpg?fit=640%2C423&ssl=1&resize=350%2C200","width":350,"height":200,"srcset":"https:\/\/i0.wp.com\/cepronda.com\/blog\/wp-content\/uploads\/2017\/11\/kids-2835426_640.jpg?fit=640%2C423&ssl=1&resize=350%2C200 1x, https:\/\/i0.wp.com\/cepronda.com\/blog\/wp-content\/uploads\/2017\/11\/kids-2835426_640.jpg?fit=640%2C423&ssl=1&resize=525%2C300 1.5x"},"classes":[]},{"id":2266,"url":"https:\/\/cepronda.com\/blog\/programa-prodig\/","url_meta":{"origin":2269,"position":3},"title":"Programa PRODIG","author":"V\u00edctor Caballero","date":"6 septiembre, 2018","format":false,"excerpt":"\u00a1Hola de nuevo! Este curso escolar viene con algunas novedades, y una de las que m\u00e1s est\u00e1 llamando la atenci\u00f3n es el programa PRODIG. Este curso\u00a0 la Consejer\u00eda de Educaci\u00f3n pone en marcha el Programa de Digitalizaci\u00f3n de Centros (PRODIG) .El enfoque educativo que propone este programa se enmarca en\u2026","rel":"","context":"En \u00abFormaciones\u00bb","block_context":{"text":"Formaciones","link":"https:\/\/cepronda.com\/blog\/category\/formaciones\/"},"img":{"alt_text":"","src":"https:\/\/i0.wp.com\/cepronda.com\/blog\/wp-content\/uploads\/2018\/09\/science-1182713_640.jpg?fit=640%2C316&ssl=1&resize=350%2C200","width":350,"height":200,"srcset":"https:\/\/i0.wp.com\/cepronda.com\/blog\/wp-content\/uploads\/2018\/09\/science-1182713_640.jpg?fit=640%2C316&ssl=1&resize=350%2C200 1x, https:\/\/i0.wp.com\/cepronda.com\/blog\/wp-content\/uploads\/2018\/09\/science-1182713_640.jpg?fit=640%2C316&ssl=1&resize=525%2C300 1.5x"},"classes":[]},{"id":2711,"url":"https:\/\/cepronda.com\/blog\/dinamizacion-de-la-biblioteca-escolar-en-secundaria-y-bachillerato\/","url_meta":{"origin":2269,"position":4},"title":"DINAMIZACI\u00d3N DE LA BIBLIOTECA ESCOLAR EN SECUNDARIA Y BACHILLERATO","author":"V\u00edctor Caballero","date":"5 abril, 2019","format":false,"excerpt":"Muy buenas de nuevo, Queremos comentaros a todas las personas responsables de bibliotecas de Secundaria y Bachillerato, as\u00ed como a personas interesadas en el tema, que hemos preparado una actividad dirigida a conseguir los siguientes objetivos: 1. Conocer y aplicar una gesti\u00f3n eficiente de la Biblioteca Escolar. 2. Emplear la\u2026","rel":"","context":"En \u00abFormaciones\u00bb","block_context":{"text":"Formaciones","link":"https:\/\/cepronda.com\/blog\/category\/formaciones\/"},"img":{"alt_text":"","src":"https:\/\/i0.wp.com\/cepronda.com\/blog\/wp-content\/uploads\/2019\/04\/curso_biblioteca.png?fit=1200%2C716&ssl=1&resize=350%2C200","width":350,"height":200,"srcset":"https:\/\/i0.wp.com\/cepronda.com\/blog\/wp-content\/uploads\/2019\/04\/curso_biblioteca.png?fit=1200%2C716&ssl=1&resize=350%2C200 1x, https:\/\/i0.wp.com\/cepronda.com\/blog\/wp-content\/uploads\/2019\/04\/curso_biblioteca.png?fit=1200%2C716&ssl=1&resize=525%2C300 1.5x, https:\/\/i0.wp.com\/cepronda.com\/blog\/wp-content\/uploads\/2019\/04\/curso_biblioteca.png?fit=1200%2C716&ssl=1&resize=700%2C400 2x, https:\/\/i0.wp.com\/cepronda.com\/blog\/wp-content\/uploads\/2019\/04\/curso_biblioteca.png?fit=1200%2C716&ssl=1&resize=1050%2C600 3x"},"classes":[]},{"id":5499,"url":"https:\/\/cepronda.com\/blog\/xxi-certamen-literario-escolar-andaluz-en-materia-de-voluntariado-solidaridad-en-letras-2022\/","url_meta":{"origin":2269,"position":5},"title":"XXI CERTAMEN LITERARIO ESCOLAR ANDALUZ EN MATERIA DE VOLUNTARIADO \u00abSOLIDARIDAD EN LETRAS\u00bb 2022","author":"Mamen Moreno","date":"21 septiembre, 2022","format":false,"excerpt":"La Junta de Andaluc\u00eda, a trav\u00e9s de la Consejer\u00eda de Igualdad, Pol\u00edticas Sociales y Conciliaci\u00f3n, tiene abierto el plazo de presentaci\u00f3n de candidaturas para el\u00a0 XXI Certamen Literario Escolar Andaluz en materia de voluntariado: \u00abSolidaridad en Letras. El plazo de presentaci\u00f3n finaliza el d\u00eda 28 de octubre de 2022. Dicho\u2026","rel":"","context":"En \u00abNoticias\u00bb","block_context":{"text":"Noticias","link":"https:\/\/cepronda.com\/blog\/category\/noticias\/"},"img":{"alt_text":"","src":"https:\/\/i0.wp.com\/cepronda.com\/blog\/wp-content\/uploads\/2022\/09\/f06ccb03-e9d6-4236-bc0e-f8c34407feb0.jpg?fit=1080%2C1080&ssl=1&resize=350%2C200","width":350,"height":200,"srcset":"https:\/\/i0.wp.com\/cepronda.com\/blog\/wp-content\/uploads\/2022\/09\/f06ccb03-e9d6-4236-bc0e-f8c34407feb0.jpg?fit=1080%2C1080&ssl=1&resize=350%2C200 1x, https:\/\/i0.wp.com\/cepronda.com\/blog\/wp-content\/uploads\/2022\/09\/f06ccb03-e9d6-4236-bc0e-f8c34407feb0.jpg?fit=1080%2C1080&ssl=1&resize=525%2C300 1.5x, https:\/\/i0.wp.com\/cepronda.com\/blog\/wp-content\/uploads\/2022\/09\/f06ccb03-e9d6-4236-bc0e-f8c34407feb0.jpg?fit=1080%2C1080&ssl=1&resize=700%2C400 2x, https:\/\/i0.wp.com\/cepronda.com\/blog\/wp-content\/uploads\/2022\/09\/f06ccb03-e9d6-4236-bc0e-f8c34407feb0.jpg?fit=1080%2C1080&ssl=1&resize=1050%2C600 3x"},"classes":[]}],"jetpack_sharing_enabled":true,"_links":{"self":[{"href":"https:\/\/cepronda.com\/blog\/wp-json\/wp\/v2\/posts\/2269","targetHints":{"allow":["GET"]}}],"collection":[{"href":"https:\/\/cepronda.com\/blog\/wp-json\/wp\/v2\/posts"}],"about":[{"href":"https:\/\/cepronda.com\/blog\/wp-json\/wp\/v2\/types\/post"}],"author":[{"embeddable":true,"href":"https:\/\/cepronda.com\/blog\/wp-json\/wp\/v2\/users\/3"}],"replies":[{"embeddable":true,"href":"https:\/\/cepronda.com\/blog\/wp-json\/wp\/v2\/comments?post=2269"}],"version-history":[{"count":1,"href":"https:\/\/cepronda.com\/blog\/wp-json\/wp\/v2\/posts\/2269\/revisions"}],"predecessor-version":[{"id":2271,"href":"https:\/\/cepronda.com\/blog\/wp-json\/wp\/v2\/posts\/2269\/revisions\/2271"}],"wp:featuredmedia":[{"embeddable":true,"href":"https:\/\/cepronda.com\/blog\/wp-json\/wp\/v2\/media\/2270"}],"wp:attachment":[{"href":"https:\/\/cepronda.com\/blog\/wp-json\/wp\/v2\/media?parent=2269"}],"wp:term":[{"taxonomy":"category","embeddable":true,"href":"https:\/\/cepronda.com\/blog\/wp-json\/wp\/v2\/categories?post=2269"},{"taxonomy":"post_tag","embeddable":true,"href":"https:\/\/cepronda.com\/blog\/wp-json\/wp\/v2\/tags?post=2269"}],"curies":[{"name":"wp","href":"https:\/\/api.w.org\/{rel}","templated":true}]}}