{"id":2266,"date":"2018-09-06T12:24:41","date_gmt":"2018-09-06T10:24:41","guid":{"rendered":"http:\/\/cepronda.com\/blog\/?p=2266"},"modified":"2025-04-28T11:59:00","modified_gmt":"2025-04-28T09:59:00","slug":"programa-prodig","status":"publish","type":"post","link":"https:\/\/cepronda.com\/blog\/programa-prodig\/","title":{"rendered":"Programa PRODIG"},"content":{"rendered":"\n<p class=\"wp-block-paragraph\">\u00a1Hola de nuevo!<\/p>\n\n\n\n<p class=\"wp-block-paragraph\">Este curso escolar viene con algunas novedades, y una de las que m\u00e1s est\u00e1 llamando la atenci\u00f3n es el programa PRODIG.<\/p>\n\n\n\n<p class=\"wp-block-paragraph\">Este curso\u00a0 la Consejer\u00eda de Educaci\u00f3n pone en marcha el Programa de Digitalizaci\u00f3n de Centros (PRODIG) .<br\/><br\/>El enfoque educativo que propone este programa se enmarca en los aspectos\u00a0 recogidos en el\u00a0<a href=\"http:\/\/educalab.es\/intef\/digcomp\/digcomporg\">proyecto DIGCOMPORG<\/a>\u00a0,Marco Europeo para Organizaciones Educativas Digitalmente Competentes, que ha sido desarrollado para dar soporte a los objetivos de la Comisi\u00f3n Europea de mejora del aprendizaje abierto y para abordar el desarrollo de destrezas digitales.<br\/><br\/>El objetivo final del PRODIG es convertir el centro en una organizaci\u00f3n educativa digitalmente competente, que incorpora a su proyecto educativo medidas de transformaci\u00f3n digital encaminadas a la mejora de los procesos, tanto en los \u00e1mbitos de ense\u00f1anza-aprendizaje y organizativos como de comunicaci\u00f3n e informaci\u00f3n. \u00a0<br\/><br\/>El PRODIG se desarrollar\u00e1 de forma progresiva a lo largo de tres cursos acad\u00e9micos. Para optar por primera vez a la participaci\u00f3n en el programa, los centros cumplimentar\u00e1n durante el mes de septiembre, el formulario habilitado a tal efecto en el sistema de informaci\u00f3n S\u00c9NECA.<br\/><\/p>\n\n\n\n<p class=\"wp-block-paragraph\">La Consejer\u00eda ha preparado una web con toda la informaci\u00f3n para que pod\u00e1is acceder a ella, y como siempre nos ponemos a vuestra disposici\u00f3n en todo aquello que necesit\u00e9is.\u00a0\u00a0<br\/><a href=\"http:\/\/www.juntadeandalucia.es\/educacion\/portalaverroes\/prodig\">M\u00e1s informaci\u00f3n<\/a><\/p>\n\n\n\n<p class=\"wp-block-paragraph\">Nos vemos por el CEP y por vuestros centros.\u00a0<\/p>\n\n\n\n<figure class=\"wp-block-image\"><a href=\"http:\/\/www.juntadeandalucia.es\/educacion\/portalaverroes\/prodig\"><img data-recalc-dims=\"1\" loading=\"lazy\" decoding=\"async\" width=\"640\" height=\"316\" src=\"https:\/\/i0.wp.com\/cepronda.com\/blog\/wp-content\/uploads\/2018\/09\/science-1182713_640.jpg?resize=640%2C316\" alt=\"\" class=\"wp-image-2267\" srcset=\"https:\/\/i0.wp.com\/cepronda.com\/blog\/wp-content\/uploads\/2018\/09\/science-1182713_640.jpg?w=640&amp;ssl=1 640w, https:\/\/i0.wp.com\/cepronda.com\/blog\/wp-content\/uploads\/2018\/09\/science-1182713_640.jpg?resize=300%2C148&amp;ssl=1 300w\" sizes=\"auto, (max-width: 640px) 100vw, 640px\" \/><\/a><\/figure>\n","protected":false},"excerpt":{"rendered":"<p>\u00a1Hola de nuevo! Este curso escolar viene con algunas novedades, y una de las que m\u00e1s est\u00e1 llamando la atenci\u00f3n es el programa PRODIG. Este curso\u00a0 la Consejer\u00eda de Educaci\u00f3n pone en marcha el Programa de Digitalizaci\u00f3n de Centros (PRODIG) . El enfoque educativo que propone este programa se enmarca en los aspectos\u00a0 recogidos en [&hellip;]<\/p>\n","protected":false},"author":3,"featured_media":2267,"comment_status":"open","ping_status":"open","sticky":false,"template":"","format":"standard","meta":{"_crdt_document":"","advanced_seo_description":"","jetpack_seo_html_title":"","jetpack_seo_noindex":false,"jetpack_post_was_ever_published":false,"_jetpack_newsletter_access":"","_jetpack_dont_email_post_to_subs":false,"_jetpack_newsletter_tier_id":0,"_jetpack_memberships_contains_paywalled_content":false,"_jetpack_memberships_contains_paid_content":false,"footnotes":"","jetpack_publicize_message":"","jetpack_publicize_feature_enabled":true,"jetpack_social_post_already_shared":true,"jetpack_social_options":{"image_generator_settings":{"template":"highway","default_image_id":0,"font":"","enabled":false},"version":2}},"categories":[3,5],"tags":[36],"class_list":{"0":"post-2266","1":"post","2":"type-post","3":"status-publish","4":"format-standard","5":"has-post-thumbnail","7":"category-formaciones","8":"category-noticias","9":"tag-herramientas-tic","10":"czr-hentry"},"jetpack_publicize_connections":[],"jetpack_featured_media_url":"https:\/\/i0.wp.com\/cepronda.com\/blog\/wp-content\/uploads\/2018\/09\/science-1182713_640.jpg?fit=640%2C316&ssl=1","jetpack_shortlink":"https:\/\/wp.me\/p8M4X7-Ay","jetpack-related-posts":[{"id":3003,"url":"https:\/\/cepronda.com\/blog\/programa-educativo-alhambra-educa\/","url_meta":{"origin":2266,"position":0},"title":"Programa educativo Alhambra Educa","author":"V\u00edctor Caballero","date":"18 septiembre, 2019","format":false,"excerpt":"Muy buenas, hemos recibido esta informaci\u00f3n que compartimos con todos los centros, por si es de vuestro inter\u00e9s. Se trata de informaci\u00f3n sobre los diferentes programas educativos de la Alhambra. En el siguiente enlace podr\u00e9is encontrar la convocatoria del presente curso as\u00ed como los formularios y normativas de todas las\u2026","rel":"","context":"En \u00abNoticias\u00bb","block_context":{"text":"Noticias","link":"https:\/\/cepronda.com\/blog\/category\/noticias\/"},"img":{"alt_text":"","src":"https:\/\/i0.wp.com\/cepronda.com\/blog\/wp-content\/uploads\/2019\/09\/alhambra-2428790_1920.jpg?fit=1200%2C509&ssl=1&resize=350%2C200","width":350,"height":200,"srcset":"https:\/\/i0.wp.com\/cepronda.com\/blog\/wp-content\/uploads\/2019\/09\/alhambra-2428790_1920.jpg?fit=1200%2C509&ssl=1&resize=350%2C200 1x, https:\/\/i0.wp.com\/cepronda.com\/blog\/wp-content\/uploads\/2019\/09\/alhambra-2428790_1920.jpg?fit=1200%2C509&ssl=1&resize=525%2C300 1.5x, https:\/\/i0.wp.com\/cepronda.com\/blog\/wp-content\/uploads\/2019\/09\/alhambra-2428790_1920.jpg?fit=1200%2C509&ssl=1&resize=700%2C400 2x, https:\/\/i0.wp.com\/cepronda.com\/blog\/wp-content\/uploads\/2019\/09\/alhambra-2428790_1920.jpg?fit=1200%2C509&ssl=1&resize=1050%2C600 3x"},"classes":[]},{"id":7647,"url":"https:\/\/cepronda.com\/blog\/formacion-programa-cima-participantes-249916kcim480\/","url_meta":{"origin":2266,"position":1},"title":"FORMACI\u00d3N \u00abPROGRAMA CIMA. COORDINADORES Y RESPONSABLES DE \u00c1MBITO\u00bb (249916KCIM480)","author":"Inmaculada Garc\u00eda","date":"4 junio, 2024","format":false,"excerpt":"Se encuentra abierto el plazo de solicitud para la convocatoria del curso \"PROGRAMA CIMA. COORDINADORES Y RESPONSABLES DE \u00c1MBITO\" con c\u00f3digo 249916KCIM480, con un total de 30h de formaci\u00f3n. Fecha actividad:\u00a010\/06\/2024 hasta 28\/06\/2024 Fecha inscripci\u00f3n:\u00a003\/06\/2024 hasta 07\/06\/2024 Este curso est\u00e1 pensado para los docentes participantes del Programa para la Innovaci\u00f3n\u2026","rel":"","context":"En \u00abFormaciones\u00bb","block_context":{"text":"Formaciones","link":"https:\/\/cepronda.com\/blog\/category\/formaciones\/"},"img":{"alt_text":"","src":"https:\/\/i0.wp.com\/cepronda.com\/blog\/wp-content\/uploads\/2024\/06\/cima-responsables.jpg?fit=667%2C382&ssl=1&resize=350%2C200","width":350,"height":200,"srcset":"https:\/\/i0.wp.com\/cepronda.com\/blog\/wp-content\/uploads\/2024\/06\/cima-responsables.jpg?fit=667%2C382&ssl=1&resize=350%2C200 1x, https:\/\/i0.wp.com\/cepronda.com\/blog\/wp-content\/uploads\/2024\/06\/cima-responsables.jpg?fit=667%2C382&ssl=1&resize=525%2C300 1.5x"},"classes":[]},{"id":7649,"url":"https:\/\/cepronda.com\/blog\/formacion-programa-cima-participantes-249909kcim479\/","url_meta":{"origin":2266,"position":2},"title":"FORMACI\u00d3N \u00abPROGRAMA CIMA. PARTICIPANTES\u00bb (249909KCIM479)","author":"Inmaculada Garc\u00eda","date":"4 junio, 2024","format":false,"excerpt":"Se encuentra abierto el plazo de solicitud para la convocatoria del curso \"PROGRAMA CIMA. PARTICIPANTES\" con c\u00f3digo 249909KCIM479, con un total de 20h de formaci\u00f3n. Fecha actividad: 10\/06\/2024 hasta 28\/06\/2024 Fecha inscripci\u00f3n: 03\/06\/2024 hasta 07\/06\/2024 Este curso est\u00e1 destinado a los docentes participantes\u00a0del Programa para la Innovaci\u00f3n y Mejora del\u2026","rel":"","context":"En \u00abFormaciones\u00bb","block_context":{"text":"Formaciones","link":"https:\/\/cepronda.com\/blog\/category\/formaciones\/"},"img":{"alt_text":"","src":"https:\/\/i0.wp.com\/cepronda.com\/blog\/wp-content\/uploads\/2024\/06\/cima-participantes.jpg?fit=676%2C386&ssl=1&resize=350%2C200","width":350,"height":200,"srcset":"https:\/\/i0.wp.com\/cepronda.com\/blog\/wp-content\/uploads\/2024\/06\/cima-participantes.jpg?fit=676%2C386&ssl=1&resize=350%2C200 1x, https:\/\/i0.wp.com\/cepronda.com\/blog\/wp-content\/uploads\/2024\/06\/cima-participantes.jpg?fit=676%2C386&ssl=1&resize=525%2C300 1.5x"},"classes":[]},{"id":8258,"url":"https:\/\/cepronda.com\/blog\/curso-autoevaluacion-plan-de-mejora-y-proyecto-formativo-codigo-259923kpf386\/","url_meta":{"origin":2266,"position":3},"title":"AUTOEVALUACI\u00d3N. PLAN DE MEJORA Y PROYECTO FORMATIVO","author":"Inmaculada Garc\u00eda","date":"21 febrero, 2025","format":false,"excerpt":"Abierto el plazo de inscripci\u00f3n del curso semipresencial provincial: AUTOEVALUACI\u00d3N. PLAN DE MEJORA Y PROYECTO FORMATIVO. C\u00f3digo: 259923KPF386 \u00a0 \u00b7 Inscripci\u00f3n hasta el 21 de marzo \u00b7 Aula Virtual de Formaci\u00f3n del Profesorado entre 01\/04\/25 y 20\/05\/25 \u00b7 Sesiones presenciales en el CEP de M\u00e1laga: 24\/04\/25 y 08\/05\/25 de 16:30\u2026","rel":"","context":"En \u00abFormaciones\u00bb","block_context":{"text":"Formaciones","link":"https:\/\/cepronda.com\/blog\/category\/formaciones\/"},"img":{"alt_text":"","src":"https:\/\/i0.wp.com\/cepronda.com\/blog\/wp-content\/uploads\/2025\/03\/Sin-titulo-1080-x-1350-px.jpg?fit=960%2C1200&ssl=1&resize=350%2C200","width":350,"height":200,"srcset":"https:\/\/i0.wp.com\/cepronda.com\/blog\/wp-content\/uploads\/2025\/03\/Sin-titulo-1080-x-1350-px.jpg?fit=960%2C1200&ssl=1&resize=350%2C200 1x, https:\/\/i0.wp.com\/cepronda.com\/blog\/wp-content\/uploads\/2025\/03\/Sin-titulo-1080-x-1350-px.jpg?fit=960%2C1200&ssl=1&resize=525%2C300 1.5x, https:\/\/i0.wp.com\/cepronda.com\/blog\/wp-content\/uploads\/2025\/03\/Sin-titulo-1080-x-1350-px.jpg?fit=960%2C1200&ssl=1&resize=700%2C400 2x"},"classes":[]},{"id":9521,"url":"https:\/\/cepronda.com\/blog\/9521-2\/","url_meta":{"origin":2266,"position":4},"title":"AUTOEVALUACI\u00d3N. PLAN DE MEJORA Y PROYECTO FORMATIVO.","author":"Encarni Jim\u00e9nez Rosado","date":"23 abril, 2026","format":false,"excerpt":"Se abre plazo de inscripci\u00f3n para el viso \u201cAUTOEVALUACI\u00d3N. PLAN DE MEJORA Y PROYECTO FORMATIVO\u201d C\u00d3DIGO: 269923KPF386 MODALIDAD: Curso Semipresencial \u00c1MBITO: Provincial FECHA INSCRIPCI\u00d3N: 23\/04\/2026 hasta 05\/05\/2026 FECHA ACTIVIDAD: 14\/05\/2026 hasta 28\/05\/2026 \ud83d\udd17 M\u00c1S INFORMACI\u00d3N E INSCRIPCI\u00d3N: https:\/\/secretariavirtual.juntadeandalucia.es\/secretariavirtual\/consultaCEP\/actividad\/269923KPF386\/ \u00a0","rel":"","context":"En \u00abFormaciones\u00bb","block_context":{"text":"Formaciones","link":"https:\/\/cepronda.com\/blog\/category\/formaciones\/"},"img":{"alt_text":"","src":"https:\/\/i0.wp.com\/cepronda.com\/blog\/wp-content\/uploads\/2026\/04\/Autoevaluacion-y-plan-de-mejora.png?fit=695%2C869&ssl=1&resize=350%2C200","width":350,"height":200,"srcset":"https:\/\/i0.wp.com\/cepronda.com\/blog\/wp-content\/uploads\/2026\/04\/Autoevaluacion-y-plan-de-mejora.png?fit=695%2C869&ssl=1&resize=350%2C200 1x, https:\/\/i0.wp.com\/cepronda.com\/blog\/wp-content\/uploads\/2026\/04\/Autoevaluacion-y-plan-de-mejora.png?fit=695%2C869&ssl=1&resize=525%2C300 1.5x"},"classes":[]},{"id":7293,"url":"https:\/\/cepronda.com\/blog\/programa-de-implantacion-de-la-inteligencia-emocional-en-el-ambito-educativo-sensibilizacion-y-desarrollo\/","url_meta":{"origin":2266,"position":5},"title":"PROGRAMA DE IMPLANTACI\u00d3N DE LA INTELIGENCIA EMOCIONAL EN EL \u00c1MBITO EDUCATIVO. SENSIBILIZACI\u00d3N Y DESARROLLO","author":"V\u00edctor Caballero","date":"22 diciembre, 2023","format":false,"excerpt":"Se encuentra abierto el plazo de inscripci\u00f3n para la formaci\u00f3n \u201cPROGRAMA DE IMPLANTACI\u00d3N DE LA INTELIGENCIA EMOCIONAL EN EL \u00c1MBITO EDUCATIVO. SENSIBILIZACI\u00d3N Y DESARROLLO.\" C\u00d3DIGO 242924GE048. Ponente:\u00a0 Alberto Ortega Duraci\u00f3n de la actividad: (Total 27h) 2 horas presenciales en conferencia presencial en el CEP de Ronda 13h videoconferencias en el\u2026","rel":"","context":"En \u00abFormaciones\u00bb","block_context":{"text":"Formaciones","link":"https:\/\/cepronda.com\/blog\/category\/formaciones\/"},"img":{"alt_text":"","src":"https:\/\/i0.wp.com\/cepronda.com\/blog\/wp-content\/uploads\/2023\/12\/242924GE048-Cartel-Inteligencia-emocional.png?fit=1080%2C1080&ssl=1&resize=350%2C200","width":350,"height":200,"srcset":"https:\/\/i0.wp.com\/cepronda.com\/blog\/wp-content\/uploads\/2023\/12\/242924GE048-Cartel-Inteligencia-emocional.png?fit=1080%2C1080&ssl=1&resize=350%2C200 1x, https:\/\/i0.wp.com\/cepronda.com\/blog\/wp-content\/uploads\/2023\/12\/242924GE048-Cartel-Inteligencia-emocional.png?fit=1080%2C1080&ssl=1&resize=525%2C300 1.5x, https:\/\/i0.wp.com\/cepronda.com\/blog\/wp-content\/uploads\/2023\/12\/242924GE048-Cartel-Inteligencia-emocional.png?fit=1080%2C1080&ssl=1&resize=700%2C400 2x, https:\/\/i0.wp.com\/cepronda.com\/blog\/wp-content\/uploads\/2023\/12\/242924GE048-Cartel-Inteligencia-emocional.png?fit=1080%2C1080&ssl=1&resize=1050%2C600 3x"},"classes":[]}],"jetpack_sharing_enabled":true,"_links":{"self":[{"href":"https:\/\/cepronda.com\/blog\/wp-json\/wp\/v2\/posts\/2266","targetHints":{"allow":["GET"]}}],"collection":[{"href":"https:\/\/cepronda.com\/blog\/wp-json\/wp\/v2\/posts"}],"about":[{"href":"https:\/\/cepronda.com\/blog\/wp-json\/wp\/v2\/types\/post"}],"author":[{"embeddable":true,"href":"https:\/\/cepronda.com\/blog\/wp-json\/wp\/v2\/users\/3"}],"replies":[{"embeddable":true,"href":"https:\/\/cepronda.com\/blog\/wp-json\/wp\/v2\/comments?post=2266"}],"version-history":[{"count":1,"href":"https:\/\/cepronda.com\/blog\/wp-json\/wp\/v2\/posts\/2266\/revisions"}],"predecessor-version":[{"id":2268,"href":"https:\/\/cepronda.com\/blog\/wp-json\/wp\/v2\/posts\/2266\/revisions\/2268"}],"wp:featuredmedia":[{"embeddable":true,"href":"https:\/\/cepronda.com\/blog\/wp-json\/wp\/v2\/media\/2267"}],"wp:attachment":[{"href":"https:\/\/cepronda.com\/blog\/wp-json\/wp\/v2\/media?parent=2266"}],"wp:term":[{"taxonomy":"category","embeddable":true,"href":"https:\/\/cepronda.com\/blog\/wp-json\/wp\/v2\/categories?post=2266"},{"taxonomy":"post_tag","embeddable":true,"href":"https:\/\/cepronda.com\/blog\/wp-json\/wp\/v2\/tags?post=2266"}],"curies":[{"name":"wp","href":"https:\/\/api.w.org\/{rel}","templated":true}]}}