{"id":2243,"date":"2018-09-03T13:56:22","date_gmt":"2018-09-03T11:56:22","guid":{"rendered":"http:\/\/cepronda.com\/blog\/?p=2243"},"modified":"2018-09-03T13:56:31","modified_gmt":"2018-09-03T11:56:31","slug":"programa-de-escuelas-mentoras","status":"publish","type":"post","link":"https:\/\/cepronda.com\/blog\/programa-de-escuelas-mentoras\/","title":{"rendered":"Programa de Escuelas Mentoras"},"content":{"rendered":"\n<p class=\"has-drop-cap wp-block-paragraph\">Y seguimos con las novedades&#8230;<\/p>\n\n\n\n<p class=\"wp-block-paragraph\">En este caso se trata de un programa que el curso pasado se puso a mediados de curso y de forma experimental y, este curso, se pone en marcha desde ya, de modo que el aprendizaje mutuo sea mayor.<\/p>\n\n\n\n<p class=\"wp-block-paragraph\">\n\nEscuelas mentoras es un programa de formaci\u00f3n del profesorado que pretende ser un espacio abierto\nde intercambio y comunicaci\u00f3n de experiencias docentes contextualizadas en los propios centros docentes. A\ntrav\u00e9s de dicho programa el profesorado de los centros, que est\u00e1 participando en planes y proyectos a nivel\nauton\u00f3mico, estatal o europeo podr\u00e1 conocer de primera mano experiencias de otros centros en los que se\nest\u00e1n desarrollando planes o proyectos similares.\nEl programa contar\u00e1 con una fase presencial de formaci\u00f3n, una fase de visita pedag\u00f3gica de\nobservaci\u00f3n en una escuela mentora, la implementaci\u00f3n de la pr\u00e1ctica observada en el centro visitante (en\nadelante centro Tel\u00e9maco) y una sesi\u00f3n final de intercambio de buenas pr\u00e1cticas.\n\n<\/p>\n\n\n\n<p class=\"wp-block-paragraph\">Creemos que puede ser una gran oportunidad para aprender, crecer y enriquecerse junto el profesorado y los centros.<\/p>\n\n\n\n<p class=\"wp-block-paragraph\">Os dejamos con el <a href=\"http:\/\/www.juntadeandalucia.es\/educacion\/portals\/abaco-portlet\/content\/1ad4e210-b08b-42c0-93d9-ba49ded50cbe\">enlace a toda la informaci\u00f3n<\/a>.<\/p>\n\n\n\n<figure class=\"wp-block-image\"><a href=\"http:\/\/www.juntadeandalucia.es\/educacion\/portals\/abaco-portlet\/content\/1ad4e210-b08b-42c0-93d9-ba49ded50cbe\"><img data-recalc-dims=\"1\" loading=\"lazy\" decoding=\"async\" width=\"640\" height=\"480\" src=\"https:\/\/i0.wp.com\/cepronda.com\/blog\/wp-content\/uploads\/2018\/09\/puzzle-210785_640.jpg?resize=640%2C480\" alt=\"\" class=\"wp-image-2244\" srcset=\"https:\/\/i0.wp.com\/cepronda.com\/blog\/wp-content\/uploads\/2018\/09\/puzzle-210785_640.jpg?w=640&amp;ssl=1 640w, https:\/\/i0.wp.com\/cepronda.com\/blog\/wp-content\/uploads\/2018\/09\/puzzle-210785_640.jpg?resize=300%2C225&amp;ssl=1 300w\" sizes=\"auto, (max-width: 640px) 100vw, 640px\" \/><\/a><\/figure>\n","protected":false},"excerpt":{"rendered":"<p>Y seguimos con las novedades&#8230; En este caso se trata de un programa que el curso pasado se puso a mediados de curso y de forma experimental y, este curso, se pone en marcha desde ya, de modo que el aprendizaje mutuo sea mayor. Escuelas mentoras es un programa de formaci\u00f3n del profesorado que pretende [&hellip;]<\/p>\n","protected":false},"author":3,"featured_media":2244,"comment_status":"open","ping_status":"open","sticky":false,"template":"","format":"standard","meta":{"_crdt_document":"","advanced_seo_description":"","jetpack_seo_html_title":"","jetpack_seo_noindex":false,"jetpack_post_was_ever_published":false,"_jetpack_newsletter_access":"","_jetpack_dont_email_post_to_subs":false,"_jetpack_newsletter_tier_id":0,"_jetpack_memberships_contains_paywalled_content":false,"_jetpack_memberships_contains_paid_content":false,"footnotes":"","jetpack_publicize_message":"","jetpack_publicize_feature_enabled":true,"jetpack_social_post_already_shared":true,"jetpack_social_options":{"image_generator_settings":{"template":"highway","default_image_id":0,"font":"","enabled":false},"version":2}},"categories":[5],"tags":[119],"class_list":{"0":"post-2243","1":"post","2":"type-post","3":"status-publish","4":"format-standard","5":"has-post-thumbnail","7":"category-noticias","8":"tag-escuelas-mentoras","9":"czr-hentry"},"jetpack_publicize_connections":[],"jetpack_featured_media_url":"https:\/\/i0.wp.com\/cepronda.com\/blog\/wp-content\/uploads\/2018\/09\/puzzle-210785_640.jpg?fit=640%2C480&ssl=1","jetpack_shortlink":"https:\/\/wp.me\/p8M4X7-Ab","jetpack-related-posts":[{"id":1645,"url":"https:\/\/cepronda.com\/blog\/programa-formacion-profesorado-escuelas-mentoras\/","url_meta":{"origin":2243,"position":0},"title":"Programa Formaci\u00f3n Profesorado Escuelas Mentoras","author":"V\u00edctor Caballero","date":"13 marzo, 2018","format":false,"excerpt":"\u00a1Hola a todo el mundo! Compartimos con todos y todas vosotras este programa que acaba de publicarse y que creemos puede ser una idea muy interesante para compartir\u00a0 con el resto de profesorado nuestras experiencias, y aprender mutuamente. Se ha denominado Programa de escuelas mentoras y para acceder a toda\u2026","rel":"","context":"En \u00abNoticias\u00bb","block_context":{"text":"Noticias","link":"https:\/\/cepronda.com\/blog\/category\/noticias\/"},"img":{"alt_text":"","src":"https:\/\/i0.wp.com\/cepronda.com\/blog\/wp-content\/uploads\/2018\/03\/connect-316638_640.jpg?fit=640%2C426&ssl=1&resize=350%2C200","width":350,"height":200,"srcset":"https:\/\/i0.wp.com\/cepronda.com\/blog\/wp-content\/uploads\/2018\/03\/connect-316638_640.jpg?fit=640%2C426&ssl=1&resize=350%2C200 1x, https:\/\/i0.wp.com\/cepronda.com\/blog\/wp-content\/uploads\/2018\/03\/connect-316638_640.jpg?fit=640%2C426&ssl=1&resize=525%2C300 1.5x"},"classes":[]},{"id":2453,"url":"https:\/\/cepronda.com\/blog\/participacion-como-centro-telemaco\/","url_meta":{"origin":2243,"position":1},"title":"Participaci\u00f3n como centro Tel\u00e9maco","author":"V\u00edctor Caballero","date":"8 noviembre, 2018","format":false,"excerpt":"Muy buenas familia,\u00a0 Ponemos en vuestro conocimiento que, desde hoy hasta el d\u00eda 21 de noviembre, ten\u00e9is abierto el plazo de inscripci\u00f3n para inscribiros como centro Tel\u00e9maco dentro del programa de Escuelas Mentoras. Si os inscrib\u00eds como centro Tel\u00e9maco pod\u00e9is tener la opci\u00f3n de visitar alguna de las escuelas mentoras,\u2026","rel":"","context":"En \u00abFormaciones\u00bb","block_context":{"text":"Formaciones","link":"https:\/\/cepronda.com\/blog\/category\/formaciones\/"},"img":{"alt_text":"","src":"https:\/\/i0.wp.com\/cepronda.com\/blog\/wp-content\/uploads\/2017\/05\/logo_ja_ce_mejor.jpg?fit=732%2C600&ssl=1&resize=350%2C200","width":350,"height":200,"srcset":"https:\/\/i0.wp.com\/cepronda.com\/blog\/wp-content\/uploads\/2017\/05\/logo_ja_ce_mejor.jpg?fit=732%2C600&ssl=1&resize=350%2C200 1x, https:\/\/i0.wp.com\/cepronda.com\/blog\/wp-content\/uploads\/2017\/05\/logo_ja_ce_mejor.jpg?fit=732%2C600&ssl=1&resize=525%2C300 1.5x, https:\/\/i0.wp.com\/cepronda.com\/blog\/wp-content\/uploads\/2017\/05\/logo_ja_ce_mejor.jpg?fit=732%2C600&ssl=1&resize=700%2C400 2x"},"classes":[]},{"id":2463,"url":"https:\/\/cepronda.com\/blog\/erasmus-primeros-pasos\/","url_meta":{"origin":2243,"position":2},"title":"Erasmus+ Primeros pasos","author":"V\u00edctor Caballero","date":"23 noviembre, 2018","format":false,"excerpt":"\u00a1Hola familia! Sabemos que algunos de nuestros centros est\u00e1is interesados en participar en el programa de Erasmus+. Para todoas aquellas personas interesadas hemos organizado esta formaci\u00f3n con el objetivo de elaborar unas solicitudes de calidad.\u00a0 El sentido de las presentes jornadas es facilitar pautas para animar a los centros a\u2026","rel":"","context":"En \u00abFormaciones\u00bb","block_context":{"text":"Formaciones","link":"https:\/\/cepronda.com\/blog\/category\/formaciones\/"},"img":{"alt_text":"","src":"https:\/\/i0.wp.com\/cepronda.com\/blog\/wp-content\/uploads\/2018\/11\/Erasmus-Maribel.jpg?fit=848%2C1200&ssl=1&resize=350%2C200","width":350,"height":200,"srcset":"https:\/\/i0.wp.com\/cepronda.com\/blog\/wp-content\/uploads\/2018\/11\/Erasmus-Maribel.jpg?fit=848%2C1200&ssl=1&resize=350%2C200 1x, https:\/\/i0.wp.com\/cepronda.com\/blog\/wp-content\/uploads\/2018\/11\/Erasmus-Maribel.jpg?fit=848%2C1200&ssl=1&resize=525%2C300 1.5x, https:\/\/i0.wp.com\/cepronda.com\/blog\/wp-content\/uploads\/2018\/11\/Erasmus-Maribel.jpg?fit=848%2C1200&ssl=1&resize=700%2C400 2x"},"classes":[]},{"id":1761,"url":"https:\/\/cepronda.com\/blog\/programa-de-intercambios-escolares-para-ies-y-centros-extranjeros\/","url_meta":{"origin":2243,"position":3},"title":"Programa de intercambios escolares para IES y centros extranjeros","author":"V\u00edctor Caballero","date":"4 mayo, 2018","format":false,"excerpt":"Buenas,\u00a0 Compartimos con los centros de Secundaria esta convocatoria que creemos os puede resultar de inter\u00e9s. Se trata de la Resoluci\u00f3n de la direcci\u00f3n general de Innovaci\u00f3n y Formaci\u00f3n del profesorado de 3 de mayo de 2018 por la que se convoca el programa de intercambios escolares de los institutos\u2026","rel":"","context":"En \u00abNoticias\u00bb","block_context":{"text":"Noticias","link":"https:\/\/cepronda.com\/blog\/category\/noticias\/"},"img":{"alt_text":"","src":"https:\/\/i0.wp.com\/cepronda.com\/blog\/wp-content\/uploads\/2017\/05\/logo_ja_ce_mejor.jpg?fit=732%2C600&ssl=1&resize=350%2C200","width":350,"height":200,"srcset":"https:\/\/i0.wp.com\/cepronda.com\/blog\/wp-content\/uploads\/2017\/05\/logo_ja_ce_mejor.jpg?fit=732%2C600&ssl=1&resize=350%2C200 1x, https:\/\/i0.wp.com\/cepronda.com\/blog\/wp-content\/uploads\/2017\/05\/logo_ja_ce_mejor.jpg?fit=732%2C600&ssl=1&resize=525%2C300 1.5x, https:\/\/i0.wp.com\/cepronda.com\/blog\/wp-content\/uploads\/2017\/05\/logo_ja_ce_mejor.jpg?fit=732%2C600&ssl=1&resize=700%2C400 2x"},"classes":[]},{"id":4901,"url":"https:\/\/cepronda.com\/blog\/difusion-del-programa-erasmus-y-elaboracion-de-proyectos-de-calidad\/","url_meta":{"origin":2243,"position":4},"title":"DIFUSI\u00d3N DEL PROGRAMA ERASMUS+ Y ELABORACI\u00d3N DE PROYECTOS DE CALIDAD","author":"Maribel Mu\u00f1oz","date":"21 diciembre, 2021","format":false,"excerpt":"Buenos d\u00edas compa\u00f1eras y compa\u00f1eros,\u00a0 Os informamos que est\u00e1 abierto el plazo de inscripci\u00f3n en la actividad DIFUSI\u00d3N DEL PROGRAMA ERASMUS+ Y ELABORACI\u00d3N DE PROYECTOS DE CALIDAD con c\u00f3digo 221105FP109. Es una actividad REGIONAL.\u00a0 dirigida al profesorado de Formaci\u00f3n\u00a0Profesional. El plazo de solicitudes\u00a0 finaliza el 10 de enero a las\u2026","rel":"","context":"En \u00abFormaciones\u00bb","block_context":{"text":"Formaciones","link":"https:\/\/cepronda.com\/blog\/category\/formaciones\/"},"img":{"alt_text":"","src":"https:\/\/i0.wp.com\/cepronda.com\/blog\/wp-content\/uploads\/2021\/12\/DIFUSION-ERASMUS-FP-1.jpg?fit=1200%2C848&ssl=1&resize=350%2C200","width":350,"height":200,"srcset":"https:\/\/i0.wp.com\/cepronda.com\/blog\/wp-content\/uploads\/2021\/12\/DIFUSION-ERASMUS-FP-1.jpg?fit=1200%2C848&ssl=1&resize=350%2C200 1x, https:\/\/i0.wp.com\/cepronda.com\/blog\/wp-content\/uploads\/2021\/12\/DIFUSION-ERASMUS-FP-1.jpg?fit=1200%2C848&ssl=1&resize=525%2C300 1.5x, https:\/\/i0.wp.com\/cepronda.com\/blog\/wp-content\/uploads\/2021\/12\/DIFUSION-ERASMUS-FP-1.jpg?fit=1200%2C848&ssl=1&resize=700%2C400 2x, https:\/\/i0.wp.com\/cepronda.com\/blog\/wp-content\/uploads\/2021\/12\/DIFUSION-ERASMUS-FP-1.jpg?fit=1200%2C848&ssl=1&resize=1050%2C600 3x"},"classes":[]},{"id":7811,"url":"https:\/\/cepronda.com\/blog\/celebracion-del-erasmus-day-un-agradecimiento-a-todos-los-centros-participantes\/","url_meta":{"origin":2243,"position":5},"title":"CELEBRACI\u00d3N DEL ERASMUS DAY. UN AGRADECIMIENTO A TODOS LOS CENTROS PARTICIPANTES.","author":"Maribel Mu\u00f1oz","date":"24 octubre, 2024","format":false,"excerpt":"En el marco del Erasmus Day, queremos dedicar este espacio para agradecer a todos los centros que han participado activamente en las movilidades docentes durante el curso 2023\/2024 dentro del Consorcio MEPRural del CEP de Ronda. El programa Erasmus+ sigue siendo una oportunidad \u00fanica para el intercambio de experiencias, conocimientos\u2026","rel":"","context":"En \u00abFormaciones\u00bb","block_context":{"text":"Formaciones","link":"https:\/\/cepronda.com\/blog\/category\/formaciones\/"},"img":{"alt_text":"","src":"https:\/\/i0.wp.com\/cepronda.com\/blog\/wp-content\/uploads\/2024\/10\/Erasmus-day-video-portada.jpg?fit=446%2C787&ssl=1&resize=350%2C200","width":350,"height":200},"classes":[]}],"jetpack_sharing_enabled":true,"_links":{"self":[{"href":"https:\/\/cepronda.com\/blog\/wp-json\/wp\/v2\/posts\/2243","targetHints":{"allow":["GET"]}}],"collection":[{"href":"https:\/\/cepronda.com\/blog\/wp-json\/wp\/v2\/posts"}],"about":[{"href":"https:\/\/cepronda.com\/blog\/wp-json\/wp\/v2\/types\/post"}],"author":[{"embeddable":true,"href":"https:\/\/cepronda.com\/blog\/wp-json\/wp\/v2\/users\/3"}],"replies":[{"embeddable":true,"href":"https:\/\/cepronda.com\/blog\/wp-json\/wp\/v2\/comments?post=2243"}],"version-history":[{"count":1,"href":"https:\/\/cepronda.com\/blog\/wp-json\/wp\/v2\/posts\/2243\/revisions"}],"predecessor-version":[{"id":2245,"href":"https:\/\/cepronda.com\/blog\/wp-json\/wp\/v2\/posts\/2243\/revisions\/2245"}],"wp:featuredmedia":[{"embeddable":true,"href":"https:\/\/cepronda.com\/blog\/wp-json\/wp\/v2\/media\/2244"}],"wp:attachment":[{"href":"https:\/\/cepronda.com\/blog\/wp-json\/wp\/v2\/media?parent=2243"}],"wp:term":[{"taxonomy":"category","embeddable":true,"href":"https:\/\/cepronda.com\/blog\/wp-json\/wp\/v2\/categories?post=2243"},{"taxonomy":"post_tag","embeddable":true,"href":"https:\/\/cepronda.com\/blog\/wp-json\/wp\/v2\/tags?post=2243"}],"curies":[{"name":"wp","href":"https:\/\/api.w.org\/{rel}","templated":true}]}}