{"id":2240,"date":"2018-09-03T13:48:44","date_gmt":"2018-09-03T11:48:44","guid":{"rendered":"http:\/\/cepronda.com\/blog\/?p=2240"},"modified":"2018-09-03T13:48:53","modified_gmt":"2018-09-03T11:48:53","slug":"actividades-de-formacion-para-la-adquisicion-del-c1-en-lengua-inglesa-francesa-y-alemana","status":"publish","type":"post","link":"https:\/\/cepronda.com\/blog\/actividades-de-formacion-para-la-adquisicion-del-c1-en-lengua-inglesa-francesa-y-alemana\/","title":{"rendered":"Actividades de formaci\u00f3n para la adquisici\u00f3n del C1 en lengua inglesa, francesa y alemana"},"content":{"rendered":"\n<p class=\"has-drop-cap wp-block-paragraph\">Comenzamos publicando distintas novedades que creemos os puede resultar de inter\u00e9s.\u00a0<\/p>\n\n\n\n<p class=\"wp-block-paragraph\">En este caso compartimos mediante este <a href=\"http:\/\/www.juntadeandalucia.es\/educacion\/portals\/abaco-portlet\/content\/eeaf3a6f-ae77-4f2e-a5b9-5318ca42eebf\">enlace las instrucciones del 5 de julio<\/a> por las que se convocan actividades de formaci\u00f3n para la adquisici\u00f3n del nivel competencial de C1 en la lengua inglesa, francesa y alemana durante el curso escolar 2018\/2019. Estas actividades las podr\u00e1n solicitar todos aquellos docentes con destino definitivo o vacante en puesto biling\u00fce.<\/p>\n\n\n\n<p class=\"wp-block-paragraph\">El plazo de presentaci\u00f3n de solicitudes ser\u00e1 de 15 d\u00edas h\u00e1biles a partir del 1 de septiembre.\u00a0<\/p>\n\n\n\n<figure class=\"wp-block-image\"><a href=\"http:\/\/www.juntadeandalucia.es\/educacion\/portals\/abaco-portlet\/content\/eeaf3a6f-ae77-4f2e-a5b9-5318ca42eebf\"><img data-recalc-dims=\"1\" loading=\"lazy\" decoding=\"async\" width=\"640\" height=\"341\" src=\"https:\/\/i0.wp.com\/cepronda.com\/blog\/wp-content\/uploads\/2018\/09\/globe-110775_640.jpg?resize=640%2C341\" alt=\"\" class=\"wp-image-2241\" srcset=\"https:\/\/i0.wp.com\/cepronda.com\/blog\/wp-content\/uploads\/2018\/09\/globe-110775_640.jpg?w=640&amp;ssl=1 640w, https:\/\/i0.wp.com\/cepronda.com\/blog\/wp-content\/uploads\/2018\/09\/globe-110775_640.jpg?resize=300%2C160&amp;ssl=1 300w\" sizes=\"auto, (max-width: 640px) 100vw, 640px\" \/><\/a><\/figure>\n","protected":false},"excerpt":{"rendered":"<p>Comenzamos publicando distintas novedades que creemos os puede resultar de inter\u00e9s.\u00a0 En este caso compartimos mediante este enlace las instrucciones del 5 de julio por las que se convocan actividades de formaci\u00f3n para la adquisici\u00f3n del nivel competencial de C1 en la lengua inglesa, francesa y alemana durante el curso escolar 2018\/2019. Estas actividades las [&hellip;]<\/p>\n","protected":false},"author":3,"featured_media":2241,"comment_status":"open","ping_status":"open","sticky":false,"template":"","format":"standard","meta":{"_crdt_document":"","advanced_seo_description":"","jetpack_seo_html_title":"","jetpack_seo_noindex":false,"jetpack_post_was_ever_published":false,"_jetpack_newsletter_access":"","_jetpack_dont_email_post_to_subs":false,"_jetpack_newsletter_tier_id":0,"_jetpack_memberships_contains_paywalled_content":false,"_jetpack_memberships_contains_paid_content":false,"footnotes":"","jetpack_publicize_message":"","jetpack_publicize_feature_enabled":true,"jetpack_social_post_already_shared":true,"jetpack_social_options":{"image_generator_settings":{"template":"highway","default_image_id":0,"font":"","enabled":false},"version":2}},"categories":[5],"tags":[73],"class_list":{"0":"post-2240","1":"post","2":"type-post","3":"status-publish","4":"format-standard","5":"has-post-thumbnail","7":"category-noticias","8":"tag-idiomas","9":"czr-hentry"},"jetpack_publicize_connections":[],"jetpack_featured_media_url":"https:\/\/i0.wp.com\/cepronda.com\/blog\/wp-content\/uploads\/2018\/09\/globe-110775_640.jpg?fit=640%2C341&ssl=1","jetpack_shortlink":"https:\/\/wp.me\/p8M4X7-A8","jetpack-related-posts":[{"id":3288,"url":"https:\/\/cepronda.com\/blog\/dificultades-de-aprendizaje-en-la-ensenanza-de-una-segunda-lengua-extranjera\/","url_meta":{"origin":2240,"position":0},"title":"DIFICULTADES DE APRENDIZAJE EN LA ENSE\u00d1ANZA DE UNA SEGUNDA LENGUA EXTRANJERA","author":"V\u00edctor Caballero","date":"7 enero, 2020","format":false,"excerpt":"Seguimos con las nuevas actividades en las que abrimos la inscripci\u00f3n. En este caso se trata de una formaci\u00f3n con el objetivo de dotar al profesorado de herramientas y estrategias que le permitan detectar y comprender los ritmos y patrones de aprendizaje del alumnado con dificultades en la adquisici\u00f3n de\u2026","rel":"","context":"En \u00abFormaciones\u00bb","block_context":{"text":"Formaciones","link":"https:\/\/cepronda.com\/blog\/category\/formaciones\/"},"img":{"alt_text":"","src":"https:\/\/i0.wp.com\/cepronda.com\/blog\/wp-content\/uploads\/2020\/01\/Dificultades-de-aprendizaje-en-la-ense%C3%B1anza-de-una-segunda-lengua-extranjera.-2.png?fit=848%2C1200&ssl=1&resize=350%2C200","width":350,"height":200,"srcset":"https:\/\/i0.wp.com\/cepronda.com\/blog\/wp-content\/uploads\/2020\/01\/Dificultades-de-aprendizaje-en-la-ense%C3%B1anza-de-una-segunda-lengua-extranjera.-2.png?fit=848%2C1200&ssl=1&resize=350%2C200 1x, https:\/\/i0.wp.com\/cepronda.com\/blog\/wp-content\/uploads\/2020\/01\/Dificultades-de-aprendizaje-en-la-ense%C3%B1anza-de-una-segunda-lengua-extranjera.-2.png?fit=848%2C1200&ssl=1&resize=525%2C300 1.5x, https:\/\/i0.wp.com\/cepronda.com\/blog\/wp-content\/uploads\/2020\/01\/Dificultades-de-aprendizaje-en-la-ense%C3%B1anza-de-una-segunda-lengua-extranjera.-2.png?fit=848%2C1200&ssl=1&resize=700%2C400 2x"},"classes":[]},{"id":3390,"url":"https:\/\/cepronda.com\/blog\/programa-de-inmersion-linguistica-en-lengua-inglesa-en-espana-durante-la-primavera-de-2020\/","url_meta":{"origin":2240,"position":1},"title":"Programa de inmersi\u00f3n ling\u00fc\u00edstica en lengua inglesa en Espa\u00f1a durante la primavera de 2020","author":"V\u00edctor Caballero","date":"4 febrero, 2020","format":false,"excerpt":"\u00a1Hola de nuevo! Volvemos a compartir con todos los centros de Primaria y Secundaria interesados esta convocatoria, que creemos puede ser muy interesante. Se trata del Extracto de la Resoluci\u00f3n de 11 de diciembre de 2019, de la Secretar\u00eda de Estado de Educaci\u00f3n y Formaci\u00f3n Profesional por la que se\u2026","rel":"","context":"En \u00abFormaciones\u00bb","block_context":{"text":"Formaciones","link":"https:\/\/cepronda.com\/blog\/category\/formaciones\/"},"img":{"alt_text":"","src":"https:\/\/i0.wp.com\/cepronda.com\/blog\/wp-content\/uploads\/2018\/10\/american-1209605_1920.jpg?fit=1200%2C800&ssl=1&resize=350%2C200","width":350,"height":200,"srcset":"https:\/\/i0.wp.com\/cepronda.com\/blog\/wp-content\/uploads\/2018\/10\/american-1209605_1920.jpg?fit=1200%2C800&ssl=1&resize=350%2C200 1x, https:\/\/i0.wp.com\/cepronda.com\/blog\/wp-content\/uploads\/2018\/10\/american-1209605_1920.jpg?fit=1200%2C800&ssl=1&resize=525%2C300 1.5x, https:\/\/i0.wp.com\/cepronda.com\/blog\/wp-content\/uploads\/2018\/10\/american-1209605_1920.jpg?fit=1200%2C800&ssl=1&resize=700%2C400 2x, https:\/\/i0.wp.com\/cepronda.com\/blog\/wp-content\/uploads\/2018\/10\/american-1209605_1920.jpg?fit=1200%2C800&ssl=1&resize=1050%2C600 3x"},"classes":[]},{"id":1761,"url":"https:\/\/cepronda.com\/blog\/programa-de-intercambios-escolares-para-ies-y-centros-extranjeros\/","url_meta":{"origin":2240,"position":2},"title":"Programa de intercambios escolares para IES y centros extranjeros","author":"V\u00edctor Caballero","date":"4 mayo, 2018","format":false,"excerpt":"Buenas,\u00a0 Compartimos con los centros de Secundaria esta convocatoria que creemos os puede resultar de inter\u00e9s. Se trata de la Resoluci\u00f3n de la direcci\u00f3n general de Innovaci\u00f3n y Formaci\u00f3n del profesorado de 3 de mayo de 2018 por la que se convoca el programa de intercambios escolares de los institutos\u2026","rel":"","context":"En \u00abNoticias\u00bb","block_context":{"text":"Noticias","link":"https:\/\/cepronda.com\/blog\/category\/noticias\/"},"img":{"alt_text":"","src":"https:\/\/i0.wp.com\/cepronda.com\/blog\/wp-content\/uploads\/2017\/05\/logo_ja_ce_mejor.jpg?fit=732%2C600&ssl=1&resize=350%2C200","width":350,"height":200,"srcset":"https:\/\/i0.wp.com\/cepronda.com\/blog\/wp-content\/uploads\/2017\/05\/logo_ja_ce_mejor.jpg?fit=732%2C600&ssl=1&resize=350%2C200 1x, https:\/\/i0.wp.com\/cepronda.com\/blog\/wp-content\/uploads\/2017\/05\/logo_ja_ce_mejor.jpg?fit=732%2C600&ssl=1&resize=525%2C300 1.5x, https:\/\/i0.wp.com\/cepronda.com\/blog\/wp-content\/uploads\/2017\/05\/logo_ja_ce_mejor.jpg?fit=732%2C600&ssl=1&resize=700%2C400 2x"},"classes":[]},{"id":9501,"url":"https:\/\/cepronda.com\/blog\/formacion-en-lengua-de-signos-con-inteligencia-artificial\/","url_meta":{"origin":2240,"position":3},"title":"FORMACI\u00d3N EN LENGUA DE SIGNOS CON INTELIGENCIA ARTIFICIAL","author":"Inmaculada Garc\u00eda","date":"10 abril, 2026","format":false,"excerpt":"Abierto el plazo de inscripci\u00f3n al curso a distancia: FORMACI\u00d3N EN LENGUA DE SIGNOS CON INTELIGENCIA ARTIFICIAL, con c\u00f3digo: 269911EX001. \u00a0 \ud83c\udf0d \u00c1mbito: Regional. \ud83d\udcbb Modalidad a Distancia. Duraci\u00f3n: 60 horas: 2 Presenciales ( Videoconferencia) y 58 No presenciales. N\u00ba de plazas: 500. \ud83d\udcccLugar de realizaci\u00f3n: Plataforma Eldes. \u00a0 \ud83d\uddd3\ufe0f\u2026","rel":"","context":"En \u00abFormaciones\u00bb","block_context":{"text":"Formaciones","link":"https:\/\/cepronda.com\/blog\/category\/formaciones\/"},"img":{"alt_text":"","src":"https:\/\/i0.wp.com\/cepronda.com\/blog\/wp-content\/uploads\/2026\/04\/Modelo-Plantilla-publicaciones-2.jpg?fit=960%2C1200&ssl=1&resize=350%2C200","width":350,"height":200,"srcset":"https:\/\/i0.wp.com\/cepronda.com\/blog\/wp-content\/uploads\/2026\/04\/Modelo-Plantilla-publicaciones-2.jpg?fit=960%2C1200&ssl=1&resize=350%2C200 1x, https:\/\/i0.wp.com\/cepronda.com\/blog\/wp-content\/uploads\/2026\/04\/Modelo-Plantilla-publicaciones-2.jpg?fit=960%2C1200&ssl=1&resize=525%2C300 1.5x, https:\/\/i0.wp.com\/cepronda.com\/blog\/wp-content\/uploads\/2026\/04\/Modelo-Plantilla-publicaciones-2.jpg?fit=960%2C1200&ssl=1&resize=700%2C400 2x"},"classes":[]},{"id":1313,"url":"https:\/\/cepronda.com\/blog\/cursos-con-el-plazo-de-solicitudes-abiertos\/","url_meta":{"origin":2240,"position":4},"title":"Cursos con el plazo de solicitudes abiertos","author":"V\u00edctor Caballero","date":"9 octubre, 2017","format":false,"excerpt":"Muy buenas, Queremos compartir con todos y todas vosotras el listado de los cursos que actualmente tenemos con el plazo abierto de solicitudes, y a los que os animamos a inscribiros: Programar y evaluar actividades coeducativas (dirigido a personas interesadas en la coeducaci\u00f3n y la igualdad, este curso lo impartir\u00e1\u2026","rel":"","context":"En \u00abNoticias\u00bb","block_context":{"text":"Noticias","link":"https:\/\/cepronda.com\/blog\/category\/noticias\/"},"img":{"alt_text":"","src":"https:\/\/i0.wp.com\/cepronda.com\/blog\/wp-content\/uploads\/2017\/05\/cartelparaordenador3.png?fit=1200%2C849&ssl=1&resize=350%2C200","width":350,"height":200,"srcset":"https:\/\/i0.wp.com\/cepronda.com\/blog\/wp-content\/uploads\/2017\/05\/cartelparaordenador3.png?fit=1200%2C849&ssl=1&resize=350%2C200 1x, https:\/\/i0.wp.com\/cepronda.com\/blog\/wp-content\/uploads\/2017\/05\/cartelparaordenador3.png?fit=1200%2C849&ssl=1&resize=525%2C300 1.5x, https:\/\/i0.wp.com\/cepronda.com\/blog\/wp-content\/uploads\/2017\/05\/cartelparaordenador3.png?fit=1200%2C849&ssl=1&resize=700%2C400 2x, https:\/\/i0.wp.com\/cepronda.com\/blog\/wp-content\/uploads\/2017\/05\/cartelparaordenador3.png?fit=1200%2C849&ssl=1&resize=1050%2C600 3x"},"classes":[]},{"id":1316,"url":"https:\/\/cepronda.com\/blog\/una-semana-intensa\/","url_meta":{"origin":2240,"position":5},"title":"Una semana intensa","author":"V\u00edctor Caballero","date":"13 octubre, 2017","format":false,"excerpt":"\u00a1Muy buenas! Despedimos esta semana \"un tanto rara\" con el prop\u00f3sito de coger fuerzas para afrontar la semana que viene con todo nuestro \u00e1nimo y energ\u00eda. Y es que la pr\u00f3xima semana empiezan varias actividades muy interesantes, y adem\u00e1s comienzan algunas de las sesiones de planes educativos. Os detallo, para\u2026","rel":"","context":"En \u00abNoticias\u00bb","block_context":{"text":"Noticias","link":"https:\/\/cepronda.com\/blog\/category\/noticias\/"},"img":{"alt_text":"","src":"","width":0,"height":0},"classes":[]}],"jetpack_sharing_enabled":true,"_links":{"self":[{"href":"https:\/\/cepronda.com\/blog\/wp-json\/wp\/v2\/posts\/2240","targetHints":{"allow":["GET"]}}],"collection":[{"href":"https:\/\/cepronda.com\/blog\/wp-json\/wp\/v2\/posts"}],"about":[{"href":"https:\/\/cepronda.com\/blog\/wp-json\/wp\/v2\/types\/post"}],"author":[{"embeddable":true,"href":"https:\/\/cepronda.com\/blog\/wp-json\/wp\/v2\/users\/3"}],"replies":[{"embeddable":true,"href":"https:\/\/cepronda.com\/blog\/wp-json\/wp\/v2\/comments?post=2240"}],"version-history":[{"count":1,"href":"https:\/\/cepronda.com\/blog\/wp-json\/wp\/v2\/posts\/2240\/revisions"}],"predecessor-version":[{"id":2242,"href":"https:\/\/cepronda.com\/blog\/wp-json\/wp\/v2\/posts\/2240\/revisions\/2242"}],"wp:featuredmedia":[{"embeddable":true,"href":"https:\/\/cepronda.com\/blog\/wp-json\/wp\/v2\/media\/2241"}],"wp:attachment":[{"href":"https:\/\/cepronda.com\/blog\/wp-json\/wp\/v2\/media?parent=2240"}],"wp:term":[{"taxonomy":"category","embeddable":true,"href":"https:\/\/cepronda.com\/blog\/wp-json\/wp\/v2\/categories?post=2240"},{"taxonomy":"post_tag","embeddable":true,"href":"https:\/\/cepronda.com\/blog\/wp-json\/wp\/v2\/tags?post=2240"}],"curies":[{"name":"wp","href":"https:\/\/api.w.org\/{rel}","templated":true}]}}