{"id":2237,"date":"2018-09-03T13:27:42","date_gmt":"2018-09-03T11:27:42","guid":{"rendered":"http:\/\/cepronda.com\/blog\/?p=2237"},"modified":"2018-09-03T13:27:50","modified_gmt":"2018-09-03T11:27:50","slug":"bienvenida-al-nuevo-curso","status":"publish","type":"post","link":"https:\/\/cepronda.com\/blog\/bienvenida-al-nuevo-curso\/","title":{"rendered":"Bienvenida al nuevo curso"},"content":{"rendered":"\n<p class=\"wp-block-paragraph\">Muy buenas familia,<\/p>\n\n\n\n<p class=\"wp-block-paragraph\">\u00bfQu\u00e9 tal han ido esas vacaciones? Esperamos desde el CEP que hayan ido muy bien, y sobre todo queremos escribiros esta entrada para daros la bienvenida, desearos todo lo mejor en este nuevo curso escolar, y como siempre deciros que ten\u00e9is nuestras puertas abiertas para todo aquello que necesit\u00e9is y quer\u00e1is proponernos.<\/p>\n\n\n\n<p class=\"wp-block-paragraph\">Esta semana estaremos en horario de ma\u00f1ana, y ya a partir de la pr\u00f3xima semana podr\u00e9is venir tanto por la ma\u00f1ana como por la tarde.\u00a0<\/p>\n\n\n\n<div class=\"wp-block-cover-image has-background-dim alignwide\" style=\"background-image:url(http:\/\/cepronda.com\/blog\/wp-content\/uploads\/2018\/09\/road-1668916_640.jpg)\"><\/div>\n\n\n\n<hr class=\"wp-block-separator\"\/>\n\n\n\n<blockquote class=\"wp-block-pullquote\"><p>Mucho \u00e1nimo en esta nueva aventura<\/p><cite>cep de ronda<\/cite><\/blockquote>\n","protected":false},"excerpt":{"rendered":"<p>Muy buenas familia, \u00bfQu\u00e9 tal han ido esas vacaciones? Esperamos desde el CEP que hayan ido muy bien, y sobre todo queremos escribiros esta entrada para daros la bienvenida, desearos todo lo mejor en este nuevo curso escolar, y como siempre deciros que ten\u00e9is nuestras puertas abiertas para todo aquello que necesit\u00e9is y quer\u00e1is proponernos. [&hellip;]<\/p>\n","protected":false},"author":3,"featured_media":2238,"comment_status":"open","ping_status":"open","sticky":false,"template":"","format":"standard","meta":{"_crdt_document":"","advanced_seo_description":"","jetpack_seo_html_title":"","jetpack_seo_noindex":false,"jetpack_post_was_ever_published":false,"_jetpack_newsletter_access":"","_jetpack_dont_email_post_to_subs":false,"_jetpack_newsletter_tier_id":0,"_jetpack_memberships_contains_paywalled_content":false,"_jetpack_memberships_contains_paid_content":false,"footnotes":"","jetpack_publicize_message":"","jetpack_publicize_feature_enabled":true,"jetpack_social_post_already_shared":true,"jetpack_social_options":{"image_generator_settings":{"template":"highway","default_image_id":0,"font":"","enabled":false},"version":2}},"categories":[5],"tags":[136],"class_list":{"0":"post-2237","1":"post","2":"type-post","3":"status-publish","4":"format-standard","5":"has-post-thumbnail","7":"category-noticias","8":"tag-bienvenida","9":"czr-hentry"},"jetpack_publicize_connections":[],"jetpack_featured_media_url":"https:\/\/i0.wp.com\/cepronda.com\/blog\/wp-content\/uploads\/2018\/09\/road-1668916_640.jpg?fit=640%2C360&ssl=1","jetpack_shortlink":"https:\/\/wp.me\/p8M4X7-A5","jetpack-related-posts":[{"id":3664,"url":"https:\/\/cepronda.com\/blog\/bienvenida-al-curso-2020-21\/","url_meta":{"origin":2237,"position":0},"title":"Bienvenida al curso 2020\/21","author":"Maribel Mu\u00f1oz","date":"2 septiembre, 2020","format":false,"excerpt":"Buenos d\u00edas compa\u00f1eras y compa\u00f1eros, Desde el CEP de Ronda os damos la bienvenida a este nuevo curso. Sabemos que es un a\u00f1o acad\u00e9mico complejo y, por eso, todo el equipo del CEP estamos, como siempre, a vuestra plena disposici\u00f3n. Aprovechamos para informar que en breve nos pondremos en contacto\u2026","rel":"","context":"En \u00abNoticias\u00bb","block_context":{"text":"Noticias","link":"https:\/\/cepronda.com\/blog\/category\/noticias\/"},"img":{"alt_text":"","src":"","width":0,"height":0},"classes":[]},{"id":2976,"url":"https:\/\/cepronda.com\/blog\/teachers-for-future-spain\/","url_meta":{"origin":2237,"position":1},"title":"Teachers For Future Spain","author":"V\u00edctor Caballero","date":"6 septiembre, 2019","format":false,"excerpt":"\u00a1Hola de nuevo familia! A finales del curso pasado nos sorprendi\u00f3 a algunas personas el movimiento juvenil contra el cambio clim\u00e1tico que tuvo lugar en todo el mundo. Dentro de este movimiento se han ido sumando otra serie de colectivos, y no pod\u00eda faltar el colectivo docente. Queremos compartir con\u2026","rel":"","context":"En \u00abNoticias\u00bb","block_context":{"text":"Noticias","link":"https:\/\/cepronda.com\/blog\/category\/noticias\/"},"img":{"alt_text":"","src":"https:\/\/i0.wp.com\/cepronda.com\/blog\/wp-content\/uploads\/2019\/09\/cropped-earth-11015_1280.jpg?resize=350%2C200&ssl=1","width":350,"height":200,"srcset":"https:\/\/i0.wp.com\/cepronda.com\/blog\/wp-content\/uploads\/2019\/09\/cropped-earth-11015_1280.jpg?resize=350%2C200&ssl=1 1x, https:\/\/i0.wp.com\/cepronda.com\/blog\/wp-content\/uploads\/2019\/09\/cropped-earth-11015_1280.jpg?resize=525%2C300&ssl=1 1.5x, https:\/\/i0.wp.com\/cepronda.com\/blog\/wp-content\/uploads\/2019\/09\/cropped-earth-11015_1280.jpg?resize=700%2C400&ssl=1 2x, https:\/\/i0.wp.com\/cepronda.com\/blog\/wp-content\/uploads\/2019\/09\/cropped-earth-11015_1280.jpg?resize=1050%2C600&ssl=1 3x, https:\/\/i0.wp.com\/cepronda.com\/blog\/wp-content\/uploads\/2019\/09\/cropped-earth-11015_1280.jpg?resize=1400%2C800&ssl=1 4x"},"classes":[]},{"id":202,"url":"https:\/\/cepronda.com\/blog\/nuevo-curso-no-te-lo-puedes-perder\/","url_meta":{"origin":2237,"position":2},"title":"Nuevo curso&#8230; \u00a1No te lo puedes perder!","author":"V\u00edctor Caballero","date":"10 octubre, 2016","format":false,"excerpt":"Muy buenas, Iniciamos la semana publicitando un curso muy interesante sobre el Aprendizaje basado en proyectos, Flipped Classroom y la Evaluaci\u00f3n de las competencias en Educaci\u00f3n Infantil y Primaria. La fecha de inscripci\u00f3n est\u00e1 abierta hasta el pr\u00f3ximo 17 de octubre, dando comienzo el curso al d\u00eda siguiente. Ser\u00e1n cinco\u2026","rel":"","context":"En \u00abFormaciones\u00bb","block_context":{"text":"Formaciones","link":"https:\/\/cepronda.com\/blog\/category\/formaciones\/"},"img":{"alt_text":"hands-1697898_640","src":"https:\/\/i0.wp.com\/cepronda.com\/blog\/wp-content\/uploads\/2016\/10\/hands-1697898_640-300x200.jpg?resize=350%2C200","width":350,"height":200},"classes":[]},{"id":1427,"url":"https:\/\/cepronda.com\/blog\/semana-intensa-de-cursos-que-comienzan\/","url_meta":{"origin":2237,"position":3},"title":"Semana intensa de cursos que comienzan","author":"V\u00edctor Caballero","date":"13 noviembre, 2017","format":false,"excerpt":"\u00a1Muy buenas familia! Comenzamos otra de esas semanas donde varios cursos muy demandados y solicitados comienzan, siendo preparados con mucha ilusi\u00f3n y cari\u00f1o. As\u00ed... Ma\u00f1ana martes 14 de noviembre, la Red de Educaci\u00f3n Infantil tiene su primera reuni\u00f3n del curso, y entre otras cuestiones van a tener el lujo de\u2026","rel":"","context":"En \u00abNoticias\u00bb","block_context":{"text":"Noticias","link":"https:\/\/cepronda.com\/blog\/category\/noticias\/"},"img":{"alt_text":"","src":"https:\/\/i0.wp.com\/cepronda.com\/blog\/wp-content\/uploads\/2017\/11\/action-2277292_640.jpg?fit=640%2C436&ssl=1&resize=350%2C200","width":350,"height":200,"srcset":"https:\/\/i0.wp.com\/cepronda.com\/blog\/wp-content\/uploads\/2017\/11\/action-2277292_640.jpg?fit=640%2C436&ssl=1&resize=350%2C200 1x, https:\/\/i0.wp.com\/cepronda.com\/blog\/wp-content\/uploads\/2017\/11\/action-2277292_640.jpg?fit=640%2C436&ssl=1&resize=525%2C300 1.5x"},"classes":[]},{"id":205,"url":"https:\/\/cepronda.com\/blog\/curso-de-diseno-de-rubricas\/","url_meta":{"origin":2237,"position":4},"title":"Curso de dise\u00f1o de r\u00fabricas","author":"V\u00edctor Caballero","date":"10 octubre, 2016","format":false,"excerpt":"Muy buenas de nuevo, Empezamos con energ\u00eda esta semana y ponemos en marcha un curso que creemos os puede resultar muy interesante y \u00fatil en clase. Se trata de un curso con seguimiento sobre la evaluaci\u00f3n mediante r\u00fabricas en el que se van a trabajar los siguientes contenidos: 1. Concepto\u2026","rel":"","context":"En \u00abFormaciones\u00bb","block_context":{"text":"Formaciones","link":"https:\/\/cepronda.com\/blog\/category\/formaciones\/"},"img":{"alt_text":"evaluacion","src":"https:\/\/i0.wp.com\/cepronda.com\/blog\/wp-content\/uploads\/2016\/10\/evaluaci%C3%B3n-300x212.jpg?resize=350%2C200","width":350,"height":200},"classes":[]},{"id":1391,"url":"https:\/\/cepronda.com\/blog\/curso-sobre-inteligencia-emocional-y-social-en-el-ambito-educativo\/","url_meta":{"origin":2237,"position":5},"title":"Curso sobre \u00abInteligencia emocional y social en el \u00e1mbito educativo\u00bb","author":"V\u00edctor Caballero","date":"6 noviembre, 2017","format":false,"excerpt":"Muy buenas a todos y a todas, \u00bfQu\u00e9 tal ha ido ese fin de semana \"m\u00e1gico\"? Nosotros por nuestra parte seguimos proponiendo actividades y cursos respondiendo a vuestras demandas del presente curso y del anterior.\u00a0 En este caso se trata de dar respuesta a vuestras necesidades formativas sobre la inteligencia\u2026","rel":"","context":"En \u00abFormaciones\u00bb","block_context":{"text":"Formaciones","link":"https:\/\/cepronda.com\/blog\/category\/formaciones\/"},"img":{"alt_text":"","src":"https:\/\/i0.wp.com\/cepronda.com\/blog\/wp-content\/uploads\/2017\/11\/smilies-2912634_640.jpg?fit=640%2C283&ssl=1&resize=350%2C200","width":350,"height":200,"srcset":"https:\/\/i0.wp.com\/cepronda.com\/blog\/wp-content\/uploads\/2017\/11\/smilies-2912634_640.jpg?fit=640%2C283&ssl=1&resize=350%2C200 1x, https:\/\/i0.wp.com\/cepronda.com\/blog\/wp-content\/uploads\/2017\/11\/smilies-2912634_640.jpg?fit=640%2C283&ssl=1&resize=525%2C300 1.5x"},"classes":[]}],"jetpack_sharing_enabled":true,"_links":{"self":[{"href":"https:\/\/cepronda.com\/blog\/wp-json\/wp\/v2\/posts\/2237","targetHints":{"allow":["GET"]}}],"collection":[{"href":"https:\/\/cepronda.com\/blog\/wp-json\/wp\/v2\/posts"}],"about":[{"href":"https:\/\/cepronda.com\/blog\/wp-json\/wp\/v2\/types\/post"}],"author":[{"embeddable":true,"href":"https:\/\/cepronda.com\/blog\/wp-json\/wp\/v2\/users\/3"}],"replies":[{"embeddable":true,"href":"https:\/\/cepronda.com\/blog\/wp-json\/wp\/v2\/comments?post=2237"}],"version-history":[{"count":1,"href":"https:\/\/cepronda.com\/blog\/wp-json\/wp\/v2\/posts\/2237\/revisions"}],"predecessor-version":[{"id":2239,"href":"https:\/\/cepronda.com\/blog\/wp-json\/wp\/v2\/posts\/2237\/revisions\/2239"}],"wp:featuredmedia":[{"embeddable":true,"href":"https:\/\/cepronda.com\/blog\/wp-json\/wp\/v2\/media\/2238"}],"wp:attachment":[{"href":"https:\/\/cepronda.com\/blog\/wp-json\/wp\/v2\/media?parent=2237"}],"wp:term":[{"taxonomy":"category","embeddable":true,"href":"https:\/\/cepronda.com\/blog\/wp-json\/wp\/v2\/categories?post=2237"},{"taxonomy":"post_tag","embeddable":true,"href":"https:\/\/cepronda.com\/blog\/wp-json\/wp\/v2\/tags?post=2237"}],"curies":[{"name":"wp","href":"https:\/\/api.w.org\/{rel}","templated":true}]}}