{"id":2228,"date":"2018-07-02T09:53:28","date_gmt":"2018-07-02T07:53:28","guid":{"rendered":"http:\/\/cepronda.com\/blog\/?p=2228"},"modified":"2018-07-02T09:53:28","modified_gmt":"2018-07-02T07:53:28","slug":"conoce-la-revista-elaborada-en-el-ceip-santiago-apostol","status":"publish","type":"post","link":"https:\/\/cepronda.com\/blog\/conoce-la-revista-elaborada-en-el-ceip-santiago-apostol\/","title":{"rendered":"Conoce la revista elaborada en el CEIP Santiago Ap\u00f3stol"},"content":{"rendered":"<p>\u00a1Buenos d\u00edas!<\/p>\n<p>Desde el CEIP Santiago Ap\u00f3stol de la Estaci\u00f3n de Gauc\u00edn nos hacen llegar la primera edici\u00f3n de su revista APEGSA, elaborada por el alumnado y el profesorado del centro dentro del programa PROFUNDIZA. Desde el CEP agradecemos al centro que la compartan con nosotras y nosotros, y sobre todo queremos dar la enhorabuena a todas las personas que han hecho posible este proyecto y esta publicaci\u00f3n. Para poder verla s\u00f3lo ten\u00e9is que seguir el siguiente enlace.&nbsp;<\/p>\n<p><a href=\"http:\/\/cepronda.com\/blog\/wp-content\/uploads\/2018\/07\/Periodico-profundiza-APEGSA.pdf\">Peri\u00f3dico profundiza APEGSA<\/a>&nbsp;<\/p>\n<p><a href=\"https:\/\/i0.wp.com\/cepronda.com\/blog\/wp-content\/uploads\/2018\/07\/Imagen1.png\"><img data-recalc-dims=\"1\" loading=\"lazy\" decoding=\"async\" class=\"aligncenter wp-image-2230 size-full\" src=\"https:\/\/i0.wp.com\/cepronda.com\/blog\/wp-content\/uploads\/2018\/07\/Imagen1.png?resize=506%2C582\" alt=\"\" width=\"506\" height=\"582\" srcset=\"https:\/\/i0.wp.com\/cepronda.com\/blog\/wp-content\/uploads\/2018\/07\/Imagen1.png?w=506&amp;ssl=1 506w, https:\/\/i0.wp.com\/cepronda.com\/blog\/wp-content\/uploads\/2018\/07\/Imagen1.png?resize=261%2C300&amp;ssl=1 261w\" sizes=\"auto, (max-width: 506px) 100vw, 506px\" \/><\/a><\/p>\n","protected":false},"excerpt":{"rendered":"<p>\u00a1Buenos d\u00edas! Desde el CEIP Santiago Ap\u00f3stol de la Estaci\u00f3n de Gauc\u00edn nos hacen llegar la primera edici\u00f3n de su revista APEGSA, elaborada por el alumnado y el profesorado del centro dentro del programa PROFUNDIZA. Desde el CEP agradecemos al centro que la compartan con nosotras y nosotros, y sobre todo queremos dar la enhorabuena [&hellip;]<\/p>\n","protected":false},"author":3,"featured_media":2230,"comment_status":"open","ping_status":"open","sticky":false,"template":"","format":"standard","meta":{"_crdt_document":"","advanced_seo_description":"","jetpack_seo_html_title":"","jetpack_seo_noindex":false,"jetpack_post_was_ever_published":false,"_jetpack_newsletter_access":"","_jetpack_dont_email_post_to_subs":false,"_jetpack_newsletter_tier_id":0,"_jetpack_memberships_contains_paywalled_content":false,"_jetpack_memberships_contains_paid_content":false,"footnotes":"","jetpack_publicize_message":"","jetpack_publicize_feature_enabled":true,"jetpack_social_post_already_shared":true,"jetpack_social_options":{"image_generator_settings":{"template":"highway","default_image_id":0,"font":"","enabled":false},"version":2}},"categories":[5],"tags":[132],"class_list":{"0":"post-2228","1":"post","2":"type-post","3":"status-publish","4":"format-standard","5":"has-post-thumbnail","7":"category-noticias","8":"tag-proyectos","9":"czr-hentry"},"jetpack_publicize_connections":[],"jetpack_featured_media_url":"https:\/\/i0.wp.com\/cepronda.com\/blog\/wp-content\/uploads\/2018\/07\/Imagen1.png?fit=506%2C582&ssl=1","jetpack_shortlink":"https:\/\/wp.me\/p8M4X7-zW","jetpack-related-posts":[{"id":5374,"url":"https:\/\/cepronda.com\/blog\/actividades-destacadas-de-nuestros-centros-ceip-san-agustin-el-burgo\/","url_meta":{"origin":2228,"position":0},"title":"ACTIVIDADES DESTACADAS DE NUESTROS CENTROS: CEIP SAN AGUST\u00cdN (EL BURGO)","author":"V\u00edctor Caballero","date":"15 junio, 2022","format":false,"excerpt":"Desde el centro del Profesorado de Ronda queremos compartir actividades destacadas de nuestros centros como pr\u00e1cticas educativas de \u00e9xito que creemos que deben ser difundidas para su conocimiento. \u00a0 En este caso tenemos las siguientes actividades desarrolladas en el tercer trimestre por el CEIP San Agust\u00edn (El Burgo). \u00a0 En\u2026","rel":"","context":"En \u00abNoticias\u00bb","block_context":{"text":"Noticias","link":"https:\/\/cepronda.com\/blog\/category\/noticias\/"},"img":{"alt_text":"","src":"https:\/\/i0.wp.com\/cepronda.com\/blog\/wp-content\/uploads\/2022\/06\/Captura-de-pantalla-2022-06-15-a-las-14.37.14.png?fit=870%2C832&ssl=1&resize=350%2C200","width":350,"height":200,"srcset":"https:\/\/i0.wp.com\/cepronda.com\/blog\/wp-content\/uploads\/2022\/06\/Captura-de-pantalla-2022-06-15-a-las-14.37.14.png?fit=870%2C832&ssl=1&resize=350%2C200 1x, https:\/\/i0.wp.com\/cepronda.com\/blog\/wp-content\/uploads\/2022\/06\/Captura-de-pantalla-2022-06-15-a-las-14.37.14.png?fit=870%2C832&ssl=1&resize=525%2C300 1.5x, https:\/\/i0.wp.com\/cepronda.com\/blog\/wp-content\/uploads\/2022\/06\/Captura-de-pantalla-2022-06-15-a-las-14.37.14.png?fit=870%2C832&ssl=1&resize=700%2C400 2x"},"classes":[]},{"id":2802,"url":"https:\/\/cepronda.com\/blog\/jornada-botanica-en-el-ceip-san-agustin-de-el-burgo\/","url_meta":{"origin":2228,"position":1},"title":"Jornada bot\u00e1nica en el CEIP San Agust\u00edn de El Burgo","author":"V\u00edctor Caballero","date":"15 mayo, 2019","format":false,"excerpt":"Muy buenas familia, Desde el CEIP San Agust\u00edn de El Burgo quieren compartir con todas y todos nosotros la actividad realizada el pasado jueves 9 de mayo, donde el alumnado de 3\u00ba y 4\u00ba de Primaria del CEIP San Agust\u00edn llev\u00f3 a cabo diversas actividades de acercamiento a la\u00a0flora\u00a0y\u00a0fauna\u00a0del\u00a0pinsapar. Para\u2026","rel":"","context":"En \u00abNoticias\u00bb","block_context":{"text":"Noticias","link":"https:\/\/cepronda.com\/blog\/category\/noticias\/"},"img":{"alt_text":"","src":"https:\/\/i0.wp.com\/cepronda.com\/blog\/wp-content\/uploads\/2019\/05\/IMG_7444.jpg?fit=400%2C266&ssl=1&resize=350%2C200","width":350,"height":200},"classes":[]},{"id":9268,"url":"https:\/\/cepronda.com\/blog\/9268-2\/","url_meta":{"origin":2228,"position":2},"title":"AGRADECIMIENTO AL CEIP SIERRA  DE LAS NIEVES","author":"Encarni Jim\u00e9nez Rosado","date":"28 enero, 2026","format":false,"excerpt":"Desde el Centro del Profesorado de Ronda queremos agradecer y reconocer el excelente trabajo que est\u00e1 realizando el CEIP Sierra de las Nieves a trav\u00e9s de su proyecto de apadrinamiento escolar. Su labor educativa, basada en la solidaridad, el compromiso y el acompa\u00f1amiento, nos recuerda que la educaci\u00f3n es una\u2026","rel":"","context":"En \u00abNoticias\u00bb","block_context":{"text":"Noticias","link":"https:\/\/cepronda.com\/blog\/category\/noticias\/"},"img":{"alt_text":"","src":"https:\/\/i0.wp.com\/cepronda.com\/blog\/wp-content\/uploads\/2026\/01\/Copia-de-Copia-de-CEP-MOTOR-INTERNACIONALIZACION-PRIMEROS-PASOS.pptx.jpg?fit=960%2C1200&ssl=1&resize=350%2C200","width":350,"height":200,"srcset":"https:\/\/i0.wp.com\/cepronda.com\/blog\/wp-content\/uploads\/2026\/01\/Copia-de-Copia-de-CEP-MOTOR-INTERNACIONALIZACION-PRIMEROS-PASOS.pptx.jpg?fit=960%2C1200&ssl=1&resize=350%2C200 1x, https:\/\/i0.wp.com\/cepronda.com\/blog\/wp-content\/uploads\/2026\/01\/Copia-de-Copia-de-CEP-MOTOR-INTERNACIONALIZACION-PRIMEROS-PASOS.pptx.jpg?fit=960%2C1200&ssl=1&resize=525%2C300 1.5x, https:\/\/i0.wp.com\/cepronda.com\/blog\/wp-content\/uploads\/2026\/01\/Copia-de-Copia-de-CEP-MOTOR-INTERNACIONALIZACION-PRIMEROS-PASOS.pptx.jpg?fit=960%2C1200&ssl=1&resize=700%2C400 2x"},"classes":[]},{"id":1785,"url":"https:\/\/cepronda.com\/blog\/video-final-de-las-actividades-del-dia-del-libro-en-el-ceip-virgen-de-la-cabeza\/","url_meta":{"origin":2228,"position":3},"title":"V\u00eddeo final de las actividades del D\u00eda del Libro en el CEIP Virgen de la Cabeza","author":"V\u00edctor Caballero","date":"7 mayo, 2018","format":false,"excerpt":"Muy buenas,\u00a0 Como os cont\u00e1bamos hace un par de semanas en el CEIP Virgen de la Cabeza\u00a0 estaban realizando un trabajo magn\u00edfico entre el profesorado y el alumnado, tomando como eje el libro de \"La vuelta al mundo en 80 d\u00edas\". Me acaban de pasar el enlace al v\u00eddeo que\u2026","rel":"","context":"En \u00abNoticias\u00bb","block_context":{"text":"Noticias","link":"https:\/\/cepronda.com\/blog\/category\/noticias\/"},"img":{"alt_text":"","src":"https:\/\/i0.wp.com\/cepronda.com\/blog\/wp-content\/uploads\/2018\/04\/002Lisa-mascota-biblio7.jpg?fit=247%2C270&ssl=1&resize=350%2C200","width":350,"height":200},"classes":[]},{"id":1675,"url":"https:\/\/cepronda.com\/blog\/experiencia-del-ceip-virgen-de-la-cabeza\/","url_meta":{"origin":2228,"position":4},"title":"Experiencia del CEIP Virgen de la Cabeza","author":"V\u00edctor Caballero","date":"9 abril, 2018","format":false,"excerpt":"Hola familia, Desde el equipo de trabajo de la biblioteca del CEIP Virgen de la Cabeza quieren compartir con todos y todas nosotras el trabajo que han estado realizando en estas \u00faltimas semanas. Ya desde el curso pasado dieron un giro en el trabajo alrededor del d\u00eda de Andaluc\u00eda, y\u2026","rel":"","context":"En \u00abNoticias\u00bb","block_context":{"text":"Noticias","link":"https:\/\/cepronda.com\/blog\/category\/noticias\/"},"img":{"alt_text":"","src":"https:\/\/i0.wp.com\/cepronda.com\/blog\/wp-content\/uploads\/2018\/04\/Foto-de-Helena-Gonzalez-1-e1523264588222-283x300.jpg?resize=350%2C200","width":350,"height":200},"classes":[]},{"id":2550,"url":"https:\/\/cepronda.com\/blog\/trabajando-el-dia-de-la-lectura-en-nuestros-centros\/","url_meta":{"origin":2228,"position":5},"title":"Trabajando el d\u00eda de la lectura en nuestros centros","author":"V\u00edctor Caballero","date":"20 diciembre, 2018","format":false,"excerpt":"Muy buenas familia, nos est\u00e1n llegando algunos ejemplos de las actividades que hab\u00e9is trabajado en vuestros centros con motivo del D\u00eda de la Lectura. En este caso se trata de una actividad del CEIP Juan Mart\u00edn Pinz\u00f3n donde decidieron homenajear a las Misiones Pedag\u00f3gicas, y por otro lado el CEIP\u2026","rel":"","context":"En \u00abNoticias\u00bb","block_context":{"text":"Noticias","link":"https:\/\/cepronda.com\/blog\/category\/noticias\/"},"img":{"alt_text":"","src":"https:\/\/i0.wp.com\/cepronda.com\/blog\/wp-content\/uploads\/2018\/12\/girl-160172_1280.png?fit=600%2C1200&ssl=1&resize=350%2C200","width":350,"height":200,"srcset":"https:\/\/i0.wp.com\/cepronda.com\/blog\/wp-content\/uploads\/2018\/12\/girl-160172_1280.png?fit=600%2C1200&ssl=1&resize=350%2C200 1x, https:\/\/i0.wp.com\/cepronda.com\/blog\/wp-content\/uploads\/2018\/12\/girl-160172_1280.png?fit=600%2C1200&ssl=1&resize=525%2C300 1.5x"},"classes":[]}],"jetpack_sharing_enabled":true,"_links":{"self":[{"href":"https:\/\/cepronda.com\/blog\/wp-json\/wp\/v2\/posts\/2228","targetHints":{"allow":["GET"]}}],"collection":[{"href":"https:\/\/cepronda.com\/blog\/wp-json\/wp\/v2\/posts"}],"about":[{"href":"https:\/\/cepronda.com\/blog\/wp-json\/wp\/v2\/types\/post"}],"author":[{"embeddable":true,"href":"https:\/\/cepronda.com\/blog\/wp-json\/wp\/v2\/users\/3"}],"replies":[{"embeddable":true,"href":"https:\/\/cepronda.com\/blog\/wp-json\/wp\/v2\/comments?post=2228"}],"version-history":[{"count":1,"href":"https:\/\/cepronda.com\/blog\/wp-json\/wp\/v2\/posts\/2228\/revisions"}],"predecessor-version":[{"id":2231,"href":"https:\/\/cepronda.com\/blog\/wp-json\/wp\/v2\/posts\/2228\/revisions\/2231"}],"wp:featuredmedia":[{"embeddable":true,"href":"https:\/\/cepronda.com\/blog\/wp-json\/wp\/v2\/media\/2230"}],"wp:attachment":[{"href":"https:\/\/cepronda.com\/blog\/wp-json\/wp\/v2\/media?parent=2228"}],"wp:term":[{"taxonomy":"category","embeddable":true,"href":"https:\/\/cepronda.com\/blog\/wp-json\/wp\/v2\/categories?post=2228"},{"taxonomy":"post_tag","embeddable":true,"href":"https:\/\/cepronda.com\/blog\/wp-json\/wp\/v2\/tags?post=2228"}],"curies":[{"name":"wp","href":"https:\/\/api.w.org\/{rel}","templated":true}]}}