{"id":2202,"date":"2018-06-28T11:14:12","date_gmt":"2018-06-28T09:14:12","guid":{"rendered":"http:\/\/cepronda.com\/blog\/?p=2202"},"modified":"2018-06-28T11:14:12","modified_gmt":"2018-06-28T09:14:12","slug":"premio-al-merito-educativo-en-malaga","status":"publish","type":"post","link":"https:\/\/cepronda.com\/blog\/premio-al-merito-educativo-en-malaga\/","title":{"rendered":"Premio al m\u00e9rito educativo en M\u00e1laga"},"content":{"rendered":"<p>Muy buenas,&nbsp;<\/p>\n<p>Ayer tarde tuvo lugar una celebraci\u00f3n muy especial en M\u00e1laga, el reconocimiento a distintos colectivos y personas con el M\u00e9rito Educativo Provincial. Al mismo asistieron todos las personas premiadas, as\u00ed como una representaci\u00f3n de nuestro CEP. Y es que tuvimos la suerte de que se hicieron entrega de dos reconocimientos a personas y entidades de nuestro \u00e1mbito. As\u00ed por un lado, se reconoci\u00f3 el trabajo de las Residencias Escolares de la provincia, inclu\u00e7ida claro est\u00e1 la Residencia Escolar Valle del Guadiaro.&nbsp;<\/p>\n<p>Y por otro lado, se reconoci\u00f3 la labor del docente Antonio Marcos Naz Lucena, del IES Mart\u00edn Rivero, por su labor con el alumnado y la potenciaci\u00f3n de la labor investigativa en clase, a trav\u00e9s del departamento de I+D+I.&nbsp;<\/p>\n<p>Os dejamos con algunas fotos del acto, y desde aqu\u00ed volvemos a reiterar nuestra felicitaci\u00f3n a todas las personas premiadas.<\/p>\n<p>[ngg_images source=\u00bbgalleries\u00bb container_ids=\u00bb17&#8243; display_type=\u00bbphotocrati-nextgen_basic_slideshow\u00bb gallery_width=\u00bb600&#8243; gallery_height=\u00bb400&#8243; cycle_effect=\u00bbshuffle\u00bb cycle_interval=\u00bb5&#8243; show_thumbnail_link=\u00bb1&#8243; thumbnail_link_text=\u00bb[Mostrar miniaturas]\u00bb order_by=\u00bbsortorder\u00bb order_direction=\u00bbASC\u00bb returns=\u00bbincluded\u00bb maximum_entity_count=\u00bb500&#8243;]<\/p>\n","protected":false},"excerpt":{"rendered":"<p>Muy buenas,&nbsp; Ayer tarde tuvo lugar una celebraci\u00f3n muy especial en M\u00e1laga, el reconocimiento a distintos colectivos y personas con el M\u00e9rito Educativo Provincial. Al mismo asistieron todos las personas premiadas, as\u00ed como una representaci\u00f3n de nuestro CEP. Y es que tuvimos la suerte de que se hicieron entrega de dos reconocimientos a personas y [&hellip;]<\/p>\n","protected":false},"author":3,"featured_media":2225,"comment_status":"open","ping_status":"open","sticky":false,"template":"","format":"standard","meta":{"_crdt_document":"","advanced_seo_description":"","jetpack_seo_html_title":"","jetpack_seo_noindex":false,"jetpack_post_was_ever_published":false,"_jetpack_newsletter_access":"","_jetpack_dont_email_post_to_subs":false,"_jetpack_newsletter_tier_id":0,"_jetpack_memberships_contains_paywalled_content":false,"_jetpack_memberships_contains_paid_content":false,"footnotes":"","jetpack_publicize_message":"","jetpack_publicize_feature_enabled":true,"jetpack_social_post_already_shared":true,"jetpack_social_options":{"image_generator_settings":{"template":"highway","default_image_id":0,"font":"","enabled":false},"version":2}},"categories":[5],"tags":[57],"class_list":{"0":"post-2202","1":"post","2":"type-post","3":"status-publish","4":"format-standard","5":"has-post-thumbnail","7":"category-noticias","8":"tag-premios","9":"czr-hentry"},"jetpack_publicize_connections":[],"jetpack_featured_media_url":"https:\/\/i0.wp.com\/cepronda.com\/blog\/wp-content\/uploads\/2018\/06\/IMG-20180628-WA0002.jpg?fit=1600%2C1200&ssl=1","jetpack_shortlink":"https:\/\/wp.me\/p8M4X7-zw","jetpack-related-posts":[{"id":583,"url":"https:\/\/cepronda.com\/blog\/actividades-a-nivel-regional-en-malaga-congreso-andaluz-de-tecnologia-y-jornada-de-orientacion-educativa\/","url_meta":{"origin":2202,"position":0},"title":"Actividades a nivel regional en M\u00e1laga: Congreso Andaluz de Tecnolog\u00eda y Jornada de Orientaci\u00f3n educativa","author":"V\u00edctor Caballero","date":"9 enero, 2017","format":false,"excerpt":"Muy buenas, Desde el CEP de M\u00e1laga nos informan de estas dos actividades que se van a realizar pr\u00f3ximamente y que creemos que a algunas personas os puede interesar. Por un lado el\u00a0 I Congreso Andaluz de Tecnolog\u00eda nace con la intenci\u00f3n de crear un espacio peri\u00f3dico de encuentro, reflexi\u00f3n\u2026","rel":"","context":"En \u00abNoticias\u00bb","block_context":{"text":"Noticias","link":"https:\/\/cepronda.com\/blog\/category\/noticias\/"},"img":{"alt_text":"","src":"","width":0,"height":0},"classes":[]},{"id":2186,"url":"https:\/\/cepronda.com\/blog\/uno-de-nuestros-docentes-premiado-con-el-merito-educativo-provincial\/","url_meta":{"origin":2202,"position":1},"title":"Uno de nuestros docentes premiado con el M\u00e9rito Educativo Provincial","author":"V\u00edctor Caballero","date":"22 junio, 2018","format":false,"excerpt":"\u00a1Hola familia! Seguimos con buenas noticias para los centros y el profesorado de nuestra zona. en este caso, se le ha concedido un premio al M\u00e9rito Educativo Provincial a Antonio Marcos Naz Lucena, docente del IES Mart\u00edn Rivero. Desde el CEP queremos felicitarle y darle nuestra enhorabuena por el gran\u2026","rel":"","context":"En \u00abNoticias\u00bb","block_context":{"text":"Noticias","link":"https:\/\/cepronda.com\/blog\/category\/noticias\/"},"img":{"alt_text":"","src":"https:\/\/i0.wp.com\/cepronda.com\/blog\/wp-content\/uploads\/2018\/06\/INVITACION-M%C3%89RITO-EDUCATIVO-1.jpg?fit=1024%2C714&ssl=1&resize=350%2C200","width":350,"height":200,"srcset":"https:\/\/i0.wp.com\/cepronda.com\/blog\/wp-content\/uploads\/2018\/06\/INVITACION-M%C3%89RITO-EDUCATIVO-1.jpg?fit=1024%2C714&ssl=1&resize=350%2C200 1x, https:\/\/i0.wp.com\/cepronda.com\/blog\/wp-content\/uploads\/2018\/06\/INVITACION-M%C3%89RITO-EDUCATIVO-1.jpg?fit=1024%2C714&ssl=1&resize=525%2C300 1.5x, https:\/\/i0.wp.com\/cepronda.com\/blog\/wp-content\/uploads\/2018\/06\/INVITACION-M%C3%89RITO-EDUCATIVO-1.jpg?fit=1024%2C714&ssl=1&resize=700%2C400 2x"},"classes":[]},{"id":3298,"url":"https:\/\/cepronda.com\/blog\/formacion-destinada-a-jueces-y-juezas-de-debate\/","url_meta":{"origin":2202,"position":2},"title":"FORMACI\u00d3N DESTINADA A JUECES Y JUEZAS DE DEBATE","author":"V\u00edctor Caballero","date":"9 enero, 2020","format":false,"excerpt":"Muy buenos d\u00edas, Os trasladamos esta informaci\u00f3n a nivel provincial para todas aquellas personas que est\u00e9n interesadas en formarse para ser jueces y juezas en los torneos de debate. Desde hoy, pod\u00e9is inscribiros en el curso sobre debate educativo que\u00a0 os enlazo m\u00e1s abajo y que est\u00e1 organizado por el\u2026","rel":"","context":"En \u00abFormaciones\u00bb","block_context":{"text":"Formaciones","link":"https:\/\/cepronda.com\/blog\/category\/formaciones\/"},"img":{"alt_text":"","src":"https:\/\/i0.wp.com\/cepronda.com\/blog\/wp-content\/uploads\/2020\/01\/image.png?fit=400%2C566&ssl=1&resize=350%2C200","width":350,"height":200},"classes":[]},{"id":1304,"url":"https:\/\/cepronda.com\/blog\/contigoaprendi-una-campana-muy-bonita\/","url_meta":{"origin":2202,"position":3},"title":"#ContigoAprend\u00ed: una campa\u00f1a muy bonita","author":"V\u00edctor Caballero","date":"3 octubre, 2017","format":false,"excerpt":"La\u00a0Consejer\u00eda de Educaci\u00f3n\u00a0ha puesto en marcha la campa\u00f1a 'Contigo Aprend\u00ed' en las redes sociales para prestigiar la labor del profesorado andaluz con motivo de la celebraci\u00f3n el 5 de octubre del D\u00eda Internacional del Docente. El objetivo es reconocer y agradecer el importante trabajo que realizan en Andaluc\u00eda m\u00e1s de\u2026","rel":"","context":"En \u00abNoticias\u00bb","block_context":{"text":"Noticias","link":"https:\/\/cepronda.com\/blog\/category\/noticias\/"},"img":{"alt_text":"","src":"https:\/\/i0.wp.com\/cepronda.com\/blog\/wp-content\/uploads\/2017\/10\/1506677986967docenteAmpDet.jpg?fit=800%2C450&ssl=1&resize=350%2C200","width":350,"height":200,"srcset":"https:\/\/i0.wp.com\/cepronda.com\/blog\/wp-content\/uploads\/2017\/10\/1506677986967docenteAmpDet.jpg?fit=800%2C450&ssl=1&resize=350%2C200 1x, https:\/\/i0.wp.com\/cepronda.com\/blog\/wp-content\/uploads\/2017\/10\/1506677986967docenteAmpDet.jpg?fit=800%2C450&ssl=1&resize=525%2C300 1.5x, https:\/\/i0.wp.com\/cepronda.com\/blog\/wp-content\/uploads\/2017\/10\/1506677986967docenteAmpDet.jpg?fit=800%2C450&ssl=1&resize=700%2C400 2x"},"classes":[]},{"id":5198,"url":"https:\/\/cepronda.com\/blog\/la-comunidad-educativa-en-la-escuela-rural-cooperacion-y-convivencia\/","url_meta":{"origin":2202,"position":4},"title":"LA COMUNIDAD EDUCATIVA EN LA ESCUELA RURAL. COOPERACI\u00d3N Y CONVIVENCIA.","author":"Inmaculada Garc\u00eda","date":"29 marzo, 2022","format":false,"excerpt":"Estimados compa\u00f1eros y compa\u00f1eras, os informamos de que sigue abierto el plazo de inscripci\u00f3n para la actividad formativa LA COMUNIDAD EDUCATIVA EN LA ESCUELA RURAL. COOPERACI\u00d3N Y CONVIVENCIA, una formaci\u00f3n espec\u00edfica para el profesorado que ejerce su labor docente en Centros P\u00fablicos Rurales de la provincia de M\u00e1laga que comenzar\u00e1\u2026","rel":"","context":"En \u00abFormaciones\u00bb","block_context":{"text":"Formaciones","link":"https:\/\/cepronda.com\/blog\/category\/formaciones\/"},"img":{"alt_text":"","src":"https:\/\/i0.wp.com\/cepronda.com\/blog\/wp-content\/uploads\/2022\/03\/estrategias-para-la-convivencia-en-el-centro-rural-5.png?fit=848%2C1200&ssl=1&resize=350%2C200","width":350,"height":200,"srcset":"https:\/\/i0.wp.com\/cepronda.com\/blog\/wp-content\/uploads\/2022\/03\/estrategias-para-la-convivencia-en-el-centro-rural-5.png?fit=848%2C1200&ssl=1&resize=350%2C200 1x, https:\/\/i0.wp.com\/cepronda.com\/blog\/wp-content\/uploads\/2022\/03\/estrategias-para-la-convivencia-en-el-centro-rural-5.png?fit=848%2C1200&ssl=1&resize=525%2C300 1.5x, https:\/\/i0.wp.com\/cepronda.com\/blog\/wp-content\/uploads\/2022\/03\/estrategias-para-la-convivencia-en-el-centro-rural-5.png?fit=848%2C1200&ssl=1&resize=700%2C400 2x"},"classes":[]},{"id":7270,"url":"https:\/\/cepronda.com\/blog\/formacion-logica-y-razonamiento-matematico-a-traves-del-ajedrez-educativo-242922ge012\/","url_meta":{"origin":2202,"position":5},"title":"FORMACI\u00d3N: L\u00d3GICA Y RAZONAMIENTO MATEM\u00c1TICO A TRAV\u00c9S DEL AJEDREZ EDUCATIVO (242922GE012)","author":"Inmaculada Garc\u00eda","date":"11 diciembre, 2023","format":false,"excerpt":"Abierto el plazo de inscripci\u00f3n para el curso presencial, destinado a docentes de la ense\u00f1anza p\u00fablica: L\u00d3GICA Y RAZONAMIENTO MATEM\u00c1TICO A TRAV\u00c9S DEL AJEDREZ EDUCATIVO (242922GE012) Duraci\u00f3n: 15 horas Plazo de inscripci\u00f3n: 11\/12\/2023 hasta 11\/01\/2024 Fechas de realizaci\u00f3n: 18\/01\/2024 hasta 15\/02\/2024 Lugar de realizaci\u00f3n: CEP DE M\u00c1LAGA M\u00e1s informaci\u00f3n e\u2026","rel":"","context":"En \u00abFormaciones\u00bb","block_context":{"text":"Formaciones","link":"https:\/\/cepronda.com\/blog\/category\/formaciones\/"},"img":{"alt_text":"","src":"https:\/\/i0.wp.com\/cepronda.com\/blog\/wp-content\/uploads\/2023\/12\/410355709_872387644523579_4404426349770499370_n.jpg?fit=1080%2C1080&ssl=1&resize=350%2C200","width":350,"height":200,"srcset":"https:\/\/i0.wp.com\/cepronda.com\/blog\/wp-content\/uploads\/2023\/12\/410355709_872387644523579_4404426349770499370_n.jpg?fit=1080%2C1080&ssl=1&resize=350%2C200 1x, https:\/\/i0.wp.com\/cepronda.com\/blog\/wp-content\/uploads\/2023\/12\/410355709_872387644523579_4404426349770499370_n.jpg?fit=1080%2C1080&ssl=1&resize=525%2C300 1.5x, https:\/\/i0.wp.com\/cepronda.com\/blog\/wp-content\/uploads\/2023\/12\/410355709_872387644523579_4404426349770499370_n.jpg?fit=1080%2C1080&ssl=1&resize=700%2C400 2x, https:\/\/i0.wp.com\/cepronda.com\/blog\/wp-content\/uploads\/2023\/12\/410355709_872387644523579_4404426349770499370_n.jpg?fit=1080%2C1080&ssl=1&resize=1050%2C600 3x"},"classes":[]}],"jetpack_sharing_enabled":true,"_links":{"self":[{"href":"https:\/\/cepronda.com\/blog\/wp-json\/wp\/v2\/posts\/2202","targetHints":{"allow":["GET"]}}],"collection":[{"href":"https:\/\/cepronda.com\/blog\/wp-json\/wp\/v2\/posts"}],"about":[{"href":"https:\/\/cepronda.com\/blog\/wp-json\/wp\/v2\/types\/post"}],"author":[{"embeddable":true,"href":"https:\/\/cepronda.com\/blog\/wp-json\/wp\/v2\/users\/3"}],"replies":[{"embeddable":true,"href":"https:\/\/cepronda.com\/blog\/wp-json\/wp\/v2\/comments?post=2202"}],"version-history":[{"count":1,"href":"https:\/\/cepronda.com\/blog\/wp-json\/wp\/v2\/posts\/2202\/revisions"}],"predecessor-version":[{"id":2226,"href":"https:\/\/cepronda.com\/blog\/wp-json\/wp\/v2\/posts\/2202\/revisions\/2226"}],"wp:featuredmedia":[{"embeddable":true,"href":"https:\/\/cepronda.com\/blog\/wp-json\/wp\/v2\/media\/2225"}],"wp:attachment":[{"href":"https:\/\/cepronda.com\/blog\/wp-json\/wp\/v2\/media?parent=2202"}],"wp:term":[{"taxonomy":"category","embeddable":true,"href":"https:\/\/cepronda.com\/blog\/wp-json\/wp\/v2\/categories?post=2202"},{"taxonomy":"post_tag","embeddable":true,"href":"https:\/\/cepronda.com\/blog\/wp-json\/wp\/v2\/tags?post=2202"}],"curies":[{"name":"wp","href":"https:\/\/api.w.org\/{rel}","templated":true}]}}