{"id":2200,"date":"2018-06-26T10:00:05","date_gmt":"2018-06-26T08:00:05","guid":{"rendered":"http:\/\/cepronda.com\/blog\/?p=2200"},"modified":"2025-04-28T11:59:00","modified_gmt":"2025-04-28T09:59:00","slug":"instrucciones-sobre-programas-educativos-para-el-proximo-curso-escolar","status":"publish","type":"post","link":"https:\/\/cepronda.com\/blog\/instrucciones-sobre-programas-educativos-para-el-proximo-curso-escolar\/","title":{"rendered":"Instrucciones sobre Programas educativos para el pr\u00f3ximo curso escolar"},"content":{"rendered":"<p>\u00a1Hola familia!<\/p>\n<p>Pensando ya en el pr\u00f3ximo curso escolar os informamos que han salido publicadas las instrucciones por las que se efect\u00faa la convocatoria de programas educativos para el pr\u00f3ximo curso escolar. Para acceder a las mismas s\u00f3lo ten\u00e9is que <a href=\"http:\/\/www.juntadeandalucia.es\/educacion\/portals\/abaco-portlet\/content\/b3a882b9-ac15-4bed-88da-48def037f3f5\" target=\"_blank\" rel=\"noopener\">seguir este enlace<\/a>. Un saludo.<\/p>\n<p>&nbsp;<a href=\"https:\/\/i0.wp.com\/cepronda.com\/blog\/wp-content\/uploads\/2017\/05\/logo_ja_ce_mejor.jpg\" target=\"_blank\" rel=\"noopener\"><img data-recalc-dims=\"1\" loading=\"lazy\" decoding=\"async\" class=\"aligncenter wp-image-848 size-medium\" src=\"https:\/\/i0.wp.com\/cepronda.com\/blog\/wp-content\/uploads\/2017\/05\/logo_ja_ce_mejor-300x246.jpg?resize=300%2C246\" alt=\"\" width=\"300\" height=\"246\" srcset=\"https:\/\/i0.wp.com\/cepronda.com\/blog\/wp-content\/uploads\/2017\/05\/logo_ja_ce_mejor.jpg?resize=300%2C246&amp;ssl=1 300w, https:\/\/i0.wp.com\/cepronda.com\/blog\/wp-content\/uploads\/2017\/05\/logo_ja_ce_mejor.jpg?w=732&amp;ssl=1 732w\" sizes=\"auto, (max-width: 300px) 100vw, 300px\" \/><\/a><\/p>\n","protected":false},"excerpt":{"rendered":"<p>\u00a1Hola familia! Pensando ya en el pr\u00f3ximo curso escolar os informamos que han salido publicadas las instrucciones por las que se efect\u00faa la convocatoria de programas educativos para el pr\u00f3ximo curso escolar. Para acceder a las mismas s\u00f3lo ten\u00e9is que seguir este enlace. Un saludo. &nbsp;<\/p>\n","protected":false},"author":3,"featured_media":848,"comment_status":"open","ping_status":"open","sticky":false,"template":"","format":"standard","meta":{"_crdt_document":"","advanced_seo_description":"","jetpack_seo_html_title":"","jetpack_seo_noindex":false,"jetpack_post_was_ever_published":false,"_jetpack_newsletter_access":"","_jetpack_dont_email_post_to_subs":false,"_jetpack_newsletter_tier_id":0,"_jetpack_memberships_contains_paywalled_content":false,"_jetpack_memberships_contains_paid_content":false,"footnotes":"","jetpack_publicize_message":"","jetpack_publicize_feature_enabled":true,"jetpack_social_post_already_shared":true,"jetpack_social_options":{"image_generator_settings":{"template":"highway","default_image_id":0,"font":"","enabled":false},"version":2}},"categories":[3,5],"tags":[56],"class_list":{"0":"post-2200","1":"post","2":"type-post","3":"status-publish","4":"format-standard","5":"has-post-thumbnail","7":"category-formaciones","8":"category-noticias","9":"tag-planes-y-programas","10":"czr-hentry"},"jetpack_publicize_connections":[],"jetpack_featured_media_url":"https:\/\/i0.wp.com\/cepronda.com\/blog\/wp-content\/uploads\/2017\/05\/logo_ja_ce_mejor.jpg?fit=732%2C600&ssl=1","jetpack_shortlink":"https:\/\/wp.me\/p8M4X7-zu","jetpack-related-posts":[{"id":1952,"url":"https:\/\/cepronda.com\/blog\/en-junio-evaluacion-y-certificacion-de-los-programas-educativos\/","url_meta":{"origin":2200,"position":0},"title":"En junio, Evaluaci\u00f3n y Certificaci\u00f3n de los Programas Educativos","author":"V\u00edctor Caballero","date":"28 mayo, 2018","format":false,"excerpt":"Muy buenas, comenzamos la semana compartiendo estas instrucciones sobre la evaluaci\u00f3n y certificaci\u00f3n de los programas educativos de este curso escolar. Para acceder a la informaci\u00f3n sigue este enlace \u00a0 \u00a0","rel":"","context":"En \u00abNoticias\u00bb","block_context":{"text":"Noticias","link":"https:\/\/cepronda.com\/blog\/category\/noticias\/"},"img":{"alt_text":"","src":"https:\/\/i0.wp.com\/cepronda.com\/blog\/wp-content\/uploads\/2017\/05\/logo_ja_ce_mejor.jpg?fit=732%2C600&ssl=1&resize=350%2C200","width":350,"height":200,"srcset":"https:\/\/i0.wp.com\/cepronda.com\/blog\/wp-content\/uploads\/2017\/05\/logo_ja_ce_mejor.jpg?fit=732%2C600&ssl=1&resize=350%2C200 1x, https:\/\/i0.wp.com\/cepronda.com\/blog\/wp-content\/uploads\/2017\/05\/logo_ja_ce_mejor.jpg?fit=732%2C600&ssl=1&resize=525%2C300 1.5x, https:\/\/i0.wp.com\/cepronda.com\/blog\/wp-content\/uploads\/2017\/05\/logo_ja_ce_mejor.jpg?fit=732%2C600&ssl=1&resize=700%2C400 2x"},"classes":[]},{"id":2264,"url":"https:\/\/cepronda.com\/blog\/convocatorias-de-grupos-de-trabajo-formaciones-en-centro-y-programas-educativos\/","url_meta":{"origin":2200,"position":1},"title":"Convocatorias de grupos de trabajo, formaciones en centro y programas educativos","author":"V\u00edctor Caballero","date":"6 septiembre, 2018","format":false,"excerpt":"Seguimos con las informaciones de principio de curso, y en este caso se trata de informaros\u00a0 sobre las tres instrucciones que regulan las distintas modalidades de autoformaci\u00f3n que pod\u00e9is hacer en vuestros centros este curso escolar. Os dejamos con el enlace a todas estas instrucciones: Instrucciones de 28 de agosto\u2026","rel":"","context":"En \u00abFormaciones\u00bb","block_context":{"text":"Formaciones","link":"https:\/\/cepronda.com\/blog\/category\/formaciones\/"},"img":{"alt_text":"","src":"https:\/\/i0.wp.com\/cepronda.com\/blog\/wp-content\/uploads\/2017\/05\/logo_ja_ce_mejor.jpg?fit=732%2C600&ssl=1&resize=350%2C200","width":350,"height":200,"srcset":"https:\/\/i0.wp.com\/cepronda.com\/blog\/wp-content\/uploads\/2017\/05\/logo_ja_ce_mejor.jpg?fit=732%2C600&ssl=1&resize=350%2C200 1x, https:\/\/i0.wp.com\/cepronda.com\/blog\/wp-content\/uploads\/2017\/05\/logo_ja_ce_mejor.jpg?fit=732%2C600&ssl=1&resize=525%2C300 1.5x, https:\/\/i0.wp.com\/cepronda.com\/blog\/wp-content\/uploads\/2017\/05\/logo_ja_ce_mejor.jpg?fit=732%2C600&ssl=1&resize=700%2C400 2x"},"classes":[]},{"id":1211,"url":"https:\/\/cepronda.com\/blog\/normativa-para-grupos-de-trabajo-formaciones-en-centro-y-programas-educativos\/","url_meta":{"origin":2200,"position":2},"title":"Normativa para Grupos de Trabajo, Formaciones en Centro y Programas educativos","author":"V\u00edctor Caballero","date":"6 septiembre, 2017","format":false,"excerpt":"Seguimos con el inicio de curso, y no pod\u00eda faltar el comunicaros que ya ten\u00e9is a vuestra disposici\u00f3n la normativa que este curso regir\u00e1 la autoformaci\u00f3n en sus dos modalidades, los Grupos de Trabajo y las Formaciones en Centro. Asimismo tenemos tambi\u00e9n la normativa que establece la formaci\u00f3n vinculada a\u2026","rel":"","context":"En \u00abNoticias\u00bb","block_context":{"text":"Noticias","link":"https:\/\/cepronda.com\/blog\/category\/noticias\/"},"img":{"alt_text":"","src":"https:\/\/i0.wp.com\/cepronda.com\/blog\/wp-content\/uploads\/2017\/05\/logo_ja_ce_mejor.jpg?fit=732%2C600&ssl=1&resize=350%2C200","width":350,"height":200,"srcset":"https:\/\/i0.wp.com\/cepronda.com\/blog\/wp-content\/uploads\/2017\/05\/logo_ja_ce_mejor.jpg?fit=732%2C600&ssl=1&resize=350%2C200 1x, https:\/\/i0.wp.com\/cepronda.com\/blog\/wp-content\/uploads\/2017\/05\/logo_ja_ce_mejor.jpg?fit=732%2C600&ssl=1&resize=525%2C300 1.5x, https:\/\/i0.wp.com\/cepronda.com\/blog\/wp-content\/uploads\/2017\/05\/logo_ja_ce_mejor.jpg?fit=732%2C600&ssl=1&resize=700%2C400 2x"},"classes":[]},{"id":2973,"url":"https:\/\/cepronda.com\/blog\/jornadas-informativas-sobre-la-convocatoria-de-grupos-de-trabajo-formacion-en-centros-y-programas-educativos\/","url_meta":{"origin":2200,"position":3},"title":"JORNADAS INFORMATIVAS SOBRE LA CONVOCATORIA DE GRUPOS DE TRABAJO, FORMACI\u00d3N EN CENTROS Y PROGRAMAS EDUCATIVOS","author":"V\u00edctor Caballero","date":"6 septiembre, 2019","format":false,"excerpt":"Muy buenas, Abrimos el periodo de inscripci\u00f3n para uno de nuestros cl\u00e1sicos de principios de curso, y son las jornadas de presentaci\u00f3n de las buenas pr\u00e1cticas de los grupos de trabajo y formaciones en centro del curso anterior. Asimismo estas jornadas tienen como objetivo presentaros las instrucciones relativas a los\u2026","rel":"","context":"En \u00abFormaciones\u00bb","block_context":{"text":"Formaciones","link":"https:\/\/cepronda.com\/blog\/category\/formaciones\/"},"img":{"alt_text":"","src":"https:\/\/i0.wp.com\/cepronda.com\/blog\/wp-content\/uploads\/2019\/09\/GT_FC_PyP.png?fit=644%2C907&ssl=1&resize=350%2C200","width":350,"height":200,"srcset":"https:\/\/i0.wp.com\/cepronda.com\/blog\/wp-content\/uploads\/2019\/09\/GT_FC_PyP.png?fit=644%2C907&ssl=1&resize=350%2C200 1x, https:\/\/i0.wp.com\/cepronda.com\/blog\/wp-content\/uploads\/2019\/09\/GT_FC_PyP.png?fit=644%2C907&ssl=1&resize=525%2C300 1.5x"},"classes":[]},{"id":8742,"url":"https:\/\/cepronda.com\/blog\/curso-escolar-2025-2026\/","url_meta":{"origin":2200,"position":4},"title":"CURSO ESCOLAR 2025\/2026","author":"Mamen Moreno","date":"2 septiembre, 2025","format":false,"excerpt":"\u00a1Comienza la aventura! Bienvenidos al curso 2025\/2026. Comenzamos un nuevo curso con ilusi\u00f3n, compromiso y ganas de seguir aprendiendo juntos.","rel":"","context":"En \u00abNoticias\u00bb","block_context":{"text":"Noticias","link":"https:\/\/cepronda.com\/blog\/category\/noticias\/"},"img":{"alt_text":"","src":"https:\/\/i0.wp.com\/cepronda.com\/blog\/wp-content\/uploads\/2025\/09\/post-de-instagram-bienvenido-septiembre-amarillo-3.png?fit=960%2C1200&ssl=1&resize=350%2C200","width":350,"height":200,"srcset":"https:\/\/i0.wp.com\/cepronda.com\/blog\/wp-content\/uploads\/2025\/09\/post-de-instagram-bienvenido-septiembre-amarillo-3.png?fit=960%2C1200&ssl=1&resize=350%2C200 1x, https:\/\/i0.wp.com\/cepronda.com\/blog\/wp-content\/uploads\/2025\/09\/post-de-instagram-bienvenido-septiembre-amarillo-3.png?fit=960%2C1200&ssl=1&resize=525%2C300 1.5x, https:\/\/i0.wp.com\/cepronda.com\/blog\/wp-content\/uploads\/2025\/09\/post-de-instagram-bienvenido-septiembre-amarillo-3.png?fit=960%2C1200&ssl=1&resize=700%2C400 2x"},"classes":[]},{"id":1759,"url":"https:\/\/cepronda.com\/blog\/formulario-sobre-necesidades-formativas-relacionadas-con-las-tic\/","url_meta":{"origin":2200,"position":5},"title":"Formulario sobre necesidades formativas relacionadas con las TIC","author":"V\u00edctor Caballero","date":"3 mayo, 2018","format":false,"excerpt":"Muy buenas,\u00a0 Como sab\u00e9is este curso escolar hemos hecho una apuesta importante en el CEP sobre el uso de las TIC en nuestras aulas, y por ello preparamos nuestro itinerario TIC con actividades relacionadas con Scratch, rob\u00f3tica, AppInventor e Impresora 3D.\u00a0 El pr\u00f3ximo curso escolar queremos, en principio, preparar alguna\u2026","rel":"","context":"En \u00abNoticias\u00bb","block_context":{"text":"Noticias","link":"https:\/\/cepronda.com\/blog\/category\/noticias\/"},"img":{"alt_text":"","src":"https:\/\/i0.wp.com\/cepronda.com\/blog\/wp-content\/uploads\/2017\/09\/mobile-phone-2398295_640.jpg?fit=640%2C276&ssl=1&resize=350%2C200","width":350,"height":200,"srcset":"https:\/\/i0.wp.com\/cepronda.com\/blog\/wp-content\/uploads\/2017\/09\/mobile-phone-2398295_640.jpg?fit=640%2C276&ssl=1&resize=350%2C200 1x, https:\/\/i0.wp.com\/cepronda.com\/blog\/wp-content\/uploads\/2017\/09\/mobile-phone-2398295_640.jpg?fit=640%2C276&ssl=1&resize=525%2C300 1.5x"},"classes":[]}],"jetpack_sharing_enabled":true,"_links":{"self":[{"href":"https:\/\/cepronda.com\/blog\/wp-json\/wp\/v2\/posts\/2200","targetHints":{"allow":["GET"]}}],"collection":[{"href":"https:\/\/cepronda.com\/blog\/wp-json\/wp\/v2\/posts"}],"about":[{"href":"https:\/\/cepronda.com\/blog\/wp-json\/wp\/v2\/types\/post"}],"author":[{"embeddable":true,"href":"https:\/\/cepronda.com\/blog\/wp-json\/wp\/v2\/users\/3"}],"replies":[{"embeddable":true,"href":"https:\/\/cepronda.com\/blog\/wp-json\/wp\/v2\/comments?post=2200"}],"version-history":[{"count":1,"href":"https:\/\/cepronda.com\/blog\/wp-json\/wp\/v2\/posts\/2200\/revisions"}],"predecessor-version":[{"id":2201,"href":"https:\/\/cepronda.com\/blog\/wp-json\/wp\/v2\/posts\/2200\/revisions\/2201"}],"wp:featuredmedia":[{"embeddable":true,"href":"https:\/\/cepronda.com\/blog\/wp-json\/wp\/v2\/media\/848"}],"wp:attachment":[{"href":"https:\/\/cepronda.com\/blog\/wp-json\/wp\/v2\/media?parent=2200"}],"wp:term":[{"taxonomy":"category","embeddable":true,"href":"https:\/\/cepronda.com\/blog\/wp-json\/wp\/v2\/categories?post=2200"},{"taxonomy":"post_tag","embeddable":true,"href":"https:\/\/cepronda.com\/blog\/wp-json\/wp\/v2\/tags?post=2200"}],"curies":[{"name":"wp","href":"https:\/\/api.w.org\/{rel}","templated":true}]}}