{"id":2197,"date":"2018-06-22T11:44:49","date_gmt":"2018-06-22T09:44:49","guid":{"rendered":"http:\/\/cepronda.com\/blog\/?p=2197"},"modified":"2018-06-22T11:44:49","modified_gmt":"2018-06-22T09:44:49","slug":"cristina-aledo-del-i-e-s-rodriguez-delgado-campeona-andaluza-de-las-olimpiadas-de-geografia","status":"publish","type":"post","link":"https:\/\/cepronda.com\/blog\/cristina-aledo-del-i-e-s-rodriguez-delgado-campeona-andaluza-de-las-olimpiadas-de-geografia\/","title":{"rendered":"Cristina Aledo, del I.E.S Rodr\u00edguez Delgado, campeona andaluza de las Olimpiadas de Geograf\u00eda"},"content":{"rendered":"<p>\u00a1Muy buenas!<\/p>\n<p>Seguimos con las buen\u00edsimas noticias. En este caso se trata <em>de&nbsp;<strong>Cristina Aledo D\u00edaz<\/strong>, alumna del instituto Rodr\u00edguez Delgado, que ha conseguido el primer premio en la&nbsp;<strong>Olimpiada de&nbsp;<a title=\"Geograf\u00eda\" href=\"http:\/\/cadenaser.com\/tag\/geografia\/a\/\">Geograf\u00eda<\/a>&nbsp;de Andaluc\u00eda<\/strong>. Se trata de una prueba que organiza el&nbsp;<strong><a href=\"https:\/\/www.geografos.org\/\">Colegio de Ge\u00f3grafos<\/a><\/strong>&nbsp;orientada a alumnos del segundo curso de bachillerato con el objetivo de&nbsp;<strong>estimular el conocimiento de esta asignatura<\/strong>&nbsp;y dar a conocer los numerosos campos en los que trabajan estos profesionales. Ha sido la propia estudiante quien decidi\u00f3 apuntarse tras recibir la informaci\u00f3n y el consejo de unos amigos que ya hab\u00edan participado anteriormente.<\/em><\/p>\n<p><em>Para conseguir el primer puesto a nivel andaluz, esta alumna de origen leon\u00e9s afincada en Ronda ha tenido que responder con acierto a&nbsp;<strong>50 preguntas<\/strong>&nbsp;de opci\u00f3n m\u00faltiple en un tiempo de&nbsp;<strong>45 minutos.<\/strong>&nbsp;Entre los&nbsp;<strong>treinta aspirantes<\/strong>&nbsp;ha sido ella quien ha conseguido la mejor puntuaci\u00f3n, algo que no esperaba a pesar de que la prueba no le ha resultado muy complicada. Para ello, Cristina ha contado con la ayuda de sus profesores, quienes le han ayudado a preparar el resto del temario que a\u00fan no hab\u00edan ense\u00f1ado en clase pero que s\u00ed se inclu\u00eda en la prueba.<\/em><\/p>\n<p>Os dejamos con el <a href=\"http:\/\/cadenaser.com\/emisora\/2018\/06\/19\/radio_coca_ser_ronda\/1529407458_269319.html\" target=\"_blank\" rel=\"noopener\">enlace a la noticia<\/a>, donde pod\u00e9is conocer m\u00e1s de esta campeona.&nbsp;<\/p>\n<p><a href=\"http:\/\/www.diariosur.es\/interior\/joven-rondena-cristina-20180620203603-nt.html\" target=\"_blank\" rel=\"noopener\"><img data-recalc-dims=\"1\" loading=\"lazy\" decoding=\"async\" class=\"aligncenter wp-image-2198 size-full\" src=\"https:\/\/i0.wp.com\/cepronda.com\/blog\/wp-content\/uploads\/2018\/06\/cristinaaledo-kGnB-U60109379704VvE-624x385%40Diario-Sur.jpg?resize=624%2C385\" alt=\"\" width=\"624\" height=\"385\" srcset=\"https:\/\/i0.wp.com\/cepronda.com\/blog\/wp-content\/uploads\/2018\/06\/cristinaaledo-kGnB-U60109379704VvE-624x385%40Diario-Sur.jpg?w=624&amp;ssl=1 624w, https:\/\/i0.wp.com\/cepronda.com\/blog\/wp-content\/uploads\/2018\/06\/cristinaaledo-kGnB-U60109379704VvE-624x385%40Diario-Sur.jpg?resize=300%2C185&amp;ssl=1 300w\" sizes=\"auto, (max-width: 624px) 100vw, 624px\" \/><\/a><\/p>\n","protected":false},"excerpt":{"rendered":"<p>\u00a1Muy buenas! Seguimos con las buen\u00edsimas noticias. En este caso se trata de&nbsp;Cristina Aledo D\u00edaz, alumna del instituto Rodr\u00edguez Delgado, que ha conseguido el primer premio en la&nbsp;Olimpiada de&nbsp;Geograf\u00eda&nbsp;de Andaluc\u00eda. Se trata de una prueba que organiza el&nbsp;Colegio de Ge\u00f3grafos&nbsp;orientada a alumnos del segundo curso de bachillerato con el objetivo de&nbsp;estimular el conocimiento de esta [&hellip;]<\/p>\n","protected":false},"author":3,"featured_media":2198,"comment_status":"open","ping_status":"open","sticky":false,"template":"","format":"standard","meta":{"_crdt_document":"","advanced_seo_description":"","jetpack_seo_html_title":"","jetpack_seo_noindex":false,"jetpack_post_was_ever_published":false,"_jetpack_newsletter_access":"","_jetpack_dont_email_post_to_subs":false,"_jetpack_newsletter_tier_id":0,"_jetpack_memberships_contains_paywalled_content":false,"_jetpack_memberships_contains_paid_content":false,"footnotes":"","jetpack_publicize_message":"","jetpack_publicize_feature_enabled":true,"jetpack_social_post_already_shared":true,"jetpack_social_options":{"image_generator_settings":{"template":"highway","default_image_id":0,"font":"","enabled":false},"version":2}},"categories":[5],"tags":[57],"class_list":{"0":"post-2197","1":"post","2":"type-post","3":"status-publish","4":"format-standard","5":"has-post-thumbnail","7":"category-noticias","8":"tag-premios","9":"czr-hentry"},"jetpack_publicize_connections":[],"jetpack_featured_media_url":"https:\/\/i0.wp.com\/cepronda.com\/blog\/wp-content\/uploads\/2018\/06\/cristinaaledo-kGnB-U60109379704VvE-624x385%40Diario-Sur.jpg?fit=624%2C385&ssl=1","jetpack_shortlink":"https:\/\/wp.me\/p8M4X7-zr","jetpack-related-posts":[{"id":5674,"url":"https:\/\/cepronda.com\/blog\/el-ies-dr-rodriguez-delgado-de-ronda-recibe-el-reconocimiento-del-cihar-por-su-semana-andalusi\/","url_meta":{"origin":2197,"position":0},"title":"El IES Dr. Rodr\u00edguez Delgado de Ronda recibe el reconocimiento del CIHAR por su \u201cSemana Andalus\u00ed\u201d.","author":"Inmaculada Garc\u00eda","date":"21 diciembre, 2022","format":false,"excerpt":"Buenos d\u00edas. Quer\u00edamos dar la enhorabuena al IES Dr. Rodr\u00edguez Delgado de Ronda por el reconocimiento recibido por parte del CIHAR por su \u201cSemana Andalus\u00ed\u201d. El pasado viernes 16 de diciembre, el Consejero Cultural en la Provincia de M\u00e1laga, el historiador Antonio R. Acedo, hizo entrega del reconocimiento del C\u00edrculo\u2026","rel":"","context":"En \u00abNoticias\u00bb","block_context":{"text":"Noticias","link":"https:\/\/cepronda.com\/blog\/category\/noticias\/"},"img":{"alt_text":"","src":"https:\/\/i0.wp.com\/cepronda.com\/blog\/wp-content\/uploads\/2022\/12\/Copia-de-ESTANCIAS-FORMATIVAS-EN-EMPRESAS-PARA-EL-PROFESORADO-DE-FORMACION-PROFESIONAL.png?fit=1080%2C1080&ssl=1&resize=350%2C200","width":350,"height":200,"srcset":"https:\/\/i0.wp.com\/cepronda.com\/blog\/wp-content\/uploads\/2022\/12\/Copia-de-ESTANCIAS-FORMATIVAS-EN-EMPRESAS-PARA-EL-PROFESORADO-DE-FORMACION-PROFESIONAL.png?fit=1080%2C1080&ssl=1&resize=350%2C200 1x, https:\/\/i0.wp.com\/cepronda.com\/blog\/wp-content\/uploads\/2022\/12\/Copia-de-ESTANCIAS-FORMATIVAS-EN-EMPRESAS-PARA-EL-PROFESORADO-DE-FORMACION-PROFESIONAL.png?fit=1080%2C1080&ssl=1&resize=525%2C300 1.5x, https:\/\/i0.wp.com\/cepronda.com\/blog\/wp-content\/uploads\/2022\/12\/Copia-de-ESTANCIAS-FORMATIVAS-EN-EMPRESAS-PARA-EL-PROFESORADO-DE-FORMACION-PROFESIONAL.png?fit=1080%2C1080&ssl=1&resize=700%2C400 2x, https:\/\/i0.wp.com\/cepronda.com\/blog\/wp-content\/uploads\/2022\/12\/Copia-de-ESTANCIAS-FORMATIVAS-EN-EMPRESAS-PARA-EL-PROFESORADO-DE-FORMACION-PROFESIONAL.png?fit=1080%2C1080&ssl=1&resize=1050%2C600 3x"},"classes":[]},{"id":5910,"url":"https:\/\/cepronda.com\/blog\/%c9%aa%c9%aa-fe%ca%80%c9%aaa-de-%c9%aanventos-y-talentos-%c9%aats-%ca%80onda-2023-ya-tenemos-cartel-ganador\/","url_meta":{"origin":2197,"position":1},"title":"\ua7ae\ua7ae FE\u01a6\ua7aeA DE \ua7aeNVENTOS Y TALENTOS. \ua7aeT\u00b4S \u01a6ONDA 2023. YA TENEMOS CARTEL GANADOR","author":"Inmaculada Garc\u00eda","date":"31 marzo, 2023","format":false,"excerpt":"\ua7ae\ua7ae FE\u01a6\ua7aeA DE \ua7aeNVENTOS Y TALENTOS. \ua7aeT\u00b4S \u01a6ONDA 2023. YA TENEMOS CARTEL GANADOR \u00a0 En primer lugar, dar las gracias a todos los participantes por sus dise\u00f1os tan geniales, a la Comisi\u00f3n Seleccionadora le ha costado decidirse. El cartel que representar\u00e1 a este a\u00f1o a la feria ha sido dise\u00f1ado\u2026","rel":"","context":"En \u00abNoticias\u00bb","block_context":{"text":"Noticias","link":"https:\/\/cepronda.com\/blog\/category\/noticias\/"},"img":{"alt_text":"","src":"https:\/\/i0.wp.com\/cepronda.com\/blog\/wp-content\/uploads\/2023\/04\/WhatsApp-Image-2023-03-29-at-13.12.52.jpeg?fit=848%2C1200&ssl=1&resize=350%2C200","width":350,"height":200,"srcset":"https:\/\/i0.wp.com\/cepronda.com\/blog\/wp-content\/uploads\/2023\/04\/WhatsApp-Image-2023-03-29-at-13.12.52.jpeg?fit=848%2C1200&ssl=1&resize=350%2C200 1x, https:\/\/i0.wp.com\/cepronda.com\/blog\/wp-content\/uploads\/2023\/04\/WhatsApp-Image-2023-03-29-at-13.12.52.jpeg?fit=848%2C1200&ssl=1&resize=525%2C300 1.5x, https:\/\/i0.wp.com\/cepronda.com\/blog\/wp-content\/uploads\/2023\/04\/WhatsApp-Image-2023-03-29-at-13.12.52.jpeg?fit=848%2C1200&ssl=1&resize=700%2C400 2x"},"classes":[]},{"id":1175,"url":"https:\/\/cepronda.com\/blog\/nuestra-enhorabuena\/","url_meta":{"origin":2197,"position":2},"title":"Nuestra enhorabuena","author":"V\u00edctor Caballero","date":"29 junio, 2017","format":false,"excerpt":"\u00a1Hola! Pensaba yo esta ma\u00f1ana...\"tengo que escribir una entrada para desear un feliz verano al profesorado...\" y de pronto me encuentro con una magn\u00edfica noticia, y no quiero dejar pasar la oportunidad de compartirlo con todas y todos vosotros. Se trata de los premios al concurso \"Cu\u00e9ntanos una historia\", donde\u2026","rel":"","context":"En \u00abNoticias\u00bb","block_context":{"text":"Noticias","link":"https:\/\/cepronda.com\/blog\/category\/noticias\/"},"img":{"alt_text":"","src":"https:\/\/i0.wp.com\/cepronda.com\/blog\/wp-content\/uploads\/2017\/06\/premio-microrrelatos-750x500.jpg?fit=750%2C500&ssl=1&resize=350%2C200","width":350,"height":200,"srcset":"https:\/\/i0.wp.com\/cepronda.com\/blog\/wp-content\/uploads\/2017\/06\/premio-microrrelatos-750x500.jpg?fit=750%2C500&ssl=1&resize=350%2C200 1x, https:\/\/i0.wp.com\/cepronda.com\/blog\/wp-content\/uploads\/2017\/06\/premio-microrrelatos-750x500.jpg?fit=750%2C500&ssl=1&resize=525%2C300 1.5x, https:\/\/i0.wp.com\/cepronda.com\/blog\/wp-content\/uploads\/2017\/06\/premio-microrrelatos-750x500.jpg?fit=750%2C500&ssl=1&resize=700%2C400 2x"},"classes":[]},{"id":1854,"url":"https:\/\/cepronda.com\/blog\/gymkhana-sobre-al-andalus-del-alumnado-del-ies-rodriguez-delgado\/","url_meta":{"origin":2197,"position":3},"title":"Gymkhana sobre Al \u00c1ndalus del alumnado del IES Rodr\u00edguez Delgado","author":"V\u00edctor Caballero","date":"18 mayo, 2018","format":false,"excerpt":"\u00a1Hola! Seguimos compartiendo, asistiendo y hasta colaborando en vuestras actividades. En este caso el IES Rodr\u00edguez Delgado ha organizado una semana de actividades sobre Al Andalus en Ronda. Han recibido charlas, han pintado azulejos, han participado en un mosaico colectivo, han realizado rutas por distintos monumentos y ayer jueves realizaron\u2026","rel":"","context":"En \u00abNoticias\u00bb","block_context":{"text":"Noticias","link":"https:\/\/cepronda.com\/blog\/category\/noticias\/"},"img":{"alt_text":"","src":"https:\/\/i0.wp.com\/cepronda.com\/blog\/wp-content\/uploads\/2018\/05\/Foto-de-Helena-Gonzalez11.jpg?fit=1200%2C901&ssl=1&resize=350%2C200","width":350,"height":200,"srcset":"https:\/\/i0.wp.com\/cepronda.com\/blog\/wp-content\/uploads\/2018\/05\/Foto-de-Helena-Gonzalez11.jpg?fit=1200%2C901&ssl=1&resize=350%2C200 1x, https:\/\/i0.wp.com\/cepronda.com\/blog\/wp-content\/uploads\/2018\/05\/Foto-de-Helena-Gonzalez11.jpg?fit=1200%2C901&ssl=1&resize=525%2C300 1.5x, https:\/\/i0.wp.com\/cepronda.com\/blog\/wp-content\/uploads\/2018\/05\/Foto-de-Helena-Gonzalez11.jpg?fit=1200%2C901&ssl=1&resize=700%2C400 2x, https:\/\/i0.wp.com\/cepronda.com\/blog\/wp-content\/uploads\/2018\/05\/Foto-de-Helena-Gonzalez11.jpg?fit=1200%2C901&ssl=1&resize=1050%2C600 3x"},"classes":[]},{"id":3347,"url":"https:\/\/cepronda.com\/blog\/viii-concurso-explica-geografia-con-tus-fotos\/","url_meta":{"origin":2197,"position":4},"title":"VIII CONCURSO \u00abExplica Geograf\u00eda con tus fotos\u00bb","author":"V\u00edctor Caballero","date":"20 enero, 2020","format":false,"excerpt":"\u00a1Buenos y helados d\u00edas! Se ha convocado\u00a0el VIII Concurso \"Explica-Geograf\u00eda con tus fotos\" de la Asociaci\u00f3n Espa\u00f1ola de Geograf\u00eda que tiene como objetivo despertar y fomentar el inter\u00e9s por la fotograf\u00eda como medio para el conocimiento geogr\u00e1fico y la explicaci\u00f3n del territorio y el paisaje. Las fechas de participaci\u00f3n son\u2026","rel":"","context":"En \u00abNoticias\u00bb","block_context":{"text":"Noticias","link":"https:\/\/cepronda.com\/blog\/category\/noticias\/"},"img":{"alt_text":"","src":"https:\/\/i0.wp.com\/cepronda.com\/blog\/wp-content\/uploads\/2020\/01\/travel-2650303_1920.jpg?fit=1200%2C703&ssl=1&resize=350%2C200","width":350,"height":200,"srcset":"https:\/\/i0.wp.com\/cepronda.com\/blog\/wp-content\/uploads\/2020\/01\/travel-2650303_1920.jpg?fit=1200%2C703&ssl=1&resize=350%2C200 1x, https:\/\/i0.wp.com\/cepronda.com\/blog\/wp-content\/uploads\/2020\/01\/travel-2650303_1920.jpg?fit=1200%2C703&ssl=1&resize=525%2C300 1.5x, https:\/\/i0.wp.com\/cepronda.com\/blog\/wp-content\/uploads\/2020\/01\/travel-2650303_1920.jpg?fit=1200%2C703&ssl=1&resize=700%2C400 2x, https:\/\/i0.wp.com\/cepronda.com\/blog\/wp-content\/uploads\/2020\/01\/travel-2650303_1920.jpg?fit=1200%2C703&ssl=1&resize=1050%2C600 3x"},"classes":[]},{"id":1659,"url":"https:\/\/cepronda.com\/blog\/un-relato-premiado-en-el-ies-profesor-gonzalo-huesa\/","url_meta":{"origin":2197,"position":5},"title":"Un relato premiado en el IES Profesor Gonzalo Huesa","author":"V\u00edctor Caballero","date":"2 abril, 2018","format":false,"excerpt":"Muy buenas, compartimos con todas y todos vosotros esta noticia recibida desde el instituto Profesor Gonzalo Huesa.\u00a0 \"El pasado 22 de febrero recibimos una grata noticia desde la Fundaci\u00f3n Manuel Alc\u00e1ntara. Nuestra alumna Mar\u00eda Guerrero Garc\u00eda de 1\u00ba de Bachillerato obten\u00eda el primer premio en el II Certamen Literario de\u2026","rel":"","context":"En \u00abNoticias\u00bb","block_context":{"text":"Noticias","link":"https:\/\/cepronda.com\/blog\/category\/noticias\/"},"img":{"alt_text":"","src":"https:\/\/i0.wp.com\/cepronda.com\/blog\/wp-content\/uploads\/2018\/04\/Libertad.jpg?fit=1200%2C900&ssl=1&resize=350%2C200","width":350,"height":200,"srcset":"https:\/\/i0.wp.com\/cepronda.com\/blog\/wp-content\/uploads\/2018\/04\/Libertad.jpg?fit=1200%2C900&ssl=1&resize=350%2C200 1x, https:\/\/i0.wp.com\/cepronda.com\/blog\/wp-content\/uploads\/2018\/04\/Libertad.jpg?fit=1200%2C900&ssl=1&resize=525%2C300 1.5x, https:\/\/i0.wp.com\/cepronda.com\/blog\/wp-content\/uploads\/2018\/04\/Libertad.jpg?fit=1200%2C900&ssl=1&resize=700%2C400 2x, https:\/\/i0.wp.com\/cepronda.com\/blog\/wp-content\/uploads\/2018\/04\/Libertad.jpg?fit=1200%2C900&ssl=1&resize=1050%2C600 3x"},"classes":[]}],"jetpack_sharing_enabled":true,"_links":{"self":[{"href":"https:\/\/cepronda.com\/blog\/wp-json\/wp\/v2\/posts\/2197","targetHints":{"allow":["GET"]}}],"collection":[{"href":"https:\/\/cepronda.com\/blog\/wp-json\/wp\/v2\/posts"}],"about":[{"href":"https:\/\/cepronda.com\/blog\/wp-json\/wp\/v2\/types\/post"}],"author":[{"embeddable":true,"href":"https:\/\/cepronda.com\/blog\/wp-json\/wp\/v2\/users\/3"}],"replies":[{"embeddable":true,"href":"https:\/\/cepronda.com\/blog\/wp-json\/wp\/v2\/comments?post=2197"}],"version-history":[{"count":1,"href":"https:\/\/cepronda.com\/blog\/wp-json\/wp\/v2\/posts\/2197\/revisions"}],"predecessor-version":[{"id":2199,"href":"https:\/\/cepronda.com\/blog\/wp-json\/wp\/v2\/posts\/2197\/revisions\/2199"}],"wp:featuredmedia":[{"embeddable":true,"href":"https:\/\/cepronda.com\/blog\/wp-json\/wp\/v2\/media\/2198"}],"wp:attachment":[{"href":"https:\/\/cepronda.com\/blog\/wp-json\/wp\/v2\/media?parent=2197"}],"wp:term":[{"taxonomy":"category","embeddable":true,"href":"https:\/\/cepronda.com\/blog\/wp-json\/wp\/v2\/categories?post=2197"},{"taxonomy":"post_tag","embeddable":true,"href":"https:\/\/cepronda.com\/blog\/wp-json\/wp\/v2\/tags?post=2197"}],"curies":[{"name":"wp","href":"https:\/\/api.w.org\/{rel}","templated":true}]}}