{"id":2183,"date":"2018-06-19T13:03:42","date_gmt":"2018-06-19T11:03:42","guid":{"rendered":"http:\/\/cepronda.com\/blog\/?p=2183"},"modified":"2025-04-28T11:59:16","modified_gmt":"2025-04-28T09:59:16","slug":"instrucciones-sobre-la-seleccion-de-libros-de-texto-y-materiales-curriculares-sin-prejuicios-sexistas","status":"publish","type":"post","link":"https:\/\/cepronda.com\/blog\/instrucciones-sobre-la-seleccion-de-libros-de-texto-y-materiales-curriculares-sin-prejuicios-sexistas\/","title":{"rendered":"Instrucciones sobre la selecci\u00f3n de libros de texto y materiales curriculares sin prejuicios sexistas"},"content":{"rendered":"<p>Muy buenas,&nbsp;<\/p>\n<p>Acaba de salir publicadas las instrucciones&nbsp;de 14 de junio de 2018, de la Direcci\u00f3n General de Participaci\u00f3n y Equidad y de la Direcci\u00f3n General de Ordenaci\u00f3n Educativa, sobre los criterios para la selecci\u00f3n de los libros de texto y para la elaboraci\u00f3n de materiales curriculares sin prejuicios sexistas o discriminatorio. Queremos compartirlas con todas y todos vosotros, y as\u00ed poder ir poniendo nuestro granito de arena en esta labor tan importante.<\/p>\n<p>Para consultarlas s\u00f3lo ten\u00e9is que <a href=\"http:\/\/www.juntadeandalucia.es\/educacion\/portals\/web\/ced\/contenidos\/-\/contenidos\/detalle\/instrucciones-de-14-de-junio-de-2018-de-la-direccion-general-de-participacion-y-equidad-y-de-la-direccion-general-de\" target=\"_blank\" rel=\"noopener\">seguir este enlace<\/a>.&nbsp;<\/p>\n<p>&nbsp;<a href=\"http:\/\/www.juntadeandalucia.es\/educacion\/portals\/web\/ced\/contenidos\/-\/contenidos\/detalle\/instrucciones-de-14-de-junio-de-2018-de-la-direccion-general-de-participacion-y-equidad-y-de-la-direccion-general-de\" target=\"_blank\" rel=\"noopener\"><img data-recalc-dims=\"1\" loading=\"lazy\" decoding=\"async\" class=\"aligncenter wp-image-848 size-medium\" src=\"https:\/\/i0.wp.com\/cepronda.com\/blog\/wp-content\/uploads\/2017\/05\/logo_ja_ce_mejor-300x246.jpg?resize=300%2C246\" alt=\"\" width=\"300\" height=\"246\" srcset=\"https:\/\/i0.wp.com\/cepronda.com\/blog\/wp-content\/uploads\/2017\/05\/logo_ja_ce_mejor.jpg?resize=300%2C246&amp;ssl=1 300w, https:\/\/i0.wp.com\/cepronda.com\/blog\/wp-content\/uploads\/2017\/05\/logo_ja_ce_mejor.jpg?w=732&amp;ssl=1 732w\" sizes=\"auto, (max-width: 300px) 100vw, 300px\" \/><\/a><\/p>\n","protected":false},"excerpt":{"rendered":"<p>Muy buenas,&nbsp; Acaba de salir publicadas las instrucciones&nbsp;de 14 de junio de 2018, de la Direcci\u00f3n General de Participaci\u00f3n y Equidad y de la Direcci\u00f3n General de Ordenaci\u00f3n Educativa, sobre los criterios para la selecci\u00f3n de los libros de texto y para la elaboraci\u00f3n de materiales curriculares sin prejuicios sexistas o discriminatorio. Queremos compartirlas con [&hellip;]<\/p>\n","protected":false},"author":3,"featured_media":848,"comment_status":"open","ping_status":"open","sticky":false,"template":"","format":"standard","meta":{"_crdt_document":"","advanced_seo_description":"","jetpack_seo_html_title":"","jetpack_seo_noindex":false,"jetpack_post_was_ever_published":false,"_jetpack_newsletter_access":"","_jetpack_dont_email_post_to_subs":false,"_jetpack_newsletter_tier_id":0,"_jetpack_memberships_contains_paywalled_content":false,"_jetpack_memberships_contains_paid_content":false,"footnotes":"","jetpack_publicize_message":"","jetpack_publicize_feature_enabled":true,"jetpack_social_post_already_shared":true,"jetpack_social_options":{"image_generator_settings":{"template":"highway","default_image_id":0,"font":"","enabled":false},"version":2}},"categories":[3,5],"tags":[37],"class_list":{"0":"post-2183","1":"post","2":"type-post","3":"status-publish","4":"format-standard","5":"has-post-thumbnail","7":"category-formaciones","8":"category-noticias","9":"tag-igualdad","10":"czr-hentry"},"jetpack_publicize_connections":[],"jetpack_featured_media_url":"https:\/\/i0.wp.com\/cepronda.com\/blog\/wp-content\/uploads\/2017\/05\/logo_ja_ce_mejor.jpg?fit=732%2C600&ssl=1","jetpack_shortlink":"https:\/\/wp.me\/p8M4X7-zd","jetpack-related-posts":[{"id":2572,"url":"https:\/\/cepronda.com\/blog\/abierto-el-plazo-de-solicitud-de-apoyo-aprobacion-y-reconocimiento-al-profesorado-para-la-realizacion-de-proyectos-de-investigacion-e-innovacion-educativa-y-elaboracion-de-materiales-curriculares-2\/","url_meta":{"origin":2183,"position":0},"title":"Abierto el plazo de solicitud de apoyo, aprobaci\u00f3n y reconocimiento al profesorado para la realizaci\u00f3n de proyectos de investigaci\u00f3n e innovaci\u00f3n educativa y elaboraci\u00f3n de materiales curriculares.","author":"V\u00edctor Caballero","date":"11 enero, 2019","format":false,"excerpt":"Muy buenas familia, queremos animaros a participar en esta convocatoria de proyectos de investigaci\u00f3n e innovaci\u00f3n educativa y elaboraci\u00f3n de materiales curriculares. Para ello os copiamos la informaci\u00f3n aparecida en Averroes, junto con los enlaces correspondientes. La Consejer\u00eda de Educaci\u00f3n de la Junta de Andaluc\u00eda ha puesto en marcha una\u2026","rel":"","context":"En \u00abFormaciones\u00bb","block_context":{"text":"Formaciones","link":"https:\/\/cepronda.com\/blog\/category\/formaciones\/"},"img":{"alt_text":"","src":"https:\/\/i0.wp.com\/cepronda.com\/blog\/wp-content\/uploads\/2019\/01\/averroes.jpg?resize=350%2C200","width":350,"height":200},"classes":[]},{"id":1769,"url":"https:\/\/cepronda.com\/blog\/convocatoria-de-los-premios-rosa-regas\/","url_meta":{"origin":2183,"position":1},"title":"Convocatoria de los premios Rosa Reg\u00e0s","author":"V\u00edctor Caballero","date":"4 mayo, 2018","format":false,"excerpt":"\u00a1Hola de nuevo! Vuelvo a escribiros para compartir con todos y todas la convocatoria de los premios Rosa Reg\u00e0s. Acaba de salir publicada la resoluci\u00f3n de 17 de abril de 2018, de la Direcci\u00f3n General de Participaci\u00f3n y Equidad, por la que se convocan los premios \u00abRosa Reg\u00e0s\u00bb a materiales\u2026","rel":"","context":"En \u00abNoticias\u00bb","block_context":{"text":"Noticias","link":"https:\/\/cepronda.com\/blog\/category\/noticias\/"},"img":{"alt_text":"","src":"https:\/\/i0.wp.com\/cepronda.com\/blog\/wp-content\/uploads\/2018\/05\/Premiorosaregas.jpg?fit=600%2C300&ssl=1&resize=350%2C200","width":350,"height":200,"srcset":"https:\/\/i0.wp.com\/cepronda.com\/blog\/wp-content\/uploads\/2018\/05\/Premiorosaregas.jpg?fit=600%2C300&ssl=1&resize=350%2C200 1x, https:\/\/i0.wp.com\/cepronda.com\/blog\/wp-content\/uploads\/2018\/05\/Premiorosaregas.jpg?fit=600%2C300&ssl=1&resize=525%2C300 1.5x"},"classes":[]},{"id":1399,"url":"https:\/\/cepronda.com\/blog\/celebracion-dia-del-flamenco\/","url_meta":{"origin":2183,"position":2},"title":"Celebraci\u00f3n D\u00eda del Flamenco","author":"V\u00edctor Caballero","date":"8 noviembre, 2017","format":false,"excerpt":"\u00a1Hola! Se acaban de publicar unas instrucciones para la celebraci\u00f3n del D\u00eda del Flamenco el pr\u00f3ximo 16 de noviembre. Compartimos con todos y todas vosotras estas instrucciones, as\u00ed como el enlace a las mismas. \"La importancia del Flamenco como una de las manifestaciones culturales principales de nuestra Comunidad Aut\u00f3noma qued\u00f3\u2026","rel":"","context":"En \u00abNoticias\u00bb","block_context":{"text":"Noticias","link":"https:\/\/cepronda.com\/blog\/category\/noticias\/"},"img":{"alt_text":"","src":"https:\/\/i0.wp.com\/cepronda.com\/blog\/wp-content\/uploads\/2017\/11\/spain-632802_640.jpg?fit=640%2C450&ssl=1&resize=350%2C200","width":350,"height":200,"srcset":"https:\/\/i0.wp.com\/cepronda.com\/blog\/wp-content\/uploads\/2017\/11\/spain-632802_640.jpg?fit=640%2C450&ssl=1&resize=350%2C200 1x, https:\/\/i0.wp.com\/cepronda.com\/blog\/wp-content\/uploads\/2017\/11\/spain-632802_640.jpg?fit=640%2C450&ssl=1&resize=525%2C300 1.5x"},"classes":[]},{"id":2874,"url":"https:\/\/cepronda.com\/blog\/convocatoria-de-los-premios-rosa-regas-2\/","url_meta":{"origin":2183,"position":3},"title":"Convocatoria de los premios Rosa Reg\u00e1s","author":"V\u00edctor Caballero","date":"6 junio, 2019","format":false,"excerpt":"Muy buenas, Os comunicamos que ha salido publicada la Resoluci\u00f3n de 24 de mayo de 2019, de la Direcci\u00f3n General de Atenci\u00f3n a la Diversidad, Participaci\u00f3n y Convivencia Escolar, por la que se convocan los premios Rosa Reg\u00e0s a materiales curriculares que promuevan la igualdad entre hombres y mujeres en\u2026","rel":"","context":"En \u00abFormaciones\u00bb","block_context":{"text":"Formaciones","link":"https:\/\/cepronda.com\/blog\/category\/formaciones\/"},"img":{"alt_text":"","src":"https:\/\/i0.wp.com\/cepronda.com\/blog\/wp-content\/uploads\/2018\/05\/Premiorosaregas.jpg?fit=600%2C300&ssl=1&resize=350%2C200","width":350,"height":200,"srcset":"https:\/\/i0.wp.com\/cepronda.com\/blog\/wp-content\/uploads\/2018\/05\/Premiorosaregas.jpg?fit=600%2C300&ssl=1&resize=350%2C200 1x, https:\/\/i0.wp.com\/cepronda.com\/blog\/wp-content\/uploads\/2018\/05\/Premiorosaregas.jpg?fit=600%2C300&ssl=1&resize=525%2C300 1.5x"},"classes":[]},{"id":667,"url":"https:\/\/cepronda.com\/blog\/informacion-sobre-la-convocatoria-de-proyectos-de-investigacion-e-innovacion-educativa\/","url_meta":{"origin":2183,"position":4},"title":"Informaci\u00f3n sobre la convocatoria de Proyectos de investigaci\u00f3n e innovaci\u00f3n educativa","author":"V\u00edctor Caballero","date":"8 febrero, 2017","format":false,"excerpt":"Muy buenas, Os comunicamos que ha salido publicada la convocatoria sobre Proyectos de innovaci\u00f3n e investigaci\u00f3n educativa, y elaboraci\u00f3n de materiales curriculares. Si quer\u00e9is tener m\u00e1s informaci\u00f3n sobre esta convocatoria, haced clic en la imagen y llegar\u00e9is a la web donde encontrar toda la informaci\u00f3n necesaria para participar en esta\u2026","rel":"","context":"En \u00abNoticias\u00bb","block_context":{"text":"Noticias","link":"https:\/\/cepronda.com\/blog\/category\/noticias\/"},"img":{"alt_text":"","src":"https:\/\/i0.wp.com\/cepronda.com\/blog\/wp-content\/uploads\/2017\/02\/image_gallery-e1486571384802.jpg?resize=350%2C200","width":350,"height":200},"classes":[]},{"id":3022,"url":"https:\/\/cepronda.com\/blog\/instrucciones-de-grupo-de-trabajo-y-formaciones-en-centro\/","url_meta":{"origin":2183,"position":5},"title":"Instrucciones de Grupo de Trabajo y Formaciones en Centro","author":"V\u00edctor Caballero","date":"23 septiembre, 2019","format":false,"excerpt":"Muy buenas de nuevo, Por fin salieron publicadas las instrucciones que rigen el funcionamiento de los Grupos de Trabajo y Formaciones en Centro. Os las compartimos, y adem\u00e1s os comentamos que este jueves pr\u00f3ximo tendr\u00e1n lugar las jornadas informativas donde aclararemos todas vuestras dudas y adem\u00e1s podr\u00e9is ver algunas de\u2026","rel":"","context":"En \u00abFormaciones\u00bb","block_context":{"text":"Formaciones","link":"https:\/\/cepronda.com\/blog\/category\/formaciones\/"},"img":{"alt_text":"","src":"https:\/\/i0.wp.com\/cepronda.com\/blog\/wp-content\/uploads\/2019\/09\/GT_FC_PyP.png?fit=644%2C907&ssl=1&resize=350%2C200","width":350,"height":200,"srcset":"https:\/\/i0.wp.com\/cepronda.com\/blog\/wp-content\/uploads\/2019\/09\/GT_FC_PyP.png?fit=644%2C907&ssl=1&resize=350%2C200 1x, https:\/\/i0.wp.com\/cepronda.com\/blog\/wp-content\/uploads\/2019\/09\/GT_FC_PyP.png?fit=644%2C907&ssl=1&resize=525%2C300 1.5x"},"classes":[]}],"jetpack_sharing_enabled":true,"_links":{"self":[{"href":"https:\/\/cepronda.com\/blog\/wp-json\/wp\/v2\/posts\/2183","targetHints":{"allow":["GET"]}}],"collection":[{"href":"https:\/\/cepronda.com\/blog\/wp-json\/wp\/v2\/posts"}],"about":[{"href":"https:\/\/cepronda.com\/blog\/wp-json\/wp\/v2\/types\/post"}],"author":[{"embeddable":true,"href":"https:\/\/cepronda.com\/blog\/wp-json\/wp\/v2\/users\/3"}],"replies":[{"embeddable":true,"href":"https:\/\/cepronda.com\/blog\/wp-json\/wp\/v2\/comments?post=2183"}],"version-history":[{"count":1,"href":"https:\/\/cepronda.com\/blog\/wp-json\/wp\/v2\/posts\/2183\/revisions"}],"predecessor-version":[{"id":2184,"href":"https:\/\/cepronda.com\/blog\/wp-json\/wp\/v2\/posts\/2183\/revisions\/2184"}],"wp:featuredmedia":[{"embeddable":true,"href":"https:\/\/cepronda.com\/blog\/wp-json\/wp\/v2\/media\/848"}],"wp:attachment":[{"href":"https:\/\/cepronda.com\/blog\/wp-json\/wp\/v2\/media?parent=2183"}],"wp:term":[{"taxonomy":"category","embeddable":true,"href":"https:\/\/cepronda.com\/blog\/wp-json\/wp\/v2\/categories?post=2183"},{"taxonomy":"post_tag","embeddable":true,"href":"https:\/\/cepronda.com\/blog\/wp-json\/wp\/v2\/tags?post=2183"}],"curies":[{"name":"wp","href":"https:\/\/api.w.org\/{rel}","templated":true}]}}