{"id":2178,"date":"2018-06-12T14:00:16","date_gmt":"2018-06-12T12:00:16","guid":{"rendered":"http:\/\/cepronda.com\/blog\/?p=2178"},"modified":"2025-04-25T12:08:12","modified_gmt":"2025-04-25T10:08:12","slug":"2-microrrelatos-escolares-premiados-que-conmemoran-el-ano-europeo-del-patrimonio-cultural","status":"publish","type":"post","link":"https:\/\/cepronda.com\/blog\/2-microrrelatos-escolares-premiados-que-conmemoran-el-ano-europeo-del-patrimonio-cultural\/","title":{"rendered":"2 Microrrelatos escolares premiados que conmemoran el A\u00f1o Europeo del Patrimonio Cultural"},"content":{"rendered":"<p>Muy buenas,&nbsp;<\/p>\n<p>Hoy estamos de enhorabuena ya que dos microrrelatos de centros de nuestra zona ha sido premiados en el concurso de microrrelatos educativos \u00abCu\u00e9ntanos una historia\u00bb. M\u00e1s concretamente se trata de&nbsp;\u201c<strong>Noche que alegra el alma<\/strong>\u201d de&nbsp;<strong>Mar\u00eda Guerrero Garc\u00eda<\/strong>, del&nbsp;<strong>IES Profesor Gonzalo Huesa de Ronda&nbsp;<\/strong>y&nbsp;&nbsp;\u201c<strong>Adi\u00f3s<\/strong>\u201d de&nbsp;<strong>Javier Aguilar M\u00e9ndez<\/strong>, del&nbsp;<strong>IES Valle del Genal de Algatoc\u00edn.<\/strong><\/p>\n<p>Enhorabuena a las personas premiadas y a su profesorado. Os dejamos con el <a href=\"https:\/\/www.educacionenmalaga.es\/2018\/06\/11\/microrrelatos-escolares-conmemoran-el-ano-europeo-del-patrimonio-cultural\/\" target=\"_blank\" rel=\"noopener\">enlace a la noticia<\/a>.&nbsp;<\/p>\n<p><a href=\"https:\/\/i0.wp.com\/cepronda.com\/blog\/wp-content\/uploads\/2018\/06\/premios.jpg\"><img data-recalc-dims=\"1\" loading=\"lazy\" decoding=\"async\" class=\"aligncenter size-full wp-image-2180\" src=\"https:\/\/i0.wp.com\/cepronda.com\/blog\/wp-content\/uploads\/2018\/06\/premios.jpg?resize=1170%2C772\" alt=\"\" width=\"1170\" height=\"772\" srcset=\"https:\/\/i0.wp.com\/cepronda.com\/blog\/wp-content\/uploads\/2018\/06\/premios.jpg?w=2000&amp;ssl=1 2000w, https:\/\/i0.wp.com\/cepronda.com\/blog\/wp-content\/uploads\/2018\/06\/premios.jpg?resize=300%2C198&amp;ssl=1 300w, https:\/\/i0.wp.com\/cepronda.com\/blog\/wp-content\/uploads\/2018\/06\/premios.jpg?resize=768%2C507&amp;ssl=1 768w, https:\/\/i0.wp.com\/cepronda.com\/blog\/wp-content\/uploads\/2018\/06\/premios.jpg?resize=1024%2C676&amp;ssl=1 1024w\" sizes=\"auto, (max-width: 1170px) 100vw, 1170px\" \/><\/a><\/p>\n","protected":false},"excerpt":{"rendered":"<p>Muy buenas,&nbsp; Hoy estamos de enhorabuena ya que dos microrrelatos de centros de nuestra zona ha sido premiados en el concurso de microrrelatos educativos \u00abCu\u00e9ntanos una historia\u00bb. M\u00e1s concretamente se trata de&nbsp;\u201cNoche que alegra el alma\u201d de&nbsp;Mar\u00eda Guerrero Garc\u00eda, del&nbsp;IES Profesor Gonzalo Huesa de Ronda&nbsp;y&nbsp;&nbsp;\u201cAdi\u00f3s\u201d de&nbsp;Javier Aguilar M\u00e9ndez, del&nbsp;IES Valle del Genal de Algatoc\u00edn. Enhorabuena [&hellip;]<\/p>\n","protected":false},"author":3,"featured_media":2180,"comment_status":"open","ping_status":"open","sticky":false,"template":"","format":"standard","meta":{"_crdt_document":"","advanced_seo_description":"","jetpack_seo_html_title":"","jetpack_seo_noindex":false,"jetpack_post_was_ever_published":false,"_jetpack_newsletter_access":"","_jetpack_dont_email_post_to_subs":false,"_jetpack_newsletter_tier_id":0,"_jetpack_memberships_contains_paywalled_content":false,"_jetpack_memberships_contains_paid_content":false,"footnotes":"","jetpack_publicize_message":"","jetpack_publicize_feature_enabled":true,"jetpack_social_post_already_shared":true,"jetpack_social_options":{"image_generator_settings":{"template":"highway","default_image_id":0,"font":"","enabled":false},"version":2}},"categories":[5],"tags":[231,122,57],"class_list":{"0":"post-2178","1":"post","2":"type-post","3":"status-publish","4":"format-standard","5":"has-post-thumbnail","7":"category-noticias","8":"tag-certamen","9":"tag-concurso","10":"tag-premios","11":"czr-hentry"},"jetpack_publicize_connections":[],"jetpack_featured_media_url":"https:\/\/i0.wp.com\/cepronda.com\/blog\/wp-content\/uploads\/2018\/06\/premios.jpg?fit=2000%2C1320&ssl=1","jetpack_shortlink":"https:\/\/wp.me\/p8M4X7-z8","jetpack-related-posts":[{"id":2501,"url":"https:\/\/cepronda.com\/blog\/premiados-en-el-iii-certamen-de-microrrelatos-sobre-violencia-de-genero-en-la-juventud\/","url_meta":{"origin":2178,"position":0},"title":"Premiados en el III CERTAMEN DE MICRORRELATOS SOBRE VIOLENCIA DE G\u00c9NERO EN LA JUVENTUD","author":"V\u00edctor Caballero","date":"30 noviembre, 2018","format":false,"excerpt":"Muy buenas, terminamos la semana con una magn\u00edfica noticia, y es que 3 relatos presentados por 3 alumnas del IES Profesor Gonzalo Huesa han sido seleccionados en el\u00a0III CERTAMEN DE MICRORRELATOS SOBREVIOLENCIA DE G\u00c9NERO EN LA JUVENTUD. Os dejamos con algunas fotos tomadas en el d\u00eda de la entrega de\u2026","rel":"","context":"En \u00abNoticias\u00bb","block_context":{"text":"Noticias","link":"https:\/\/cepronda.com\/blog\/category\/noticias\/"},"img":{"alt_text":"","src":"https:\/\/i0.wp.com\/cepronda.com\/blog\/wp-content\/uploads\/2018\/11\/Gonzalo-Huesa-premio.jpg?fit=576%2C1024&ssl=1&resize=350%2C200","width":350,"height":200,"srcset":"https:\/\/i0.wp.com\/cepronda.com\/blog\/wp-content\/uploads\/2018\/11\/Gonzalo-Huesa-premio.jpg?fit=576%2C1024&ssl=1&resize=350%2C200 1x, https:\/\/i0.wp.com\/cepronda.com\/blog\/wp-content\/uploads\/2018\/11\/Gonzalo-Huesa-premio.jpg?fit=576%2C1024&ssl=1&resize=525%2C300 1.5x"},"classes":[]},{"id":3153,"url":"https:\/\/cepronda.com\/blog\/iv-certamen-de-microrrelatos-sobre-violencia-de-genero-en-la-juventud-malaga-2019-2\/","url_meta":{"origin":2178,"position":1},"title":"IV Certamen de microrrelatos sobre Violencia de g\u00e9nero en la juventud &#8211; M\u00e1laga 2019","author":"V\u00edctor Caballero","date":"19 noviembre, 2019","format":false,"excerpt":"\u00a1Buenos d\u00edas! Nos acaban de comunicar los doce microrrelatos que han sido elegidos por el jurado para el Acto de lectura p\u00fablica\u00a0del pr\u00f3ximo s\u00e1bado 23 de noviembre, a las 11:30 de la ma\u00f1ana en el Auditorio Edgar Neville de la Diputaci\u00f3n de M\u00e1laga. Y nuevamente tenemos que celebrar que cuatro\u2026","rel":"","context":"En \u00abNoticias\u00bb","block_context":{"text":"Noticias","link":"https:\/\/cepronda.com\/blog\/category\/noticias\/"},"img":{"alt_text":"","src":"https:\/\/i0.wp.com\/cepronda.com\/blog\/wp-content\/uploads\/2019\/09\/IES-Gonzalo-Huesa.png?resize=350%2C200","width":350,"height":200},"classes":[]},{"id":1651,"url":"https:\/\/cepronda.com\/blog\/concurso-de-dibujo-y-microrrelatos-esta-es-mi-familia\/","url_meta":{"origin":2178,"position":2},"title":"Concurso de dibujo y microrrelatos \u00abEsta es mi familia\u00bb","author":"V\u00edctor Caballero","date":"23 marzo, 2018","format":false,"excerpt":"\u00a1Muy buenas familia! Hoy viernes, antes de tomarnos nuestra merecida semana de vacaciones, os dejamos con esta informaci\u00f3n que nos ha llegado desde la Delegaci\u00f3n de Educaci\u00f3n de M\u00e1laga. La FELGTB (Federaci\u00f3n Estatal de Lesbianas, Gais, Transexuales y Bisexuales)\u00a0\u00a0convoca la Segunda Edici\u00f3n del Concurso de dibujo y microrrelatos para ni\u00f1as,\u2026","rel":"","context":"En \u00abNoticias\u00bb","block_context":{"text":"Noticias","link":"https:\/\/cepronda.com\/blog\/category\/noticias\/"},"img":{"alt_text":"","src":"https:\/\/i0.wp.com\/cepronda.com\/blog\/wp-content\/uploads\/2018\/03\/concurso-familias-1.jpg?resize=350%2C200","width":350,"height":200},"classes":[]},{"id":2272,"url":"https:\/\/cepronda.com\/blog\/iii-certamen-de-microrrelatos-sobre-violencia-de-genero-en-la-juventud-malaga-2018\/","url_meta":{"origin":2178,"position":3},"title":"III Certamen de Microrrelatos sobre Violencia de g\u00e9nero en la juventud &#8211; M\u00e1laga 2018","author":"V\u00edctor Caballero","date":"7 septiembre, 2018","format":false,"excerpt":"Muy buenas de nuevo familia.\u00a0 Hoy queremos compartir con todas y todos vosotros una iniciativa que nos ha llegado por medio de Antonio Poleo. Se trata del III Certamen de Microrrelatos sobre violencia de g\u00e9nero en la juventud. Va dirigido a j\u00f3venes hasta 20 a\u00f1os, as\u00ed que pod\u00e9is participar con\u2026","rel":"","context":"En \u00abNoticias\u00bb","block_context":{"text":"Noticias","link":"https:\/\/cepronda.com\/blog\/category\/noticias\/"},"img":{"alt_text":"","src":"https:\/\/i0.wp.com\/cepronda.com\/blog\/wp-content\/uploads\/2018\/09\/Cartel_Microrrelatos.png?fit=608%2C855&ssl=1&resize=350%2C200","width":350,"height":200,"srcset":"https:\/\/i0.wp.com\/cepronda.com\/blog\/wp-content\/uploads\/2018\/09\/Cartel_Microrrelatos.png?fit=608%2C855&ssl=1&resize=350%2C200 1x, https:\/\/i0.wp.com\/cepronda.com\/blog\/wp-content\/uploads\/2018\/09\/Cartel_Microrrelatos.png?fit=608%2C855&ssl=1&resize=525%2C300 1.5x"},"classes":[]},{"id":3057,"url":"https:\/\/cepronda.com\/blog\/premiados-en-el-ies-martin-rivero\/","url_meta":{"origin":2178,"position":4},"title":"Premiados en el IES Mart\u00edn Rivero","author":"V\u00edctor Caballero","date":"27 septiembre, 2019","format":false,"excerpt":"Muy buenas, nos llegan dos magn\u00edficas noticias de premiados en el IES Mart\u00edn Rivero en distintos premios y cert\u00e1menes. Os dejamos con los enlaces a las noticias, y desde el CEP damos la enhorabuena al alumnado premiado. Fad y BBVA fallan los proyectos educativos ganadores del Premio a la Acci\u00f3n\u2026","rel":"","context":"En \u00abNoticias\u00bb","block_context":{"text":"Noticias","link":"https:\/\/cepronda.com\/blog\/category\/noticias\/"},"img":{"alt_text":"","src":"","width":0,"height":0},"classes":[]},{"id":3084,"url":"https:\/\/cepronda.com\/blog\/iv-certamen-de-microrrelatos-sobre-violencia-de-genero-en-la-juventud-malaga-2019\/","url_meta":{"origin":2178,"position":5},"title":"IV Certamen de microrrelatos sobre Violencia de g\u00e9nero en la juventud &#8211; M\u00e1laga 2019","author":"V\u00edctor Caballero","date":"8 octubre, 2019","format":false,"excerpt":"Muy buenas, como ya publicamos hace unso d\u00edas ya est\u00e1 en marcha el IV Certamen de microrrelatos sobre violencia de g\u00e9nero. Desde la organizaci\u00f3n del mismo nos hacen llegar esta informaci\u00f3n que pasamos a compartir con todos y todas vosotras. Estimads amigs: Os adjuntamos una infograf\u00eda para ayudar al alumnado\u2026","rel":"","context":"En \u00abNoticias\u00bb","block_context":{"text":"Noticias","link":"https:\/\/cepronda.com\/blog\/category\/noticias\/"},"img":{"alt_text":"","src":"https:\/\/i0.wp.com\/cepronda.com\/blog\/wp-content\/uploads\/2019\/10\/image.png?fit=849%2C1200&ssl=1&resize=350%2C200","width":350,"height":200,"srcset":"https:\/\/i0.wp.com\/cepronda.com\/blog\/wp-content\/uploads\/2019\/10\/image.png?fit=849%2C1200&ssl=1&resize=350%2C200 1x, https:\/\/i0.wp.com\/cepronda.com\/blog\/wp-content\/uploads\/2019\/10\/image.png?fit=849%2C1200&ssl=1&resize=525%2C300 1.5x, https:\/\/i0.wp.com\/cepronda.com\/blog\/wp-content\/uploads\/2019\/10\/image.png?fit=849%2C1200&ssl=1&resize=700%2C400 2x"},"classes":[]}],"jetpack_sharing_enabled":true,"_links":{"self":[{"href":"https:\/\/cepronda.com\/blog\/wp-json\/wp\/v2\/posts\/2178","targetHints":{"allow":["GET"]}}],"collection":[{"href":"https:\/\/cepronda.com\/blog\/wp-json\/wp\/v2\/posts"}],"about":[{"href":"https:\/\/cepronda.com\/blog\/wp-json\/wp\/v2\/types\/post"}],"author":[{"embeddable":true,"href":"https:\/\/cepronda.com\/blog\/wp-json\/wp\/v2\/users\/3"}],"replies":[{"embeddable":true,"href":"https:\/\/cepronda.com\/blog\/wp-json\/wp\/v2\/comments?post=2178"}],"version-history":[{"count":1,"href":"https:\/\/cepronda.com\/blog\/wp-json\/wp\/v2\/posts\/2178\/revisions"}],"predecessor-version":[{"id":2181,"href":"https:\/\/cepronda.com\/blog\/wp-json\/wp\/v2\/posts\/2178\/revisions\/2181"}],"wp:featuredmedia":[{"embeddable":true,"href":"https:\/\/cepronda.com\/blog\/wp-json\/wp\/v2\/media\/2180"}],"wp:attachment":[{"href":"https:\/\/cepronda.com\/blog\/wp-json\/wp\/v2\/media?parent=2178"}],"wp:term":[{"taxonomy":"category","embeddable":true,"href":"https:\/\/cepronda.com\/blog\/wp-json\/wp\/v2\/categories?post=2178"},{"taxonomy":"post_tag","embeddable":true,"href":"https:\/\/cepronda.com\/blog\/wp-json\/wp\/v2\/tags?post=2178"}],"curies":[{"name":"wp","href":"https:\/\/api.w.org\/{rel}","templated":true}]}}