{"id":2155,"date":"2018-06-11T10:01:37","date_gmt":"2018-06-11T08:01:37","guid":{"rendered":"http:\/\/cepronda.com\/blog\/?p=2155"},"modified":"2018-06-11T10:01:37","modified_gmt":"2018-06-11T08:01:37","slug":"nuevas-titulaciones-en-el-ies-perez-de-guzman","status":"publish","type":"post","link":"https:\/\/cepronda.com\/blog\/nuevas-titulaciones-en-el-ies-perez-de-guzman\/","title":{"rendered":"Nuevas titulaciones en el IES P\u00e9rez de Guzm\u00e1n"},"content":{"rendered":"<p>\u00a1Hola de nuevo!<\/p>\n<p>Seguimos informando de novedades en nuestros centros, en este caso nos acercamos al IES P\u00e9rez de Guzm\u00e1n donde nos informan de nuevas titulaciones, de nuevos&nbsp;Ciclos Formativos:<\/p>\n<ul>\n<li>CFGS Animaci\u00f3n Sociocultural y Tur\u00edstica. Formaci\u00f3n DUAL, formaci\u00f3n empresa-instituto.<\/p>\n<\/li>\n<li>\n<p>Formaci\u00f3n B\u00e1sica de Actividades Dom\u00e9sticas y Limpieza de Edificios. Formaci\u00f3n DUAL, formaci\u00f3n empresa-instituto.<\/p>\n<\/li>\n<li>\n<p>Y CFGS de Educaci\u00f3n Infantil por la tarde.<\/p>\n<\/li>\n<\/ul>\n<p>Os dejamos con los folletos que han preparado desde el instituto, y os animamos a compartirlos.<\/p>\n<p>[ngg_images source=\u00bbgalleries\u00bb container_ids=\u00bb16&#8243; display_type=\u00bbphotocrati-nextgen_basic_slideshow\u00bb gallery_width=\u00bb600&#8243; gallery_height=\u00bb400&#8243; cycle_effect=\u00bbshuffle\u00bb cycle_interval=\u00bb7&#8243; show_thumbnail_link=\u00bb1&#8243; thumbnail_link_text=\u00bb[Mostrar miniaturas]\u00bb order_by=\u00bbsortorder\u00bb order_direction=\u00bbASC\u00bb returns=\u00bbincluded\u00bb maximum_entity_count=\u00bb500&#8243;]<\/p>\n","protected":false},"excerpt":{"rendered":"<p>\u00a1Hola de nuevo! Seguimos informando de novedades en nuestros centros, en este caso nos acercamos al IES P\u00e9rez de Guzm\u00e1n donde nos informan de nuevas titulaciones, de nuevos&nbsp;Ciclos Formativos: CFGS Animaci\u00f3n Sociocultural y Tur\u00edstica. Formaci\u00f3n DUAL, formaci\u00f3n empresa-instituto. Formaci\u00f3n B\u00e1sica de Actividades Dom\u00e9sticas y Limpieza de Edificios. Formaci\u00f3n DUAL, formaci\u00f3n empresa-instituto. Y CFGS de Educaci\u00f3n [&hellip;]<\/p>\n","protected":false},"author":3,"featured_media":2170,"comment_status":"open","ping_status":"open","sticky":false,"template":"","format":"standard","meta":{"_crdt_document":"","advanced_seo_description":"","jetpack_seo_html_title":"","jetpack_seo_noindex":false,"jetpack_post_was_ever_published":false,"_jetpack_newsletter_access":"","_jetpack_dont_email_post_to_subs":false,"_jetpack_newsletter_tier_id":0,"_jetpack_memberships_contains_paywalled_content":false,"_jetpack_memberships_contains_paid_content":false,"footnotes":"","jetpack_publicize_message":"Nuevas titulaciones en el IES P\u00e9rez de Guzm\u00e1n. Nuevas posibilidades de estudio muy interesantes","jetpack_publicize_feature_enabled":true,"jetpack_social_post_already_shared":true,"jetpack_social_options":{"image_generator_settings":{"template":"highway","default_image_id":0,"font":"","enabled":false},"version":2}},"categories":[5],"tags":[71],"class_list":{"0":"post-2155","1":"post","2":"type-post","3":"status-publish","4":"format-standard","5":"has-post-thumbnail","7":"category-noticias","8":"tag-formacion-profesional","9":"czr-hentry"},"jetpack_publicize_connections":[],"jetpack_featured_media_url":"https:\/\/i0.wp.com\/cepronda.com\/blog\/wp-content\/uploads\/2018\/06\/IMG-20180611-WA0002.jpg?fit=916%2C1295&ssl=1","jetpack_shortlink":"https:\/\/wp.me\/p8M4X7-yL","jetpack-related-posts":[{"id":2817,"url":"https:\/\/cepronda.com\/blog\/ciclos-formativos-en-el-ies-andres-perez-serrano-de-cortes-de-la-frontera\/","url_meta":{"origin":2155,"position":0},"title":"Ciclos Formativos en el IES Andr\u00e9s P\u00e9rez Serrano de Cortes de la Frontera","author":"V\u00edctor Caballero","date":"17 mayo, 2019","format":false,"excerpt":"Muy buenas familia, Compartimos con todos y todas vosotras la interesante oferta formativa de Ciclo Formativos de Formaci\u00f3n Profesional Dual Agraria ofrecidas por el IES Andr\u00e9s P\u00e9rez Serrano. Ademas de con los dos tr\u00edpticos informativos, os dejamos dos v\u00eddeos informando sobre los mismos, y os invitamos a visitar la p\u00e1gina\u2026","rel":"","context":"En \u00abNoticias\u00bb","block_context":{"text":"Noticias","link":"https:\/\/cepronda.com\/blog\/category\/noticias\/"},"img":{"alt_text":"","src":"https:\/\/i0.wp.com\/cepronda.com\/blog\/wp-content\/uploads\/2019\/05\/CFGM_Andres_P%C3%A9rez_Serrano.png?fit=635%2C904&ssl=1&resize=350%2C200","width":350,"height":200,"srcset":"https:\/\/i0.wp.com\/cepronda.com\/blog\/wp-content\/uploads\/2019\/05\/CFGM_Andres_P%C3%A9rez_Serrano.png?fit=635%2C904&ssl=1&resize=350%2C200 1x, https:\/\/i0.wp.com\/cepronda.com\/blog\/wp-content\/uploads\/2019\/05\/CFGM_Andres_P%C3%A9rez_Serrano.png?fit=635%2C904&ssl=1&resize=525%2C300 1.5x"},"classes":[]},{"id":5355,"url":"https:\/\/cepronda.com\/blog\/fpa-ies-perez-de-guzman\/","url_meta":{"origin":2155,"position":1},"title":"FPA IES P\u00c9REZ DE GUZM\u00c1N","author":"Maribel Mu\u00f1oz","date":"1 junio, 2022","format":false,"excerpt":"Buenas tardes compa\u00f1eras y compa\u00f1eros, Os informamos que desde el IES P\u00e9rez de Guzm\u00e1n se van a ofertar para el pr\u00f3ximo curso, entre otros, estos tres ciclos formativos: *T\u00c9CNICO SUPERIOR EN PROCESOS Y CALIDAD EN LA INDUSTRIA ALIMENTARIA *T\u00c9CNICO EN ATENCI\u00d3N A PERSONAS EN SITUACI\u00d3N DE DEPENDENCIA DUAL *T\u00c9CNICO EN\u2026","rel":"","context":"En \u00abFormaciones\u00bb","block_context":{"text":"Formaciones","link":"https:\/\/cepronda.com\/blog\/category\/formaciones\/"},"img":{"alt_text":"","src":"https:\/\/i0.wp.com\/cepronda.com\/blog\/wp-content\/uploads\/2020\/03\/S%C2%B0mbolo-gen%C3%87rico-RRSS-redondo-negativo.png?fit=1200%2C1200&ssl=1&resize=350%2C200","width":350,"height":200,"srcset":"https:\/\/i0.wp.com\/cepronda.com\/blog\/wp-content\/uploads\/2020\/03\/S%C2%B0mbolo-gen%C3%87rico-RRSS-redondo-negativo.png?fit=1200%2C1200&ssl=1&resize=350%2C200 1x, https:\/\/i0.wp.com\/cepronda.com\/blog\/wp-content\/uploads\/2020\/03\/S%C2%B0mbolo-gen%C3%87rico-RRSS-redondo-negativo.png?fit=1200%2C1200&ssl=1&resize=525%2C300 1.5x, https:\/\/i0.wp.com\/cepronda.com\/blog\/wp-content\/uploads\/2020\/03\/S%C2%B0mbolo-gen%C3%87rico-RRSS-redondo-negativo.png?fit=1200%2C1200&ssl=1&resize=700%2C400 2x, https:\/\/i0.wp.com\/cepronda.com\/blog\/wp-content\/uploads\/2020\/03\/S%C2%B0mbolo-gen%C3%87rico-RRSS-redondo-negativo.png?fit=1200%2C1200&ssl=1&resize=1050%2C600 3x"},"classes":[]},{"id":5033,"url":"https:\/\/cepronda.com\/blog\/atencion-sociosanitaria-a-personas-dependientes-en-instituciones-sociales\/","url_meta":{"origin":2155,"position":2},"title":"ATENCI\u00d3N SOCIOSANITARIA A PERSONAS DEPENDIENTES EN INSTITUCIONES SOCIALES","author":"Antonio Montes","date":"2 febrero, 2022","format":false,"excerpt":"Buenos d\u00edas Os informamos que en el IES P\u00e9rez de Guzm\u00e1n se va a llevar a cabo el curso siguiente: ATENCI\u00d3N SOCIOSANITARIA A PERSONAS DEPENDIENTES EN INSTITUCIONES SOCIALES (Certificado de Profesionalidad, con pr\u00e1cticas profesionales). Tendr\u00e1 una duraci\u00f3n de 450 horas y se desarrollar\u00e1 a partir del mes de febrero, de\u2026","rel":"","context":"En \u00abFormaciones\u00bb","block_context":{"text":"Formaciones","link":"https:\/\/cepronda.com\/blog\/category\/formaciones\/"},"img":{"alt_text":"","src":"https:\/\/i0.wp.com\/cepronda.com\/blog\/wp-content\/uploads\/2022\/02\/aTENCION-SOCIOSANITARIO-3.png?fit=849%2C1200&ssl=1&resize=350%2C200","width":350,"height":200,"srcset":"https:\/\/i0.wp.com\/cepronda.com\/blog\/wp-content\/uploads\/2022\/02\/aTENCION-SOCIOSANITARIO-3.png?fit=849%2C1200&ssl=1&resize=350%2C200 1x, https:\/\/i0.wp.com\/cepronda.com\/blog\/wp-content\/uploads\/2022\/02\/aTENCION-SOCIOSANITARIO-3.png?fit=849%2C1200&ssl=1&resize=525%2C300 1.5x, https:\/\/i0.wp.com\/cepronda.com\/blog\/wp-content\/uploads\/2022\/02\/aTENCION-SOCIOSANITARIO-3.png?fit=849%2C1200&ssl=1&resize=700%2C400 2x"},"classes":[]},{"id":5041,"url":"https:\/\/cepronda.com\/blog\/elaboracion-de-congelados-y-cocinados-de-pescado\/","url_meta":{"origin":2155,"position":3},"title":"ELABORACI\u00d3N DE CONGELADOS Y COCINADOS DE PESCADO","author":"Antonio Montes","date":"2 febrero, 2022","format":false,"excerpt":"Buenos d\u00edas Os informamos que en el IES P\u00e9rez de Guzm\u00e1n se va a llevar a cabo el curso siguiente: ELABORACI\u00d3N DE CONGELADOS Y COCINADOS DE PESCADO (Certificado de Profesionalidad, con pr\u00e1cticas profesionales). Este curso, de 110 horas de duraci\u00f3n, se desarrollar\u00e1 desde marzo a junio, de martes a viernes,\u00a0\u2026","rel":"","context":"En \u00abFormaciones\u00bb","block_context":{"text":"Formaciones","link":"https:\/\/cepronda.com\/blog\/category\/formaciones\/"},"img":{"alt_text":"","src":"https:\/\/i0.wp.com\/cepronda.com\/blog\/wp-content\/uploads\/2022\/02\/Elaboracion-de-Congelados-y-Cocinados-de-Pescado3.png?fit=849%2C1200&ssl=1&resize=350%2C200","width":350,"height":200,"srcset":"https:\/\/i0.wp.com\/cepronda.com\/blog\/wp-content\/uploads\/2022\/02\/Elaboracion-de-Congelados-y-Cocinados-de-Pescado3.png?fit=849%2C1200&ssl=1&resize=350%2C200 1x, https:\/\/i0.wp.com\/cepronda.com\/blog\/wp-content\/uploads\/2022\/02\/Elaboracion-de-Congelados-y-Cocinados-de-Pescado3.png?fit=849%2C1200&ssl=1&resize=525%2C300 1.5x, https:\/\/i0.wp.com\/cepronda.com\/blog\/wp-content\/uploads\/2022\/02\/Elaboracion-de-Congelados-y-Cocinados-de-Pescado3.png?fit=849%2C1200&ssl=1&resize=700%2C400 2x"},"classes":[]},{"id":5496,"url":"https:\/\/cepronda.com\/blog\/proyecto-proyectoedia-ies-perez-de-guzman-ronda\/","url_meta":{"origin":2155,"position":4},"title":"PROYECTO @proyectoEDIA. IES P\u00e9rez de Guzm\u00e1n. Ronda.","author":"Mamen Moreno","date":"21 septiembre, 2022","format":false,"excerpt":"Felicidades por vuestra participaci\u00f3n en el INTEF del Ministerio de Educaci\u00f3n compartiendo vuestra experiencia de uso de los REA, recursos educativos abiertos del #proyectoEDIA como v\u00eda para la mejora del aprendizaje competencial, de la motivaci\u00f3n, de la convivencia y de la autonom\u00eda del alumnado @educaINTEF, @proyectoEDIA, @exelearning_sp #5JE_REAventura. \u00a0 \u00a0\u2026","rel":"","context":"En \u00abNoticias\u00bb","block_context":{"text":"Noticias","link":"https:\/\/cepronda.com\/blog\/category\/noticias\/"},"img":{"alt_text":"","src":"https:\/\/i0.wp.com\/cepronda.com\/blog\/wp-content\/uploads\/2022\/09\/302545866_1225219891358916_8588385042584351171_n.jpg?fit=600%2C450&ssl=1&resize=350%2C200","width":350,"height":200,"srcset":"https:\/\/i0.wp.com\/cepronda.com\/blog\/wp-content\/uploads\/2022\/09\/302545866_1225219891358916_8588385042584351171_n.jpg?fit=600%2C450&ssl=1&resize=350%2C200 1x, https:\/\/i0.wp.com\/cepronda.com\/blog\/wp-content\/uploads\/2022\/09\/302545866_1225219891358916_8588385042584351171_n.jpg?fit=600%2C450&ssl=1&resize=525%2C300 1.5x"},"classes":[]},{"id":4675,"url":"https:\/\/cepronda.com\/blog\/experiencias-en-ronda-de-la-formacion-profesional-dual\/","url_meta":{"origin":2155,"position":5},"title":"EXPERIENCIAS EN RONDA DE LA FORMACI\u00d3N PROFESIONAL DUAL","author":"Antonio Montes","date":"27 septiembre, 2021","format":false,"excerpt":"Buenos d\u00edas. Os informamos que est\u00e1 abierto el plazo de inscripci\u00f3n de la formaci\u00f3n\u00a0 EXPERIENCIAS EN RONDA DE LA FORMACI\u00d3N PROFESIONAL DUAL (C\u00f3digo: 222924GE035).\u00a0 Las fechas de inscripci\u00f3n son las comprendidas entre el 24 de septiembre y el 3 de octubre de 2021. La actividad se llevar\u00e1 a cabo los\u2026","rel":"","context":"En \u00abFormaciones\u00bb","block_context":{"text":"Formaciones","link":"https:\/\/cepronda.com\/blog\/category\/formaciones\/"},"img":{"alt_text":"","src":"https:\/\/i0.wp.com\/cepronda.com\/blog\/wp-content\/uploads\/2021\/09\/222924GE035-EXPERIENCIAS-EN-RONDA-DE-LA-FP-DUAL.png?fit=848%2C1200&ssl=1&resize=350%2C200","width":350,"height":200,"srcset":"https:\/\/i0.wp.com\/cepronda.com\/blog\/wp-content\/uploads\/2021\/09\/222924GE035-EXPERIENCIAS-EN-RONDA-DE-LA-FP-DUAL.png?fit=848%2C1200&ssl=1&resize=350%2C200 1x, https:\/\/i0.wp.com\/cepronda.com\/blog\/wp-content\/uploads\/2021\/09\/222924GE035-EXPERIENCIAS-EN-RONDA-DE-LA-FP-DUAL.png?fit=848%2C1200&ssl=1&resize=525%2C300 1.5x, https:\/\/i0.wp.com\/cepronda.com\/blog\/wp-content\/uploads\/2021\/09\/222924GE035-EXPERIENCIAS-EN-RONDA-DE-LA-FP-DUAL.png?fit=848%2C1200&ssl=1&resize=700%2C400 2x"},"classes":[]}],"jetpack_sharing_enabled":true,"_links":{"self":[{"href":"https:\/\/cepronda.com\/blog\/wp-json\/wp\/v2\/posts\/2155","targetHints":{"allow":["GET"]}}],"collection":[{"href":"https:\/\/cepronda.com\/blog\/wp-json\/wp\/v2\/posts"}],"about":[{"href":"https:\/\/cepronda.com\/blog\/wp-json\/wp\/v2\/types\/post"}],"author":[{"embeddable":true,"href":"https:\/\/cepronda.com\/blog\/wp-json\/wp\/v2\/users\/3"}],"replies":[{"embeddable":true,"href":"https:\/\/cepronda.com\/blog\/wp-json\/wp\/v2\/comments?post=2155"}],"version-history":[{"count":1,"href":"https:\/\/cepronda.com\/blog\/wp-json\/wp\/v2\/posts\/2155\/revisions"}],"predecessor-version":[{"id":2171,"href":"https:\/\/cepronda.com\/blog\/wp-json\/wp\/v2\/posts\/2155\/revisions\/2171"}],"wp:featuredmedia":[{"embeddable":true,"href":"https:\/\/cepronda.com\/blog\/wp-json\/wp\/v2\/media\/2170"}],"wp:attachment":[{"href":"https:\/\/cepronda.com\/blog\/wp-json\/wp\/v2\/media?parent=2155"}],"wp:term":[{"taxonomy":"category","embeddable":true,"href":"https:\/\/cepronda.com\/blog\/wp-json\/wp\/v2\/categories?post=2155"},{"taxonomy":"post_tag","embeddable":true,"href":"https:\/\/cepronda.com\/blog\/wp-json\/wp\/v2\/tags?post=2155"}],"curies":[{"name":"wp","href":"https:\/\/api.w.org\/{rel}","templated":true}]}}