{"id":2130,"date":"2018-06-11T09:50:49","date_gmt":"2018-06-11T07:50:49","guid":{"rendered":"http:\/\/cepronda.com\/blog\/?p=2130"},"modified":"2018-06-11T09:50:49","modified_gmt":"2018-06-11T07:50:49","slug":"el-dia-de-la-bicicleta-en-el-ceip-virgen-de-la-cabeza","status":"publish","type":"post","link":"https:\/\/cepronda.com\/blog\/el-dia-de-la-bicicleta-en-el-ceip-virgen-de-la-cabeza\/","title":{"rendered":"El d\u00eda de la bicicleta en el CEIP Virgen de la Cabeza"},"content":{"rendered":"<p>Muy buenas,&nbsp;<\/p>\n<p>Os seguimos contando experiencias magn\u00edficas que est\u00e1is realizando. En este caso volvemos al CEIP Virgen de la Cabeza de Ronda, donde el pasado viernes d\u00eda 8 de junio pudieron disfrutar de su D\u00eda de la Bicicleta. Para ello prepararon actividades de Educaci\u00f3n Vial en un circuito dibujado en la pista y carrera de cintas. Adem\u00e1s en el polideportivo se prepar\u00f3 un circuito de habilidad y disfrutaron de un nuevo deporte, el \u00abfutbolbici\u00bb. Todo esto dirigido a todo el alumnado de Infantil y Primaria. Os dejamos con las im\u00e1genes y volvemos a reiterar nuestra felicitaci\u00f3n al profesorado y alumnado de este centro. \u00a1Enhorabuena!&nbsp;<\/p>\n<p>[ngg_images source=\u00bbgalleries\u00bb container_ids=\u00bb15&#8243; display_type=\u00bbphotocrati-nextgen_basic_slideshow\u00bb gallery_width=\u00bb600&#8243; gallery_height=\u00bb400&#8243; cycle_effect=\u00bbshuffle\u00bb cycle_interval=\u00bb4&#8243; show_thumbnail_link=\u00bb1&#8243; thumbnail_link_text=\u00bb[Mostrar miniaturas]\u00bb order_by=\u00bbsortorder\u00bb order_direction=\u00bbASC\u00bb returns=\u00bbincluded\u00bb maximum_entity_count=\u00bb500&#8243;]<\/p>\n","protected":false},"excerpt":{"rendered":"<p>Muy buenas,&nbsp; Os seguimos contando experiencias magn\u00edficas que est\u00e1is realizando. En este caso volvemos al CEIP Virgen de la Cabeza de Ronda, donde el pasado viernes d\u00eda 8 de junio pudieron disfrutar de su D\u00eda de la Bicicleta. Para ello prepararon actividades de Educaci\u00f3n Vial en un circuito dibujado en la pista y carrera de [&hellip;]<\/p>\n","protected":false},"author":3,"featured_media":2153,"comment_status":"open","ping_status":"open","sticky":false,"template":"","format":"standard","meta":{"_crdt_document":"","advanced_seo_description":"","jetpack_seo_html_title":"","jetpack_seo_noindex":false,"jetpack_post_was_ever_published":false,"_jetpack_newsletter_access":"","_jetpack_dont_email_post_to_subs":false,"_jetpack_newsletter_tier_id":0,"_jetpack_memberships_contains_paywalled_content":false,"_jetpack_memberships_contains_paid_content":false,"footnotes":"","jetpack_publicize_message":"","jetpack_publicize_feature_enabled":true,"jetpack_social_post_already_shared":true,"jetpack_social_options":{"image_generator_settings":{"template":"highway","default_image_id":0,"font":"","enabled":false},"version":2}},"categories":[5],"tags":[132],"class_list":{"0":"post-2130","1":"post","2":"type-post","3":"status-publish","4":"format-standard","5":"has-post-thumbnail","7":"category-noticias","8":"tag-proyectos","9":"czr-hentry"},"jetpack_publicize_connections":[],"jetpack_featured_media_url":"https:\/\/i0.wp.com\/cepronda.com\/blog\/wp-content\/uploads\/2018\/06\/IMG-20180611-WA0001.jpg?fit=1600%2C1200&ssl=1","jetpack_shortlink":"https:\/\/wp.me\/p8M4X7-ym","jetpack-related-posts":[{"id":2468,"url":"https:\/\/cepronda.com\/blog\/video-contra-la-violencia-de-genero-del-ceip-virgen-de-la-cabeza\/","url_meta":{"origin":2130,"position":0},"title":"V\u00eddeo contra la violencia de g\u00e9nero del CEIP Virgen de la Cabeza","author":"V\u00edctor Caballero","date":"26 noviembre, 2018","format":false,"excerpt":"\u00a1Hola! El viernes tarde recib\u00ed unos de esos regalos que te alegran la tarde. Y es que desde el CEIP Virgen de la Cabeza me hicieron llegar el v\u00eddeo que han preparado con su alumnado como reivindicaci\u00f3n en el 25 de noviembre. Os dejo que disfrut\u00e9is con \u00e9l, y desde\u2026","rel":"","context":"En \u00abNoticias\u00bb","block_context":{"text":"Noticias","link":"https:\/\/cepronda.com\/blog\/category\/noticias\/"},"img":{"alt_text":"","src":"https:\/\/i0.wp.com\/cepronda.com\/blog\/wp-content\/uploads\/2018\/11\/man-101001_1920.jpg?fit=1200%2C848&ssl=1&resize=350%2C200","width":350,"height":200,"srcset":"https:\/\/i0.wp.com\/cepronda.com\/blog\/wp-content\/uploads\/2018\/11\/man-101001_1920.jpg?fit=1200%2C848&ssl=1&resize=350%2C200 1x, https:\/\/i0.wp.com\/cepronda.com\/blog\/wp-content\/uploads\/2018\/11\/man-101001_1920.jpg?fit=1200%2C848&ssl=1&resize=525%2C300 1.5x, https:\/\/i0.wp.com\/cepronda.com\/blog\/wp-content\/uploads\/2018\/11\/man-101001_1920.jpg?fit=1200%2C848&ssl=1&resize=700%2C400 2x, https:\/\/i0.wp.com\/cepronda.com\/blog\/wp-content\/uploads\/2018\/11\/man-101001_1920.jpg?fit=1200%2C848&ssl=1&resize=1050%2C600 3x"},"classes":[]},{"id":1785,"url":"https:\/\/cepronda.com\/blog\/video-final-de-las-actividades-del-dia-del-libro-en-el-ceip-virgen-de-la-cabeza\/","url_meta":{"origin":2130,"position":1},"title":"V\u00eddeo final de las actividades del D\u00eda del Libro en el CEIP Virgen de la Cabeza","author":"V\u00edctor Caballero","date":"7 mayo, 2018","format":false,"excerpt":"Muy buenas,\u00a0 Como os cont\u00e1bamos hace un par de semanas en el CEIP Virgen de la Cabeza\u00a0 estaban realizando un trabajo magn\u00edfico entre el profesorado y el alumnado, tomando como eje el libro de \"La vuelta al mundo en 80 d\u00edas\". Me acaban de pasar el enlace al v\u00eddeo que\u2026","rel":"","context":"En \u00abNoticias\u00bb","block_context":{"text":"Noticias","link":"https:\/\/cepronda.com\/blog\/category\/noticias\/"},"img":{"alt_text":"","src":"https:\/\/i0.wp.com\/cepronda.com\/blog\/wp-content\/uploads\/2018\/04\/002Lisa-mascota-biblio7.jpg?fit=247%2C270&ssl=1&resize=350%2C200","width":350,"height":200},"classes":[]},{"id":2764,"url":"https:\/\/cepronda.com\/blog\/el-misterio-resuelto-en-el-ceip-virgen-de-la-cabeza\/","url_meta":{"origin":2130,"position":2},"title":"El misterio resuelto en el CEIP Virgen de la Cabeza&#8230;","author":"V\u00edctor Caballero","date":"26 abril, 2019","format":false,"excerpt":"Comenz\u00f3 la ma\u00f1ana del jueves lluviosa, esa lluvia de Londres que moja sin mojar...preludio de los misterios a resolver por el alumnado del CEIP Virgen de la Cabeza y preparados con mucho trabajo y cari\u00f1o por el grupo de apoyo a la biblioteca del centro. Tuve la gran suerte de\u2026","rel":"","context":"En \u00abNoticias\u00bb","block_context":{"text":"Noticias","link":"https:\/\/cepronda.com\/blog\/category\/noticias\/"},"img":{"alt_text":"","src":"https:\/\/i0.wp.com\/cepronda.com\/blog\/wp-content\/uploads\/2019\/04\/D%C3%ADa-del-libro-Virgen-de-la-Cabeza.jpeg?fit=1200%2C900&ssl=1&resize=350%2C200","width":350,"height":200,"srcset":"https:\/\/i0.wp.com\/cepronda.com\/blog\/wp-content\/uploads\/2019\/04\/D%C3%ADa-del-libro-Virgen-de-la-Cabeza.jpeg?fit=1200%2C900&ssl=1&resize=350%2C200 1x, https:\/\/i0.wp.com\/cepronda.com\/blog\/wp-content\/uploads\/2019\/04\/D%C3%ADa-del-libro-Virgen-de-la-Cabeza.jpeg?fit=1200%2C900&ssl=1&resize=525%2C300 1.5x, https:\/\/i0.wp.com\/cepronda.com\/blog\/wp-content\/uploads\/2019\/04\/D%C3%ADa-del-libro-Virgen-de-la-Cabeza.jpeg?fit=1200%2C900&ssl=1&resize=700%2C400 2x, https:\/\/i0.wp.com\/cepronda.com\/blog\/wp-content\/uploads\/2019\/04\/D%C3%ADa-del-libro-Virgen-de-la-Cabeza.jpeg?fit=1200%2C900&ssl=1&resize=1050%2C600 3x"},"classes":[]},{"id":2540,"url":"https:\/\/cepronda.com\/blog\/algunos-proyectos-del-ceip-virgen-de-la-cabeza\/","url_meta":{"origin":2130,"position":3},"title":"Algunos proyectos del CEIP Virgen de la Cabeza","author":"V\u00edctor Caballero","date":"14 diciembre, 2018","format":false,"excerpt":"Muy buenas familia, Una de las mayores recompensas que podemos tener de nuestras iniciativas formativas, es ver como va llegando a los centros y a su comunidad educativa lo trabajado en estas formaciones. El CEIP Virgen de la Cabeza se ha estado formando en este primer trimestre en el Aprendizaje\u2026","rel":"","context":"En \u00abNoticias\u00bb","block_context":{"text":"Noticias","link":"https:\/\/cepronda.com\/blog\/category\/noticias\/"},"img":{"alt_text":"","src":"https:\/\/i0.wp.com\/cepronda.com\/blog\/wp-content\/uploads\/2018\/09\/puzzle-210785_640.jpg?fit=640%2C480&ssl=1&resize=350%2C200","width":350,"height":200,"srcset":"https:\/\/i0.wp.com\/cepronda.com\/blog\/wp-content\/uploads\/2018\/09\/puzzle-210785_640.jpg?fit=640%2C480&ssl=1&resize=350%2C200 1x, https:\/\/i0.wp.com\/cepronda.com\/blog\/wp-content\/uploads\/2018\/09\/puzzle-210785_640.jpg?fit=640%2C480&ssl=1&resize=525%2C300 1.5x"},"classes":[]},{"id":2550,"url":"https:\/\/cepronda.com\/blog\/trabajando-el-dia-de-la-lectura-en-nuestros-centros\/","url_meta":{"origin":2130,"position":4},"title":"Trabajando el d\u00eda de la lectura en nuestros centros","author":"V\u00edctor Caballero","date":"20 diciembre, 2018","format":false,"excerpt":"Muy buenas familia, nos est\u00e1n llegando algunos ejemplos de las actividades que hab\u00e9is trabajado en vuestros centros con motivo del D\u00eda de la Lectura. En este caso se trata de una actividad del CEIP Juan Mart\u00edn Pinz\u00f3n donde decidieron homenajear a las Misiones Pedag\u00f3gicas, y por otro lado el CEIP\u2026","rel":"","context":"En \u00abNoticias\u00bb","block_context":{"text":"Noticias","link":"https:\/\/cepronda.com\/blog\/category\/noticias\/"},"img":{"alt_text":"","src":"https:\/\/i0.wp.com\/cepronda.com\/blog\/wp-content\/uploads\/2018\/12\/girl-160172_1280.png?fit=600%2C1200&ssl=1&resize=350%2C200","width":350,"height":200,"srcset":"https:\/\/i0.wp.com\/cepronda.com\/blog\/wp-content\/uploads\/2018\/12\/girl-160172_1280.png?fit=600%2C1200&ssl=1&resize=350%2C200 1x, https:\/\/i0.wp.com\/cepronda.com\/blog\/wp-content\/uploads\/2018\/12\/girl-160172_1280.png?fit=600%2C1200&ssl=1&resize=525%2C300 1.5x"},"classes":[]},{"id":3500,"url":"https:\/\/cepronda.com\/blog\/ideas-de-nuestros-centros-en-esta-primera-semana-de-confinamiento\/","url_meta":{"origin":2130,"position":5},"title":"Ideas de nuestros centros en esta primera semana de confinamiento","author":"V\u00edctor Caballero","date":"21 marzo, 2020","format":false,"excerpt":"Muy buenas, compartimos con todos y todas vosotras distintas iniciativas de distintos centros que nos est\u00e1n llegando, y que creemos que son muy interesantes y pueden ayudarnos en estos momentos tan complicados. V\u00eddeo de \u00e1nimo del CEIP Virgen de la Cabeza https:\/\/www.youtube.com\/watch?v=i_6gnaHD-5o&feature=youtu.be Reto de m\u00fasica del CEIP Virgen de la\u2026","rel":"","context":"En \u00abNoticias\u00bb","block_context":{"text":"Noticias","link":"https:\/\/cepronda.com\/blog\/category\/noticias\/"},"img":{"alt_text":"","src":"https:\/\/i0.wp.com\/cepronda.com\/blog\/wp-content\/uploads\/2020\/02\/Logo_twitter_cep_ronda-INSTITUCIONAL-Transparente.png?fit=546%2C563&ssl=1&resize=350%2C200","width":350,"height":200,"srcset":"https:\/\/i0.wp.com\/cepronda.com\/blog\/wp-content\/uploads\/2020\/02\/Logo_twitter_cep_ronda-INSTITUCIONAL-Transparente.png?fit=546%2C563&ssl=1&resize=350%2C200 1x, https:\/\/i0.wp.com\/cepronda.com\/blog\/wp-content\/uploads\/2020\/02\/Logo_twitter_cep_ronda-INSTITUCIONAL-Transparente.png?fit=546%2C563&ssl=1&resize=525%2C300 1.5x"},"classes":[]}],"jetpack_sharing_enabled":true,"_links":{"self":[{"href":"https:\/\/cepronda.com\/blog\/wp-json\/wp\/v2\/posts\/2130","targetHints":{"allow":["GET"]}}],"collection":[{"href":"https:\/\/cepronda.com\/blog\/wp-json\/wp\/v2\/posts"}],"about":[{"href":"https:\/\/cepronda.com\/blog\/wp-json\/wp\/v2\/types\/post"}],"author":[{"embeddable":true,"href":"https:\/\/cepronda.com\/blog\/wp-json\/wp\/v2\/users\/3"}],"replies":[{"embeddable":true,"href":"https:\/\/cepronda.com\/blog\/wp-json\/wp\/v2\/comments?post=2130"}],"version-history":[{"count":1,"href":"https:\/\/cepronda.com\/blog\/wp-json\/wp\/v2\/posts\/2130\/revisions"}],"predecessor-version":[{"id":2154,"href":"https:\/\/cepronda.com\/blog\/wp-json\/wp\/v2\/posts\/2130\/revisions\/2154"}],"wp:featuredmedia":[{"embeddable":true,"href":"https:\/\/cepronda.com\/blog\/wp-json\/wp\/v2\/media\/2153"}],"wp:attachment":[{"href":"https:\/\/cepronda.com\/blog\/wp-json\/wp\/v2\/media?parent=2130"}],"wp:term":[{"taxonomy":"category","embeddable":true,"href":"https:\/\/cepronda.com\/blog\/wp-json\/wp\/v2\/categories?post=2130"},{"taxonomy":"post_tag","embeddable":true,"href":"https:\/\/cepronda.com\/blog\/wp-json\/wp\/v2\/tags?post=2130"}],"curies":[{"name":"wp","href":"https:\/\/api.w.org\/{rel}","templated":true}]}}