{"id":2093,"date":"2018-06-11T09:43:21","date_gmt":"2018-06-11T07:43:21","guid":{"rendered":"http:\/\/cepronda.com\/blog\/?p=2093"},"modified":"2018-06-11T09:43:21","modified_gmt":"2018-06-11T07:43:21","slug":"proyecto-de-educacion-vial-en-el-ceip-san-agustin-de-el-burgo","status":"publish","type":"post","link":"https:\/\/cepronda.com\/blog\/proyecto-de-educacion-vial-en-el-ceip-san-agustin-de-el-burgo\/","title":{"rendered":"Proyecto de Educaci\u00f3n Vial en el CEIP San Agust\u00edn de El Burgo"},"content":{"rendered":"<p>Muy buenas,<\/p>\n<p>En el CEIP San Agust\u00edn de El Burgo han llevado a cabo un proyecto de educaci\u00f3n vial para Educaci\u00f3n Infantil que nos ha parecido muy interesante y que queremos compartir con vosotras y vosotros. Durante una semana est\u00e1n trabajando en clase distintos aspectos de la educaci\u00f3n vial, y cada d\u00eda hacen distintos recorridos por el centro aplicando lo aprendido en clase en cuanto a se\u00f1ales y su respeto. Estos recorridos lo hacen en unos \u00abcoches artesanos\u00bb en los que la familia ha colaborado activamente. Finalmente el \u00faltimo d\u00eda suben un pelda\u00f1o y hacen los recorridos en bicicleta.&nbsp;<\/p>\n<p>Os dejamos con algunas fotos en las que se puede observar el gran trabajo realizado. Desde el CEP queremos dar la enhorabuena a todo el profesorado, alumnado y&nbsp; familia implicados. Un saludo.&nbsp;<\/p>\n<p>[ngg_images source=\u00bbgalleries\u00bb container_ids=\u00bb14&#8243; display_type=\u00bbphotocrati-nextgen_basic_slideshow\u00bb gallery_width=\u00bb600&#8243; gallery_height=\u00bb400&#8243; cycle_effect=\u00bbshuffle\u00bb cycle_interval=\u00bb4&#8243; show_thumbnail_link=\u00bb1&#8243; thumbnail_link_text=\u00bb[Mostrar miniaturas]\u00bb order_by=\u00bbsortorder\u00bb order_direction=\u00bbASC\u00bb returns=\u00bbincluded\u00bb maximum_entity_count=\u00bb500&#8243;]<\/p>\n","protected":false},"excerpt":{"rendered":"<p>Muy buenas, En el CEIP San Agust\u00edn de El Burgo han llevado a cabo un proyecto de educaci\u00f3n vial para Educaci\u00f3n Infantil que nos ha parecido muy interesante y que queremos compartir con vosotras y vosotros. Durante una semana est\u00e1n trabajando en clase distintos aspectos de la educaci\u00f3n vial, y cada d\u00eda hacen distintos recorridos [&hellip;]<\/p>\n","protected":false},"author":3,"featured_media":2128,"comment_status":"open","ping_status":"open","sticky":false,"template":"","format":"standard","meta":{"_crdt_document":"","advanced_seo_description":"","jetpack_seo_html_title":"","jetpack_seo_noindex":false,"jetpack_post_was_ever_published":false,"_jetpack_newsletter_access":"","_jetpack_dont_email_post_to_subs":false,"_jetpack_newsletter_tier_id":0,"_jetpack_memberships_contains_paywalled_content":false,"_jetpack_memberships_contains_paid_content":false,"footnotes":"","jetpack_publicize_message":"Proyecto de Educaci\u00f3n Vial en el CEIP San Agust\u00edn de El Burgo para Educaci\u00f3n Infantil","jetpack_publicize_feature_enabled":true,"jetpack_social_post_already_shared":true,"jetpack_social_options":{"image_generator_settings":{"template":"highway","default_image_id":0,"font":"","enabled":false},"version":2}},"categories":[5],"tags":[132],"class_list":{"0":"post-2093","1":"post","2":"type-post","3":"status-publish","4":"format-standard","5":"has-post-thumbnail","7":"category-noticias","8":"tag-proyectos","9":"czr-hentry"},"jetpack_publicize_connections":[],"jetpack_featured_media_url":"https:\/\/i0.wp.com\/cepronda.com\/blog\/wp-content\/uploads\/2018\/06\/20180604_103359-copia.jpg?fit=5312%2C2988&ssl=1","jetpack_shortlink":"https:\/\/wp.me\/p8M4X7-xL","jetpack-related-posts":[{"id":5374,"url":"https:\/\/cepronda.com\/blog\/actividades-destacadas-de-nuestros-centros-ceip-san-agustin-el-burgo\/","url_meta":{"origin":2093,"position":0},"title":"ACTIVIDADES DESTACADAS DE NUESTROS CENTROS: CEIP SAN AGUST\u00cdN (EL BURGO)","author":"V\u00edctor Caballero","date":"15 junio, 2022","format":false,"excerpt":"Desde el centro del Profesorado de Ronda queremos compartir actividades destacadas de nuestros centros como pr\u00e1cticas educativas de \u00e9xito que creemos que deben ser difundidas para su conocimiento. \u00a0 En este caso tenemos las siguientes actividades desarrolladas en el tercer trimestre por el CEIP San Agust\u00edn (El Burgo). \u00a0 En\u2026","rel":"","context":"En \u00abNoticias\u00bb","block_context":{"text":"Noticias","link":"https:\/\/cepronda.com\/blog\/category\/noticias\/"},"img":{"alt_text":"","src":"https:\/\/i0.wp.com\/cepronda.com\/blog\/wp-content\/uploads\/2022\/06\/Captura-de-pantalla-2022-06-15-a-las-14.37.14.png?fit=870%2C832&ssl=1&resize=350%2C200","width":350,"height":200,"srcset":"https:\/\/i0.wp.com\/cepronda.com\/blog\/wp-content\/uploads\/2022\/06\/Captura-de-pantalla-2022-06-15-a-las-14.37.14.png?fit=870%2C832&ssl=1&resize=350%2C200 1x, https:\/\/i0.wp.com\/cepronda.com\/blog\/wp-content\/uploads\/2022\/06\/Captura-de-pantalla-2022-06-15-a-las-14.37.14.png?fit=870%2C832&ssl=1&resize=525%2C300 1.5x, https:\/\/i0.wp.com\/cepronda.com\/blog\/wp-content\/uploads\/2022\/06\/Captura-de-pantalla-2022-06-15-a-las-14.37.14.png?fit=870%2C832&ssl=1&resize=700%2C400 2x"},"classes":[]},{"id":2802,"url":"https:\/\/cepronda.com\/blog\/jornada-botanica-en-el-ceip-san-agustin-de-el-burgo\/","url_meta":{"origin":2093,"position":1},"title":"Jornada bot\u00e1nica en el CEIP San Agust\u00edn de El Burgo","author":"V\u00edctor Caballero","date":"15 mayo, 2019","format":false,"excerpt":"Muy buenas familia, Desde el CEIP San Agust\u00edn de El Burgo quieren compartir con todas y todos nosotros la actividad realizada el pasado jueves 9 de mayo, donde el alumnado de 3\u00ba y 4\u00ba de Primaria del CEIP San Agust\u00edn llev\u00f3 a cabo diversas actividades de acercamiento a la\u00a0flora\u00a0y\u00a0fauna\u00a0del\u00a0pinsapar. Para\u2026","rel":"","context":"En \u00abNoticias\u00bb","block_context":{"text":"Noticias","link":"https:\/\/cepronda.com\/blog\/category\/noticias\/"},"img":{"alt_text":"","src":"https:\/\/i0.wp.com\/cepronda.com\/blog\/wp-content\/uploads\/2019\/05\/IMG_7444.jpg?fit=400%2C266&ssl=1&resize=350%2C200","width":350,"height":200},"classes":[]},{"id":6005,"url":"https:\/\/cepronda.com\/blog\/recreando-la-historia-de-el-burgo-ceip-san-agustin\/","url_meta":{"origin":2093,"position":2},"title":"RECREANDO LA HISTORIA DE EL BURGO (CEIP SAN AGUST\u00cdN)","author":"V\u00edctor Caballero","date":"12 junio, 2023","format":false,"excerpt":"Buenos d\u00edas. Quer\u00edamos dar difusi\u00f3n a un interesante proyecto en el que alumnado del CEIP San Agust\u00edn (El Burgo) recrean la Historia de EL burgo en un video muy completo y muy bien trabajado. Este montaje forma parte de un proyecto de Oleoturismo que existe en el Centro que no\u2026","rel":"","context":"En \u00abNoticias\u00bb","block_context":{"text":"Noticias","link":"https:\/\/cepronda.com\/blog\/category\/noticias\/"},"img":{"alt_text":"","src":"https:\/\/i0.wp.com\/cepronda.com\/blog\/wp-content\/uploads\/2023\/06\/Captura-de-pantalla-2023-06-12-a-las-11.33.22.png?fit=1129%2C646&ssl=1&resize=350%2C200","width":350,"height":200,"srcset":"https:\/\/i0.wp.com\/cepronda.com\/blog\/wp-content\/uploads\/2023\/06\/Captura-de-pantalla-2023-06-12-a-las-11.33.22.png?fit=1129%2C646&ssl=1&resize=350%2C200 1x, https:\/\/i0.wp.com\/cepronda.com\/blog\/wp-content\/uploads\/2023\/06\/Captura-de-pantalla-2023-06-12-a-las-11.33.22.png?fit=1129%2C646&ssl=1&resize=525%2C300 1.5x, https:\/\/i0.wp.com\/cepronda.com\/blog\/wp-content\/uploads\/2023\/06\/Captura-de-pantalla-2023-06-12-a-las-11.33.22.png?fit=1129%2C646&ssl=1&resize=700%2C400 2x, https:\/\/i0.wp.com\/cepronda.com\/blog\/wp-content\/uploads\/2023\/06\/Captura-de-pantalla-2023-06-12-a-las-11.33.22.png?fit=1129%2C646&ssl=1&resize=1050%2C600 3x"},"classes":[]},{"id":5743,"url":"https:\/\/cepronda.com\/blog\/proyecto-de-innovacion-educativa-del-ceip-san-agustin-el-burgo-vivir-y-sentir-el-burgo\/","url_meta":{"origin":2093,"position":3},"title":"PROYECTO DE INNOVACI\u00d3N EDUCATIVA DEL CEIP SAN AGUST\u00cdN (EL BURGO): \u00abVIVIR Y SENTIR EL BURGO\u00bb","author":"V\u00edctor Caballero","date":"27 enero, 2023","format":false,"excerpt":"Buenos d\u00edas. Quer\u00edamos dar difusi\u00f3n a un interesante proyecto de innovaci\u00f3n educativa de uno de nuestros centros de la zona del CEP de Ronda, el CEIP San Agust\u00edn (El Burgo) Con el proyecto se pretende, que el alumnado explore nuevas opciones y oportunidades que el olivar les pueda brindar en\u2026","rel":"","context":"En \u00abNoticias\u00bb","block_context":{"text":"Noticias","link":"https:\/\/cepronda.com\/blog\/category\/noticias\/"},"img":{"alt_text":"","src":"https:\/\/i0.wp.com\/cepronda.com\/blog\/wp-content\/uploads\/2023\/01\/Captura-de-pantalla-2023-01-27-a-las-14.21.03.png?fit=815%2C373&ssl=1&resize=350%2C200","width":350,"height":200,"srcset":"https:\/\/i0.wp.com\/cepronda.com\/blog\/wp-content\/uploads\/2023\/01\/Captura-de-pantalla-2023-01-27-a-las-14.21.03.png?fit=815%2C373&ssl=1&resize=350%2C200 1x, https:\/\/i0.wp.com\/cepronda.com\/blog\/wp-content\/uploads\/2023\/01\/Captura-de-pantalla-2023-01-27-a-las-14.21.03.png?fit=815%2C373&ssl=1&resize=525%2C300 1.5x, https:\/\/i0.wp.com\/cepronda.com\/blog\/wp-content\/uploads\/2023\/01\/Captura-de-pantalla-2023-01-27-a-las-14.21.03.png?fit=815%2C373&ssl=1&resize=700%2C400 2x"},"classes":[]},{"id":2923,"url":"https:\/\/cepronda.com\/blog\/puerta-violeta-en-el-burgo\/","url_meta":{"origin":2093,"position":4},"title":"Puerta violeta en El Burgo","author":"V\u00edctor Caballero","date":"21 junio, 2019","format":false,"excerpt":"Y seguimos con nuestra visita virtual de final de curso a vuestras actividades. En este caso nos vamos al CEIP San Agust\u00edn de El Burgo donde hoy han tenido una muy agradable sorpresa al encontrarse este mural en la puerta de su centro... \u00a1qu\u00e9 bonito!","rel":"","context":"En \u00abNoticias\u00bb","block_context":{"text":"Noticias","link":"https:\/\/cepronda.com\/blog\/category\/noticias\/"},"img":{"alt_text":"","src":"https:\/\/i0.wp.com\/cepronda.com\/blog\/wp-content\/uploads\/2019\/06\/Angeles-Merino.jpeg?fit=1200%2C901&ssl=1&resize=350%2C200","width":350,"height":200,"srcset":"https:\/\/i0.wp.com\/cepronda.com\/blog\/wp-content\/uploads\/2019\/06\/Angeles-Merino.jpeg?fit=1200%2C901&ssl=1&resize=350%2C200 1x, https:\/\/i0.wp.com\/cepronda.com\/blog\/wp-content\/uploads\/2019\/06\/Angeles-Merino.jpeg?fit=1200%2C901&ssl=1&resize=525%2C300 1.5x, https:\/\/i0.wp.com\/cepronda.com\/blog\/wp-content\/uploads\/2019\/06\/Angeles-Merino.jpeg?fit=1200%2C901&ssl=1&resize=700%2C400 2x, https:\/\/i0.wp.com\/cepronda.com\/blog\/wp-content\/uploads\/2019\/06\/Angeles-Merino.jpeg?fit=1200%2C901&ssl=1&resize=1050%2C600 3x"},"classes":[]},{"id":4438,"url":"https:\/\/cepronda.com\/blog\/encuentro-virtual-con-la-microbiologa-silvana-tapia-en-el-ceip-san-agustin-el-burgo\/","url_meta":{"origin":2093,"position":5},"title":"ENCUENTROS VIRTUALES COEDUCATIVOS EN EL CEIP SAN AGUST\u00cdN (EL BURGO)","author":"Inmaculada Garc\u00eda","date":"19 abril, 2021","format":false,"excerpt":"El alumnado del CEIP San Agust\u00edn ha tenido la gran oportunidad de asistir a dos encuentros virtuales excepcionales, dentro de las actividades planificadas en el Plan de Igualdad del Centro y gracias a la subvenci\u00f3n del Pacto de Estado contra la Violencia de G\u00e9nero. Por un lado, han tenido un\u2026","rel":"","context":"En \u00abNoticias\u00bb","block_context":{"text":"Noticias","link":"https:\/\/cepronda.com\/blog\/category\/noticias\/"},"img":{"alt_text":"","src":"","width":0,"height":0},"classes":[]}],"jetpack_sharing_enabled":true,"_links":{"self":[{"href":"https:\/\/cepronda.com\/blog\/wp-json\/wp\/v2\/posts\/2093","targetHints":{"allow":["GET"]}}],"collection":[{"href":"https:\/\/cepronda.com\/blog\/wp-json\/wp\/v2\/posts"}],"about":[{"href":"https:\/\/cepronda.com\/blog\/wp-json\/wp\/v2\/types\/post"}],"author":[{"embeddable":true,"href":"https:\/\/cepronda.com\/blog\/wp-json\/wp\/v2\/users\/3"}],"replies":[{"embeddable":true,"href":"https:\/\/cepronda.com\/blog\/wp-json\/wp\/v2\/comments?post=2093"}],"version-history":[{"count":1,"href":"https:\/\/cepronda.com\/blog\/wp-json\/wp\/v2\/posts\/2093\/revisions"}],"predecessor-version":[{"id":2129,"href":"https:\/\/cepronda.com\/blog\/wp-json\/wp\/v2\/posts\/2093\/revisions\/2129"}],"wp:featuredmedia":[{"embeddable":true,"href":"https:\/\/cepronda.com\/blog\/wp-json\/wp\/v2\/media\/2128"}],"wp:attachment":[{"href":"https:\/\/cepronda.com\/blog\/wp-json\/wp\/v2\/media?parent=2093"}],"wp:term":[{"taxonomy":"category","embeddable":true,"href":"https:\/\/cepronda.com\/blog\/wp-json\/wp\/v2\/categories?post=2093"},{"taxonomy":"post_tag","embeddable":true,"href":"https:\/\/cepronda.com\/blog\/wp-json\/wp\/v2\/tags?post=2093"}],"curies":[{"name":"wp","href":"https:\/\/api.w.org\/{rel}","templated":true}]}}