{"id":2086,"date":"2018-06-06T16:50:06","date_gmt":"2018-06-06T14:50:06","guid":{"rendered":"http:\/\/cepronda.com\/blog\/?p=2086"},"modified":"2018-06-06T16:50:06","modified_gmt":"2018-06-06T14:50:06","slug":"concurso-artistico-disemfe","status":"publish","type":"post","link":"https:\/\/cepronda.com\/blog\/concurso-artistico-disemfe\/","title":{"rendered":"Concurso art\u00edstico  DISEMFE"},"content":{"rendered":"<p>\u00a1Muy buenas!<\/p>\n<p>Nos ha llegado al CEP esta informaci\u00f3n que creemos que os puede resultar interesante. Va dirigida a Infantil, Primaria y Secundaria, y se trata de un concurso art\u00edstico, con tres modalidades: pintura, dibujo y c\u00f3mic. Os dejo con el <a href=\"http:\/\/institucional.us.es\/aiece\/Concurso_artistico.html\" target=\"_blank\" rel=\"noopener\">enlace del concurso<\/a>, y m\u00e1s abajo os pego la informaci\u00f3n del mismo.&nbsp;&nbsp;<\/p>\n<p style=\"font-weight: 400;\">La Universidad de Sevilla con la colaboraci\u00f3n de AIECE (Asociaci\u00f3n Internacional de Expresi\u00f3n y Comunicaci\u00f3n Emocional), convoca un&nbsp;<strong>Concurso Art\u00edstico<\/strong>&nbsp;para difundir e ilustrar un programa de Expresi\u00f3n y Comunicaci\u00f3n Emocional desarrollado en la Universidad, para la prevenci\u00f3n de dificultades socioeducativas mediante la foto expresi\u00f3n emocional, DISEMFE.<\/p>\n<p style=\"font-weight: 400;\">DESCARGAS:&nbsp;&nbsp;&nbsp;&nbsp;<a href=\"http:\/\/institucional.us.es\/aiece\/img\/Cartel_prn_A3.png\">Cartel A3<\/a>,&nbsp;&nbsp;&nbsp;&nbsp;&nbsp;&nbsp;<a href=\"http:\/\/institucional.us.es\/aiece\/img\/Cartel_prn_A4.png\">Cartel A4<\/a>,&nbsp;&nbsp;&nbsp;&nbsp;<a href=\"http:\/\/institucional.us.es\/aiece\/txt\/bases1.pdf\">Bases del Concurso DISEMFE<\/a><\/p>\n<p style=\"font-weight: 400;\"><strong>BASES DEL CONCURSO ART\u00cdSTICO<\/strong><\/p>\n<p style=\"font-weight: 400;\"><strong>Tem\u00e1tica<\/strong>&nbsp;del concurso: Expresi\u00f3n y comunicaci\u00f3n de emociones.<\/p>\n<p style=\"font-weight: 400;\"><strong>3 categor\u00edas<\/strong>:&nbsp;<u>Pintura<\/u>&nbsp;(\u00f3leo, t\u00e9mperas, acuarelas,..),&nbsp;<u>dibujo&nbsp;<\/u>(l\u00e1pices, carboncillo,..) y&nbsp;<u>c\u00f3mic<\/u>&nbsp;(una o varias vi\u00f1etas).<\/p>\n<p style=\"font-weight: 400;\"><strong>Participantes<\/strong>: Educaci\u00f3n&nbsp;Infantil, Primaria y Secundaria. (Menores de 18 a\u00f1os).<\/p>\n<p style=\"font-weight: 400;\"><strong>Formato.<\/strong>&nbsp;El formato m\u00e1s peque\u00f1o de los trabajos ser\u00e1 en Din A4, de ah\u00ed en adelante.&nbsp;<\/p>\n<p style=\"font-weight: 400;\"><strong>Participaci\u00f3n.<\/strong>&nbsp;S\u00f3lo se podr\u00e1 participar en una de las tres categor\u00edas (Pintura, dibujo o c\u00f3mic).<\/p>\n<p style=\"font-weight: 400;\"><strong>Originales<\/strong>. S\u00f3lo podr\u00e1n participar con originales que no hayan sido premiados en otros cert\u00e1menes, y que no sean copias de otras obras.<\/p>\n<p style=\"font-weight: 400;\"><strong>Premios<\/strong>. Habr\u00e1 tres premios por cada categor\u00eda: 1er. Premio 200 \u20ac, 2do. 150 \u20ac, 3ro. 100 \u20ac y todos tendr\u00e1n un diploma acreditativo de la Universidad de Sevilla y la Asociaci\u00f3n AIECE, pudiendo otorgarse algunos acc\u00e9sits m\u00e1s, sin dotaci\u00f3n econ\u00f3mica, si se considerase oportuno.<\/p>\n<p style=\"font-weight: 400;\"><strong>Plazo.<\/strong>&nbsp;El plazo para el env\u00edo de las obras ser\u00e1 hasta el 30 de junio de 2018. Se enviar\u00e1 la obra escaneada al correo&nbsp;<a href=\"mailto:asociacion.aiece@gmail.com\">asociacion.aiece@gmail.com<\/a>&nbsp;&nbsp;indicando en su interior en la categor\u00eda que se participa, los datos del artista (edad, nombre, &nbsp;curso, colegio) y las dimensiones reales de la obra, cuyo original ser\u00e1 entregado, si es premiado, antes de la recepci\u00f3n de los premios.&nbsp;<\/p>\n<p style=\"font-weight: 400;\"><strong>Jurado<\/strong>. El jurado estar\u00e1 formado por profesorado Primaria, Secundaria, Infantil y Universidades, y podr\u00e1 declarar desierto alg\u00fan premio, si as\u00ed lo considera. Su fallo ser\u00e1&nbsp;inapelable.<\/p>\n<p style=\"font-weight: 400;\"><strong>Obras premiadas<\/strong>. Los autores de las obras premiadas entregar\u00e1n los originales, que&nbsp;quedar\u00e1n en propiedad de la Asociaci\u00f3n AIECE, que se reserva el derecho de reproducci\u00f3n, edici\u00f3n y exhibici\u00f3n de la misma cuando lo estime oportuno, manteniendo la firma del autor\/a.<\/p>\n<p style=\"font-weight: 400;\"><strong>Fallo<\/strong>. El fallo del jurado y la entrega de premios se anunciar\u00e1, y ser\u00e1 con posterioridad a la recogida de las&nbsp;obras. en un acto en la Facultad de Ciencias de la Educaci\u00f3n.<\/p>\n<p style=\"font-weight: 400;\"><strong>Obras presentadas<\/strong>. Las obras presentadas en este certamen se expondr\u00e1n en la p\u00e1gina&nbsp;Web de la Asociaci\u00f3n AIECE.<\/p>\n<p style=\"font-weight: 400;\"><strong>Protecci\u00f3n de datos<\/strong>. Se garantiza la protecci\u00f3n de datos&nbsp;conforme a&nbsp;la Ley 15\/1999 de Protecci\u00f3n de Datos de Car\u00e1cter Personal.&nbsp;<\/p>\n<p><strong>Aceptaci\u00f3n<\/strong><span style=\"font-weight: 400;\">. El hecho de participar en este concurso supone la aceptaci\u00f3n de las presentes bases, y las resoluciones que adopte la organizaci\u00f3n ante cualquier circunstancia sobrevenida.<\/span><\/p>\n<p><a href=\"http:\/\/institucional.us.es\/aiece\/Concurso_artistico.html\" target=\"_blank\" rel=\"noopener\"><img data-recalc-dims=\"1\" loading=\"lazy\" decoding=\"async\" class=\"aligncenter wp-image-2087 size-medium\" src=\"https:\/\/i0.wp.com\/cepronda.com\/blog\/wp-content\/uploads\/2018\/06\/Cartel_conc_pg_web-240x300.jpg?resize=240%2C300\" alt=\"\" width=\"240\" height=\"300\" srcset=\"https:\/\/i0.wp.com\/cepronda.com\/blog\/wp-content\/uploads\/2018\/06\/Cartel_conc_pg_web.jpg?resize=240%2C300&amp;ssl=1 240w, https:\/\/i0.wp.com\/cepronda.com\/blog\/wp-content\/uploads\/2018\/06\/Cartel_conc_pg_web.jpg?resize=768%2C961&amp;ssl=1 768w, https:\/\/i0.wp.com\/cepronda.com\/blog\/wp-content\/uploads\/2018\/06\/Cartel_conc_pg_web.jpg?resize=819%2C1024&amp;ssl=1 819w, https:\/\/i0.wp.com\/cepronda.com\/blog\/wp-content\/uploads\/2018\/06\/Cartel_conc_pg_web.jpg?w=909&amp;ssl=1 909w\" sizes=\"auto, (max-width: 240px) 100vw, 240px\" \/><\/a><\/p>\n","protected":false},"excerpt":{"rendered":"<p>\u00a1Muy buenas! Nos ha llegado al CEP esta informaci\u00f3n que creemos que os puede resultar interesante. Va dirigida a Infantil, Primaria y Secundaria, y se trata de un concurso art\u00edstico, con tres modalidades: pintura, dibujo y c\u00f3mic. Os dejo con el enlace del concurso, y m\u00e1s abajo os pego la informaci\u00f3n del mismo.&nbsp;&nbsp; La Universidad [&hellip;]<\/p>\n","protected":false},"author":3,"featured_media":2087,"comment_status":"open","ping_status":"open","sticky":false,"template":"","format":"standard","meta":{"_crdt_document":"","advanced_seo_description":"","jetpack_seo_html_title":"","jetpack_seo_noindex":false,"jetpack_post_was_ever_published":false,"_jetpack_newsletter_access":"","_jetpack_dont_email_post_to_subs":false,"_jetpack_newsletter_tier_id":0,"_jetpack_memberships_contains_paywalled_content":false,"_jetpack_memberships_contains_paid_content":false,"footnotes":"","jetpack_publicize_message":"","jetpack_publicize_feature_enabled":true,"jetpack_social_post_already_shared":true,"jetpack_social_options":{"image_generator_settings":{"template":"highway","default_image_id":0,"font":"","enabled":false},"version":2}},"categories":[5],"tags":[],"class_list":{"0":"post-2086","1":"post","2":"type-post","3":"status-publish","4":"format-standard","5":"has-post-thumbnail","7":"category-noticias","8":"czr-hentry"},"jetpack_publicize_connections":[],"jetpack_featured_media_url":"https:\/\/i0.wp.com\/cepronda.com\/blog\/wp-content\/uploads\/2018\/06\/Cartel_conc_pg_web.jpg?fit=909%2C1137&ssl=1","jetpack_shortlink":"https:\/\/wp.me\/p8M4X7-xE","jetpack-related-posts":[{"id":235,"url":"https:\/\/cepronda.com\/blog\/xvii-concurso-hispanoamericano-de-ortografia\/","url_meta":{"origin":2086,"position":0},"title":"XVII Concurso Hispanoamericano de ortografia","author":"V\u00edctor Caballero","date":"19 octubre, 2016","format":false,"excerpt":"Hola de nuevo compis, Os dejamos con este enlace sobre el Concurso Hispanoamericano de ortograf\u00eda para el alumnado de 2\u00ba curso de Bachillerato. Si hac\u00e9is clic en la imagen podr\u00e9is acceder a la normativa y la informaci\u00f3n. \u00a1Animaros a inscribir a vuestro alumnado!","rel":"","context":"En \u00abNoticias\u00bb","block_context":{"text":"Noticias","link":"https:\/\/cepronda.com\/blog\/category\/noticias\/"},"img":{"alt_text":"ortografia","src":"https:\/\/i0.wp.com\/cepronda.com\/blog\/wp-content\/uploads\/2016\/10\/ortografia-300x138.jpg?resize=350%2C200","width":350,"height":200},"classes":[]},{"id":1651,"url":"https:\/\/cepronda.com\/blog\/concurso-de-dibujo-y-microrrelatos-esta-es-mi-familia\/","url_meta":{"origin":2086,"position":1},"title":"Concurso de dibujo y microrrelatos \u00abEsta es mi familia\u00bb","author":"V\u00edctor Caballero","date":"23 marzo, 2018","format":false,"excerpt":"\u00a1Muy buenas familia! Hoy viernes, antes de tomarnos nuestra merecida semana de vacaciones, os dejamos con esta informaci\u00f3n que nos ha llegado desde la Delegaci\u00f3n de Educaci\u00f3n de M\u00e1laga. La FELGTB (Federaci\u00f3n Estatal de Lesbianas, Gais, Transexuales y Bisexuales)\u00a0\u00a0convoca la Segunda Edici\u00f3n del Concurso de dibujo y microrrelatos para ni\u00f1as,\u2026","rel":"","context":"En \u00abNoticias\u00bb","block_context":{"text":"Noticias","link":"https:\/\/cepronda.com\/blog\/category\/noticias\/"},"img":{"alt_text":"","src":"https:\/\/i0.wp.com\/cepronda.com\/blog\/wp-content\/uploads\/2018\/03\/concurso-familias-1.jpg?resize=350%2C200","width":350,"height":200},"classes":[]},{"id":3353,"url":"https:\/\/cepronda.com\/blog\/xxix-concurso-patrimonio-nacional-de-pintura-infantil-y-juvenil-curso-2019-2020\/","url_meta":{"origin":2086,"position":2},"title":"XXIX Concurso Patrimonio Nacional de Pintura Infantil y Juvenil, curso 2019-2020","author":"V\u00edctor Caballero","date":"20 enero, 2020","format":false,"excerpt":"Patrimonio Nacional convoca el XXIX Concurso de Pintura Infantil y Juvenil para Centros Escolares. El prop\u00f3sito de este concurso es divulgar, entre los ni\u00f1os, ni\u00f1as y j\u00f3venes, los monumentos, palacios y monasterios reales que integran Patrimonio Nacional, a trav\u00e9s de su expresi\u00f3n pl\u00e1stica. El concurso tiene dos categor\u00edas: A) Alumnado\u2026","rel":"","context":"En \u00abNoticias\u00bb","block_context":{"text":"Noticias","link":"https:\/\/cepronda.com\/blog\/category\/noticias\/"},"img":{"alt_text":"","src":"","width":0,"height":0},"classes":[]},{"id":2543,"url":"https:\/\/cepronda.com\/blog\/concurso-de-dibujo-mujer-y-astronomia\/","url_meta":{"origin":2086,"position":3},"title":"CONCURSO DE DIBUJO MUJER Y ASTRONOM\u00cdA","author":"V\u00edctor Caballero","date":"20 diciembre, 2018","format":false,"excerpt":"Muy buenas familia, compartimos con todas y todos vosotros este concurso de dibujo que creemos puede ser muy interesante. Os adjuntamos las bases donde encontrar toda la informaci\u00f3n. Concurso_Dibujo_SEA_2019Descargar La Sociedad Espa\u00f1ola de Astronom\u00eda a trav\u00e9s de su Comisi\u00f3n de Mujer y Astronom\u00eda, convoca un concurso de dibujo para escolares\u2026","rel":"","context":"En \u00abNoticias\u00bb","block_context":{"text":"Noticias","link":"https:\/\/cepronda.com\/blog\/category\/noticias\/"},"img":{"alt_text":"","src":"https:\/\/i0.wp.com\/cepronda.com\/blog\/wp-content\/uploads\/2018\/12\/concurso-mujres-y-astronomia.jpg?fit=1200%2C788&ssl=1&resize=350%2C200","width":350,"height":200,"srcset":"https:\/\/i0.wp.com\/cepronda.com\/blog\/wp-content\/uploads\/2018\/12\/concurso-mujres-y-astronomia.jpg?fit=1200%2C788&ssl=1&resize=350%2C200 1x, https:\/\/i0.wp.com\/cepronda.com\/blog\/wp-content\/uploads\/2018\/12\/concurso-mujres-y-astronomia.jpg?fit=1200%2C788&ssl=1&resize=525%2C300 1.5x, https:\/\/i0.wp.com\/cepronda.com\/blog\/wp-content\/uploads\/2018\/12\/concurso-mujres-y-astronomia.jpg?fit=1200%2C788&ssl=1&resize=700%2C400 2x, https:\/\/i0.wp.com\/cepronda.com\/blog\/wp-content\/uploads\/2018\/12\/concurso-mujres-y-astronomia.jpg?fit=1200%2C788&ssl=1&resize=1050%2C600 3x"},"classes":[]},{"id":2637,"url":"https:\/\/cepronda.com\/blog\/informacion-sobre-varias-concursos-interesantes\/","url_meta":{"origin":2086,"position":4},"title":"Informaci\u00f3n sobre varias concursos interesantes","author":"V\u00edctor Caballero","date":"13 febrero, 2019","format":false,"excerpt":"Buenas familia, Compartimos con todas y todos vosotros en una misma entrada varias propuestas que nos llegan sobre concursos que pueden resultar interesantes para vuestros centros. Cada uno de ellos os env\u00eda el enlace a la p\u00e1gina informativa sobre las caracter\u00edsticas de cada uno de ellos. Concurso \"Magallanes-Elcano y la\u2026","rel":"","context":"En \u00abNoticias\u00bb","block_context":{"text":"Noticias","link":"https:\/\/cepronda.com\/blog\/category\/noticias\/"},"img":{"alt_text":"","src":"https:\/\/i0.wp.com\/cepronda.com\/blog\/wp-content\/uploads\/2017\/05\/logo_ja_ce_mejor.jpg?fit=732%2C600&ssl=1&resize=350%2C200","width":350,"height":200,"srcset":"https:\/\/i0.wp.com\/cepronda.com\/blog\/wp-content\/uploads\/2017\/05\/logo_ja_ce_mejor.jpg?fit=732%2C600&ssl=1&resize=350%2C200 1x, https:\/\/i0.wp.com\/cepronda.com\/blog\/wp-content\/uploads\/2017\/05\/logo_ja_ce_mejor.jpg?fit=732%2C600&ssl=1&resize=525%2C300 1.5x, https:\/\/i0.wp.com\/cepronda.com\/blog\/wp-content\/uploads\/2017\/05\/logo_ja_ce_mejor.jpg?fit=732%2C600&ssl=1&resize=700%2C400 2x"},"classes":[]},{"id":660,"url":"https:\/\/cepronda.com\/blog\/concurso-6-grados\/","url_meta":{"origin":2086,"position":5},"title":"Concurso 6 grados","author":"V\u00edctor Caballero","date":"6 febrero, 2017","format":false,"excerpt":"Hola de nuevo, Nos ha llegado esta informaci\u00f3n a trav\u00e9s del CEP de Marbella, y os la queremos pasar para todas aquellas personas que est\u00e9is interesadas... \"Estimados docentes, Desde la Campa\u00f1a de Fotoprotecci\u00f3n y Prevenci\u00f3n del C\u00e1ncer de Piel del \u00c1rea Sanitaria Costa del Sol, queremos haceros part\u00edcipes del concurso\u2026","rel":"","context":"En \u00abNoticias\u00bb","block_context":{"text":"Noticias","link":"https:\/\/cepronda.com\/blog\/category\/noticias\/"},"img":{"alt_text":"","src":"","width":0,"height":0},"classes":[]}],"jetpack_sharing_enabled":true,"_links":{"self":[{"href":"https:\/\/cepronda.com\/blog\/wp-json\/wp\/v2\/posts\/2086","targetHints":{"allow":["GET"]}}],"collection":[{"href":"https:\/\/cepronda.com\/blog\/wp-json\/wp\/v2\/posts"}],"about":[{"href":"https:\/\/cepronda.com\/blog\/wp-json\/wp\/v2\/types\/post"}],"author":[{"embeddable":true,"href":"https:\/\/cepronda.com\/blog\/wp-json\/wp\/v2\/users\/3"}],"replies":[{"embeddable":true,"href":"https:\/\/cepronda.com\/blog\/wp-json\/wp\/v2\/comments?post=2086"}],"version-history":[{"count":1,"href":"https:\/\/cepronda.com\/blog\/wp-json\/wp\/v2\/posts\/2086\/revisions"}],"predecessor-version":[{"id":2088,"href":"https:\/\/cepronda.com\/blog\/wp-json\/wp\/v2\/posts\/2086\/revisions\/2088"}],"wp:featuredmedia":[{"embeddable":true,"href":"https:\/\/cepronda.com\/blog\/wp-json\/wp\/v2\/media\/2087"}],"wp:attachment":[{"href":"https:\/\/cepronda.com\/blog\/wp-json\/wp\/v2\/media?parent=2086"}],"wp:term":[{"taxonomy":"category","embeddable":true,"href":"https:\/\/cepronda.com\/blog\/wp-json\/wp\/v2\/categories?post=2086"},{"taxonomy":"post_tag","embeddable":true,"href":"https:\/\/cepronda.com\/blog\/wp-json\/wp\/v2\/tags?post=2086"}],"curies":[{"name":"wp","href":"https:\/\/api.w.org\/{rel}","templated":true}]}}