{"id":2082,"date":"2018-06-05T11:59:56","date_gmt":"2018-06-05T09:59:56","guid":{"rendered":"http:\/\/cepronda.com\/blog\/?p=2082"},"modified":"2018-06-05T11:59:56","modified_gmt":"2018-06-05T09:59:56","slug":"informe-sobre-la-utilizacion-de-aplicaciones-y-su-almacenamiento-de-datos-por-parte-de-los-centros-educativos","status":"publish","type":"post","link":"https:\/\/cepronda.com\/blog\/informe-sobre-la-utilizacion-de-aplicaciones-y-su-almacenamiento-de-datos-por-parte-de-los-centros-educativos\/","title":{"rendered":"Informe sobre la utilizaci\u00f3n de aplicaciones y su almacenamiento de datos por parte de los centros educativos"},"content":{"rendered":"<p>Muy buenas,<\/p>\n<p>Queremos compartir con todos los centros y docentes este informe realizado por la Agencia Espa\u00f1ola de Protecci\u00f3n de Datos con el fin de recabar informaci\u00f3n sobre el uso de aplicaciones y el almacenamiento de datos de las mismas&nbsp; en el \u00e1mbito escolar.<\/p>\n<p>En un primer lugar recaba los datos extra\u00eddos de distintas encuestas, y pasa a elaborar un dec\u00e1logo de uso de estas aplicaciones en los centros escolares. Asimismo incluye una serie de orientaciones sobre c\u00f3mo podemos evaluar las aplicaciones para decidir previamente su uso en el \u00e1mbito escolar o no.<\/p>\n<p>Creemos que puede ser muy interesante para que lo tengamos en cuenta en nuestros centros. Para acceder a la gu\u00eda s\u00f3lo ten\u00e9is que <a href=\"https:\/\/www.aepd.es\/media\/guias\/guia-orientaciones-apps-datos-alumnos.pdf\" target=\"_blank\" rel=\"noopener\">seguir este enlace<\/a> o bien hacer clic en la imagen.&nbsp;<\/p>\n<p>&nbsp; &nbsp;<a href=\"https:\/\/www.aepd.es\/media\/guias\/guia-orientaciones-apps-datos-alumnos.pdf\" target=\"_blank\" rel=\"noopener\"><img data-recalc-dims=\"1\" loading=\"lazy\" decoding=\"async\" class=\"aligncenter wp-image-2083 size-full\" src=\"https:\/\/i0.wp.com\/cepronda.com\/blog\/wp-content\/uploads\/2018\/06\/aepd.png?resize=590%2C827\" alt=\"\" width=\"590\" height=\"827\" srcset=\"https:\/\/i0.wp.com\/cepronda.com\/blog\/wp-content\/uploads\/2018\/06\/aepd.png?w=590&amp;ssl=1 590w, https:\/\/i0.wp.com\/cepronda.com\/blog\/wp-content\/uploads\/2018\/06\/aepd.png?resize=214%2C300&amp;ssl=1 214w\" sizes=\"auto, (max-width: 590px) 100vw, 590px\" \/><\/a><\/p>\n","protected":false},"excerpt":{"rendered":"<p>Muy buenas, Queremos compartir con todos los centros y docentes este informe realizado por la Agencia Espa\u00f1ola de Protecci\u00f3n de Datos con el fin de recabar informaci\u00f3n sobre el uso de aplicaciones y el almacenamiento de datos de las mismas&nbsp; en el \u00e1mbito escolar. En un primer lugar recaba los datos extra\u00eddos de distintas encuestas, [&hellip;]<\/p>\n","protected":false},"author":3,"featured_media":2083,"comment_status":"open","ping_status":"open","sticky":false,"template":"","format":"standard","meta":{"_crdt_document":"","advanced_seo_description":"","jetpack_seo_html_title":"","jetpack_seo_noindex":false,"jetpack_post_was_ever_published":false,"_jetpack_newsletter_access":"","_jetpack_dont_email_post_to_subs":false,"_jetpack_newsletter_tier_id":0,"_jetpack_memberships_contains_paywalled_content":false,"_jetpack_memberships_contains_paid_content":false,"footnotes":"","jetpack_publicize_message":"Informe sobre la utilizaci\u00f3n de aplicaciones y su almacenamiento de datos por parte de los centros educativos","jetpack_publicize_feature_enabled":true,"jetpack_social_post_already_shared":true,"jetpack_social_options":{"image_generator_settings":{"template":"highway","default_image_id":0,"font":"","enabled":false},"version":2}},"categories":[5],"tags":[135],"class_list":{"0":"post-2082","1":"post","2":"type-post","3":"status-publish","4":"format-standard","5":"has-post-thumbnail","7":"category-noticias","8":"tag-proteccion-de-datos","9":"czr-hentry"},"jetpack_publicize_connections":[],"jetpack_featured_media_url":"https:\/\/i0.wp.com\/cepronda.com\/blog\/wp-content\/uploads\/2018\/06\/aepd.png?fit=590%2C827&ssl=1","jetpack_shortlink":"https:\/\/wp.me\/p8M4X7-xA","jetpack-related-posts":[{"id":1577,"url":"https:\/\/cepronda.com\/blog\/nuevo-curso-desarrollo-de-aplicaciones-web-en-j2ee\/","url_meta":{"origin":2082,"position":0},"title":"Nuevo curso \u00abDESARROLLO DE APLICACIONES WEB EN J2EE\u00bb","author":"V\u00edctor Caballero","date":"1 febrero, 2018","format":false,"excerpt":"\u00a1Hola a todo el mundo! Seguimos dando respuesta las necesidades de nuestro profesorado, y en esta ocasi\u00f3n en el \u00e1mbito tecnol\u00f3gico e inform\u00e1tico.\u00a0 Se trata de un curso de actualizaci\u00f3n de las competencias docentes del profesorado del ciclo de grado superior del IES Mart\u00edn Rivero de Ronda, en donde se\u2026","rel":"","context":"En \u00abFormaciones\u00bb","block_context":{"text":"Formaciones","link":"https:\/\/cepronda.com\/blog\/category\/formaciones\/"},"img":{"alt_text":"","src":"https:\/\/i0.wp.com\/cepronda.com\/blog\/wp-content\/uploads\/2018\/02\/business-1839876_640.jpg?fit=640%2C426&ssl=1&resize=350%2C200","width":350,"height":200,"srcset":"https:\/\/i0.wp.com\/cepronda.com\/blog\/wp-content\/uploads\/2018\/02\/business-1839876_640.jpg?fit=640%2C426&ssl=1&resize=350%2C200 1x, https:\/\/i0.wp.com\/cepronda.com\/blog\/wp-content\/uploads\/2018\/02\/business-1839876_640.jpg?fit=640%2C426&ssl=1&resize=525%2C300 1.5x"},"classes":[]},{"id":7504,"url":"https:\/\/cepronda.com\/blog\/aplicaciones-de-la-semiotica-teatral-a-la-escenificacion-escolar\/","url_meta":{"origin":2082,"position":1},"title":"APLICACIONES DE LA SEMI\u00d3TICA TEATRAL A LA ESCENIFICACI\u00d3N ESCOLAR","author":"Mamen Moreno","date":"15 marzo, 2024","format":false,"excerpt":"Se encuentra abierto el plazo de inscripci\u00f3n para la formaci\u00f3n\u00a0\u201cAPLICACIONES DE LA SEMI\u00d3TICA TEATRAL A LA ESCENIFICACI\u00d3N ESCOLAR\u201d C\u00d3DIGO 242924GE053. Duraci\u00f3n de la actividad 12 horas presenciales. Fecha inscripci\u00f3n:\u00a015\/03\/2024 hasta 12\/04\/2024 Lugar de realizaci\u00f3n:\u00a0Sal\u00f3n de actos del CEP de Ronda Fecha actividad: 17, 18, 24 y 25 de abril de\u2026","rel":"","context":"En \u00abFormaciones\u00bb","block_context":{"text":"Formaciones","link":"https:\/\/cepronda.com\/blog\/category\/formaciones\/"},"img":{"alt_text":"","src":"https:\/\/i0.wp.com\/cepronda.com\/blog\/wp-content\/uploads\/2024\/03\/CUIDADO-DE-LA-VOZ-1.jpg?fit=1080%2C1080&ssl=1&resize=350%2C200","width":350,"height":200,"srcset":"https:\/\/i0.wp.com\/cepronda.com\/blog\/wp-content\/uploads\/2024\/03\/CUIDADO-DE-LA-VOZ-1.jpg?fit=1080%2C1080&ssl=1&resize=350%2C200 1x, https:\/\/i0.wp.com\/cepronda.com\/blog\/wp-content\/uploads\/2024\/03\/CUIDADO-DE-LA-VOZ-1.jpg?fit=1080%2C1080&ssl=1&resize=525%2C300 1.5x, https:\/\/i0.wp.com\/cepronda.com\/blog\/wp-content\/uploads\/2024\/03\/CUIDADO-DE-LA-VOZ-1.jpg?fit=1080%2C1080&ssl=1&resize=700%2C400 2x, https:\/\/i0.wp.com\/cepronda.com\/blog\/wp-content\/uploads\/2024\/03\/CUIDADO-DE-LA-VOZ-1.jpg?fit=1080%2C1080&ssl=1&resize=1050%2C600 3x"},"classes":[]},{"id":2329,"url":"https:\/\/cepronda.com\/blog\/peticion-de-biblioweb\/","url_meta":{"origin":2082,"position":2},"title":"Petici\u00f3n de Biblioweb","author":"V\u00edctor Caballero","date":"14 septiembre, 2018","format":false,"excerpt":"Muy buenas, Finalizamos la semana con algunas noticias que creemos os pueden resultar de inter\u00e9s. En este caso se trata de la posibilidad de que solicit\u00e9is para vuestro centro Biblioweb.\u00a0 BiblioWeb 2\u00a0es una herramienta web propia de la Consejer\u00eda de Educaci\u00f3n para la gesti\u00f3n y administraci\u00f3n de las bibliotecas escolares\u2026","rel":"","context":"En \u00abNoticias\u00bb","block_context":{"text":"Noticias","link":"https:\/\/cepronda.com\/blog\/category\/noticias\/"},"img":{"alt_text":"","src":"https:\/\/i0.wp.com\/cepronda.com\/blog\/wp-content\/uploads\/2017\/05\/silhouette-1632912_640.jpg?fit=640%2C426&ssl=1&resize=350%2C200","width":350,"height":200,"srcset":"https:\/\/i0.wp.com\/cepronda.com\/blog\/wp-content\/uploads\/2017\/05\/silhouette-1632912_640.jpg?fit=640%2C426&ssl=1&resize=350%2C200 1x, https:\/\/i0.wp.com\/cepronda.com\/blog\/wp-content\/uploads\/2017\/05\/silhouette-1632912_640.jpg?fit=640%2C426&ssl=1&resize=525%2C300 1.5x"},"classes":[]},{"id":5995,"url":"https:\/\/cepronda.com\/blog\/curso-aplicaciones-en-el-aula-de-inteligencia-artificial-231812ge220\/","url_meta":{"origin":2082,"position":3},"title":"CURSO APLICACIONES EN EL AULA DE INTELIGENCIA ARTIFICIAL (231812GE220)","author":"Inmaculada Garc\u00eda","date":"24 mayo, 2023","format":false,"excerpt":"Estimado\/a compa\u00f1ero\/a, Te informo que se encuentra abierta la inscripci\u00f3n al CURSO a DISTANCIA de \u00c1MBITO REGIONAL, INTERDISCIPLINAR: APLICACIONES EN EL AULA DE INTELIGENCIA ARTIFICIAL, organizado por el CEP de Motril. C\u00f3digo: 231812GE220 Inscripciones: desde el 16\/05\/2023 hasta 24\/05\/2023 Fecha actividad:\u00a026\/05\/2023 hasta 26\/06\/2023 Lugar de realizaci\u00f3n: Aula Virtual de Formaci\u00f3n\u2026","rel":"","context":"En \u00abFormaciones\u00bb","block_context":{"text":"Formaciones","link":"https:\/\/cepronda.com\/blog\/category\/formaciones\/"},"img":{"alt_text":"","src":"https:\/\/i0.wp.com\/cepronda.com\/blog\/wp-content\/uploads\/2023\/05\/inteligencia-artificial-aplicaciones.png?fit=1200%2C1200&ssl=1&resize=350%2C200","width":350,"height":200,"srcset":"https:\/\/i0.wp.com\/cepronda.com\/blog\/wp-content\/uploads\/2023\/05\/inteligencia-artificial-aplicaciones.png?fit=1200%2C1200&ssl=1&resize=350%2C200 1x, https:\/\/i0.wp.com\/cepronda.com\/blog\/wp-content\/uploads\/2023\/05\/inteligencia-artificial-aplicaciones.png?fit=1200%2C1200&ssl=1&resize=525%2C300 1.5x, https:\/\/i0.wp.com\/cepronda.com\/blog\/wp-content\/uploads\/2023\/05\/inteligencia-artificial-aplicaciones.png?fit=1200%2C1200&ssl=1&resize=700%2C400 2x, https:\/\/i0.wp.com\/cepronda.com\/blog\/wp-content\/uploads\/2023\/05\/inteligencia-artificial-aplicaciones.png?fit=1200%2C1200&ssl=1&resize=1050%2C600 3x"},"classes":[]},{"id":4466,"url":"https:\/\/cepronda.com\/blog\/4466-2\/","url_meta":{"origin":2082,"position":4},"title":"CEP DE RONDA. ACREDITACI\u00d3N ERASMUS KA1 2021-2027","author":"Mar\u00eda Jos\u00e9 M\u00e1rquez","date":"21 abril, 2021","format":false,"excerpt":"Desde el CEP de Ronda queremos compartir con vosotros y vosotras nuestra alegr\u00eda porque se nos ha concedido la Acreditaci\u00f3n Erasmus en el \u00c1mbito de la Educaci\u00f3n Escolar para el per\u00edodo 2021-2027, lo que nos permitir\u00e1 continuar con nuestro objetivo de apoyar la internacionalizaci\u00f3n de los centros educativos de nuestro\u2026","rel":"","context":"En \u00abFormaciones\u00bb","block_context":{"text":"Formaciones","link":"https:\/\/cepronda.com\/blog\/category\/formaciones\/"},"img":{"alt_text":"","src":"https:\/\/i0.wp.com\/cepronda.com\/blog\/wp-content\/uploads\/2021\/04\/acreditacion-erasmus-cep-300x99.jpeg?resize=350%2C200","width":350,"height":200},"classes":[]},{"id":4819,"url":"https:\/\/cepronda.com\/blog\/uso-de-la-plataforma-moodle-centros-iniciacion\/","url_meta":{"origin":2082,"position":5},"title":"USO DE LA PLATAFORMA MOODLE CENTROS (INICIACI\u00d3N)","author":"Inmaculada Garc\u00eda","date":"25 octubre, 2021","format":false,"excerpt":"Buenas d\u00edas, compa\u00f1eras y compa\u00f1eros. Os informamos que est\u00e1 abierto el plazo de inscripci\u00f3n en la actividad\u00a0 \u00abUSO DE LA PLATAFORMA MOODLE CENTROS (INICIACI\u00d3N)\u00bb con c\u00f3digo 222924GE041. Es una actividad del \u00e1mbito CEP de Ronda.\u00a0 Se desarrollar\u00e1 en el Aula Virtual de Formaci\u00f3n del Profesorado. Las fechas de la formaci\u00f3n\u2026","rel":"","context":"En \u00abFormaciones\u00bb","block_context":{"text":"Formaciones","link":"https:\/\/cepronda.com\/blog\/category\/formaciones\/"},"img":{"alt_text":"","src":"","width":0,"height":0},"classes":[]}],"jetpack_sharing_enabled":true,"_links":{"self":[{"href":"https:\/\/cepronda.com\/blog\/wp-json\/wp\/v2\/posts\/2082","targetHints":{"allow":["GET"]}}],"collection":[{"href":"https:\/\/cepronda.com\/blog\/wp-json\/wp\/v2\/posts"}],"about":[{"href":"https:\/\/cepronda.com\/blog\/wp-json\/wp\/v2\/types\/post"}],"author":[{"embeddable":true,"href":"https:\/\/cepronda.com\/blog\/wp-json\/wp\/v2\/users\/3"}],"replies":[{"embeddable":true,"href":"https:\/\/cepronda.com\/blog\/wp-json\/wp\/v2\/comments?post=2082"}],"version-history":[{"count":1,"href":"https:\/\/cepronda.com\/blog\/wp-json\/wp\/v2\/posts\/2082\/revisions"}],"predecessor-version":[{"id":2084,"href":"https:\/\/cepronda.com\/blog\/wp-json\/wp\/v2\/posts\/2082\/revisions\/2084"}],"wp:featuredmedia":[{"embeddable":true,"href":"https:\/\/cepronda.com\/blog\/wp-json\/wp\/v2\/media\/2083"}],"wp:attachment":[{"href":"https:\/\/cepronda.com\/blog\/wp-json\/wp\/v2\/media?parent=2082"}],"wp:term":[{"taxonomy":"category","embeddable":true,"href":"https:\/\/cepronda.com\/blog\/wp-json\/wp\/v2\/categories?post=2082"},{"taxonomy":"post_tag","embeddable":true,"href":"https:\/\/cepronda.com\/blog\/wp-json\/wp\/v2\/tags?post=2082"}],"curies":[{"name":"wp","href":"https:\/\/api.w.org\/{rel}","templated":true}]}}