{"id":2066,"date":"2018-06-04T13:05:48","date_gmt":"2018-06-04T11:05:48","guid":{"rendered":"http:\/\/cepronda.com\/blog\/?p=2066"},"modified":"2025-04-28T11:59:16","modified_gmt":"2025-04-28T09:59:16","slug":"convocatoria-del-curso-de-formacion-en-red-proyecta-etwinning","status":"publish","type":"post","link":"https:\/\/cepronda.com\/blog\/convocatoria-del-curso-de-formacion-en-red-proyecta-etwinning\/","title":{"rendered":"Convocatoria del Curso de formaci\u00f3n en red Proyecta eTwinning"},"content":{"rendered":"<p>Muy buenas,&nbsp;<\/p>\n<p>Os informamos de la convocatoria de este curso en l\u00ednea, cuyo plazo termina el pr\u00f3ximo 7 de junio. Se trata de un curso en l\u00ednea para docentes, con materiales y metodolog\u00edas totalmente renovadas y adaptadas a los \u00faltimos desarrollos de la plataforma, orientado a conocer mejor eTwinning y sus posibilidades en el aula y actualizar los conocimientos de los y las docentes sobre el programa.<\/p>\n<p>Para poder acceder a la informaci\u00f3n s\u00f3lo ten\u00e9is que <a href=\"http:\/\/www.juntadeandalucia.es\/educacion\/portals\/web\/ced\/contenidos\/-\/contenidos\/detalle\/convocatoria-del-curso-de-formacion-en-red-proyecta-etwinning-18arv5dh4z813\" target=\"_blank\" rel=\"noopener\">seguir este enlace<\/a>.&nbsp;<\/p>\n<p><a href=\"http:\/\/www.juntadeandalucia.es\/educacion\/portals\/web\/ced\/contenidos\/-\/contenidos\/detalle\/convocatoria-del-curso-de-formacion-en-red-proyecta-etwinning-18arv5dh4z813\" target=\"_blank\" rel=\"noopener\"><img data-recalc-dims=\"1\" loading=\"lazy\" decoding=\"async\" class=\"aligncenter wp-image-1483 size-full\" src=\"https:\/\/i0.wp.com\/cepronda.com\/blog\/wp-content\/uploads\/2017\/12\/layout_icon-etwining.jpg?resize=194%2C250\" alt=\"\" width=\"194\" height=\"250\"><\/a><\/p>\n","protected":false},"excerpt":{"rendered":"<p>Muy buenas,&nbsp; Os informamos de la convocatoria de este curso en l\u00ednea, cuyo plazo termina el pr\u00f3ximo 7 de junio. Se trata de un curso en l\u00ednea para docentes, con materiales y metodolog\u00edas totalmente renovadas y adaptadas a los \u00faltimos desarrollos de la plataforma, orientado a conocer mejor eTwinning y sus posibilidades en el aula [&hellip;]<\/p>\n","protected":false},"author":3,"featured_media":1444,"comment_status":"open","ping_status":"open","sticky":false,"template":"","format":"standard","meta":{"_crdt_document":"","advanced_seo_description":"","jetpack_seo_html_title":"","jetpack_seo_noindex":false,"jetpack_post_was_ever_published":false,"_jetpack_newsletter_access":"","_jetpack_dont_email_post_to_subs":false,"_jetpack_newsletter_tier_id":0,"_jetpack_memberships_contains_paywalled_content":false,"_jetpack_memberships_contains_paid_content":false,"footnotes":"","jetpack_publicize_message":"","jetpack_publicize_feature_enabled":true,"jetpack_social_post_already_shared":true,"jetpack_social_options":{"image_generator_settings":{"template":"highway","default_image_id":0,"font":"","enabled":false},"version":2}},"categories":[3,5],"tags":[103],"class_list":{"0":"post-2066","1":"post","2":"type-post","3":"status-publish","4":"format-standard","5":"has-post-thumbnail","7":"category-formaciones","8":"category-noticias","9":"tag-etwinning","10":"czr-hentry"},"jetpack_publicize_connections":[],"jetpack_featured_media_url":"https:\/\/i0.wp.com\/cepronda.com\/blog\/wp-content\/uploads\/2017\/11\/logo_1269x942.png?fit=1269%2C942&ssl=1","jetpack_shortlink":"https:\/\/wp.me\/p8M4X7-xk","jetpack-related-posts":[{"id":3343,"url":"https:\/\/cepronda.com\/blog\/lanzamiento-feria-de-busqueda-de-socios-en-formacion-profesional-entre-espana-y-francia\/","url_meta":{"origin":2066,"position":0},"title":"Lanzamiento Feria de B\u00fasqueda de socios en Formaci\u00f3n Profesional entre Espa\u00f1a y Francia","author":"V\u00edctor Caballero","date":"15 enero, 2020","format":false,"excerpt":"Compartimos con nuestros centros que imparten Formaci\u00f3n Profesional esta informaci\u00f3n que puede ser de vuestro inter\u00e9s. Se est\u00e1 desarrollando en eTwinning una iniciativa para Formaci\u00f3n Profesional, uno de los temas prioritarios para 2020. Se ha abierto una\u00a0Feria de b\u00fasqueda de socios para docentes de Formaci\u00f3n profesional con el objetivo de\u2026","rel":"","context":"En \u00abNoticias\u00bb","block_context":{"text":"Noticias","link":"https:\/\/cepronda.com\/blog\/category\/noticias\/"},"img":{"alt_text":"","src":"https:\/\/i0.wp.com\/cepronda.com\/blog\/wp-content\/uploads\/2017\/12\/layout_icon-etwining.jpg?resize=350%2C200","width":350,"height":200},"classes":[]},{"id":1482,"url":"https:\/\/cepronda.com\/blog\/convocatoria-de-172-plazas-para-la-asistencia-a-17-eventos-de-formacion-dentro-del-marco-de-etwinning-en-los-paises-participantes-en-el-programa\/","url_meta":{"origin":2066,"position":1},"title":"Convocatoria de 172 plazas para la asistencia a 17 eventos de formaci\u00f3n, dentro del marco de eTwinning en los pa\u00edses participantes en el programa","author":"V\u00edctor Caballero","date":"14 diciembre, 2017","format":false,"excerpt":"\u00a1Muy buenas! Compartimos con todas aquellas personas interesadas en\u00a0eTwinning esta informaci\u00f3n sobre eventos de formaci\u00f3n en este \u00e1mbito. Para acceder a la p\u00e1gina de la Consejer\u00eda con la informaci\u00f3n s\u00f3lo ten\u00e9is que seguir este enlace, adem\u00e1s os copiamos la informaci\u00f3n m\u00e1s relevante: Estos eventos de formaci\u00f3n tienen como finalidad, tanto\u2026","rel":"","context":"En \u00abNoticias\u00bb","block_context":{"text":"Noticias","link":"https:\/\/cepronda.com\/blog\/category\/noticias\/"},"img":{"alt_text":"","src":"https:\/\/i0.wp.com\/cepronda.com\/blog\/wp-content\/uploads\/2017\/12\/layout_icon-etwining.jpg?resize=350%2C200","width":350,"height":200},"classes":[]},{"id":2306,"url":"https:\/\/cepronda.com\/blog\/convocatoria-del-curso-de-actualizacion-de-competencias-directivas\/","url_meta":{"origin":2066,"position":2},"title":"Convocatoria del curso de Actualizaci\u00f3n de competencias directivas","author":"V\u00edctor Caballero","date":"11 septiembre, 2018","format":false,"excerpt":"\u00a1Hola de nuevo! Os informamos de esta convocatoria para aquellos docentes que\u00a0\u00a0est\u00e9n en posesi\u00f3n de acreditaci\u00f3n o habilitaci\u00f3n para el ejercicio de direcci\u00f3n de centros p\u00fablicos expedidas con anterioridad a la entrada en vigor de la Ley Org\u00e1nica de 8\/2013, de 9 de diciembre, o tener experiencia en la direcci\u00f3n\u2026","rel":"","context":"En \u00abFormaciones\u00bb","block_context":{"text":"Formaciones","link":"https:\/\/cepronda.com\/blog\/category\/formaciones\/"},"img":{"alt_text":"","src":"https:\/\/i0.wp.com\/cepronda.com\/blog\/wp-content\/uploads\/2017\/05\/logo_ja_ce_mejor.jpg?fit=732%2C600&ssl=1&resize=350%2C200","width":350,"height":200,"srcset":"https:\/\/i0.wp.com\/cepronda.com\/blog\/wp-content\/uploads\/2017\/05\/logo_ja_ce_mejor.jpg?fit=732%2C600&ssl=1&resize=350%2C200 1x, https:\/\/i0.wp.com\/cepronda.com\/blog\/wp-content\/uploads\/2017\/05\/logo_ja_ce_mejor.jpg?fit=732%2C600&ssl=1&resize=525%2C300 1.5x, https:\/\/i0.wp.com\/cepronda.com\/blog\/wp-content\/uploads\/2017\/05\/logo_ja_ce_mejor.jpg?fit=732%2C600&ssl=1&resize=700%2C400 2x"},"classes":[]},{"id":5382,"url":"https:\/\/cepronda.com\/blog\/estancias-docentes-extranjeros\/","url_meta":{"origin":2066,"position":3},"title":"ESTANCIAS DOCENTES EXTRANJEROS","author":"Maribel Mu\u00f1oz","date":"27 junio, 2022","format":false,"excerpt":"Buenas tardes compa\u00f1eras y compa\u00f1eros, Os recordamos que\u00a0hasta el 6 de julio est\u00e1 abierta la convocatoria del Ministerio de Educaci\u00f3n y Formaci\u00f3n Profesional para centros educativos sostenidos con fondos p\u00fablicos que deseen acoger a un docente extranjero para una estancia de dos semanas durante el curso 2022-23.\u00a0 Para m\u00e1s informaci\u00f3n\u2026","rel":"","context":"En \u00abFormaciones\u00bb","block_context":{"text":"Formaciones","link":"https:\/\/cepronda.com\/blog\/category\/formaciones\/"},"img":{"alt_text":"","src":"https:\/\/i0.wp.com\/cepronda.com\/blog\/wp-content\/uploads\/2022\/06\/1280px-Logotipo_del_Ministerio_de_Educacion_y_Formacion_Profesional.svg_-1.png?fit=1200%2C300&ssl=1&resize=350%2C200","width":350,"height":200,"srcset":"https:\/\/i0.wp.com\/cepronda.com\/blog\/wp-content\/uploads\/2022\/06\/1280px-Logotipo_del_Ministerio_de_Educacion_y_Formacion_Profesional.svg_-1.png?fit=1200%2C300&ssl=1&resize=350%2C200 1x, https:\/\/i0.wp.com\/cepronda.com\/blog\/wp-content\/uploads\/2022\/06\/1280px-Logotipo_del_Ministerio_de_Educacion_y_Formacion_Profesional.svg_-1.png?fit=1200%2C300&ssl=1&resize=525%2C300 1.5x, https:\/\/i0.wp.com\/cepronda.com\/blog\/wp-content\/uploads\/2022\/06\/1280px-Logotipo_del_Ministerio_de_Educacion_y_Formacion_Profesional.svg_-1.png?fit=1200%2C300&ssl=1&resize=700%2C400 2x, https:\/\/i0.wp.com\/cepronda.com\/blog\/wp-content\/uploads\/2022\/06\/1280px-Logotipo_del_Ministerio_de_Educacion_y_Formacion_Profesional.svg_-1.png?fit=1200%2C300&ssl=1&resize=1050%2C600 3x"},"classes":[]},{"id":5961,"url":"https:\/\/cepronda.com\/blog\/curso-de-formacion-ciclista-para-docentes\/","url_meta":{"origin":2066,"position":4},"title":"CURSO DE FORMACI\u00d3N CICLISTA PARA DOCENTES","author":"Mamen Moreno","date":"12 mayo, 2023","format":false,"excerpt":"Se abre el plazo para el CURSO DE FORMACI\u00d3N CICLISTA PARA DOCENTES. C\u00f3digo de la actividad: 239922HVS445. \u00c1mbito regional: 240 plazas Lugar de realizaci\u00f3n: AVFP. Duraci\u00f3n: 30 horas. Plazo de inscripci\u00f3n: desde el 09\/05\/2023 hasta el 15\/05\/2023. Realizaci\u00f3n: desde el 22\/05\/2023 hasta el 21\/06\/2023. M\u00e1s informaci\u00f3n: https:\/\/www.juntadeandalucia.es\/educacion\/secretariavirtual\/consultaCEP\/actividad\/239922HVS445\/","rel":"","context":"En \u00abFormaciones\u00bb","block_context":{"text":"Formaciones","link":"https:\/\/cepronda.com\/blog\/category\/formaciones\/"},"img":{"alt_text":"","src":"https:\/\/i0.wp.com\/cepronda.com\/blog\/wp-content\/uploads\/2023\/05\/445.png?fit=1200%2C675&ssl=1&resize=350%2C200","width":350,"height":200,"srcset":"https:\/\/i0.wp.com\/cepronda.com\/blog\/wp-content\/uploads\/2023\/05\/445.png?fit=1200%2C675&ssl=1&resize=350%2C200 1x, https:\/\/i0.wp.com\/cepronda.com\/blog\/wp-content\/uploads\/2023\/05\/445.png?fit=1200%2C675&ssl=1&resize=525%2C300 1.5x, https:\/\/i0.wp.com\/cepronda.com\/blog\/wp-content\/uploads\/2023\/05\/445.png?fit=1200%2C675&ssl=1&resize=700%2C400 2x, https:\/\/i0.wp.com\/cepronda.com\/blog\/wp-content\/uploads\/2023\/05\/445.png?fit=1200%2C675&ssl=1&resize=1050%2C600 3x"},"classes":[]},{"id":2466,"url":"https:\/\/cepronda.com\/blog\/curso-de-formacion-sobre-el-desarrollo-de-la-funcion-directiva\/","url_meta":{"origin":2066,"position":5},"title":"Curso de formaci\u00f3n sobre el desarrollo de la funci\u00f3n directiva","author":"V\u00edctor Caballero","date":"26 noviembre, 2018","format":false,"excerpt":"Muy buenas, comenzamos la semana compartiendo con todas y todos vosotros la convocatoria del\u00a0curso de formaci\u00f3n sobre el desarrollo de la funci\u00f3n directiva. Se trata de un curso con modalidad on-line con una duraci\u00f3n de 130 horas y se celebrar\u00e1 entre los meses de enero a mayo de 2019. Podr\u00e1\u2026","rel":"","context":"En \u00abFormaciones\u00bb","block_context":{"text":"Formaciones","link":"https:\/\/cepronda.com\/blog\/category\/formaciones\/"},"img":{"alt_text":"","src":"https:\/\/i0.wp.com\/cepronda.com\/blog\/wp-content\/uploads\/2017\/05\/logo_ja_ce_mejor.jpg?fit=732%2C600&ssl=1&resize=350%2C200","width":350,"height":200,"srcset":"https:\/\/i0.wp.com\/cepronda.com\/blog\/wp-content\/uploads\/2017\/05\/logo_ja_ce_mejor.jpg?fit=732%2C600&ssl=1&resize=350%2C200 1x, https:\/\/i0.wp.com\/cepronda.com\/blog\/wp-content\/uploads\/2017\/05\/logo_ja_ce_mejor.jpg?fit=732%2C600&ssl=1&resize=525%2C300 1.5x, https:\/\/i0.wp.com\/cepronda.com\/blog\/wp-content\/uploads\/2017\/05\/logo_ja_ce_mejor.jpg?fit=732%2C600&ssl=1&resize=700%2C400 2x"},"classes":[]}],"jetpack_sharing_enabled":true,"_links":{"self":[{"href":"https:\/\/cepronda.com\/blog\/wp-json\/wp\/v2\/posts\/2066","targetHints":{"allow":["GET"]}}],"collection":[{"href":"https:\/\/cepronda.com\/blog\/wp-json\/wp\/v2\/posts"}],"about":[{"href":"https:\/\/cepronda.com\/blog\/wp-json\/wp\/v2\/types\/post"}],"author":[{"embeddable":true,"href":"https:\/\/cepronda.com\/blog\/wp-json\/wp\/v2\/users\/3"}],"replies":[{"embeddable":true,"href":"https:\/\/cepronda.com\/blog\/wp-json\/wp\/v2\/comments?post=2066"}],"version-history":[{"count":1,"href":"https:\/\/cepronda.com\/blog\/wp-json\/wp\/v2\/posts\/2066\/revisions"}],"predecessor-version":[{"id":2067,"href":"https:\/\/cepronda.com\/blog\/wp-json\/wp\/v2\/posts\/2066\/revisions\/2067"}],"wp:featuredmedia":[{"embeddable":true,"href":"https:\/\/cepronda.com\/blog\/wp-json\/wp\/v2\/media\/1444"}],"wp:attachment":[{"href":"https:\/\/cepronda.com\/blog\/wp-json\/wp\/v2\/media?parent=2066"}],"wp:term":[{"taxonomy":"category","embeddable":true,"href":"https:\/\/cepronda.com\/blog\/wp-json\/wp\/v2\/categories?post=2066"},{"taxonomy":"post_tag","embeddable":true,"href":"https:\/\/cepronda.com\/blog\/wp-json\/wp\/v2\/tags?post=2066"}],"curies":[{"name":"wp","href":"https:\/\/api.w.org\/{rel}","templated":true}]}}