{"id":2060,"date":"2018-06-04T09:26:57","date_gmt":"2018-06-04T07:26:57","guid":{"rendered":"http:\/\/cepronda.com\/blog\/?p=2060"},"modified":"2018-06-04T09:26:57","modified_gmt":"2018-06-04T07:26:57","slug":"horarios-a-partir-de-la-proxima-semana","status":"publish","type":"post","link":"https:\/\/cepronda.com\/blog\/horarios-a-partir-de-la-proxima-semana\/","title":{"rendered":"Horarios a partir de la pr\u00f3xima semana"},"content":{"rendered":"<p>\u00a1Hola a todo el mundo!<\/p>\n<p>Se va acercando el final de curso, y con \u00e9l el calor y los cambios de horario. Es por ello por lo que a partir de la semana del 11 de junio, es decir, la pr\u00f3xima semana, pasamos a estar abiertos para todas y todos vosotros en horarios de 9 a 14 horas, de lunes a viernes. Estaremos como siempre s\u00faper felices de atenderos. Un saludo.&nbsp;<\/p>\n<p>&nbsp;<\/p>\n<p><a href=\"https:\/\/i0.wp.com\/cepronda.com\/blog\/wp-content\/uploads\/2018\/06\/daylight-saving-time-3382879_1920.jpg\"><img data-recalc-dims=\"1\" loading=\"lazy\" decoding=\"async\" class=\"aligncenter wp-image-2061 size-large\" src=\"https:\/\/i0.wp.com\/cepronda.com\/blog\/wp-content\/uploads\/2018\/06\/daylight-saving-time-3382879_1920-1024x683.jpg?resize=1024%2C683\" alt=\"\" width=\"1024\" height=\"683\" srcset=\"https:\/\/i0.wp.com\/cepronda.com\/blog\/wp-content\/uploads\/2018\/06\/daylight-saving-time-3382879_1920.jpg?resize=1024%2C683&amp;ssl=1 1024w, https:\/\/i0.wp.com\/cepronda.com\/blog\/wp-content\/uploads\/2018\/06\/daylight-saving-time-3382879_1920.jpg?resize=300%2C200&amp;ssl=1 300w, https:\/\/i0.wp.com\/cepronda.com\/blog\/wp-content\/uploads\/2018\/06\/daylight-saving-time-3382879_1920.jpg?resize=768%2C512&amp;ssl=1 768w, https:\/\/i0.wp.com\/cepronda.com\/blog\/wp-content\/uploads\/2018\/06\/daylight-saving-time-3382879_1920.jpg?w=1920&amp;ssl=1 1920w\" sizes=\"auto, (max-width: 1024px) 100vw, 1024px\" \/><\/a><\/p>\n<p>&nbsp;<\/p>\n<p>&nbsp;<\/p>\n","protected":false},"excerpt":{"rendered":"<p>\u00a1Hola a todo el mundo! Se va acercando el final de curso, y con \u00e9l el calor y los cambios de horario. Es por ello por lo que a partir de la semana del 11 de junio, es decir, la pr\u00f3xima semana, pasamos a estar abiertos para todas y todos vosotros en horarios de 9 [&hellip;]<\/p>\n","protected":false},"author":3,"featured_media":2061,"comment_status":"open","ping_status":"open","sticky":false,"template":"","format":"standard","meta":{"_crdt_document":"","advanced_seo_description":"","jetpack_seo_html_title":"","jetpack_seo_noindex":false,"jetpack_post_was_ever_published":false,"_jetpack_newsletter_access":"","_jetpack_dont_email_post_to_subs":false,"_jetpack_newsletter_tier_id":0,"_jetpack_memberships_contains_paywalled_content":false,"_jetpack_memberships_contains_paid_content":false,"footnotes":"","jetpack_publicize_message":"Horarios a partir de la pr\u00f3xima semana, os atenderemos gustosamente de 9 a 14 horas.","jetpack_publicize_feature_enabled":true,"jetpack_social_post_already_shared":true,"jetpack_social_options":{"image_generator_settings":{"template":"highway","default_image_id":0,"font":"","enabled":false},"version":2}},"categories":[5],"tags":[134],"class_list":{"0":"post-2060","1":"post","2":"type-post","3":"status-publish","4":"format-standard","5":"has-post-thumbnail","7":"category-noticias","8":"tag-informacion","9":"czr-hentry"},"jetpack_publicize_connections":[],"jetpack_featured_media_url":"https:\/\/i0.wp.com\/cepronda.com\/blog\/wp-content\/uploads\/2018\/06\/daylight-saving-time-3382879_1920.jpg?fit=1920%2C1280&ssl=1","jetpack_shortlink":"https:\/\/wp.me\/p8M4X7-xe","jetpack-related-posts":[{"id":2237,"url":"https:\/\/cepronda.com\/blog\/bienvenida-al-nuevo-curso\/","url_meta":{"origin":2060,"position":0},"title":"Bienvenida al nuevo curso","author":"V\u00edctor Caballero","date":"3 septiembre, 2018","format":false,"excerpt":"Muy buenas familia, \u00bfQu\u00e9 tal han ido esas vacaciones? Esperamos desde el CEP que hayan ido muy bien, y sobre todo queremos escribiros esta entrada para daros la bienvenida, desearos todo lo mejor en este nuevo curso escolar, y como siempre deciros que ten\u00e9is nuestras puertas abiertas para todo aquello\u2026","rel":"","context":"En \u00abNoticias\u00bb","block_context":{"text":"Noticias","link":"https:\/\/cepronda.com\/blog\/category\/noticias\/"},"img":{"alt_text":"","src":"https:\/\/i0.wp.com\/cepronda.com\/blog\/wp-content\/uploads\/2018\/09\/road-1668916_640.jpg?fit=640%2C360&ssl=1&resize=350%2C200","width":350,"height":200,"srcset":"https:\/\/i0.wp.com\/cepronda.com\/blog\/wp-content\/uploads\/2018\/09\/road-1668916_640.jpg?fit=640%2C360&ssl=1&resize=350%2C200 1x, https:\/\/i0.wp.com\/cepronda.com\/blog\/wp-content\/uploads\/2018\/09\/road-1668916_640.jpg?fit=640%2C360&ssl=1&resize=525%2C300 1.5x"},"classes":[]},{"id":1316,"url":"https:\/\/cepronda.com\/blog\/una-semana-intensa\/","url_meta":{"origin":2060,"position":1},"title":"Una semana intensa","author":"V\u00edctor Caballero","date":"13 octubre, 2017","format":false,"excerpt":"\u00a1Muy buenas! Despedimos esta semana \"un tanto rara\" con el prop\u00f3sito de coger fuerzas para afrontar la semana que viene con todo nuestro \u00e1nimo y energ\u00eda. Y es que la pr\u00f3xima semana empiezan varias actividades muy interesantes, y adem\u00e1s comienzan algunas de las sesiones de planes educativos. Os detallo, para\u2026","rel":"","context":"En \u00abNoticias\u00bb","block_context":{"text":"Noticias","link":"https:\/\/cepronda.com\/blog\/category\/noticias\/"},"img":{"alt_text":"","src":"","width":0,"height":0},"classes":[]},{"id":3532,"url":"https:\/\/cepronda.com\/blog\/moodle-centros-algunas-soluciones-a-vuestras-dudas\/","url_meta":{"origin":2060,"position":2},"title":"Moodle centros, algunas soluciones a vuestras dudas","author":"V\u00edctor Caballero","date":"3 abril, 2020","format":false,"excerpt":"Hola de nuevo, Muchas de vuestras dudas est\u00e1n dirigidas al uso de la plataforma de Moodle centros, lo cual es l\u00f3gico. El equipo del CEP de Ronda ha decidido elaborar un peque\u00f1o videotutorial que os pueda ayuda. Os lo dejamos a continuaci\u00f3n, as\u00ed como la infograf\u00eda de FAQ sobre la\u2026","rel":"","context":"En \u00abNoticias\u00bb","block_context":{"text":"Noticias","link":"https:\/\/cepronda.com\/blog\/category\/noticias\/"},"img":{"alt_text":"","src":"https:\/\/i0.wp.com\/cepronda.com\/blog\/wp-content\/uploads\/2020\/03\/Logo_twitter_cep_ronda-INSTITUCIONAL-estrecho.jpg?fit=349%2C527&ssl=1&resize=350%2C200","width":350,"height":200},"classes":[]},{"id":5674,"url":"https:\/\/cepronda.com\/blog\/el-ies-dr-rodriguez-delgado-de-ronda-recibe-el-reconocimiento-del-cihar-por-su-semana-andalusi\/","url_meta":{"origin":2060,"position":3},"title":"El IES Dr. Rodr\u00edguez Delgado de Ronda recibe el reconocimiento del CIHAR por su \u201cSemana Andalus\u00ed\u201d.","author":"Inmaculada Garc\u00eda","date":"21 diciembre, 2022","format":false,"excerpt":"Buenos d\u00edas. Quer\u00edamos dar la enhorabuena al IES Dr. Rodr\u00edguez Delgado de Ronda por el reconocimiento recibido por parte del CIHAR por su \u201cSemana Andalus\u00ed\u201d. El pasado viernes 16 de diciembre, el Consejero Cultural en la Provincia de M\u00e1laga, el historiador Antonio R. Acedo, hizo entrega del reconocimiento del C\u00edrculo\u2026","rel":"","context":"En \u00abNoticias\u00bb","block_context":{"text":"Noticias","link":"https:\/\/cepronda.com\/blog\/category\/noticias\/"},"img":{"alt_text":"","src":"https:\/\/i0.wp.com\/cepronda.com\/blog\/wp-content\/uploads\/2022\/12\/Copia-de-ESTANCIAS-FORMATIVAS-EN-EMPRESAS-PARA-EL-PROFESORADO-DE-FORMACION-PROFESIONAL.png?fit=1080%2C1080&ssl=1&resize=350%2C200","width":350,"height":200,"srcset":"https:\/\/i0.wp.com\/cepronda.com\/blog\/wp-content\/uploads\/2022\/12\/Copia-de-ESTANCIAS-FORMATIVAS-EN-EMPRESAS-PARA-EL-PROFESORADO-DE-FORMACION-PROFESIONAL.png?fit=1080%2C1080&ssl=1&resize=350%2C200 1x, https:\/\/i0.wp.com\/cepronda.com\/blog\/wp-content\/uploads\/2022\/12\/Copia-de-ESTANCIAS-FORMATIVAS-EN-EMPRESAS-PARA-EL-PROFESORADO-DE-FORMACION-PROFESIONAL.png?fit=1080%2C1080&ssl=1&resize=525%2C300 1.5x, https:\/\/i0.wp.com\/cepronda.com\/blog\/wp-content\/uploads\/2022\/12\/Copia-de-ESTANCIAS-FORMATIVAS-EN-EMPRESAS-PARA-EL-PROFESORADO-DE-FORMACION-PROFESIONAL.png?fit=1080%2C1080&ssl=1&resize=700%2C400 2x, https:\/\/i0.wp.com\/cepronda.com\/blog\/wp-content\/uploads\/2022\/12\/Copia-de-ESTANCIAS-FORMATIVAS-EN-EMPRESAS-PARA-EL-PROFESORADO-DE-FORMACION-PROFESIONAL.png?fit=1080%2C1080&ssl=1&resize=1050%2C600 3x"},"classes":[]},{"id":5143,"url":"https:\/\/cepronda.com\/blog\/conversaciones-en-el-museo\/","url_meta":{"origin":2060,"position":4},"title":"CONVERSACIONES EN EL MUSEO","author":"Maribel Mu\u00f1oz","date":"23 febrero, 2022","format":false,"excerpt":"Buenas tardes compa\u00f1eras y compa\u00f1eros, Os hacemos llegar la siguiente informaci\u00f3n procedente del Centro Andaluz de las Letras. \"Queremos informar\u00a0del estreno en Ronda del programa Conversaciones en el Museo, que se desarrolla con el patrocinio de la Fundaci\u00f3n Unicaja y tendr\u00e1 lugar el pr\u00f3ximo d\u00eda 3 de marzo a las\u2026","rel":"","context":"En \u00abNoticias\u00bb","block_context":{"text":"Noticias","link":"https:\/\/cepronda.com\/blog\/category\/noticias\/"},"img":{"alt_text":"","src":"https:\/\/i0.wp.com\/cepronda.com\/blog\/wp-content\/uploads\/2022\/02\/Carteleria-Museo-Peinado.jpg?fit=562%2C795&ssl=1&resize=350%2C200","width":350,"height":200,"srcset":"https:\/\/i0.wp.com\/cepronda.com\/blog\/wp-content\/uploads\/2022\/02\/Carteleria-Museo-Peinado.jpg?fit=562%2C795&ssl=1&resize=350%2C200 1x, https:\/\/i0.wp.com\/cepronda.com\/blog\/wp-content\/uploads\/2022\/02\/Carteleria-Museo-Peinado.jpg?fit=562%2C795&ssl=1&resize=525%2C300 1.5x"},"classes":[]},{"id":3596,"url":"https:\/\/cepronda.com\/blog\/apertura-del-plazo-de-inscripcion-para-la-2a-edicion-de-cursos-de-formacion-en-linea-del-profesorado-2020\/","url_meta":{"origin":2060,"position":5},"title":"Apertura del plazo de inscripci\u00f3n para la 2\u00aa edici\u00f3n de cursos de formaci\u00f3n en l\u00ednea del Profesorado 2020","author":"V\u00edctor Caballero","date":"1 junio, 2020","format":false,"excerpt":"Muy buenas familia, Comenzamos la semana compartiendo que a partir de hoy se abre el plazo de inscripci\u00f3n para la 2\u00aa edici\u00f3n de los cursos de formaci\u00f3n en l\u00ednea del profesorado del INTEF. Cursos que se realizar\u00edan entre septiembre y noviembre. Como siempre son muy interesantes y pueden resultarnos muy\u2026","rel":"","context":"En \u00abFormaciones\u00bb","block_context":{"text":"Formaciones","link":"https:\/\/cepronda.com\/blog\/category\/formaciones\/"},"img":{"alt_text":"","src":"https:\/\/i0.wp.com\/cepronda.com\/blog\/wp-content\/uploads\/2020\/06\/INTEF.png?fit=803%2C306&ssl=1&resize=350%2C200","width":350,"height":200,"srcset":"https:\/\/i0.wp.com\/cepronda.com\/blog\/wp-content\/uploads\/2020\/06\/INTEF.png?fit=803%2C306&ssl=1&resize=350%2C200 1x, https:\/\/i0.wp.com\/cepronda.com\/blog\/wp-content\/uploads\/2020\/06\/INTEF.png?fit=803%2C306&ssl=1&resize=525%2C300 1.5x, https:\/\/i0.wp.com\/cepronda.com\/blog\/wp-content\/uploads\/2020\/06\/INTEF.png?fit=803%2C306&ssl=1&resize=700%2C400 2x"},"classes":[]}],"jetpack_sharing_enabled":true,"_links":{"self":[{"href":"https:\/\/cepronda.com\/blog\/wp-json\/wp\/v2\/posts\/2060","targetHints":{"allow":["GET"]}}],"collection":[{"href":"https:\/\/cepronda.com\/blog\/wp-json\/wp\/v2\/posts"}],"about":[{"href":"https:\/\/cepronda.com\/blog\/wp-json\/wp\/v2\/types\/post"}],"author":[{"embeddable":true,"href":"https:\/\/cepronda.com\/blog\/wp-json\/wp\/v2\/users\/3"}],"replies":[{"embeddable":true,"href":"https:\/\/cepronda.com\/blog\/wp-json\/wp\/v2\/comments?post=2060"}],"version-history":[{"count":1,"href":"https:\/\/cepronda.com\/blog\/wp-json\/wp\/v2\/posts\/2060\/revisions"}],"predecessor-version":[{"id":2062,"href":"https:\/\/cepronda.com\/blog\/wp-json\/wp\/v2\/posts\/2060\/revisions\/2062"}],"wp:featuredmedia":[{"embeddable":true,"href":"https:\/\/cepronda.com\/blog\/wp-json\/wp\/v2\/media\/2061"}],"wp:attachment":[{"href":"https:\/\/cepronda.com\/blog\/wp-json\/wp\/v2\/media?parent=2060"}],"wp:term":[{"taxonomy":"category","embeddable":true,"href":"https:\/\/cepronda.com\/blog\/wp-json\/wp\/v2\/categories?post=2060"},{"taxonomy":"post_tag","embeddable":true,"href":"https:\/\/cepronda.com\/blog\/wp-json\/wp\/v2\/tags?post=2060"}],"curies":[{"name":"wp","href":"https:\/\/api.w.org\/{rel}","templated":true}]}}