{"id":205,"date":"2016-10-10T10:36:18","date_gmt":"2016-10-10T08:36:18","guid":{"rendered":"http:\/\/cepronda.com\/blog\/?p=205"},"modified":"2016-10-10T10:36:18","modified_gmt":"2016-10-10T08:36:18","slug":"curso-de-diseno-de-rubricas","status":"publish","type":"post","link":"https:\/\/cepronda.com\/blog\/curso-de-diseno-de-rubricas\/","title":{"rendered":"Curso de dise\u00f1o de r\u00fabricas"},"content":{"rendered":"<p>Muy buenas de nuevo,<\/p>\n<p>Empezamos con energ\u00eda esta semana y ponemos en marcha un curso que creemos os puede resultar muy interesante y \u00fatil en clase. Se trata de un curso con seguimiento sobre la evaluaci\u00f3n mediante r\u00fabricas en el que se van a trabajar los siguientes contenidos:<\/p>\n<p>1. Concepto de r\u00fabrica, dentro del marco legal vigente.<br \/>\n2. Tipos de r\u00fabricas.<br \/>\n3. Aplicaci\u00f3n pr\u00e1ctica de las r\u00fabricas.<br \/>\n4. Ventajas del uso de las r\u00fabricas.<br \/>\n5. Elaboraci\u00f3n de r\u00fabricas.<br \/>\n6. Herramientas y recursos para la realizaci\u00f3n de e-r\u00fabricas<\/p>\n<p>El curso se llama <a href=\"http:\/\/www.juntadeandalucia.es\/educacion\/portals\/web\/cep-ronda\/agenda\/-\/agenda\/listado\/8\/10\/2016\/-\/142107\" target=\"_blank\">\u00abDise\u00f1o de r\u00fabricas. La evaluaci\u00f3n mediante r\u00fabricas\u00bb<\/a> y seguro que os resultar\u00e1 muy interesante y pr\u00e1ctico para poder en marcha las r\u00fabricas en vuestro d\u00eda a d\u00eda.<\/p>\n<p><a href=\"https:\/\/www.juntadeandalucia.es\/educacion\/secretariavirtual\/consultaCEP\/actividad\/172924GE050\/\" target=\"_blank\"><img data-recalc-dims=\"1\" loading=\"lazy\" decoding=\"async\" class=\"aligncenter size-medium wp-image-206\" src=\"https:\/\/i0.wp.com\/cepronda.com\/blog\/wp-content\/uploads\/2016\/10\/evaluaci%C3%B3n-300x212.jpg?resize=300%2C212\" alt=\"evaluacion\" width=\"300\" height=\"212\" \/><\/a><\/p>\n<p>&nbsp;<\/p>\n","protected":false},"excerpt":{"rendered":"<p>Muy buenas de nuevo, Empezamos con energ\u00eda esta semana y ponemos en marcha un curso que creemos os puede resultar muy interesante y \u00fatil en clase. Se trata de un curso con seguimiento sobre la evaluaci\u00f3n mediante r\u00fabricas en el que se van a trabajar los siguientes contenidos: 1. Concepto de r\u00fabrica, dentro del marco [&hellip;]<\/p>\n","protected":false},"author":3,"featured_media":206,"comment_status":"open","ping_status":"open","sticky":false,"template":"","format":"standard","meta":{"_crdt_document":"","advanced_seo_description":"","jetpack_seo_html_title":"","jetpack_seo_noindex":false,"jetpack_post_was_ever_published":false,"_jetpack_newsletter_access":"","_jetpack_dont_email_post_to_subs":false,"_jetpack_newsletter_tier_id":0,"_jetpack_memberships_contains_paywalled_content":false,"_jetpack_memberships_contains_paid_content":false,"footnotes":"","jetpack_publicize_message":"","jetpack_publicize_feature_enabled":true,"jetpack_social_post_already_shared":false,"jetpack_social_options":{"image_generator_settings":{"template":"highway","default_image_id":0,"font":"","enabled":false},"version":2}},"categories":[3],"tags":[36],"class_list":{"0":"post-205","1":"post","2":"type-post","3":"status-publish","4":"format-standard","5":"has-post-thumbnail","7":"category-formaciones","8":"tag-herramientas-tic","9":"czr-hentry"},"jetpack_publicize_connections":[],"jetpack_featured_media_url":"","jetpack_shortlink":"https:\/\/wp.me\/p8M4X7-3j","jetpack-related-posts":[{"id":3222,"url":"https:\/\/cepronda.com\/blog\/programacion-y-evaluacion-por-competencias-en-educacion-primaria\/","url_meta":{"origin":205,"position":0},"title":"PROGRAMACI\u00d3N Y EVALUACI\u00d3N POR COMPETENCIAS EN EDUCACI\u00d3N PRIMARIA","author":"V\u00edctor Caballero","date":"2 diciembre, 2019","format":false,"excerpt":"Muy buenas, Comenzamos el mes de diciembre con varias actividades que tienen previsto iniciarse en el mes de enero. en este caso se trata de la actividad \" PROGRAMACI\u00d3N Y EVALUACI\u00d3N POR COMPETENCIAS EN EDUCACI\u00d3N PRIMARIA \" que pretende ser un taller muy pr\u00e1ctico. Los contenidos de las sesiones son:\u2026","rel":"","context":"En \u00abFormaciones\u00bb","block_context":{"text":"Formaciones","link":"https:\/\/cepronda.com\/blog\/category\/formaciones\/"},"img":{"alt_text":"","src":"https:\/\/i0.wp.com\/cepronda.com\/blog\/wp-content\/uploads\/2019\/12\/20200113-Programaci%C3%B3n-y-evaluaci%C3%B3n-competencias-primaria.png?fit=668%2C944&ssl=1&resize=350%2C200","width":350,"height":200,"srcset":"https:\/\/i0.wp.com\/cepronda.com\/blog\/wp-content\/uploads\/2019\/12\/20200113-Programaci%C3%B3n-y-evaluaci%C3%B3n-competencias-primaria.png?fit=668%2C944&ssl=1&resize=350%2C200 1x, https:\/\/i0.wp.com\/cepronda.com\/blog\/wp-content\/uploads\/2019\/12\/20200113-Programaci%C3%B3n-y-evaluaci%C3%B3n-competencias-primaria.png?fit=668%2C944&ssl=1&resize=525%2C300 1.5x"},"classes":[]},{"id":2599,"url":"https:\/\/cepronda.com\/blog\/debates-escolares-principios-y-evaluacion\/","url_meta":{"origin":205,"position":1},"title":"DEBATES ESCOLARES: PRINCIPIOS Y EVALUACI\u00d3N","author":"V\u00edctor Caballero","date":"18 enero, 2019","format":false,"excerpt":"\u00a1Hola familia! Desde el CEP de Marbella-Co\u00edn nos piden que demos difusi\u00f3n entre nuestros centros de esta actividad sobre debates escolares. Estamos ante una actividad destinada al profesorado interesado en una evaluaci\u00f3n formativa de las todas las destrezas orales implicadas en el en el debate escolar y acad\u00e9mico. El profesorado\u2026","rel":"","context":"En \u00abFormaciones\u00bb","block_context":{"text":"Formaciones","link":"https:\/\/cepronda.com\/blog\/category\/formaciones\/"},"img":{"alt_text":"","src":"https:\/\/i0.wp.com\/cepronda.com\/blog\/wp-content\/uploads\/2019\/01\/man-2814937_1920.jpg?fit=1200%2C526&ssl=1&resize=350%2C200","width":350,"height":200,"srcset":"https:\/\/i0.wp.com\/cepronda.com\/blog\/wp-content\/uploads\/2019\/01\/man-2814937_1920.jpg?fit=1200%2C526&ssl=1&resize=350%2C200 1x, https:\/\/i0.wp.com\/cepronda.com\/blog\/wp-content\/uploads\/2019\/01\/man-2814937_1920.jpg?fit=1200%2C526&ssl=1&resize=525%2C300 1.5x, https:\/\/i0.wp.com\/cepronda.com\/blog\/wp-content\/uploads\/2019\/01\/man-2814937_1920.jpg?fit=1200%2C526&ssl=1&resize=700%2C400 2x, https:\/\/i0.wp.com\/cepronda.com\/blog\/wp-content\/uploads\/2019\/01\/man-2814937_1920.jpg?fit=1200%2C526&ssl=1&resize=1050%2C600 3x"},"classes":[]},{"id":202,"url":"https:\/\/cepronda.com\/blog\/nuevo-curso-no-te-lo-puedes-perder\/","url_meta":{"origin":205,"position":2},"title":"Nuevo curso&#8230; \u00a1No te lo puedes perder!","author":"V\u00edctor Caballero","date":"10 octubre, 2016","format":false,"excerpt":"Muy buenas, Iniciamos la semana publicitando un curso muy interesante sobre el Aprendizaje basado en proyectos, Flipped Classroom y la Evaluaci\u00f3n de las competencias en Educaci\u00f3n Infantil y Primaria. La fecha de inscripci\u00f3n est\u00e1 abierta hasta el pr\u00f3ximo 17 de octubre, dando comienzo el curso al d\u00eda siguiente. Ser\u00e1n cinco\u2026","rel":"","context":"En \u00abFormaciones\u00bb","block_context":{"text":"Formaciones","link":"https:\/\/cepronda.com\/blog\/category\/formaciones\/"},"img":{"alt_text":"hands-1697898_640","src":"https:\/\/i0.wp.com\/cepronda.com\/blog\/wp-content\/uploads\/2016\/10\/hands-1697898_640-300x200.jpg?resize=350%2C200","width":350,"height":200},"classes":[]},{"id":8003,"url":"https:\/\/cepronda.com\/blog\/curso-provincial-herramientas-digitales-para-trabajar-el-plan-de-lectura-planificada-y-en-la-biblioteca-codigo-252922ge062\/","url_meta":{"origin":205,"position":3},"title":"CURSO PROVINCIAL: HERRAMIENTAS DIGITALES PARA TRABAJAR EL PLAN DE LECTURA PLANIFICADA Y EN LA BIBLIOTECA. C\u00f3digo: 252922GE062.","author":"Inmaculada Garc\u00eda","date":"8 enero, 2025","format":false,"excerpt":"Os informamos de que est\u00e1 abierto el plazo de inscripci\u00f3n para el curso provincial; HERRAMIENTAS DIGITALES PARA TRABAJAR EL PLAN DE LECTURA PLANIFICADA Y EN LA BIBLIOTECA. C\u00f3digo: 252922GE062. \u00a0 Curso a distancia de 20 horas en el AVFP dirigido al profesorado de Educaci\u00f3n Infantil, Primaria y Secundaria. \u00a0 Fecha\u2026","rel":"","context":"En \u00abFormaciones\u00bb","block_context":{"text":"Formaciones","link":"https:\/\/cepronda.com\/blog\/category\/formaciones\/"},"img":{"alt_text":"","src":"https:\/\/i0.wp.com\/cepronda.com\/blog\/wp-content\/uploads\/2025\/01\/WhatsApp-Image-2025-01-08-at-11.13.21.jpeg?fit=800%2C800&ssl=1&resize=350%2C200","width":350,"height":200,"srcset":"https:\/\/i0.wp.com\/cepronda.com\/blog\/wp-content\/uploads\/2025\/01\/WhatsApp-Image-2025-01-08-at-11.13.21.jpeg?fit=800%2C800&ssl=1&resize=350%2C200 1x, https:\/\/i0.wp.com\/cepronda.com\/blog\/wp-content\/uploads\/2025\/01\/WhatsApp-Image-2025-01-08-at-11.13.21.jpeg?fit=800%2C800&ssl=1&resize=525%2C300 1.5x, https:\/\/i0.wp.com\/cepronda.com\/blog\/wp-content\/uploads\/2025\/01\/WhatsApp-Image-2025-01-08-at-11.13.21.jpeg?fit=800%2C800&ssl=1&resize=700%2C400 2x"},"classes":[]},{"id":458,"url":"https:\/\/cepronda.com\/blog\/curso-de-disciplina-positiva-para-secundaria\/","url_meta":{"origin":205,"position":4},"title":"Curso de disciplina positiva para Secundaria","author":"V\u00edctor Caballero","date":"13 diciembre, 2016","format":false,"excerpt":"\u00a1Seguimos con nuestro buen ritmo esta semana! Hoy os queremos informar de un curso muy muy interesante para el profesorado de Secundaria, que comenzaremos a la vuelta de las vacaciones de Navidad. \u00a0Se trata de un curso sobre disciplina positiva en Secundaria, enfocado de forma espec\u00edfica a nuestros y nuestras\u2026","rel":"","context":"En \u00abFormaciones\u00bb","block_context":{"text":"Formaciones","link":"https:\/\/cepronda.com\/blog\/category\/formaciones\/"},"img":{"alt_text":"havefun-1754193_640","src":"https:\/\/i0.wp.com\/cepronda.com\/blog\/wp-content\/uploads\/2016\/12\/havefun-1754193_640.jpg?resize=350%2C200","width":350,"height":200,"srcset":"https:\/\/i0.wp.com\/cepronda.com\/blog\/wp-content\/uploads\/2016\/12\/havefun-1754193_640.jpg?resize=350%2C200 1x, https:\/\/i0.wp.com\/cepronda.com\/blog\/wp-content\/uploads\/2016\/12\/havefun-1754193_640.jpg?resize=525%2C300 1.5x"},"classes":[]},{"id":648,"url":"https:\/\/cepronda.com\/blog\/curso-de-cuaderno-de-seneca-para-la-zona-de-cortes-de-la-frontera\/","url_meta":{"origin":205,"position":5},"title":"Curso de Cuaderno de S\u00e9neca para la zona de Cortes de la Frontera","author":"V\u00edctor Caballero","date":"2 febrero, 2017","format":false,"excerpt":"\u00a1Hola! Desde hace algunos d\u00edas ten\u00e9is a disposici\u00f3n para el profesorado de la zona de Cortes de la Frontera de un curso que est\u00e1 resultando muy interesante para el profesorado. Se trata del curso de Cuaderno S\u00e9neca Pasen donde aprenderemos a configurar y manejar la herramienta que desde la Junta\u2026","rel":"","context":"En \u00abFormaciones\u00bb","block_context":{"text":"Formaciones","link":"https:\/\/cepronda.com\/blog\/category\/formaciones\/"},"img":{"alt_text":"","src":"","width":0,"height":0},"classes":[]}],"jetpack_sharing_enabled":true,"_links":{"self":[{"href":"https:\/\/cepronda.com\/blog\/wp-json\/wp\/v2\/posts\/205","targetHints":{"allow":["GET"]}}],"collection":[{"href":"https:\/\/cepronda.com\/blog\/wp-json\/wp\/v2\/posts"}],"about":[{"href":"https:\/\/cepronda.com\/blog\/wp-json\/wp\/v2\/types\/post"}],"author":[{"embeddable":true,"href":"https:\/\/cepronda.com\/blog\/wp-json\/wp\/v2\/users\/3"}],"replies":[{"embeddable":true,"href":"https:\/\/cepronda.com\/blog\/wp-json\/wp\/v2\/comments?post=205"}],"version-history":[{"count":0,"href":"https:\/\/cepronda.com\/blog\/wp-json\/wp\/v2\/posts\/205\/revisions"}],"wp:featuredmedia":[{"embeddable":true,"href":"https:\/\/cepronda.com\/blog\/wp-json\/"}],"wp:attachment":[{"href":"https:\/\/cepronda.com\/blog\/wp-json\/wp\/v2\/media?parent=205"}],"wp:term":[{"taxonomy":"category","embeddable":true,"href":"https:\/\/cepronda.com\/blog\/wp-json\/wp\/v2\/categories?post=205"},{"taxonomy":"post_tag","embeddable":true,"href":"https:\/\/cepronda.com\/blog\/wp-json\/wp\/v2\/tags?post=205"}],"curies":[{"name":"wp","href":"https:\/\/api.w.org\/{rel}","templated":true}]}}