{"id":2009,"date":"2018-05-31T13:08:43","date_gmt":"2018-05-31T11:08:43","guid":{"rendered":"http:\/\/cepronda.com\/blog\/?p=2009"},"modified":"2018-05-31T13:08:43","modified_gmt":"2018-05-31T11:08:43","slug":"talentos-e-inventos-en-el-ies-martin-rivero","status":"publish","type":"post","link":"https:\/\/cepronda.com\/blog\/talentos-e-inventos-en-el-ies-martin-rivero\/","title":{"rendered":"\u00abTalentos e inventos\u00bb en el IES Mart\u00edn Rivero"},"content":{"rendered":"<p>\u00a1Muy buenas!<\/p>\n<p>C\u00f3mo ya hemos comentado en varias ocasiones, en el CEP tenemos la suerte de poder asistir a muchas de vuestras actividades y disfrutarlas.<\/p>\n<p>En esta ocasi\u00f3n nos hemos trasladado al IES Mart\u00edn Rivero donde hoy hab\u00edan preparado su jornada de puertas abiertas denominada \u00abTalentos e inventos\u00bb. En las mismas nos hemos encontrado con una gran cantidad de experimentos, trabajos cient\u00edficos, juguetes y su explicaci\u00f3n cient\u00edfica, teatro,&#8230; todo centrado en la ciencia. Toda una experiencia escucharles explicarte sus trabajos y como los defienden.&nbsp;<\/p>\n<p>Como muestra os dejamos con algunas de las fotograf\u00edas que hemos realizado, y desde el CEP dar la enhorabuena a todo el profesorado implicado y las gracias por invitarnos. Nos encanta visitaros y conocer todo lo bueno que est\u00e1is haciendo.<\/p>\n<p>[ngg_images source=\u00bbgalleries\u00bb container_ids=\u00bb13&#8243; display_type=\u00bbphotocrati-nextgen_basic_slideshow\u00bb gallery_width=\u00bb600&#8243; gallery_height=\u00bb400&#8243; cycle_effect=\u00bbshuffle\u00bb cycle_interval=\u00bb4&#8243; show_thumbnail_link=\u00bb1&#8243; thumbnail_link_text=\u00bb[Mostrar miniaturas]\u00bb order_by=\u00bbsortorder\u00bb order_direction=\u00bbASC\u00bb returns=\u00bbincluded\u00bb maximum_entity_count=\u00bb500&#8243;]<\/p>\n<p>&nbsp;&nbsp;<\/p>\n","protected":false},"excerpt":{"rendered":"<p>\u00a1Muy buenas! C\u00f3mo ya hemos comentado en varias ocasiones, en el CEP tenemos la suerte de poder asistir a muchas de vuestras actividades y disfrutarlas. En esta ocasi\u00f3n nos hemos trasladado al IES Mart\u00edn Rivero donde hoy hab\u00edan preparado su jornada de puertas abiertas denominada \u00abTalentos e inventos\u00bb. En las mismas nos hemos encontrado con [&hellip;]<\/p>\n","protected":false},"author":3,"featured_media":2058,"comment_status":"open","ping_status":"open","sticky":false,"template":"","format":"standard","meta":{"_crdt_document":"","advanced_seo_description":"","jetpack_seo_html_title":"","jetpack_seo_noindex":false,"jetpack_post_was_ever_published":false,"_jetpack_newsletter_access":"","_jetpack_dont_email_post_to_subs":false,"_jetpack_newsletter_tier_id":0,"_jetpack_memberships_contains_paywalled_content":false,"_jetpack_memberships_contains_paid_content":false,"footnotes":"","jetpack_publicize_message":"\"Talentos e inventos\" en el IES Mart\u00edn Rivero, una jornada muy interesante","jetpack_publicize_feature_enabled":true,"jetpack_social_post_already_shared":true,"jetpack_social_options":{"image_generator_settings":{"template":"highway","default_image_id":0,"font":"","enabled":false},"version":2}},"categories":[5],"tags":[14],"class_list":{"0":"post-2009","1":"post","2":"type-post","3":"status-publish","4":"format-standard","5":"has-post-thumbnail","7":"category-noticias","8":"tag-ciencias","9":"czr-hentry"},"jetpack_publicize_connections":[],"jetpack_featured_media_url":"https:\/\/i0.wp.com\/cepronda.com\/blog\/wp-content\/uploads\/2018\/05\/IMG_20180531_124240.jpg?fit=4160%2C3120&ssl=1","jetpack_shortlink":"https:\/\/wp.me\/p8M4X7-wp","jetpack-related-posts":[{"id":7672,"url":"https:\/\/cepronda.com\/blog\/el-ies-martin-rivero-de-ronda-junto-con-ies-gran-capitan-de-cordoba-premidados-por-su-fabrica-de-ideas-e-inventos\/","url_meta":{"origin":2009,"position":0},"title":"EL IES MART\u00cdN RIVERO DE RONDA JUNTO CON EL IES GRAN CAPIT\u00c1N DE C\u00d3RDOBA PREMIDADOS POR SU F\u00c1BRICA DE IDEAS E INVENTOS","author":"Mamen Moreno","date":"12 julio, 2024","format":false,"excerpt":"El IES Mart\u00edn Rivero ha sido premiado por su F\u00e1brica de Ideas e Inventos de estudiantes, junto con el IES Gran Capit\u00e1n de C\u00f3rdoba. El Ministerio de Ciencia, Innovaci\u00f3n y Universidades ha reconocido este prestigioso reconocimiento a la RED de centros andaluces FAB-IDI \"F\u00e1bricas de Ideas e Inventos\", coordinada en\u2026","rel":"","context":"En \u00abNoticias\u00bb","block_context":{"text":"Noticias","link":"https:\/\/cepronda.com\/blog\/category\/noticias\/"},"img":{"alt_text":"","src":"https:\/\/i0.wp.com\/cepronda.com\/blog\/wp-content\/uploads\/2024\/07\/WhatsApp-Image-2024-07-12-at-11.33.31-e1720792423312.jpeg?fit=871%2C515&ssl=1&resize=350%2C200","width":350,"height":200,"srcset":"https:\/\/i0.wp.com\/cepronda.com\/blog\/wp-content\/uploads\/2024\/07\/WhatsApp-Image-2024-07-12-at-11.33.31-e1720792423312.jpeg?fit=871%2C515&ssl=1&resize=350%2C200 1x, https:\/\/i0.wp.com\/cepronda.com\/blog\/wp-content\/uploads\/2024\/07\/WhatsApp-Image-2024-07-12-at-11.33.31-e1720792423312.jpeg?fit=871%2C515&ssl=1&resize=525%2C300 1.5x, https:\/\/i0.wp.com\/cepronda.com\/blog\/wp-content\/uploads\/2024\/07\/WhatsApp-Image-2024-07-12-at-11.33.31-e1720792423312.jpeg?fit=871%2C515&ssl=1&resize=700%2C400 2x"},"classes":[]},{"id":3057,"url":"https:\/\/cepronda.com\/blog\/premiados-en-el-ies-martin-rivero\/","url_meta":{"origin":2009,"position":1},"title":"Premiados en el IES Mart\u00edn Rivero","author":"V\u00edctor Caballero","date":"27 septiembre, 2019","format":false,"excerpt":"Muy buenas, nos llegan dos magn\u00edficas noticias de premiados en el IES Mart\u00edn Rivero en distintos premios y cert\u00e1menes. Os dejamos con los enlaces a las noticias, y desde el CEP damos la enhorabuena al alumnado premiado. Fad y BBVA fallan los proyectos educativos ganadores del Premio a la Acci\u00f3n\u2026","rel":"","context":"En \u00abNoticias\u00bb","block_context":{"text":"Noticias","link":"https:\/\/cepronda.com\/blog\/category\/noticias\/"},"img":{"alt_text":"","src":"","width":0,"height":0},"classes":[]},{"id":6001,"url":"https:\/\/cepronda.com\/blog\/el-ies-gran-capitan-de-cordoba-y-martin-rivero-de-ronda-logran-el-primer-premio-ciccartuja-futuros-investigadores\/","url_meta":{"origin":2009,"position":2},"title":"El IES Gran Capit\u00e1n de C\u00f3rdoba y Mart\u00edn Rivero de Ronda, logran el primer Premio CicCartuja \u201cfuturos investigadores\u201d","author":"Inmaculada Garc\u00eda","date":"17 mayo, 2023","format":false,"excerpt":"Desde el CEP de Ronda queremos dar la enhorabuena al alumnado y al profesorado del I.E.S. MArt\u00edn Rivero (Ronda) por su premio. \u201cDocumentales y Youtube: En busca de ideas para nuevas investigaciones\u201d es el t\u00edtulo del trabajo realizado de manera simult\u00e1nea durante este curso escolar en los IES Gran Capit\u00e1n\u2026","rel":"","context":"En \u00abNoticias\u00bb","block_context":{"text":"Noticias","link":"https:\/\/cepronda.com\/blog\/category\/noticias\/"},"img":{"alt_text":"","src":"https:\/\/i0.wp.com\/cepronda.com\/blog\/wp-content\/uploads\/2023\/05\/Entrega-premio-total.jpg?fit=853%2C841&ssl=1&resize=350%2C200","width":350,"height":200,"srcset":"https:\/\/i0.wp.com\/cepronda.com\/blog\/wp-content\/uploads\/2023\/05\/Entrega-premio-total.jpg?fit=853%2C841&ssl=1&resize=350%2C200 1x, https:\/\/i0.wp.com\/cepronda.com\/blog\/wp-content\/uploads\/2023\/05\/Entrega-premio-total.jpg?fit=853%2C841&ssl=1&resize=525%2C300 1.5x, https:\/\/i0.wp.com\/cepronda.com\/blog\/wp-content\/uploads\/2023\/05\/Entrega-premio-total.jpg?fit=853%2C841&ssl=1&resize=700%2C400 2x"},"classes":[]},{"id":7552,"url":"https:\/\/cepronda.com\/blog\/iii-feria-de-inventos-y-talentos-its-ronda-2024-2\/","url_meta":{"origin":2009,"position":3},"title":"III Feria de Inventos y Talentos. IT\u00b4S RONDA 2024.","author":"Mamen Moreno","date":"8 abril, 2024","format":false,"excerpt":"Desde el CEP de Ronda, nos complace invitaros a visitar la III Feria de Inventos y Talentos. IT\u00b4s RONDA 2024. Se desarrollar\u00e1 los d\u00edas jueves 25 de abril (centros de ESO y Bachillerato) y el viernes 26 de abril (centros de Educaci\u00f3n Infantil y Primaria). Os recordamos que ten\u00e9is hasta\u2026","rel":"","context":"En \u00abNoticias\u00bb","block_context":{"text":"Noticias","link":"https:\/\/cepronda.com\/blog\/category\/noticias\/"},"img":{"alt_text":"","src":"https:\/\/i0.wp.com\/cepronda.com\/blog\/wp-content\/uploads\/2024\/04\/IMAGEN-VIDEO.png?fit=1200%2C707&ssl=1&resize=350%2C200","width":350,"height":200,"srcset":"https:\/\/i0.wp.com\/cepronda.com\/blog\/wp-content\/uploads\/2024\/04\/IMAGEN-VIDEO.png?fit=1200%2C707&ssl=1&resize=350%2C200 1x, https:\/\/i0.wp.com\/cepronda.com\/blog\/wp-content\/uploads\/2024\/04\/IMAGEN-VIDEO.png?fit=1200%2C707&ssl=1&resize=525%2C300 1.5x, https:\/\/i0.wp.com\/cepronda.com\/blog\/wp-content\/uploads\/2024\/04\/IMAGEN-VIDEO.png?fit=1200%2C707&ssl=1&resize=700%2C400 2x, https:\/\/i0.wp.com\/cepronda.com\/blog\/wp-content\/uploads\/2024\/04\/IMAGEN-VIDEO.png?fit=1200%2C707&ssl=1&resize=1050%2C600 3x"},"classes":[]},{"id":3196,"url":"https:\/\/cepronda.com\/blog\/actividades-con-motivo-del-25-de-noviembre-en-vuestros-centros\/","url_meta":{"origin":2009,"position":4},"title":"Actividades con motivo del 25 de noviembre en vuestros centros","author":"V\u00edctor Caballero","date":"26 noviembre, 2019","format":false,"excerpt":"Muy buenas familia, A trav\u00e9s de las redes sociales, de forma directa a nuestros tel\u00e9fonos m\u00f3viles, o bien acudiendo a vuestros centros hemos visto los grandes trabajos que hab\u00e9is realizado con vuestro alumnado con motivo del 25 de noviembre. Como publicamos en nuestras redes, estamos convencidas en el CEP de\u2026","rel":"","context":"En \u00abNoticias\u00bb","block_context":{"text":"Noticias","link":"https:\/\/cepronda.com\/blog\/category\/noticias\/"},"img":{"alt_text":"","src":"","width":0,"height":0},"classes":[]},{"id":1144,"url":"https:\/\/cepronda.com\/blog\/entrega-de-premio-al-ies-martin-rivero-por-la-fundacion-atresmedia\/","url_meta":{"origin":2009,"position":5},"title":"Entrega de premio al IES Mart\u00edn Rivero por la fundaci\u00f3n AtresMedia","author":"V\u00edctor Caballero","date":"9 junio, 2017","format":false,"excerpt":"Muy buenas de nuevo, Como ya comentamos anteriormente desde el IES Mart\u00edn Rivero, y su departamento de I+D+I dirigido por Antonio Marcos Naz, fueron premiados por la Fundaci\u00f3n AtresMedia en la Categor\u00eda de Grandes Iniciativas que cambian el aula. Ayer tarde fu\u00e9 la entrega del premio, y queremos compartir con\u2026","rel":"","context":"En \u00abNoticias\u00bb","block_context":{"text":"Noticias","link":"https:\/\/cepronda.com\/blog\/category\/noticias\/"},"img":{"alt_text":"","src":"https:\/\/i0.wp.com\/cepronda.com\/blog\/wp-content\/uploads\/2017\/06\/WhatsApp-Image-2017-06-09-at-09.58.42.jpeg?fit=1200%2C900&ssl=1&resize=350%2C200","width":350,"height":200,"srcset":"https:\/\/i0.wp.com\/cepronda.com\/blog\/wp-content\/uploads\/2017\/06\/WhatsApp-Image-2017-06-09-at-09.58.42.jpeg?fit=1200%2C900&ssl=1&resize=350%2C200 1x, https:\/\/i0.wp.com\/cepronda.com\/blog\/wp-content\/uploads\/2017\/06\/WhatsApp-Image-2017-06-09-at-09.58.42.jpeg?fit=1200%2C900&ssl=1&resize=525%2C300 1.5x, https:\/\/i0.wp.com\/cepronda.com\/blog\/wp-content\/uploads\/2017\/06\/WhatsApp-Image-2017-06-09-at-09.58.42.jpeg?fit=1200%2C900&ssl=1&resize=700%2C400 2x, https:\/\/i0.wp.com\/cepronda.com\/blog\/wp-content\/uploads\/2017\/06\/WhatsApp-Image-2017-06-09-at-09.58.42.jpeg?fit=1200%2C900&ssl=1&resize=1050%2C600 3x"},"classes":[]}],"jetpack_sharing_enabled":true,"_links":{"self":[{"href":"https:\/\/cepronda.com\/blog\/wp-json\/wp\/v2\/posts\/2009","targetHints":{"allow":["GET"]}}],"collection":[{"href":"https:\/\/cepronda.com\/blog\/wp-json\/wp\/v2\/posts"}],"about":[{"href":"https:\/\/cepronda.com\/blog\/wp-json\/wp\/v2\/types\/post"}],"author":[{"embeddable":true,"href":"https:\/\/cepronda.com\/blog\/wp-json\/wp\/v2\/users\/3"}],"replies":[{"embeddable":true,"href":"https:\/\/cepronda.com\/blog\/wp-json\/wp\/v2\/comments?post=2009"}],"version-history":[{"count":1,"href":"https:\/\/cepronda.com\/blog\/wp-json\/wp\/v2\/posts\/2009\/revisions"}],"predecessor-version":[{"id":2059,"href":"https:\/\/cepronda.com\/blog\/wp-json\/wp\/v2\/posts\/2009\/revisions\/2059"}],"wp:featuredmedia":[{"embeddable":true,"href":"https:\/\/cepronda.com\/blog\/wp-json\/wp\/v2\/media\/2058"}],"wp:attachment":[{"href":"https:\/\/cepronda.com\/blog\/wp-json\/wp\/v2\/media?parent=2009"}],"wp:term":[{"taxonomy":"category","embeddable":true,"href":"https:\/\/cepronda.com\/blog\/wp-json\/wp\/v2\/categories?post=2009"},{"taxonomy":"post_tag","embeddable":true,"href":"https:\/\/cepronda.com\/blog\/wp-json\/wp\/v2\/tags?post=2009"}],"curies":[{"name":"wp","href":"https:\/\/api.w.org\/{rel}","templated":true}]}}