{"id":1982,"date":"2018-05-31T12:01:42","date_gmt":"2018-05-31T10:01:42","guid":{"rendered":"http:\/\/cepronda.com\/blog\/?p=1982"},"modified":"2018-05-31T13:59:43","modified_gmt":"2018-05-31T11:59:43","slug":"educacion-fisica-en-la-calle","status":"publish","type":"post","link":"https:\/\/cepronda.com\/blog\/educacion-fisica-en-la-calle\/","title":{"rendered":"Educaci\u00f3n F\u00edsica en la calle"},"content":{"rendered":"<p>\u00a1Hola!<\/p>\n<p>Ayer por la ma\u00f1ana una serie de maestras y maestros de colegios rurales y colegios de nuestros pueblos se unieron para jugar y disfrutar con su alumnado con el \u00fanico fin de divertirse y promover h\u00e1bitos de vida saludable.&nbsp;<\/p>\n<p>Fue una jornada incre\u00edble, en la que jugaron, se divirtieron, compartieron, se conocieron, bailaron&#8230;en fin, disfrutaron de una jornada de convivencia teniendo como eje vertebrador el juego y la educaci\u00f3n F\u00edsica.&nbsp;<\/p>\n<p>Desde el CEP felicitamos a todos los colegios implicados (CPR Almazara, CEIP Blas Infante, CPR Sierra del Espino, CPR Serran\u00eda, CPR Alto Genal CPR Valle del Guadiaro y CEIP Santa Rosa de Lima) , su alumnado y profesorado.&nbsp;<\/p>\n<p>[ngg_images source=\u00bbgalleries\u00bb container_ids=\u00bb12&#8243; display_type=\u00bbphotocrati-nextgen_basic_slideshow\u00bb gallery_width=\u00bb600&#8243; gallery_height=\u00bb400&#8243; cycle_effect=\u00bbshuffle\u00bb cycle_interval=\u00bb5&#8243; show_thumbnail_link=\u00bb1&#8243; thumbnail_link_text=\u00bb[Mostrar miniaturas]\u00bb order_by=\u00bbsortorder\u00bb order_direction=\u00bbASC\u00bb returns=\u00bbincluded\u00bb maximum_entity_count=\u00bb500&#8243;]<\/p>\n","protected":false},"excerpt":{"rendered":"<p>\u00a1Hola! Ayer por la ma\u00f1ana una serie de maestras y maestros de colegios rurales y colegios de nuestros pueblos se unieron para jugar y disfrutar con su alumnado con el \u00fanico fin de divertirse y promover h\u00e1bitos de vida saludable.&nbsp; Fue una jornada incre\u00edble, en la que jugaron, se divirtieron, compartieron, se conocieron, bailaron&#8230;en fin, [&hellip;]<\/p>\n","protected":false},"author":3,"featured_media":2007,"comment_status":"open","ping_status":"open","sticky":false,"template":"","format":"standard","meta":{"_crdt_document":"","advanced_seo_description":"","jetpack_seo_html_title":"","jetpack_seo_noindex":false,"jetpack_post_was_ever_published":false,"_jetpack_newsletter_access":"","_jetpack_dont_email_post_to_subs":false,"_jetpack_newsletter_tier_id":0,"_jetpack_memberships_contains_paywalled_content":false,"_jetpack_memberships_contains_paid_content":false,"footnotes":"","jetpack_publicize_message":"Educaci\u00f3n F\u00edsica en la calle, una magn\u00edfica iniciativa","jetpack_publicize_feature_enabled":true,"jetpack_social_post_already_shared":true,"jetpack_social_options":{"image_generator_settings":{"template":"highway","default_image_id":0,"font":"","enabled":false},"version":2}},"categories":[5],"tags":[22],"class_list":{"0":"post-1982","1":"post","2":"type-post","3":"status-publish","4":"format-standard","5":"has-post-thumbnail","7":"category-noticias","8":"tag-ef","9":"czr-hentry"},"jetpack_publicize_connections":[],"jetpack_featured_media_url":"https:\/\/i0.wp.com\/cepronda.com\/blog\/wp-content\/uploads\/2018\/05\/Foto-de-Helena-Gonzalez9.jpg?fit=1600%2C901&ssl=1","jetpack_shortlink":"https:\/\/wp.me\/p8M4X7-vY","jetpack-related-posts":[{"id":222,"url":"https:\/\/cepronda.com\/blog\/i-jornada-cpr-serrania-de-ronda\/","url_meta":{"origin":1982,"position":0},"title":"I Jornada CPR Serran\u00eda de Ronda","author":"V\u00edctor Caballero","date":"17 octubre, 2016","format":false,"excerpt":"Hola \"compis\", \u00bfQu\u00e9 tal vuestro fin de semana? Seguro que hab\u00e9is recargado pilas... Para todo el profesorado que trabaje en centros rurales, tanto CPR como centros que tengan al alumnado agrupado por ciclos en clase, hemos preparado las I Jornadas CPR Serran\u00eda de Ronda, donde queremos crear ese espacio de\u2026","rel":"","context":"En \u00abNoticias\u00bb","block_context":{"text":"Noticias","link":"https:\/\/cepronda.com\/blog\/category\/noticias\/"},"img":{"alt_text":"tree-996311_640","src":"https:\/\/i0.wp.com\/cepronda.com\/blog\/wp-content\/uploads\/2016\/10\/tree-996311_640-300x153.jpg?resize=350%2C200","width":350,"height":200},"classes":[]},{"id":1884,"url":"https:\/\/cepronda.com\/blog\/educacion-fisica-en-la-calle-por-parte-de-los-cpr\/","url_meta":{"origin":1982,"position":1},"title":"Educaci\u00f3n F\u00edsica en la calle por parte de los CPR","author":"V\u00edctor Caballero","date":"22 mayo, 2018","format":false,"excerpt":"Muy buenas,\u00a0 Queremos compartir con todos y todas vosotras esta actividad organizada por los CPR de nuestra comarca, as\u00ed como algunos de los centros peque\u00f1os de nuestra zona, y que tiene como eje la Educaci\u00f3n F\u00edsica y el juego.\u00a0 \"Esta actividad est\u00e1 ideada y formada por un grupo de maestros\u2026","rel":"","context":"En \u00abNoticias\u00bb","block_context":{"text":"Noticias","link":"https:\/\/cepronda.com\/blog\/category\/noticias\/"},"img":{"alt_text":"","src":"https:\/\/i0.wp.com\/cepronda.com\/blog\/wp-content\/uploads\/2017\/05\/jump-1154509_640.jpg?fit=480%2C640&ssl=1&resize=350%2C200","width":350,"height":200},"classes":[]},{"id":282,"url":"https:\/\/cepronda.com\/blog\/i-jornadas-cpr-serrania-de-ronda\/","url_meta":{"origin":1982,"position":2},"title":"I Jornadas CPR Serran\u00eda de Ronda","author":"V\u00edctor Caballero","date":"8 noviembre, 2016","format":false,"excerpt":"Ayer lunes por la tarde tuvimos la gran suerte de poder asistir a la primera sesi\u00f3n de las I Jornadas de CPR de la Serran\u00eda de Ronda. Fu\u00e9 un gran \u00e9xito de asistencia, ya que tuvimos a 50 asistentes a la misma, y creemos que los ponentes que tuvimos la\u2026","rel":"","context":"En \u00abNoticias\u00bb","block_context":{"text":"Noticias","link":"https:\/\/cepronda.com\/blog\/category\/noticias\/"},"img":{"alt_text":"","src":"","width":0,"height":0},"classes":[]},{"id":373,"url":"https:\/\/cepronda.com\/blog\/fotos-de-la-sesion-final-de-ayer-en-algatocin\/","url_meta":{"origin":1982,"position":3},"title":"Fotos de la sesi\u00f3n final de ayer en Algatoc\u00edn","author":"V\u00edctor Caballero","date":"22 noviembre, 2016","format":false,"excerpt":"\u00a1Hola familia! Os dejo con algunas de las fotos que hicimos en la jornada de ayer, donde concluimos las I Jornadas de CPR de la Serran\u00eda de Ronda. \u00a0Fue una tarde dif\u00edcil meteorol\u00f3gicamente, pero creemos sinceramente que fue muy productiva. Desde aqu\u00ed agradecer tanto a los ponentes de ayer, como\u2026","rel":"","context":"En \u00abNoticias\u00bb","block_context":{"text":"Noticias","link":"https:\/\/cepronda.com\/blog\/category\/noticias\/"},"img":{"alt_text":"","src":"","width":0,"height":0},"classes":[]},{"id":3500,"url":"https:\/\/cepronda.com\/blog\/ideas-de-nuestros-centros-en-esta-primera-semana-de-confinamiento\/","url_meta":{"origin":1982,"position":4},"title":"Ideas de nuestros centros en esta primera semana de confinamiento","author":"V\u00edctor Caballero","date":"21 marzo, 2020","format":false,"excerpt":"Muy buenas, compartimos con todos y todas vosotras distintas iniciativas de distintos centros que nos est\u00e1n llegando, y que creemos que son muy interesantes y pueden ayudarnos en estos momentos tan complicados. V\u00eddeo de \u00e1nimo del CEIP Virgen de la Cabeza https:\/\/www.youtube.com\/watch?v=i_6gnaHD-5o&feature=youtu.be Reto de m\u00fasica del CEIP Virgen de la\u2026","rel":"","context":"En \u00abNoticias\u00bb","block_context":{"text":"Noticias","link":"https:\/\/cepronda.com\/blog\/category\/noticias\/"},"img":{"alt_text":"","src":"https:\/\/i0.wp.com\/cepronda.com\/blog\/wp-content\/uploads\/2020\/02\/Logo_twitter_cep_ronda-INSTITUCIONAL-Transparente.png?fit=546%2C563&ssl=1&resize=350%2C200","width":350,"height":200,"srcset":"https:\/\/i0.wp.com\/cepronda.com\/blog\/wp-content\/uploads\/2020\/02\/Logo_twitter_cep_ronda-INSTITUCIONAL-Transparente.png?fit=546%2C563&ssl=1&resize=350%2C200 1x, https:\/\/i0.wp.com\/cepronda.com\/blog\/wp-content\/uploads\/2020\/02\/Logo_twitter_cep_ronda-INSTITUCIONAL-Transparente.png?fit=546%2C563&ssl=1&resize=525%2C300 1.5x"},"classes":[]},{"id":2857,"url":"https:\/\/cepronda.com\/blog\/programa-aldea-en-el-cpr-valle-del-guadiaro\/","url_meta":{"origin":1982,"position":5},"title":"Programa ALDEA en el CPR Valle del Guadiaro","author":"V\u00edctor Caballero","date":"30 mayo, 2019","format":false,"excerpt":"Muy buenas queremos compartir con todas y todos vosotros este v\u00eddeo realizado por el CPR Valle del Guadiaro dentro del programa ALDEA. Seguro que os gusta. Enlace al v\u00eddeo","rel":"","context":"En \u00abNoticias\u00bb","block_context":{"text":"Noticias","link":"https:\/\/cepronda.com\/blog\/category\/noticias\/"},"img":{"alt_text":"","src":"https:\/\/i0.wp.com\/cepronda.com\/blog\/wp-content\/uploads\/2019\/05\/valle-del-guadiaro.png?fit=220%2C220&ssl=1&resize=350%2C200","width":350,"height":200},"classes":[]}],"jetpack_sharing_enabled":true,"_links":{"self":[{"href":"https:\/\/cepronda.com\/blog\/wp-json\/wp\/v2\/posts\/1982","targetHints":{"allow":["GET"]}}],"collection":[{"href":"https:\/\/cepronda.com\/blog\/wp-json\/wp\/v2\/posts"}],"about":[{"href":"https:\/\/cepronda.com\/blog\/wp-json\/wp\/v2\/types\/post"}],"author":[{"embeddable":true,"href":"https:\/\/cepronda.com\/blog\/wp-json\/wp\/v2\/users\/3"}],"replies":[{"embeddable":true,"href":"https:\/\/cepronda.com\/blog\/wp-json\/wp\/v2\/comments?post=1982"}],"version-history":[{"count":1,"href":"https:\/\/cepronda.com\/blog\/wp-json\/wp\/v2\/posts\/1982\/revisions"}],"predecessor-version":[{"id":2008,"href":"https:\/\/cepronda.com\/blog\/wp-json\/wp\/v2\/posts\/1982\/revisions\/2008"}],"wp:featuredmedia":[{"embeddable":true,"href":"https:\/\/cepronda.com\/blog\/wp-json\/wp\/v2\/media\/2007"}],"wp:attachment":[{"href":"https:\/\/cepronda.com\/blog\/wp-json\/wp\/v2\/media?parent=1982"}],"wp:term":[{"taxonomy":"category","embeddable":true,"href":"https:\/\/cepronda.com\/blog\/wp-json\/wp\/v2\/categories?post=1982"},{"taxonomy":"post_tag","embeddable":true,"href":"https:\/\/cepronda.com\/blog\/wp-json\/wp\/v2\/tags?post=1982"}],"curies":[{"name":"wp","href":"https:\/\/api.w.org\/{rel}","templated":true}]}}