{"id":1955,"date":"2018-05-28T11:27:56","date_gmt":"2018-05-28T09:27:56","guid":{"rendered":"http:\/\/cepronda.com\/blog\/?p=1955"},"modified":"2018-05-28T11:27:56","modified_gmt":"2018-05-28T09:27:56","slug":"el-ies-martin-rivero-y-su-proyecto-derecall-sigue-cosechando-exitos","status":"publish","type":"post","link":"https:\/\/cepronda.com\/blog\/el-ies-martin-rivero-y-su-proyecto-derecall-sigue-cosechando-exitos\/","title":{"rendered":"El IES Mart\u00edn Rivero y su proyecto DERECALL sigue cosechando \u00e9xitos"},"content":{"rendered":"<p>\u00a1Hola de nuevo!<\/p>\n<p>El pasado 24 de mayo tres estudiantes y su tutor acudieron a Madrid a la final nacional de SJWP, con el fin de obtener un puesto en la fase internacional de considerado \u00abPremio Nobel del agua\u00bb.<\/p>\n<p>Finalmente obtuvieron un valioso segundo premio a nivel nacional. Desde el CEP queremos dar la enhorabuena a todo el alumnado y profesorado implicado y animarles a seguir trabajando en este sentido.&nbsp;<\/p>\n<p>Os dejamos con el <a href=\"https:\/\/andaluciainformacion.es\/andalucia\/755443\/el-ies-martin-rivero-en-la-final-nacional-del-nobel-del-agua-\/\" target=\"_blank\" rel=\"noopener\">enlace a la noticia<\/a>, as\u00ed como algunas fotos de los momentos de la exposici\u00f3n.&nbsp;<\/p>\n<p>[ngg_images source=\u00bbgalleries\u00bb container_ids=\u00bb11&#8243; display_type=\u00bbphotocrati-nextgen_basic_slideshow\u00bb gallery_width=\u00bb600&#8243; gallery_height=\u00bb400&#8243; cycle_effect=\u00bbshuffle\u00bb cycle_interval=\u00bb4&#8243; show_thumbnail_link=\u00bb1&#8243; thumbnail_link_text=\u00bb[Mostrar miniaturas]\u00bb order_by=\u00bbsortorder\u00bb order_direction=\u00bbASC\u00bb returns=\u00bbincluded\u00bb maximum_entity_count=\u00bb500&#8243;]<\/p>\n","protected":false},"excerpt":{"rendered":"<p>\u00a1Hola de nuevo! El pasado 24 de mayo tres estudiantes y su tutor acudieron a Madrid a la final nacional de SJWP, con el fin de obtener un puesto en la fase internacional de considerado \u00abPremio Nobel del agua\u00bb. Finalmente obtuvieron un valioso segundo premio a nivel nacional. Desde el CEP queremos dar la enhorabuena [&hellip;]<\/p>\n","protected":false},"author":3,"featured_media":1968,"comment_status":"open","ping_status":"open","sticky":false,"template":"","format":"standard","meta":{"_crdt_document":"","advanced_seo_description":"","jetpack_seo_html_title":"","jetpack_seo_noindex":false,"jetpack_post_was_ever_published":false,"_jetpack_newsletter_access":"","_jetpack_dont_email_post_to_subs":false,"_jetpack_newsletter_tier_id":0,"_jetpack_memberships_contains_paywalled_content":false,"_jetpack_memberships_contains_paid_content":false,"footnotes":"","jetpack_publicize_message":"","jetpack_publicize_feature_enabled":true,"jetpack_social_post_already_shared":true,"jetpack_social_options":{"image_generator_settings":{"template":"highway","default_image_id":0,"font":"","enabled":false},"version":2}},"categories":[5],"tags":[57],"class_list":{"0":"post-1955","1":"post","2":"type-post","3":"status-publish","4":"format-standard","5":"has-post-thumbnail","7":"category-noticias","8":"tag-premios","9":"czr-hentry"},"jetpack_publicize_connections":[],"jetpack_featured_media_url":"https:\/\/i0.wp.com\/cepronda.com\/blog\/wp-content\/uploads\/2018\/05\/Foto-de-Helena-Gonzalez4.jpg?fit=1600%2C1066&ssl=1","jetpack_shortlink":"https:\/\/wp.me\/p8M4X7-vx","jetpack-related-posts":[{"id":2302,"url":"https:\/\/cepronda.com\/blog\/concurso-nacional-de-buenas-practicas\/","url_meta":{"origin":1955,"position":0},"title":"Concurso nacional de Buenas Pr\u00e1cticas","author":"V\u00edctor Caballero","date":"11 septiembre, 2018","format":false,"excerpt":"\u00bfQu\u00e9 tal? Para todos aquellos centros que est\u00e9is interesados en presentar alguna de vuestra buena pr\u00e1ctica sabed que desde el Ministerio de Educaci\u00f3n han convocado un concurso nacional. Os dejamos con el enlace al extracto de las instrucciones, para que as\u00ed lo pod\u00e1is consultar. El plazo es hasta el 30\u2026","rel":"","context":"En \u00abFormaciones\u00bb","block_context":{"text":"Formaciones","link":"https:\/\/cepronda.com\/blog\/category\/formaciones\/"},"img":{"alt_text":"","src":"https:\/\/i0.wp.com\/cepronda.com\/blog\/wp-content\/uploads\/2018\/09\/escudo-mefp-mcd.gif?resize=350%2C200","width":350,"height":200},"classes":[]},{"id":3483,"url":"https:\/\/cepronda.com\/blog\/iii-premio-bibliotecas-escolares\/","url_meta":{"origin":1955,"position":1},"title":"III Premio Bibliotecas escolares","author":"V\u00edctor Caballero","date":"18 marzo, 2020","format":false,"excerpt":"Muy buenas familia, \u00bfc\u00f3mo est\u00e1is?, esperamos que todas y todos est\u00e9is bien. Mientras dure todo esto intentaremos desde el CEP de Ronda acompa\u00f1aros en todo lo que necesit\u00e9is. Por lo pronto compartimos con nuestros centros esta informaci\u00f3n... Se ampl\u00eda el plazo para presentar candidaturas a los III Premios Bibliotecas Escolares\u2026","rel":"","context":"En \u00abNoticias\u00bb","block_context":{"text":"Noticias","link":"https:\/\/cepronda.com\/blog\/category\/noticias\/"},"img":{"alt_text":"","src":"https:\/\/i0.wp.com\/cepronda.com\/blog\/wp-content\/uploads\/2020\/03\/premio_bibliotecas_escolares.png?fit=1200%2C678&ssl=1&resize=350%2C200","width":350,"height":200,"srcset":"https:\/\/i0.wp.com\/cepronda.com\/blog\/wp-content\/uploads\/2020\/03\/premio_bibliotecas_escolares.png?fit=1200%2C678&ssl=1&resize=350%2C200 1x, https:\/\/i0.wp.com\/cepronda.com\/blog\/wp-content\/uploads\/2020\/03\/premio_bibliotecas_escolares.png?fit=1200%2C678&ssl=1&resize=525%2C300 1.5x, https:\/\/i0.wp.com\/cepronda.com\/blog\/wp-content\/uploads\/2020\/03\/premio_bibliotecas_escolares.png?fit=1200%2C678&ssl=1&resize=700%2C400 2x, https:\/\/i0.wp.com\/cepronda.com\/blog\/wp-content\/uploads\/2020\/03\/premio_bibliotecas_escolares.png?fit=1200%2C678&ssl=1&resize=1050%2C600 3x"},"classes":[]},{"id":6001,"url":"https:\/\/cepronda.com\/blog\/el-ies-gran-capitan-de-cordoba-y-martin-rivero-de-ronda-logran-el-primer-premio-ciccartuja-futuros-investigadores\/","url_meta":{"origin":1955,"position":2},"title":"El IES Gran Capit\u00e1n de C\u00f3rdoba y Mart\u00edn Rivero de Ronda, logran el primer Premio CicCartuja \u201cfuturos investigadores\u201d","author":"Inmaculada Garc\u00eda","date":"17 mayo, 2023","format":false,"excerpt":"Desde el CEP de Ronda queremos dar la enhorabuena al alumnado y al profesorado del I.E.S. MArt\u00edn Rivero (Ronda) por su premio. \u201cDocumentales y Youtube: En busca de ideas para nuevas investigaciones\u201d es el t\u00edtulo del trabajo realizado de manera simult\u00e1nea durante este curso escolar en los IES Gran Capit\u00e1n\u2026","rel":"","context":"En \u00abNoticias\u00bb","block_context":{"text":"Noticias","link":"https:\/\/cepronda.com\/blog\/category\/noticias\/"},"img":{"alt_text":"","src":"https:\/\/i0.wp.com\/cepronda.com\/blog\/wp-content\/uploads\/2023\/05\/Entrega-premio-total.jpg?fit=853%2C841&ssl=1&resize=350%2C200","width":350,"height":200,"srcset":"https:\/\/i0.wp.com\/cepronda.com\/blog\/wp-content\/uploads\/2023\/05\/Entrega-premio-total.jpg?fit=853%2C841&ssl=1&resize=350%2C200 1x, https:\/\/i0.wp.com\/cepronda.com\/blog\/wp-content\/uploads\/2023\/05\/Entrega-premio-total.jpg?fit=853%2C841&ssl=1&resize=525%2C300 1.5x, https:\/\/i0.wp.com\/cepronda.com\/blog\/wp-content\/uploads\/2023\/05\/Entrega-premio-total.jpg?fit=853%2C841&ssl=1&resize=700%2C400 2x"},"classes":[]},{"id":9210,"url":"https:\/\/cepronda.com\/blog\/9210-2\/","url_meta":{"origin":1955,"position":3},"title":"NOS CONCEDEN EL 3\u00ba PREMIO \u00abJOAQU\u00cdN GUICHOT\u00bb A LA INNOVACI\u00d3N EDUCATIVA.","author":"Encarni Jim\u00e9nez Rosado","date":"15 enero, 2026","format":false,"excerpt":"\u00a1ESTAMOS DE ENHORABUENA! Nos llena de orgullo anunciar que el Show de Inventos y Talentos de Ronda. IT\u00b4s RONDA ha sido galardonado con el 3\u00ba Premio en la modalidad \"Joaqu\u00edn Guichot\". Este reconocimiento llega en el marco de la XXXIV edici\u00f3n del concurso para el fomento de la investigaci\u00f3n e\u2026","rel":"","context":"En \u00abNoticias\u00bb","block_context":{"text":"Noticias","link":"https:\/\/cepronda.com\/blog\/category\/noticias\/"},"img":{"alt_text":"","src":"https:\/\/i0.wp.com\/cepronda.com\/blog\/wp-content\/uploads\/2026\/01\/premio.jpg?fit=960%2C1200&ssl=1&resize=350%2C200","width":350,"height":200,"srcset":"https:\/\/i0.wp.com\/cepronda.com\/blog\/wp-content\/uploads\/2026\/01\/premio.jpg?fit=960%2C1200&ssl=1&resize=350%2C200 1x, https:\/\/i0.wp.com\/cepronda.com\/blog\/wp-content\/uploads\/2026\/01\/premio.jpg?fit=960%2C1200&ssl=1&resize=525%2C300 1.5x, https:\/\/i0.wp.com\/cepronda.com\/blog\/wp-content\/uploads\/2026\/01\/premio.jpg?fit=960%2C1200&ssl=1&resize=700%2C400 2x"},"classes":[]},{"id":1583,"url":"https:\/\/cepronda.com\/blog\/premio-francisco-giner-de-los-rios-a-la-mejora-de-la-calidad-educativa\/","url_meta":{"origin":1955,"position":4},"title":"Premio Francisco Giner de los R\u00edos a la mejora de la calidad educativa","author":"V\u00edctor Caballero","date":"2 febrero, 2018","format":false,"excerpt":"\u00a1Hola de nuevo! Queremos contaros que se encuentra abierto el plazo de inscripci\u00f3n para el Premio Francisco Giner de los R\u00edos a la mejora de la calidad educativa. Sabemos que en muchos de nuestros centros est\u00e1is haciendo grandes trabajos, as\u00ed que os queremos animar a participar en el mismo. Se\u2026","rel":"","context":"En \u00abNoticias\u00bb","block_context":{"text":"Noticias","link":"https:\/\/cepronda.com\/blog\/category\/noticias\/"},"img":{"alt_text":"","src":"","width":0,"height":0},"classes":[]},{"id":1744,"url":"https:\/\/cepronda.com\/blog\/xxx-edicion-del-concurso-para-el-fomento-de-la-investigacion-e-innovacion-educativa-en-sus-dos-modalidades-premio-joaquin-guichot-y-premio-antonio-dominguez-ortiz\/","url_meta":{"origin":1955,"position":5},"title":"XXX edici\u00f3n del concurso para el fomento de la investigaci\u00f3n e innovaci\u00f3n educativa en sus dos modalidades, premio \u00abJoaqu\u00edn Guichot\u00bb y premio \u00abAntonio Dom\u00ednguez Ortiz\u00bb","author":"V\u00edctor Caballero","date":"25 abril, 2018","format":false,"excerpt":"Muy buenas,\u00a0 Ponemos en conocimiento de todo el profesorado que se ha lanzado la convocatoria de la XXX edici\u00f3n del concurso para el fomento de la investigaci\u00f3n e innovaci\u00f3n educativa en sus dos modalidades \"Joaqu\u00edn Guichot\" y premio \"Antonio Dom\u00ednguez Ort\u00edz\".\u00a0 Para acceder a la informaci\u00f3n, s\u00f3lo ten\u00e9is seguir este\u2026","rel":"","context":"En \u00abNoticias\u00bb","block_context":{"text":"Noticias","link":"https:\/\/cepronda.com\/blog\/category\/noticias\/"},"img":{"alt_text":"","src":"https:\/\/i0.wp.com\/cepronda.com\/blog\/wp-content\/uploads\/2017\/05\/logo_ja_ce_mejor.jpg?fit=732%2C600&ssl=1&resize=350%2C200","width":350,"height":200,"srcset":"https:\/\/i0.wp.com\/cepronda.com\/blog\/wp-content\/uploads\/2017\/05\/logo_ja_ce_mejor.jpg?fit=732%2C600&ssl=1&resize=350%2C200 1x, https:\/\/i0.wp.com\/cepronda.com\/blog\/wp-content\/uploads\/2017\/05\/logo_ja_ce_mejor.jpg?fit=732%2C600&ssl=1&resize=525%2C300 1.5x, https:\/\/i0.wp.com\/cepronda.com\/blog\/wp-content\/uploads\/2017\/05\/logo_ja_ce_mejor.jpg?fit=732%2C600&ssl=1&resize=700%2C400 2x"},"classes":[]}],"jetpack_sharing_enabled":true,"_links":{"self":[{"href":"https:\/\/cepronda.com\/blog\/wp-json\/wp\/v2\/posts\/1955","targetHints":{"allow":["GET"]}}],"collection":[{"href":"https:\/\/cepronda.com\/blog\/wp-json\/wp\/v2\/posts"}],"about":[{"href":"https:\/\/cepronda.com\/blog\/wp-json\/wp\/v2\/types\/post"}],"author":[{"embeddable":true,"href":"https:\/\/cepronda.com\/blog\/wp-json\/wp\/v2\/users\/3"}],"replies":[{"embeddable":true,"href":"https:\/\/cepronda.com\/blog\/wp-json\/wp\/v2\/comments?post=1955"}],"version-history":[{"count":1,"href":"https:\/\/cepronda.com\/blog\/wp-json\/wp\/v2\/posts\/1955\/revisions"}],"predecessor-version":[{"id":1969,"href":"https:\/\/cepronda.com\/blog\/wp-json\/wp\/v2\/posts\/1955\/revisions\/1969"}],"wp:featuredmedia":[{"embeddable":true,"href":"https:\/\/cepronda.com\/blog\/wp-json\/wp\/v2\/media\/1968"}],"wp:attachment":[{"href":"https:\/\/cepronda.com\/blog\/wp-json\/wp\/v2\/media?parent=1955"}],"wp:term":[{"taxonomy":"category","embeddable":true,"href":"https:\/\/cepronda.com\/blog\/wp-json\/wp\/v2\/categories?post=1955"},{"taxonomy":"post_tag","embeddable":true,"href":"https:\/\/cepronda.com\/blog\/wp-json\/wp\/v2\/tags?post=1955"}],"curies":[{"name":"wp","href":"https:\/\/api.w.org\/{rel}","templated":true}]}}