{"id":1952,"date":"2018-05-28T11:06:13","date_gmt":"2018-05-28T09:06:13","guid":{"rendered":"http:\/\/cepronda.com\/blog\/?p=1952"},"modified":"2018-05-29T12:38:19","modified_gmt":"2018-05-29T10:38:19","slug":"en-junio-evaluacion-y-certificacion-de-los-programas-educativos","status":"publish","type":"post","link":"https:\/\/cepronda.com\/blog\/en-junio-evaluacion-y-certificacion-de-los-programas-educativos\/","title":{"rendered":"En junio, Evaluaci\u00f3n y Certificaci\u00f3n de los Programas Educativos"},"content":{"rendered":"<p>Muy buenas, comenzamos la semana compartiendo estas instrucciones sobre la evaluaci\u00f3n y certificaci\u00f3n de los programas educativos de este curso escolar. Para acceder a la informaci\u00f3n <a href=\"http:\/\/www.juntadeandalucia.es\/educacion\/portals\/web\/ced\/contenidos\/-\/contenidos\/detalle\/en-junio-evaluacion-y-certificacion-de-los-programas-educativos-1\" target=\"_blank\" rel=\"noopener\">sigue este enlace<\/a><\/p>\n<p>&nbsp;<\/p>\n<p>&nbsp;<\/p>\n","protected":false},"excerpt":{"rendered":"<p>Muy buenas, comenzamos la semana compartiendo estas instrucciones sobre la evaluaci\u00f3n y certificaci\u00f3n de los programas educativos de este curso escolar. Para acceder a la informaci\u00f3n sigue este enlace &nbsp; &nbsp;<\/p>\n","protected":false},"author":3,"featured_media":848,"comment_status":"open","ping_status":"open","sticky":false,"template":"","format":"standard","meta":{"_crdt_document":"","advanced_seo_description":"","jetpack_seo_html_title":"","jetpack_seo_noindex":false,"jetpack_post_was_ever_published":false,"_jetpack_newsletter_access":"","_jetpack_dont_email_post_to_subs":false,"_jetpack_newsletter_tier_id":0,"_jetpack_memberships_contains_paywalled_content":false,"_jetpack_memberships_contains_paid_content":false,"footnotes":"","jetpack_publicize_message":"En junio, Evaluaci\u00f3n y Certificaci\u00f3n de los Programas Educativos","jetpack_publicize_feature_enabled":true,"jetpack_social_post_already_shared":true,"jetpack_social_options":{"image_generator_settings":{"template":"highway","default_image_id":0,"font":"","enabled":false},"version":2}},"categories":[5],"tags":[56],"class_list":{"0":"post-1952","1":"post","2":"type-post","3":"status-publish","4":"format-standard","5":"has-post-thumbnail","7":"category-noticias","8":"tag-planes-y-programas","9":"czr-hentry"},"jetpack_publicize_connections":[],"jetpack_featured_media_url":"https:\/\/i0.wp.com\/cepronda.com\/blog\/wp-content\/uploads\/2017\/05\/logo_ja_ce_mejor.jpg?fit=732%2C600&ssl=1","jetpack_shortlink":"https:\/\/wp.me\/p8M4X7-vu","jetpack-related-posts":[{"id":2200,"url":"https:\/\/cepronda.com\/blog\/instrucciones-sobre-programas-educativos-para-el-proximo-curso-escolar\/","url_meta":{"origin":1952,"position":0},"title":"Instrucciones sobre Programas educativos para el pr\u00f3ximo curso escolar","author":"V\u00edctor Caballero","date":"26 junio, 2018","format":false,"excerpt":"\u00a1Hola familia! Pensando ya en el pr\u00f3ximo curso escolar os informamos que han salido publicadas las instrucciones por las que se efect\u00faa la convocatoria de programas educativos para el pr\u00f3ximo curso escolar. Para acceder a las mismas s\u00f3lo ten\u00e9is que seguir este enlace. Un saludo. \u00a0","rel":"","context":"En \u00abFormaciones\u00bb","block_context":{"text":"Formaciones","link":"https:\/\/cepronda.com\/blog\/category\/formaciones\/"},"img":{"alt_text":"","src":"https:\/\/i0.wp.com\/cepronda.com\/blog\/wp-content\/uploads\/2017\/05\/logo_ja_ce_mejor.jpg?fit=732%2C600&ssl=1&resize=350%2C200","width":350,"height":200,"srcset":"https:\/\/i0.wp.com\/cepronda.com\/blog\/wp-content\/uploads\/2017\/05\/logo_ja_ce_mejor.jpg?fit=732%2C600&ssl=1&resize=350%2C200 1x, https:\/\/i0.wp.com\/cepronda.com\/blog\/wp-content\/uploads\/2017\/05\/logo_ja_ce_mejor.jpg?fit=732%2C600&ssl=1&resize=525%2C300 1.5x, https:\/\/i0.wp.com\/cepronda.com\/blog\/wp-content\/uploads\/2017\/05\/logo_ja_ce_mejor.jpg?fit=732%2C600&ssl=1&resize=700%2C400 2x"},"classes":[]},{"id":2264,"url":"https:\/\/cepronda.com\/blog\/convocatorias-de-grupos-de-trabajo-formaciones-en-centro-y-programas-educativos\/","url_meta":{"origin":1952,"position":1},"title":"Convocatorias de grupos de trabajo, formaciones en centro y programas educativos","author":"V\u00edctor Caballero","date":"6 septiembre, 2018","format":false,"excerpt":"Seguimos con las informaciones de principio de curso, y en este caso se trata de informaros\u00a0 sobre las tres instrucciones que regulan las distintas modalidades de autoformaci\u00f3n que pod\u00e9is hacer en vuestros centros este curso escolar. Os dejamos con el enlace a todas estas instrucciones: Instrucciones de 28 de agosto\u2026","rel":"","context":"En \u00abFormaciones\u00bb","block_context":{"text":"Formaciones","link":"https:\/\/cepronda.com\/blog\/category\/formaciones\/"},"img":{"alt_text":"","src":"https:\/\/i0.wp.com\/cepronda.com\/blog\/wp-content\/uploads\/2017\/05\/logo_ja_ce_mejor.jpg?fit=732%2C600&ssl=1&resize=350%2C200","width":350,"height":200,"srcset":"https:\/\/i0.wp.com\/cepronda.com\/blog\/wp-content\/uploads\/2017\/05\/logo_ja_ce_mejor.jpg?fit=732%2C600&ssl=1&resize=350%2C200 1x, https:\/\/i0.wp.com\/cepronda.com\/blog\/wp-content\/uploads\/2017\/05\/logo_ja_ce_mejor.jpg?fit=732%2C600&ssl=1&resize=525%2C300 1.5x, https:\/\/i0.wp.com\/cepronda.com\/blog\/wp-content\/uploads\/2017\/05\/logo_ja_ce_mejor.jpg?fit=732%2C600&ssl=1&resize=700%2C400 2x"},"classes":[]},{"id":1196,"url":"https:\/\/cepronda.com\/blog\/plazo-de-inscripcion-en-planes-y-programas-educativos-20172018\/","url_meta":{"origin":1952,"position":2},"title":"Plazo de inscripci\u00f3n en Planes y Programas Educativos 2017\/2018","author":"V\u00edctor Caballero","date":"4 septiembre, 2017","format":false,"excerpt":"Y tras daros la bienvenida, nos ponemos en marcha... Una de las primeras cuestiones que surge en nuestros centros siempre es la posibilidad de inscribirnos en los planes y programas educativos que oferta la Consejer\u00eda de Educaci\u00f3n. Ten\u00e9is hasta el 30 de septiembre para solicitar vuestra inscripci\u00f3n en los mismos.\u2026","rel":"","context":"En \u00abNoticias\u00bb","block_context":{"text":"Noticias","link":"https:\/\/cepronda.com\/blog\/category\/noticias\/"},"img":{"alt_text":"","src":"https:\/\/i0.wp.com\/cepronda.com\/blog\/wp-content\/uploads\/2017\/09\/PyP-300x94.png?resize=350%2C200","width":350,"height":200},"classes":[]},{"id":3731,"url":"https:\/\/cepronda.com\/blog\/programas-para-la-innovacion-educativa\/","url_meta":{"origin":1952,"position":3},"title":"Programas para la Innovaci\u00f3n Educativa","author":"Mar\u00eda Jos\u00e9 M\u00e1rquez","date":"10 septiembre, 2020","format":false,"excerpt":"Buenos d\u00edas compa\u00f1eras y compa\u00f1eros, os recordamos que , hasta el 30 de septiembre, est\u00e1 abierto el plazo de inscripci\u00f3n para participar en la convocatoria de los Programas para la Innovaci\u00f3n Educativa para el curso 2020\/2021. Se solicitar\u00e1n a trav\u00e9s de la plataforma S\u00e9neca siguiendo la ruta: Centro\/Planes y Proyectos\u2026","rel":"","context":"En \u00abNoticias\u00bb","block_context":{"text":"Noticias","link":"https:\/\/cepronda.com\/blog\/category\/noticias\/"},"img":{"alt_text":"","src":"https:\/\/i0.wp.com\/cepronda.com\/blog\/wp-content\/uploads\/2020\/09\/Programas-educativos.png?fit=795%2C794&ssl=1&resize=350%2C200","width":350,"height":200,"srcset":"https:\/\/i0.wp.com\/cepronda.com\/blog\/wp-content\/uploads\/2020\/09\/Programas-educativos.png?fit=795%2C794&ssl=1&resize=350%2C200 1x, https:\/\/i0.wp.com\/cepronda.com\/blog\/wp-content\/uploads\/2020\/09\/Programas-educativos.png?fit=795%2C794&ssl=1&resize=525%2C300 1.5x, https:\/\/i0.wp.com\/cepronda.com\/blog\/wp-content\/uploads\/2020\/09\/Programas-educativos.png?fit=795%2C794&ssl=1&resize=700%2C400 2x"},"classes":[]},{"id":1211,"url":"https:\/\/cepronda.com\/blog\/normativa-para-grupos-de-trabajo-formaciones-en-centro-y-programas-educativos\/","url_meta":{"origin":1952,"position":4},"title":"Normativa para Grupos de Trabajo, Formaciones en Centro y Programas educativos","author":"V\u00edctor Caballero","date":"6 septiembre, 2017","format":false,"excerpt":"Seguimos con el inicio de curso, y no pod\u00eda faltar el comunicaros que ya ten\u00e9is a vuestra disposici\u00f3n la normativa que este curso regir\u00e1 la autoformaci\u00f3n en sus dos modalidades, los Grupos de Trabajo y las Formaciones en Centro. Asimismo tenemos tambi\u00e9n la normativa que establece la formaci\u00f3n vinculada a\u2026","rel":"","context":"En \u00abNoticias\u00bb","block_context":{"text":"Noticias","link":"https:\/\/cepronda.com\/blog\/category\/noticias\/"},"img":{"alt_text":"","src":"https:\/\/i0.wp.com\/cepronda.com\/blog\/wp-content\/uploads\/2017\/05\/logo_ja_ce_mejor.jpg?fit=732%2C600&ssl=1&resize=350%2C200","width":350,"height":200,"srcset":"https:\/\/i0.wp.com\/cepronda.com\/blog\/wp-content\/uploads\/2017\/05\/logo_ja_ce_mejor.jpg?fit=732%2C600&ssl=1&resize=350%2C200 1x, https:\/\/i0.wp.com\/cepronda.com\/blog\/wp-content\/uploads\/2017\/05\/logo_ja_ce_mejor.jpg?fit=732%2C600&ssl=1&resize=525%2C300 1.5x, https:\/\/i0.wp.com\/cepronda.com\/blog\/wp-content\/uploads\/2017\/05\/logo_ja_ce_mejor.jpg?fit=732%2C600&ssl=1&resize=700%2C400 2x"},"classes":[]},{"id":8424,"url":"https:\/\/cepronda.com\/blog\/tratamiento-difusion-y-evaluacion-del-plan-de-lectura-planificada-en-los-centros-educativos\/","url_meta":{"origin":1952,"position":5},"title":"TRATAMIENTO, DIFUSI\u00d3N Y EVALUACI\u00d3N  DEL PLAN DE LECTURA PLANIFICADA EN LOS CENTROS EDUCATIVOS","author":"Maribel Mu\u00f1oz","date":"1 abril, 2025","format":false,"excerpt":"Desde hoy, martes 1 de abril y hasta el 1 de mayo, estar\u00e1 abierto el plazo de solicitudes para la actividad TRATAMIENTO, DIFUSI\u00d3N Y EVALUACI\u00d3N DEL PLAN DE LECTURA PLANIFICADA EN LOS CENTROS EDUCATIVOS, c\u00f3digo 259924LE460. \u00a0 INSCRIPCIONES: del 1 de abril al 1 de mayo de 2025, ambos inclusive\u2026","rel":"","context":"En \u00abFormaciones\u00bb","block_context":{"text":"Formaciones","link":"https:\/\/cepronda.com\/blog\/category\/formaciones\/"},"img":{"alt_text":"","src":"https:\/\/i0.wp.com\/cepronda.com\/blog\/wp-content\/uploads\/2025\/04\/Cartel-FASE-III-Itinerario-de-lectura.jpg?fit=800%2C800&ssl=1&resize=350%2C200","width":350,"height":200,"srcset":"https:\/\/i0.wp.com\/cepronda.com\/blog\/wp-content\/uploads\/2025\/04\/Cartel-FASE-III-Itinerario-de-lectura.jpg?fit=800%2C800&ssl=1&resize=350%2C200 1x, https:\/\/i0.wp.com\/cepronda.com\/blog\/wp-content\/uploads\/2025\/04\/Cartel-FASE-III-Itinerario-de-lectura.jpg?fit=800%2C800&ssl=1&resize=525%2C300 1.5x, https:\/\/i0.wp.com\/cepronda.com\/blog\/wp-content\/uploads\/2025\/04\/Cartel-FASE-III-Itinerario-de-lectura.jpg?fit=800%2C800&ssl=1&resize=700%2C400 2x"},"classes":[]}],"jetpack_sharing_enabled":true,"_links":{"self":[{"href":"https:\/\/cepronda.com\/blog\/wp-json\/wp\/v2\/posts\/1952","targetHints":{"allow":["GET"]}}],"collection":[{"href":"https:\/\/cepronda.com\/blog\/wp-json\/wp\/v2\/posts"}],"about":[{"href":"https:\/\/cepronda.com\/blog\/wp-json\/wp\/v2\/types\/post"}],"author":[{"embeddable":true,"href":"https:\/\/cepronda.com\/blog\/wp-json\/wp\/v2\/users\/3"}],"replies":[{"embeddable":true,"href":"https:\/\/cepronda.com\/blog\/wp-json\/wp\/v2\/comments?post=1952"}],"version-history":[{"count":4,"href":"https:\/\/cepronda.com\/blog\/wp-json\/wp\/v2\/posts\/1952\/revisions"}],"predecessor-version":[{"id":1978,"href":"https:\/\/cepronda.com\/blog\/wp-json\/wp\/v2\/posts\/1952\/revisions\/1978"}],"wp:featuredmedia":[{"embeddable":true,"href":"https:\/\/cepronda.com\/blog\/wp-json\/wp\/v2\/media\/848"}],"wp:attachment":[{"href":"https:\/\/cepronda.com\/blog\/wp-json\/wp\/v2\/media?parent=1952"}],"wp:term":[{"taxonomy":"category","embeddable":true,"href":"https:\/\/cepronda.com\/blog\/wp-json\/wp\/v2\/categories?post=1952"},{"taxonomy":"post_tag","embeddable":true,"href":"https:\/\/cepronda.com\/blog\/wp-json\/wp\/v2\/tags?post=1952"}],"curies":[{"name":"wp","href":"https:\/\/api.w.org\/{rel}","templated":true}]}}