{"id":1946,"date":"2018-05-25T13:49:55","date_gmt":"2018-05-25T11:49:55","guid":{"rendered":"http:\/\/cepronda.com\/blog\/?p=1946"},"modified":"2018-05-25T13:49:55","modified_gmt":"2018-05-25T11:49:55","slug":"presentacion-de-las-jornadas-el-papel-de-las-tutorias-en-la-atencion-a-la-diversidad","status":"publish","type":"post","link":"https:\/\/cepronda.com\/blog\/presentacion-de-las-jornadas-el-papel-de-las-tutorias-en-la-atencion-a-la-diversidad\/","title":{"rendered":"Presentaci\u00f3n de las Jornadas  \u00abEl papel de las tutor\u00edas en la atenci\u00f3n a la diversidad\u00bb"},"content":{"rendered":"<p>\u00a1Hola de nuevo!<\/p>\n<p>Compartimos la presentaci\u00f3n usada por el Equipo de Lecto-escritura de la Delegaci\u00f3n de M\u00e1laga en las jornadas que han tenido lugar estos dos mi\u00e9rcoles pasados, y que consideramos muy interesantes. Desde el CEP queremos dar las gracias a Yolanda Parra y Juan Manuel Fern\u00e1ndez por su profesionalidad y cercan\u00eda.&nbsp;<\/p>\n<p>&nbsp;<\/p>\n<p><iframe loading=\"lazy\" id=\"iframe_container\" src=\"https:\/\/prezi.com\/embed\/afq1m7g4v2cl\/?bgcolor=ffffff&amp;lock_to_path=0&amp;autoplay=0&amp;autohide_ctrls=0&amp;landing_data=bHVZZmNaNDBIWnNjdEVENDRhZDFNZGNIUE1UMXYwb1FkblhtOXJVaVkzalB5eXhmK1FrWFBxQVZITXMzVTJ4RkNEVT0&amp;landing_sign=Pz4tE5tN71e0SUUEd54JTG8XyVQThMpCxoAFE5LaBiE\" width=\"550\" height=\"400\" frameborder=\"0\" allowfullscreen=\"allowfullscreen\"><\/iframe><\/p>\n","protected":false},"excerpt":{"rendered":"<p>\u00a1Hola de nuevo! Compartimos la presentaci\u00f3n usada por el Equipo de Lecto-escritura de la Delegaci\u00f3n de M\u00e1laga en las jornadas que han tenido lugar estos dos mi\u00e9rcoles pasados, y que consideramos muy interesantes. Desde el CEP queremos dar las gracias a Yolanda Parra y Juan Manuel Fern\u00e1ndez por su profesionalidad y cercan\u00eda.&nbsp; &nbsp;<\/p>\n","protected":false},"author":3,"featured_media":1695,"comment_status":"open","ping_status":"open","sticky":false,"template":"","format":"standard","meta":{"_crdt_document":"","advanced_seo_description":"","jetpack_seo_html_title":"","jetpack_seo_noindex":false,"jetpack_post_was_ever_published":false,"_jetpack_newsletter_access":"","_jetpack_dont_email_post_to_subs":false,"_jetpack_newsletter_tier_id":0,"_jetpack_memberships_contains_paywalled_content":false,"_jetpack_memberships_contains_paid_content":false,"footnotes":"","jetpack_publicize_message":"","jetpack_publicize_feature_enabled":true,"jetpack_social_post_already_shared":true,"jetpack_social_options":{"image_generator_settings":{"template":"highway","default_image_id":0,"font":"","enabled":false},"version":2}},"categories":[3,5],"tags":[126],"class_list":{"0":"post-1946","1":"post","2":"type-post","3":"status-publish","4":"format-standard","5":"has-post-thumbnail","7":"category-formaciones","8":"category-noticias","9":"tag-atencion-a-la-diversidad","10":"czr-hentry"},"jetpack_publicize_connections":[],"jetpack_featured_media_url":"https:\/\/i0.wp.com\/cepronda.com\/blog\/wp-content\/uploads\/2018\/04\/crayon-215873_640.jpg?fit=640%2C480&ssl=1","jetpack_shortlink":"https:\/\/wp.me\/p8M4X7-vo","jetpack-related-posts":[{"id":5479,"url":"https:\/\/cepronda.com\/blog\/5479-2\/","url_meta":{"origin":1946,"position":0},"title":"JORNADAS PROVINCIALES DE ATENCI\u00d3N A LA DIVERSIDAD","author":"Inmaculada Garc\u00eda","date":"16 septiembre, 2022","format":false,"excerpt":"Nos es muy grato informaros de que han salido publicadas las JORNADAS PROVINCIALES DE ATENCI\u00d3N A LA DIVERSIDAD #JADIM. Ser\u00e1n el d\u00eda 26 de octubre del 2022 en el Palacios de Exposiciones de Torremolinos. Contaremos con la participaci\u00f3n de grandes profesionales del campo de la atenci\u00f3n a la diversidad. La\u2026","rel":"","context":"En \u00abFormaciones\u00bb","block_context":{"text":"Formaciones","link":"https:\/\/cepronda.com\/blog\/category\/formaciones\/"},"img":{"alt_text":"","src":"https:\/\/i0.wp.com\/cepronda.com\/blog\/wp-content\/uploads\/2022\/09\/WhatsApp-Image-2022-09-16-at-14.27.14.jpeg?fit=848%2C1200&ssl=1&resize=350%2C200","width":350,"height":200,"srcset":"https:\/\/i0.wp.com\/cepronda.com\/blog\/wp-content\/uploads\/2022\/09\/WhatsApp-Image-2022-09-16-at-14.27.14.jpeg?fit=848%2C1200&ssl=1&resize=350%2C200 1x, https:\/\/i0.wp.com\/cepronda.com\/blog\/wp-content\/uploads\/2022\/09\/WhatsApp-Image-2022-09-16-at-14.27.14.jpeg?fit=848%2C1200&ssl=1&resize=525%2C300 1.5x, https:\/\/i0.wp.com\/cepronda.com\/blog\/wp-content\/uploads\/2022\/09\/WhatsApp-Image-2022-09-16-at-14.27.14.jpeg?fit=848%2C1200&ssl=1&resize=700%2C400 2x"},"classes":[]},{"id":4650,"url":"https:\/\/cepronda.com\/blog\/4650-2\/","url_meta":{"origin":1946,"position":1},"title":"JORNADAS \u00abLA DIVERSIDAD: ADAPTACIONES B\u00c1SICAS DE LA VIDA ESCOLAR\u00bb","author":"Inmaculada Garc\u00eda","date":"23 septiembre, 2021","format":false,"excerpt":"Buenos d\u00edas\u00a0 compa\u00f1eras y compa\u00f1eros, Desde el CEP de Ronda os informamos que est\u00e1 abierto el plazo de inscripci\u00f3n a las Jornadas Provinciales \"LA DIVERSIDAD: ADAPTACIONES B\u00c1SICAS DE LA VIDA ESCOLAR( C\u00f3digo actividad 22923GJ751). El d\u00eda 29 de septiembre tendr\u00e1n lugar las Jornadas \"LA DIVERSIDAD: ADAPTACIONES B\u00c1SICAS DE LA VIDA\u2026","rel":"","context":"En \u00abFormaciones\u00bb","block_context":{"text":"Formaciones","link":"https:\/\/cepronda.com\/blog\/category\/formaciones\/"},"img":{"alt_text":"","src":"https:\/\/i0.wp.com\/cepronda.com\/blog\/wp-content\/uploads\/2021\/09\/WhatsApp-Image-2021-09-23-at-11.29.13.jpeg?fit=865%2C1200&ssl=1&resize=350%2C200","width":350,"height":200,"srcset":"https:\/\/i0.wp.com\/cepronda.com\/blog\/wp-content\/uploads\/2021\/09\/WhatsApp-Image-2021-09-23-at-11.29.13.jpeg?fit=865%2C1200&ssl=1&resize=350%2C200 1x, https:\/\/i0.wp.com\/cepronda.com\/blog\/wp-content\/uploads\/2021\/09\/WhatsApp-Image-2021-09-23-at-11.29.13.jpeg?fit=865%2C1200&ssl=1&resize=525%2C300 1.5x, https:\/\/i0.wp.com\/cepronda.com\/blog\/wp-content\/uploads\/2021\/09\/WhatsApp-Image-2021-09-23-at-11.29.13.jpeg?fit=865%2C1200&ssl=1&resize=700%2C400 2x"},"classes":[]},{"id":7573,"url":"https:\/\/cepronda.com\/blog\/xiv-jornadas-autonomicas-bajo-el-titulo-inclusion-3d-diversidad-dialogo-y-desarrollo\/","url_meta":{"origin":1946,"position":2},"title":"XIV Jornadas Auton\u00f3micas bajo el t\u00edtulo \u00abInclusi\u00f3n 3D: Diversidad, Di\u00e1logo y Desarrollo","author":"Mamen Moreno","date":"16 abril, 2024","format":false,"excerpt":"El Consejo Escolar de Andaluc\u00eda organiza junto con el CEP de Granada las \"XIV Jornadas Auton\u00f3micas bajo el t\u00edtulo \"Inclusi\u00f3n 3D: Diversidad, Di\u00e1logo y Desarrollo\". Plazo de inscripci\u00f3n: lunes 8 de abril al martes 30 de abril. Fecha de realizaci\u00f3n 16 y 17 de mayo Inscripci\u00f3n: https:\/\/www.juntadeandalucia.es\/educacion\/secretariavirtual\/consultaCEP\/actividad\/241811GE044\/","rel":"","context":"En \u00abNoticias\u00bb","block_context":{"text":"Noticias","link":"https:\/\/cepronda.com\/blog\/category\/noticias\/"},"img":{"alt_text":"","src":"https:\/\/i0.wp.com\/cepronda.com\/blog\/wp-content\/uploads\/2024\/04\/WhatsApp-Image-2024-03-21-at-13.33.00.jpeg?fit=1145%2C700&ssl=1&resize=350%2C200","width":350,"height":200,"srcset":"https:\/\/i0.wp.com\/cepronda.com\/blog\/wp-content\/uploads\/2024\/04\/WhatsApp-Image-2024-03-21-at-13.33.00.jpeg?fit=1145%2C700&ssl=1&resize=350%2C200 1x, https:\/\/i0.wp.com\/cepronda.com\/blog\/wp-content\/uploads\/2024\/04\/WhatsApp-Image-2024-03-21-at-13.33.00.jpeg?fit=1145%2C700&ssl=1&resize=525%2C300 1.5x, https:\/\/i0.wp.com\/cepronda.com\/blog\/wp-content\/uploads\/2024\/04\/WhatsApp-Image-2024-03-21-at-13.33.00.jpeg?fit=1145%2C700&ssl=1&resize=700%2C400 2x, https:\/\/i0.wp.com\/cepronda.com\/blog\/wp-content\/uploads\/2024\/04\/WhatsApp-Image-2024-03-21-at-13.33.00.jpeg?fit=1145%2C700&ssl=1&resize=1050%2C600 3x"},"classes":[]},{"id":1694,"url":"https:\/\/cepronda.com\/blog\/el-papel-de-la-tutoria-en-la-atencion-a-la-diversidad-marco-normativo-y-evaluacion\/","url_meta":{"origin":1946,"position":3},"title":"EL PAPEL DE LA TUTOR\u00cdA EN LA ATENCI\u00d3N A LA DIVERSIDAD: MARCO NORMATIVO Y EVALUACI\u00d3N","author":"V\u00edctor Caballero","date":"17 abril, 2018","format":false,"excerpt":"\u00a1Hola! Desde principios de curso uno de nuestros objetivos era centrarnos en el \u00e1mbito de la atenci\u00f3n a la diversidad, y no tanto desde la perspectiva de las personas especialistas de PT y AL, y los equipos de orientaci\u00f3n, sino desde las tutor\u00edas y el d\u00eda a d\u00eda en el\u2026","rel":"","context":"En \u00abNoticias\u00bb","block_context":{"text":"Noticias","link":"https:\/\/cepronda.com\/blog\/category\/noticias\/"},"img":{"alt_text":"","src":"https:\/\/i0.wp.com\/cepronda.com\/blog\/wp-content\/uploads\/2018\/04\/crayon-215873_640.jpg?fit=640%2C480&ssl=1&resize=350%2C200","width":350,"height":200,"srcset":"https:\/\/i0.wp.com\/cepronda.com\/blog\/wp-content\/uploads\/2018\/04\/crayon-215873_640.jpg?fit=640%2C480&ssl=1&resize=350%2C200 1x, https:\/\/i0.wp.com\/cepronda.com\/blog\/wp-content\/uploads\/2018\/04\/crayon-215873_640.jpg?fit=640%2C480&ssl=1&resize=525%2C300 1.5x"},"classes":[]},{"id":4718,"url":"https:\/\/cepronda.com\/blog\/sites-del-equipo-provincial-de-atencion-a-la-diversidad\/","url_meta":{"origin":1946,"position":4},"title":"SITES DEL EQUIPO PROVINCIAL DE ATENCI\u00d3N A LA DIVERSIDAD","author":"Inmaculada Garc\u00eda","date":"5 octubre, 2021","format":false,"excerpt":"Desde el Equipo Provincial de Atenci\u00f3n a la Diversidad, constituido por las asesor\u00edas de los cinco CEPs de la provincia de M\u00e1laga, lanzamos diversos SITES y canales de Telegram para informar sobre recursos, remitir propuestas formativas y novedades, que faciliten vuestra labor. Para m\u00e1s informaci\u00f3n e inscripci\u00f3n, pincha en los\u2026","rel":"","context":"En \u00abFormaciones\u00bb","block_context":{"text":"Formaciones","link":"https:\/\/cepronda.com\/blog\/category\/formaciones\/"},"img":{"alt_text":"","src":"https:\/\/i0.wp.com\/cepronda.com\/blog\/wp-content\/uploads\/2021\/10\/SITES.png?resize=350%2C200","width":350,"height":200},"classes":[]},{"id":2337,"url":"https:\/\/cepronda.com\/blog\/jornadas-provinciales-objetivo-visibilizar-el-autismo\/","url_meta":{"origin":1946,"position":5},"title":"Jornadas Provinciales OBJETIVO: VISIBILIZAR EL AUTISMO","author":"V\u00edctor Caballero","date":"25 septiembre, 2018","format":false,"excerpt":"El pr\u00f3ximo 17 de octubre tendr\u00e1n lugar en la Facultad de Ciencias de la Educaci\u00f3n de M\u00e1laga, en horario de 9 a 14 horas, unas Jornadas Provinciales que tienen como objetivo principal\u00a0 visibilizar el autismo as\u00ed como\u00a0 informar, concienciar y sensibilizar al profesorado sobre el trastornos del espectro autista. Las\u2026","rel":"","context":"En \u00abNoticias\u00bb","block_context":{"text":"Noticias","link":"https:\/\/cepronda.com\/blog\/category\/noticias\/"},"img":{"alt_text":"","src":"https:\/\/i0.wp.com\/cepronda.com\/blog\/wp-content\/uploads\/2018\/09\/445739172_317870.jpg?resize=350%2C200&ssl=1","width":350,"height":200,"srcset":"https:\/\/i0.wp.com\/cepronda.com\/blog\/wp-content\/uploads\/2018\/09\/445739172_317870.jpg?resize=350%2C200&ssl=1 1x, https:\/\/i0.wp.com\/cepronda.com\/blog\/wp-content\/uploads\/2018\/09\/445739172_317870.jpg?resize=525%2C300&ssl=1 1.5x, https:\/\/i0.wp.com\/cepronda.com\/blog\/wp-content\/uploads\/2018\/09\/445739172_317870.jpg?resize=700%2C400&ssl=1 2x"},"classes":[]}],"jetpack_sharing_enabled":true,"_links":{"self":[{"href":"https:\/\/cepronda.com\/blog\/wp-json\/wp\/v2\/posts\/1946","targetHints":{"allow":["GET"]}}],"collection":[{"href":"https:\/\/cepronda.com\/blog\/wp-json\/wp\/v2\/posts"}],"about":[{"href":"https:\/\/cepronda.com\/blog\/wp-json\/wp\/v2\/types\/post"}],"author":[{"embeddable":true,"href":"https:\/\/cepronda.com\/blog\/wp-json\/wp\/v2\/users\/3"}],"replies":[{"embeddable":true,"href":"https:\/\/cepronda.com\/blog\/wp-json\/wp\/v2\/comments?post=1946"}],"version-history":[{"count":1,"href":"https:\/\/cepronda.com\/blog\/wp-json\/wp\/v2\/posts\/1946\/revisions"}],"predecessor-version":[{"id":1947,"href":"https:\/\/cepronda.com\/blog\/wp-json\/wp\/v2\/posts\/1946\/revisions\/1947"}],"wp:featuredmedia":[{"embeddable":true,"href":"https:\/\/cepronda.com\/blog\/wp-json\/wp\/v2\/media\/1695"}],"wp:attachment":[{"href":"https:\/\/cepronda.com\/blog\/wp-json\/wp\/v2\/media?parent=1946"}],"wp:term":[{"taxonomy":"category","embeddable":true,"href":"https:\/\/cepronda.com\/blog\/wp-json\/wp\/v2\/categories?post=1946"},{"taxonomy":"post_tag","embeddable":true,"href":"https:\/\/cepronda.com\/blog\/wp-json\/wp\/v2\/tags?post=1946"}],"curies":[{"name":"wp","href":"https:\/\/api.w.org\/{rel}","templated":true}]}}