{"id":1943,"date":"2018-05-25T13:39:36","date_gmt":"2018-05-25T11:39:36","guid":{"rendered":"http:\/\/cepronda.com\/blog\/?p=1943"},"modified":"2025-04-28T11:59:16","modified_gmt":"2025-04-28T09:59:16","slug":"convocatoria-premios-buenas-practicas-en-bibliotecas-escolares-y-en-fomento-de-la-lectura","status":"publish","type":"post","link":"https:\/\/cepronda.com\/blog\/convocatoria-premios-buenas-practicas-en-bibliotecas-escolares-y-en-fomento-de-la-lectura\/","title":{"rendered":"Convocatoria Premios Buenas Pr\u00e1cticas en Bibliotecas Escolares y en Fomento de la Lectura"},"content":{"rendered":"<p>Muy buenas de nuevo,&nbsp;<\/p>\n<p>Compartimos con todas las personas responsables de biblioteca esta convocatoria, que vemos muy interesante y a la que creemos muchas de vuestras bibliotecas pueden optar. Si <a href=\"http:\/\/www.juntadeandalucia.es\/educacion\/webportal\/web\/lecturas-y-bibliotecas-escolares\/detalle-novedades\/-\/contenidos\/detalle\/convocatoria-premios-buenas-practicas-en-bibliotecas-escolares-y-en-formento-de-la-lectura\" target=\"_blank\" rel=\"noopener\">segu\u00eds este enlace<\/a> podr\u00e9is acceder a toda la informaci\u00f3n.&nbsp;<\/p>\n<p>\u00a1Os animamos a participar!<\/p>\n","protected":false},"excerpt":{"rendered":"<p>Muy buenas de nuevo,&nbsp; Compartimos con todas las personas responsables de biblioteca esta convocatoria, que vemos muy interesante y a la que creemos muchas de vuestras bibliotecas pueden optar. Si segu\u00eds este enlace podr\u00e9is acceder a toda la informaci\u00f3n.&nbsp; \u00a1Os animamos a participar!<\/p>\n","protected":false},"author":3,"featured_media":1944,"comment_status":"open","ping_status":"open","sticky":false,"template":"","format":"standard","meta":{"_crdt_document":"","advanced_seo_description":"","jetpack_seo_html_title":"","jetpack_seo_noindex":false,"jetpack_post_was_ever_published":false,"_jetpack_newsletter_access":"","_jetpack_dont_email_post_to_subs":false,"_jetpack_newsletter_tier_id":0,"_jetpack_memberships_contains_paywalled_content":false,"_jetpack_memberships_contains_paid_content":false,"footnotes":"","jetpack_publicize_message":"","jetpack_publicize_feature_enabled":true,"jetpack_social_post_already_shared":true,"jetpack_social_options":{"image_generator_settings":{"template":"highway","default_image_id":0,"font":"","enabled":false},"version":2}},"categories":[3,5],"tags":[11],"class_list":{"0":"post-1943","1":"post","2":"type-post","3":"status-publish","4":"format-standard","5":"has-post-thumbnail","7":"category-formaciones","8":"category-noticias","9":"tag-biblioteca","10":"czr-hentry"},"jetpack_publicize_connections":[],"jetpack_featured_media_url":"https:\/\/i0.wp.com\/cepronda.com\/blog\/wp-content\/uploads\/2018\/05\/premio_biblioteca_escolar.png?fit=731%2C892&ssl=1","jetpack_shortlink":"https:\/\/wp.me\/p8M4X7-vl","jetpack-related-posts":[{"id":2667,"url":"https:\/\/cepronda.com\/blog\/ii-premios-para-el-reconocimiento-a-centros-publicos-de-andalucia-con-buenas-practicas-docentes-en-bibliotecas-escolares-y-en-el-fomento-de-la-lectura\/","url_meta":{"origin":1943,"position":0},"title":"II Premios para el reconocimiento a centros p\u00fablicos de Andaluc\u00eda con buenas pr\u00e1cticas docentes en Bibliotecas Escolares y en el fomento de la lectura","author":"V\u00edctor Caballero","date":"13 marzo, 2019","format":false,"excerpt":"Muy buenas familia, queremos compartir con todos y todas vosotras la convocatoria de estos premios, ya que sabemos que muchas de las bibliotecas de los centros de nuestra zona est\u00e1n haciendo un gran trabajo, y creemos sinceramente que pod\u00e9is optar a estos premios. Os dejamos con la informaci\u00f3n sobre la\u2026","rel":"","context":"En \u00abNoticias\u00bb","block_context":{"text":"Noticias","link":"https:\/\/cepronda.com\/blog\/category\/noticias\/"},"img":{"alt_text":"","src":"","width":0,"height":0},"classes":[]},{"id":3388,"url":"https:\/\/cepronda.com\/blog\/iii-premios-para-el-reconocimiento-a-centros-publicos-de-andalucia-con-buenas-practicas-docentes-en-bibliotecas-escolares-y-en-el-fomento-de-la-lectura\/","url_meta":{"origin":1943,"position":1},"title":"III Premios para el reconocimiento a centros p\u00fablicos de Andaluc\u00eda con buenas pr\u00e1cticas docentes en bibliotecas escolares y en el fomento de la lectura","author":"V\u00edctor Caballero","date":"4 febrero, 2020","format":false,"excerpt":"Muy buenas, Sabemos que en muchos de nuestros centros la biblioteca es uno de los motores que ayuda a dinamizar la vida escolar, y por lo tanto sabemos que muchas de nuestras bibliotecas sois referentes. Por eso os animamos a participar en esta convocatoria. Pr\u00f3xima publicaci\u00f3n en BOJA. Caracter\u00edsticas de\u2026","rel":"","context":"En \u00abFormaciones\u00bb","block_context":{"text":"Formaciones","link":"https:\/\/cepronda.com\/blog\/category\/formaciones\/"},"img":{"alt_text":"","src":"https:\/\/i0.wp.com\/cepronda.com\/blog\/wp-content\/uploads\/2018\/10\/child-315049_1280.jpg?fit=794%2C1200&ssl=1&resize=350%2C200","width":350,"height":200,"srcset":"https:\/\/i0.wp.com\/cepronda.com\/blog\/wp-content\/uploads\/2018\/10\/child-315049_1280.jpg?fit=794%2C1200&ssl=1&resize=350%2C200 1x, https:\/\/i0.wp.com\/cepronda.com\/blog\/wp-content\/uploads\/2018\/10\/child-315049_1280.jpg?fit=794%2C1200&ssl=1&resize=525%2C300 1.5x, https:\/\/i0.wp.com\/cepronda.com\/blog\/wp-content\/uploads\/2018\/10\/child-315049_1280.jpg?fit=794%2C1200&ssl=1&resize=700%2C400 2x"},"classes":[]},{"id":3483,"url":"https:\/\/cepronda.com\/blog\/iii-premio-bibliotecas-escolares\/","url_meta":{"origin":1943,"position":2},"title":"III Premio Bibliotecas escolares","author":"V\u00edctor Caballero","date":"18 marzo, 2020","format":false,"excerpt":"Muy buenas familia, \u00bfc\u00f3mo est\u00e1is?, esperamos que todas y todos est\u00e9is bien. Mientras dure todo esto intentaremos desde el CEP de Ronda acompa\u00f1aros en todo lo que necesit\u00e9is. Por lo pronto compartimos con nuestros centros esta informaci\u00f3n... Se ampl\u00eda el plazo para presentar candidaturas a los III Premios Bibliotecas Escolares\u2026","rel":"","context":"En \u00abNoticias\u00bb","block_context":{"text":"Noticias","link":"https:\/\/cepronda.com\/blog\/category\/noticias\/"},"img":{"alt_text":"","src":"https:\/\/i0.wp.com\/cepronda.com\/blog\/wp-content\/uploads\/2020\/03\/premio_bibliotecas_escolares.png?fit=1200%2C678&ssl=1&resize=350%2C200","width":350,"height":200,"srcset":"https:\/\/i0.wp.com\/cepronda.com\/blog\/wp-content\/uploads\/2020\/03\/premio_bibliotecas_escolares.png?fit=1200%2C678&ssl=1&resize=350%2C200 1x, https:\/\/i0.wp.com\/cepronda.com\/blog\/wp-content\/uploads\/2020\/03\/premio_bibliotecas_escolares.png?fit=1200%2C678&ssl=1&resize=525%2C300 1.5x, https:\/\/i0.wp.com\/cepronda.com\/blog\/wp-content\/uploads\/2020\/03\/premio_bibliotecas_escolares.png?fit=1200%2C678&ssl=1&resize=700%2C400 2x, https:\/\/i0.wp.com\/cepronda.com\/blog\/wp-content\/uploads\/2020\/03\/premio_bibliotecas_escolares.png?fit=1200%2C678&ssl=1&resize=1050%2C600 3x"},"classes":[]},{"id":2711,"url":"https:\/\/cepronda.com\/blog\/dinamizacion-de-la-biblioteca-escolar-en-secundaria-y-bachillerato\/","url_meta":{"origin":1943,"position":3},"title":"DINAMIZACI\u00d3N DE LA BIBLIOTECA ESCOLAR EN SECUNDARIA Y BACHILLERATO","author":"V\u00edctor Caballero","date":"5 abril, 2019","format":false,"excerpt":"Muy buenas de nuevo, Queremos comentaros a todas las personas responsables de bibliotecas de Secundaria y Bachillerato, as\u00ed como a personas interesadas en el tema, que hemos preparado una actividad dirigida a conseguir los siguientes objetivos: 1. Conocer y aplicar una gesti\u00f3n eficiente de la Biblioteca Escolar. 2. Emplear la\u2026","rel":"","context":"En \u00abFormaciones\u00bb","block_context":{"text":"Formaciones","link":"https:\/\/cepronda.com\/blog\/category\/formaciones\/"},"img":{"alt_text":"","src":"https:\/\/i0.wp.com\/cepronda.com\/blog\/wp-content\/uploads\/2019\/04\/curso_biblioteca.png?fit=1200%2C716&ssl=1&resize=350%2C200","width":350,"height":200,"srcset":"https:\/\/i0.wp.com\/cepronda.com\/blog\/wp-content\/uploads\/2019\/04\/curso_biblioteca.png?fit=1200%2C716&ssl=1&resize=350%2C200 1x, https:\/\/i0.wp.com\/cepronda.com\/blog\/wp-content\/uploads\/2019\/04\/curso_biblioteca.png?fit=1200%2C716&ssl=1&resize=525%2C300 1.5x, https:\/\/i0.wp.com\/cepronda.com\/blog\/wp-content\/uploads\/2019\/04\/curso_biblioteca.png?fit=1200%2C716&ssl=1&resize=700%2C400 2x, https:\/\/i0.wp.com\/cepronda.com\/blog\/wp-content\/uploads\/2019\/04\/curso_biblioteca.png?fit=1200%2C716&ssl=1&resize=1050%2C600 3x"},"classes":[]},{"id":2329,"url":"https:\/\/cepronda.com\/blog\/peticion-de-biblioweb\/","url_meta":{"origin":1943,"position":4},"title":"Petici\u00f3n de Biblioweb","author":"V\u00edctor Caballero","date":"14 septiembre, 2018","format":false,"excerpt":"Muy buenas, Finalizamos la semana con algunas noticias que creemos os pueden resultar de inter\u00e9s. En este caso se trata de la posibilidad de que solicit\u00e9is para vuestro centro Biblioweb.\u00a0 BiblioWeb 2\u00a0es una herramienta web propia de la Consejer\u00eda de Educaci\u00f3n para la gesti\u00f3n y administraci\u00f3n de las bibliotecas escolares\u2026","rel":"","context":"En \u00abNoticias\u00bb","block_context":{"text":"Noticias","link":"https:\/\/cepronda.com\/blog\/category\/noticias\/"},"img":{"alt_text":"","src":"https:\/\/i0.wp.com\/cepronda.com\/blog\/wp-content\/uploads\/2017\/05\/silhouette-1632912_640.jpg?fit=640%2C426&ssl=1&resize=350%2C200","width":350,"height":200,"srcset":"https:\/\/i0.wp.com\/cepronda.com\/blog\/wp-content\/uploads\/2017\/05\/silhouette-1632912_640.jpg?fit=640%2C426&ssl=1&resize=350%2C200 1x, https:\/\/i0.wp.com\/cepronda.com\/blog\/wp-content\/uploads\/2017\/05\/silhouette-1632912_640.jpg?fit=640%2C426&ssl=1&resize=525%2C300 1.5x"},"classes":[]},{"id":5768,"url":"https:\/\/cepronda.com\/blog\/convocatoria-de-los-vi-premios-bibliotecas-escolares-y-fomento-de-la-lectura\/","url_meta":{"origin":1943,"position":5},"title":"CONVOCATORIA DE LOS VI PREMIOS  BIBLIOTECAS ESCOLARES Y FOMENTO DE LA LECTURA","author":"Inmaculada Garc\u00eda","date":"9 febrero, 2023","format":false,"excerpt":"Convocatoria Resoluci\u00f3n de 3 de febrero de 2023, de la Direcci\u00f3n General de Tecnolog\u00edas Avanzadas y Transformaci\u00f3n Educativa, por la que se convocan los VI premios para el reconocimiento a centros con buenas pr\u00e1cticas docentes en bibliotecas escolares y en el fomento de la lectura, correspondientes al curso 2022-2023. Premios.\u2026","rel":"","context":"En \u00abNoticias\u00bb","block_context":{"text":"Noticias","link":"https:\/\/cepronda.com\/blog\/category\/noticias\/"},"img":{"alt_text":"","src":"https:\/\/i0.wp.com\/cepronda.com\/blog\/wp-content\/uploads\/2023\/02\/Copia-de-ESTANCIAS-FORMATIVAS-EN-EMPRESAS-PARA-EL-PROFESORADO-DE-FORMACION-PROFESIONAL-2.png?fit=1080%2C1080&ssl=1&resize=350%2C200","width":350,"height":200,"srcset":"https:\/\/i0.wp.com\/cepronda.com\/blog\/wp-content\/uploads\/2023\/02\/Copia-de-ESTANCIAS-FORMATIVAS-EN-EMPRESAS-PARA-EL-PROFESORADO-DE-FORMACION-PROFESIONAL-2.png?fit=1080%2C1080&ssl=1&resize=350%2C200 1x, https:\/\/i0.wp.com\/cepronda.com\/blog\/wp-content\/uploads\/2023\/02\/Copia-de-ESTANCIAS-FORMATIVAS-EN-EMPRESAS-PARA-EL-PROFESORADO-DE-FORMACION-PROFESIONAL-2.png?fit=1080%2C1080&ssl=1&resize=525%2C300 1.5x, https:\/\/i0.wp.com\/cepronda.com\/blog\/wp-content\/uploads\/2023\/02\/Copia-de-ESTANCIAS-FORMATIVAS-EN-EMPRESAS-PARA-EL-PROFESORADO-DE-FORMACION-PROFESIONAL-2.png?fit=1080%2C1080&ssl=1&resize=700%2C400 2x, https:\/\/i0.wp.com\/cepronda.com\/blog\/wp-content\/uploads\/2023\/02\/Copia-de-ESTANCIAS-FORMATIVAS-EN-EMPRESAS-PARA-EL-PROFESORADO-DE-FORMACION-PROFESIONAL-2.png?fit=1080%2C1080&ssl=1&resize=1050%2C600 3x"},"classes":[]}],"jetpack_sharing_enabled":true,"_links":{"self":[{"href":"https:\/\/cepronda.com\/blog\/wp-json\/wp\/v2\/posts\/1943","targetHints":{"allow":["GET"]}}],"collection":[{"href":"https:\/\/cepronda.com\/blog\/wp-json\/wp\/v2\/posts"}],"about":[{"href":"https:\/\/cepronda.com\/blog\/wp-json\/wp\/v2\/types\/post"}],"author":[{"embeddable":true,"href":"https:\/\/cepronda.com\/blog\/wp-json\/wp\/v2\/users\/3"}],"replies":[{"embeddable":true,"href":"https:\/\/cepronda.com\/blog\/wp-json\/wp\/v2\/comments?post=1943"}],"version-history":[{"count":2,"href":"https:\/\/cepronda.com\/blog\/wp-json\/wp\/v2\/posts\/1943\/revisions"}],"predecessor-version":[{"id":1979,"href":"https:\/\/cepronda.com\/blog\/wp-json\/wp\/v2\/posts\/1943\/revisions\/1979"}],"wp:featuredmedia":[{"embeddable":true,"href":"https:\/\/cepronda.com\/blog\/wp-json\/wp\/v2\/media\/1944"}],"wp:attachment":[{"href":"https:\/\/cepronda.com\/blog\/wp-json\/wp\/v2\/media?parent=1943"}],"wp:term":[{"taxonomy":"category","embeddable":true,"href":"https:\/\/cepronda.com\/blog\/wp-json\/wp\/v2\/categories?post=1943"},{"taxonomy":"post_tag","embeddable":true,"href":"https:\/\/cepronda.com\/blog\/wp-json\/wp\/v2\/tags?post=1943"}],"curies":[{"name":"wp","href":"https:\/\/api.w.org\/{rel}","templated":true}]}}