{"id":1899,"date":"2018-05-25T12:10:51","date_gmt":"2018-05-25T10:10:51","guid":{"rendered":"http:\/\/cepronda.com\/blog\/?p=1899"},"modified":"2018-05-25T12:10:51","modified_gmt":"2018-05-25T10:10:51","slug":"un-proyecto-muy-interesante-almazaradona","status":"publish","type":"post","link":"https:\/\/cepronda.com\/blog\/un-proyecto-muy-interesante-almazaradona\/","title":{"rendered":"Un proyecto muy interesante \u00abALMAZARADONA\u00bb"},"content":{"rendered":"<p>Muy buenas,<\/p>\n<p>En estos d\u00edas estamos haciendo visitas a los centros, y adem\u00e1s de encontrarnos con vosotras y vosotros, nos encontramos con aut\u00e9nticas joyas, con vuestros trabajos con el alumnado.&nbsp;<\/p>\n<p>En este caso queremos compartir la experiencia llevada a cabo en el CPR Almazara, y que se llama \u00abAlmazaradona\u00bb. Han montado su propio supermercado, con sus delantales para las personas encargadas de cobrar, con sus carros de la compra, y con todo lo que podemos encontrar en cualquier super (pan, legumbres, carne, pescado, bebidas, boller\u00eda,&#8230;). Todo con sus envases vac\u00edos o bien im\u00e1genes en color, y todo con su precio, bien por unidad o bien por kilogramo.&nbsp;<\/p>\n<p>Pero no queda aqu\u00ed sino que han unido \u00abH\u00e1bitos de vida saludable\u00bb con \u00abMatem\u00e1ticas\u00bb, ya que le dan a cada alumno\/a una ficha donde debe completar la compra que va a hacer para comer y vivir durante un d\u00eda completo, teniendo un presupuesto m\u00e1ximo de 10\u20ac. Deben planificar lo que van a comer en los 5 momentos del d\u00eda, y adem\u00e1s contemplar la higiene y hasta \u00abalg\u00fan capricho\u00bb. Hacen la compra, teniendo en cuenta su planificaci\u00f3n, y valorando el peso de legumbres, fruta y verdura. A partir de aqu\u00ed en clase siguen trabajando sobre su compra.&nbsp;&nbsp;<\/p>\n<p>Se trata de un trabajo multidisciplinar que abarca multitud de competencias y que adem\u00e1s tiene al alumnado motivado, y al profesorado trabajando distintos conceptos tan abstractos como los n\u00fameros decimales y los cambios de medidas de una manera mucho m\u00e1s cercana al alumnado.&nbsp;<\/p>\n<p>Os dejamos con una galer\u00eda de im\u00e1genes, y desde el Centro de Profesorado queremos dar la enhorabuena a todo el profesorado del CPR Almazara, especialmente al maestro \u00c1lvaro, art\u00edfice de la idea. Un saludo.<\/p>\n<p>[ngg_images source=\u00bbgalleries\u00bb container_ids=\u00bb10&#8243; display_type=\u00bbphotocrati-nextgen_basic_slideshow\u00bb gallery_width=\u00bb600&#8243; gallery_height=\u00bb400&#8243; cycle_effect=\u00bbshuffle\u00bb cycle_interval=\u00bb6&#8243; show_thumbnail_link=\u00bb1&#8243; thumbnail_link_text=\u00bb[Mostrar miniaturas]\u00bb order_by=\u00bbsortorder\u00bb order_direction=\u00bbASC\u00bb returns=\u00bbincluded\u00bb maximum_entity_count=\u00bb500&#8243;]<\/p>\n","protected":false},"excerpt":{"rendered":"<p>Muy buenas, En estos d\u00edas estamos haciendo visitas a los centros, y adem\u00e1s de encontrarnos con vosotras y vosotros, nos encontramos con aut\u00e9nticas joyas, con vuestros trabajos con el alumnado.&nbsp; En este caso queremos compartir la experiencia llevada a cabo en el CPR Almazara, y que se llama \u00abAlmazaradona\u00bb. Han montado su propio supermercado, con [&hellip;]<\/p>\n","protected":false},"author":3,"featured_media":1941,"comment_status":"open","ping_status":"open","sticky":false,"template":"","format":"standard","meta":{"_crdt_document":"","advanced_seo_description":"","jetpack_seo_html_title":"","jetpack_seo_noindex":false,"jetpack_post_was_ever_published":false,"_jetpack_newsletter_access":"","_jetpack_dont_email_post_to_subs":false,"_jetpack_newsletter_tier_id":0,"_jetpack_memberships_contains_paywalled_content":false,"_jetpack_memberships_contains_paid_content":false,"footnotes":"","jetpack_publicize_message":"","jetpack_publicize_feature_enabled":true,"jetpack_social_post_already_shared":true,"jetpack_social_options":{"image_generator_settings":{"template":"highway","default_image_id":0,"font":"","enabled":false},"version":2}},"categories":[5],"tags":[132],"class_list":{"0":"post-1899","1":"post","2":"type-post","3":"status-publish","4":"format-standard","5":"has-post-thumbnail","7":"category-noticias","8":"tag-proyectos","9":"czr-hentry"},"jetpack_publicize_connections":[],"jetpack_featured_media_url":"https:\/\/i0.wp.com\/cepronda.com\/blog\/wp-content\/uploads\/2018\/05\/IMG_20180524_105149.jpg?fit=4160%2C3120&ssl=1","jetpack_shortlink":"https:\/\/wp.me\/p8M4X7-uD","jetpack-related-posts":[{"id":2237,"url":"https:\/\/cepronda.com\/blog\/bienvenida-al-nuevo-curso\/","url_meta":{"origin":1899,"position":0},"title":"Bienvenida al nuevo curso","author":"V\u00edctor Caballero","date":"3 septiembre, 2018","format":false,"excerpt":"Muy buenas familia, \u00bfQu\u00e9 tal han ido esas vacaciones? Esperamos desde el CEP que hayan ido muy bien, y sobre todo queremos escribiros esta entrada para daros la bienvenida, desearos todo lo mejor en este nuevo curso escolar, y como siempre deciros que ten\u00e9is nuestras puertas abiertas para todo aquello\u2026","rel":"","context":"En \u00abNoticias\u00bb","block_context":{"text":"Noticias","link":"https:\/\/cepronda.com\/blog\/category\/noticias\/"},"img":{"alt_text":"","src":"https:\/\/i0.wp.com\/cepronda.com\/blog\/wp-content\/uploads\/2018\/09\/road-1668916_640.jpg?fit=640%2C360&ssl=1&resize=350%2C200","width":350,"height":200,"srcset":"https:\/\/i0.wp.com\/cepronda.com\/blog\/wp-content\/uploads\/2018\/09\/road-1668916_640.jpg?fit=640%2C360&ssl=1&resize=350%2C200 1x, https:\/\/i0.wp.com\/cepronda.com\/blog\/wp-content\/uploads\/2018\/09\/road-1668916_640.jpg?fit=640%2C360&ssl=1&resize=525%2C300 1.5x"},"classes":[]},{"id":286,"url":"https:\/\/cepronda.com\/blog\/uso-de-pinterestuiero-mostraros-en-esta-entrada-una-herramienta-que-muchos\/","url_meta":{"origin":1899,"position":1},"title":"Uso de Pinterest","author":"V\u00edctor Caballero","date":"10 noviembre, 2016","format":false,"excerpt":"Muy buenas, Me gustar\u00eda mostraros en esta entrada una herramienta muy \u00fatil, que supongo que muchos y muchas de vosotras conoc\u00e9is... pero que igual para algunas personas es desconocida. Se trata de Pinterest, y es un tabl\u00f3n de anuncios en l\u00ednea, virtual, pero colaborativo, social. Visualmente muy atractivo, te permite\u2026","rel":"","context":"En \u00abNoticias\u00bb","block_context":{"text":"Noticias","link":"https:\/\/cepronda.com\/blog\/category\/noticias\/"},"img":{"alt_text":"pinterest","src":"https:\/\/i0.wp.com\/cepronda.com\/blog\/wp-content\/uploads\/2016\/11\/pinterest-300x76.png?resize=350%2C200","width":350,"height":200},"classes":[]},{"id":3009,"url":"https:\/\/cepronda.com\/blog\/hi-room-una-innovadora-idea-del-ies-profesor-gonzalo-huesa\/","url_meta":{"origin":1899,"position":2},"title":"Hi Room! Una innovadora idea del IES Profesor Gonzalo Huesa","author":"V\u00edctor Caballero","date":"19 septiembre, 2019","format":false,"excerpt":"Muy buenas, Hace unos d\u00edas con pasaban un v\u00eddeo intrigante desde el Instituto Gonzalo Huesa, y ya hoy hemos podido ver las fotos de la actividad que organizaron para recibir al alumnado de 1\u00ba de ESO. Os recomendamos ver el v\u00eddeo que han publicado en sus redes sociales. Desde el\u2026","rel":"","context":"En \u00abNoticias\u00bb","block_context":{"text":"Noticias","link":"https:\/\/cepronda.com\/blog\/category\/noticias\/"},"img":{"alt_text":"","src":"https:\/\/i0.wp.com\/cepronda.com\/blog\/wp-content\/uploads\/2019\/09\/IES-Gonzalo-Huesa.png?resize=350%2C200","width":350,"height":200},"classes":[]},{"id":3483,"url":"https:\/\/cepronda.com\/blog\/iii-premio-bibliotecas-escolares\/","url_meta":{"origin":1899,"position":3},"title":"III Premio Bibliotecas escolares","author":"V\u00edctor Caballero","date":"18 marzo, 2020","format":false,"excerpt":"Muy buenas familia, \u00bfc\u00f3mo est\u00e1is?, esperamos que todas y todos est\u00e9is bien. Mientras dure todo esto intentaremos desde el CEP de Ronda acompa\u00f1aros en todo lo que necesit\u00e9is. Por lo pronto compartimos con nuestros centros esta informaci\u00f3n... Se ampl\u00eda el plazo para presentar candidaturas a los III Premios Bibliotecas Escolares\u2026","rel":"","context":"En \u00abNoticias\u00bb","block_context":{"text":"Noticias","link":"https:\/\/cepronda.com\/blog\/category\/noticias\/"},"img":{"alt_text":"","src":"https:\/\/i0.wp.com\/cepronda.com\/blog\/wp-content\/uploads\/2020\/03\/premio_bibliotecas_escolares.png?fit=1200%2C678&ssl=1&resize=350%2C200","width":350,"height":200,"srcset":"https:\/\/i0.wp.com\/cepronda.com\/blog\/wp-content\/uploads\/2020\/03\/premio_bibliotecas_escolares.png?fit=1200%2C678&ssl=1&resize=350%2C200 1x, https:\/\/i0.wp.com\/cepronda.com\/blog\/wp-content\/uploads\/2020\/03\/premio_bibliotecas_escolares.png?fit=1200%2C678&ssl=1&resize=525%2C300 1.5x, https:\/\/i0.wp.com\/cepronda.com\/blog\/wp-content\/uploads\/2020\/03\/premio_bibliotecas_escolares.png?fit=1200%2C678&ssl=1&resize=700%2C400 2x, https:\/\/i0.wp.com\/cepronda.com\/blog\/wp-content\/uploads\/2020\/03\/premio_bibliotecas_escolares.png?fit=1200%2C678&ssl=1&resize=1050%2C600 3x"},"classes":[]},{"id":1744,"url":"https:\/\/cepronda.com\/blog\/xxx-edicion-del-concurso-para-el-fomento-de-la-investigacion-e-innovacion-educativa-en-sus-dos-modalidades-premio-joaquin-guichot-y-premio-antonio-dominguez-ortiz\/","url_meta":{"origin":1899,"position":4},"title":"XXX edici\u00f3n del concurso para el fomento de la investigaci\u00f3n e innovaci\u00f3n educativa en sus dos modalidades, premio \u00abJoaqu\u00edn Guichot\u00bb y premio \u00abAntonio Dom\u00ednguez Ortiz\u00bb","author":"V\u00edctor Caballero","date":"25 abril, 2018","format":false,"excerpt":"Muy buenas,\u00a0 Ponemos en conocimiento de todo el profesorado que se ha lanzado la convocatoria de la XXX edici\u00f3n del concurso para el fomento de la investigaci\u00f3n e innovaci\u00f3n educativa en sus dos modalidades \"Joaqu\u00edn Guichot\" y premio \"Antonio Dom\u00ednguez Ort\u00edz\".\u00a0 Para acceder a la informaci\u00f3n, s\u00f3lo ten\u00e9is seguir este\u2026","rel":"","context":"En \u00abNoticias\u00bb","block_context":{"text":"Noticias","link":"https:\/\/cepronda.com\/blog\/category\/noticias\/"},"img":{"alt_text":"","src":"https:\/\/i0.wp.com\/cepronda.com\/blog\/wp-content\/uploads\/2017\/05\/logo_ja_ce_mejor.jpg?fit=732%2C600&ssl=1&resize=350%2C200","width":350,"height":200,"srcset":"https:\/\/i0.wp.com\/cepronda.com\/blog\/wp-content\/uploads\/2017\/05\/logo_ja_ce_mejor.jpg?fit=732%2C600&ssl=1&resize=350%2C200 1x, https:\/\/i0.wp.com\/cepronda.com\/blog\/wp-content\/uploads\/2017\/05\/logo_ja_ce_mejor.jpg?fit=732%2C600&ssl=1&resize=525%2C300 1.5x, https:\/\/i0.wp.com\/cepronda.com\/blog\/wp-content\/uploads\/2017\/05\/logo_ja_ce_mejor.jpg?fit=732%2C600&ssl=1&resize=700%2C400 2x"},"classes":[]},{"id":2915,"url":"https:\/\/cepronda.com\/blog\/actividades-de-calculo-mental-en-el-ceip-vicente-espinel\/","url_meta":{"origin":1899,"position":5},"title":"Actividades de c\u00e1lculo mental en el CEIP Vicente Espinel","author":"V\u00edctor Caballero","date":"21 junio, 2019","format":false,"excerpt":"Muy buenas, Sabemos que en muchos de vuestros centros est\u00e1is haciendo en estos dais muchas actividades muy interesantes y motivantes para vuestro alumnado. En este caso queremos compartir una actividad realizada en el CEIP Vicente Espinel y que podemos decir que es una de las actividades finales del grupo de\u2026","rel":"","context":"En \u00abNoticias\u00bb","block_context":{"text":"Noticias","link":"https:\/\/cepronda.com\/blog\/category\/noticias\/"},"img":{"alt_text":"","src":"https:\/\/i0.wp.com\/cepronda.com\/blog\/wp-content\/uploads\/2017\/05\/mathematics-1044080_640.jpg?fit=640%2C436&ssl=1&resize=350%2C200","width":350,"height":200,"srcset":"https:\/\/i0.wp.com\/cepronda.com\/blog\/wp-content\/uploads\/2017\/05\/mathematics-1044080_640.jpg?fit=640%2C436&ssl=1&resize=350%2C200 1x, https:\/\/i0.wp.com\/cepronda.com\/blog\/wp-content\/uploads\/2017\/05\/mathematics-1044080_640.jpg?fit=640%2C436&ssl=1&resize=525%2C300 1.5x"},"classes":[]}],"jetpack_sharing_enabled":true,"_links":{"self":[{"href":"https:\/\/cepronda.com\/blog\/wp-json\/wp\/v2\/posts\/1899","targetHints":{"allow":["GET"]}}],"collection":[{"href":"https:\/\/cepronda.com\/blog\/wp-json\/wp\/v2\/posts"}],"about":[{"href":"https:\/\/cepronda.com\/blog\/wp-json\/wp\/v2\/types\/post"}],"author":[{"embeddable":true,"href":"https:\/\/cepronda.com\/blog\/wp-json\/wp\/v2\/users\/3"}],"replies":[{"embeddable":true,"href":"https:\/\/cepronda.com\/blog\/wp-json\/wp\/v2\/comments?post=1899"}],"version-history":[{"count":1,"href":"https:\/\/cepronda.com\/blog\/wp-json\/wp\/v2\/posts\/1899\/revisions"}],"predecessor-version":[{"id":1942,"href":"https:\/\/cepronda.com\/blog\/wp-json\/wp\/v2\/posts\/1899\/revisions\/1942"}],"wp:featuredmedia":[{"embeddable":true,"href":"https:\/\/cepronda.com\/blog\/wp-json\/wp\/v2\/media\/1941"}],"wp:attachment":[{"href":"https:\/\/cepronda.com\/blog\/wp-json\/wp\/v2\/media?parent=1899"}],"wp:term":[{"taxonomy":"category","embeddable":true,"href":"https:\/\/cepronda.com\/blog\/wp-json\/wp\/v2\/categories?post=1899"},{"taxonomy":"post_tag","embeddable":true,"href":"https:\/\/cepronda.com\/blog\/wp-json\/wp\/v2\/tags?post=1899"}],"curies":[{"name":"wp","href":"https:\/\/api.w.org\/{rel}","templated":true}]}}