{"id":1888,"date":"2018-05-22T12:18:06","date_gmt":"2018-05-22T10:18:06","guid":{"rendered":"http:\/\/cepronda.com\/blog\/?p=1888"},"modified":"2018-05-29T12:43:04","modified_gmt":"2018-05-29T10:43:04","slug":"2a-convocatoria-de-2018-del-intef","status":"publish","type":"post","link":"https:\/\/cepronda.com\/blog\/2a-convocatoria-de-2018-del-intef\/","title":{"rendered":"2\u00aa convocatoria de 2018 del INTEF"},"content":{"rendered":"<p>Muy buenas,&nbsp;<\/p>\n<p>Queremos compartir la 2\u00aa convocatoria de este a\u00f1o 2018 del INTEF. Se trata de una convocatoria de plazas en concurrencia competitiva para la realizaci\u00f3n de cursos de formaci\u00f3n en Red para la formaci\u00f3n permanente del profesorado que ejerce en niveles anteriores al universitario, en centros sostenidos con fondos p\u00fablicos<\/p>\n<p><a href=\"http:\/\/www.mecd.gob.es\/servicios-al-ciudadano-mecd\/catalogo\/educacion\/profesorado\/profesorado-no-universitario\/cursos-y-jornadas\/formacion-en-red-profesorado.html\" target=\"_blank\" rel=\"noopener\">Cursos de Formaci\u00f3n en Red del profesorado 2\u00aa edici\u00f3n Septiembre 2018.<\/a><\/p>\n<p>Creemos que algunos de ellos os pueden resultar muy interesantes. Un saludo<\/p>\n","protected":false},"excerpt":{"rendered":"<p>Muy buenas,&nbsp; Queremos compartir la 2\u00aa convocatoria de este a\u00f1o 2018 del INTEF. Se trata de una convocatoria de plazas en concurrencia competitiva para la realizaci\u00f3n de cursos de formaci\u00f3n en Red para la formaci\u00f3n permanente del profesorado que ejerce en niveles anteriores al universitario, en centros sostenidos con fondos p\u00fablicos Cursos de Formaci\u00f3n en [&hellip;]<\/p>\n","protected":false},"author":3,"featured_media":1059,"comment_status":"open","ping_status":"open","sticky":false,"template":"","format":"standard","meta":{"_crdt_document":"","advanced_seo_description":"","jetpack_seo_html_title":"","jetpack_seo_noindex":false,"jetpack_post_was_ever_published":false,"_jetpack_newsletter_access":"","_jetpack_dont_email_post_to_subs":false,"_jetpack_newsletter_tier_id":0,"_jetpack_memberships_contains_paywalled_content":false,"_jetpack_memberships_contains_paid_content":false,"footnotes":"","jetpack_publicize_message":"","jetpack_publicize_feature_enabled":true,"jetpack_social_post_already_shared":true,"jetpack_social_options":{"image_generator_settings":{"template":"highway","default_image_id":0,"font":"","enabled":false},"version":2}},"categories":[5],"tags":[],"class_list":{"0":"post-1888","1":"post","2":"type-post","3":"status-publish","4":"format-standard","5":"has-post-thumbnail","7":"category-noticias","8":"czr-hentry"},"jetpack_publicize_connections":[],"jetpack_featured_media_url":"https:\/\/i0.wp.com\/cepronda.com\/blog\/wp-content\/uploads\/2016\/09\/intef.png?fit=272%2C185&ssl=1","jetpack_shortlink":"https:\/\/wp.me\/p8M4X7-us","jetpack-related-posts":[{"id":3596,"url":"https:\/\/cepronda.com\/blog\/apertura-del-plazo-de-inscripcion-para-la-2a-edicion-de-cursos-de-formacion-en-linea-del-profesorado-2020\/","url_meta":{"origin":1888,"position":0},"title":"Apertura del plazo de inscripci\u00f3n para la 2\u00aa edici\u00f3n de cursos de formaci\u00f3n en l\u00ednea del Profesorado 2020","author":"V\u00edctor Caballero","date":"1 junio, 2020","format":false,"excerpt":"Muy buenas familia, Comenzamos la semana compartiendo que a partir de hoy se abre el plazo de inscripci\u00f3n para la 2\u00aa edici\u00f3n de los cursos de formaci\u00f3n en l\u00ednea del profesorado del INTEF. Cursos que se realizar\u00edan entre septiembre y noviembre. Como siempre son muy interesantes y pueden resultarnos muy\u2026","rel":"","context":"En \u00abFormaciones\u00bb","block_context":{"text":"Formaciones","link":"https:\/\/cepronda.com\/blog\/category\/formaciones\/"},"img":{"alt_text":"","src":"https:\/\/i0.wp.com\/cepronda.com\/blog\/wp-content\/uploads\/2020\/06\/INTEF.png?fit=803%2C306&ssl=1&resize=350%2C200","width":350,"height":200,"srcset":"https:\/\/i0.wp.com\/cepronda.com\/blog\/wp-content\/uploads\/2020\/06\/INTEF.png?fit=803%2C306&ssl=1&resize=350%2C200 1x, https:\/\/i0.wp.com\/cepronda.com\/blog\/wp-content\/uploads\/2020\/06\/INTEF.png?fit=803%2C306&ssl=1&resize=525%2C300 1.5x, https:\/\/i0.wp.com\/cepronda.com\/blog\/wp-content\/uploads\/2020\/06\/INTEF.png?fit=803%2C306&ssl=1&resize=700%2C400 2x"},"classes":[]},{"id":2851,"url":"https:\/\/cepronda.com\/blog\/cursos-de-formacion-en-red-del-profesorado\/","url_meta":{"origin":1888,"position":1},"title":"Cursos de Formaci\u00f3n en Red del Profesorado","author":"V\u00edctor Caballero","date":"20 mayo, 2019","format":false,"excerpt":"\u00a1Hola de nuevo! Queremos comentaros que el INTEF ha abierto la 2\u00aa convocatoria de sus cursos de formaci\u00f3n on-line. Estas actividades formativas se caracterizan por tener una estructura modular con contenidos y actividades planteados de forma gradual y cuentan con apoyo experto y atenci\u00f3n personalizada de un equipo de tutor\u00eda.\u2026","rel":"","context":"En \u00abNoticias\u00bb","block_context":{"text":"Noticias","link":"https:\/\/cepronda.com\/blog\/category\/noticias\/"},"img":{"alt_text":"","src":"https:\/\/i0.wp.com\/cepronda.com\/blog\/wp-content\/uploads\/2016\/09\/intef.png?resize=350%2C200","width":350,"height":200},"classes":[]},{"id":818,"url":"https:\/\/cepronda.com\/blog\/2a-edicion-cursos-de-formacion-en-red-del-profesorado-2017-del-intef\/","url_meta":{"origin":1888,"position":2},"title":"2\u00aa Edici\u00f3n Cursos de Formaci\u00f3n en Red del Profesorado 2017 del INTEF","author":"V\u00edctor Caballero","date":"11 mayo, 2017","format":false,"excerpt":"\u00a1Hola a todo el mundo! Escribimos esta entrada para contaros que el pasado martes se abri\u00f3 el plazo de inscripci\u00f3n de los cursos de formaci\u00f3n del INTEF. Se trata de una serie de cursos on-line y la oferta es bastante amplia. El pasado\u00a0martes, 9 de mayo de 2017, se abrir\u00e1\u2026","rel":"","context":"En \u00abNoticias\u00bb","block_context":{"text":"Noticias","link":"https:\/\/cepronda.com\/blog\/category\/noticias\/"},"img":{"alt_text":"","src":"https:\/\/i0.wp.com\/cepronda.com\/blog\/wp-content\/uploads\/2017\/05\/intef.png?resize=350%2C200","width":350,"height":200},"classes":[]},{"id":2594,"url":"https:\/\/cepronda.com\/blog\/1a-edicion-de-la-convocatoria-de-2019-de-cursos-en-red-del-intef-para-el-profesorado-de-los-centros-educativos\/","url_meta":{"origin":1888,"position":3},"title":"1\u00aa edici\u00f3n de la convocatoria de 2019 de cursos en red del INTEF para el profesorado de los centros educativos.","author":"V\u00edctor Caballero","date":"17 enero, 2019","format":false,"excerpt":"C\u00f3mo sab\u00e9is una de las modalidades formativas m\u00e1s interesantes es la formaci\u00f3n on-line. En este sentido, adem\u00e1s del Aula Virtual de Formaci\u00f3n del Profesorado de la Junta de Andaluc\u00eda, tenemos la opci\u00f3n de inscribirnos en los cursos ofertados por el INTEF. El plazo de inscripci\u00f3n finalizar\u00e1 el 28 de enero.\u2026","rel":"","context":"En \u00abFormaciones\u00bb","block_context":{"text":"Formaciones","link":"https:\/\/cepronda.com\/blog\/category\/formaciones\/"},"img":{"alt_text":"","src":"","width":0,"height":0},"classes":[]},{"id":1389,"url":"https:\/\/cepronda.com\/blog\/oferta-formativa-aprendeintef\/","url_meta":{"origin":1888,"position":4},"title":"Oferta formativa AprendeINTEF","author":"V\u00edctor Caballero","date":"2 noviembre, 2017","format":false,"excerpt":"Adem\u00e1s de nuestros cursos de formaci\u00f3n presenciales y en l\u00ednea, como profesorado tenemos multitud de opciones de formarnos on-line. Una de las opciones es a trav\u00e9s de los cursos que nos oferta el INTEF a trav\u00e9s de su plataforma Educalab.\u00a0 Os dejamos con el enlace a la web donde podr\u00e9is\u2026","rel":"","context":"En \u00abNoticias\u00bb","block_context":{"text":"Noticias","link":"https:\/\/cepronda.com\/blog\/category\/noticias\/"},"img":{"alt_text":"","src":"https:\/\/i0.wp.com\/cepronda.com\/blog\/wp-content\/uploads\/2016\/09\/intef.png?resize=350%2C200","width":350,"height":200},"classes":[]},{"id":3091,"url":"https:\/\/cepronda.com\/blog\/primera-convocatoria-regional-2019-2020-oferta-formativa-del-aula-virtual-de-formacion-del-profesorado\/","url_meta":{"origin":1888,"position":5},"title":"Primera convocatoria regional 2019\/2020. Oferta formativa del aula virtual de formaci\u00f3n del profesorado.","author":"V\u00edctor Caballero","date":"12 octubre, 2019","format":false,"excerpt":"Dentro del plan de formaci\u00f3n del profesorado de la Consejer\u00eda de Educaci\u00f3n se ofertan 35 cursos en la modalidad de cursos a distancia. Las condiciones de la oferta son las siguientes: Plazo de inscripci\u00f3n:\u00a0Desde el 14 de octubre de 2019 a las 15:00 horas hasta el 17 de octubre de\u2026","rel":"","context":"En \u00abFormaciones\u00bb","block_context":{"text":"Formaciones","link":"https:\/\/cepronda.com\/blog\/category\/formaciones\/"},"img":{"alt_text":"","src":"https:\/\/i0.wp.com\/cepronda.com\/blog\/wp-content\/uploads\/2019\/10\/AVFP1920.png?resize=350%2C200&ssl=1","width":350,"height":200,"srcset":"https:\/\/i0.wp.com\/cepronda.com\/blog\/wp-content\/uploads\/2019\/10\/AVFP1920.png?resize=350%2C200&ssl=1 1x, https:\/\/i0.wp.com\/cepronda.com\/blog\/wp-content\/uploads\/2019\/10\/AVFP1920.png?resize=525%2C300&ssl=1 1.5x"},"classes":[]}],"jetpack_sharing_enabled":true,"_links":{"self":[{"href":"https:\/\/cepronda.com\/blog\/wp-json\/wp\/v2\/posts\/1888","targetHints":{"allow":["GET"]}}],"collection":[{"href":"https:\/\/cepronda.com\/blog\/wp-json\/wp\/v2\/posts"}],"about":[{"href":"https:\/\/cepronda.com\/blog\/wp-json\/wp\/v2\/types\/post"}],"author":[{"embeddable":true,"href":"https:\/\/cepronda.com\/blog\/wp-json\/wp\/v2\/users\/3"}],"replies":[{"embeddable":true,"href":"https:\/\/cepronda.com\/blog\/wp-json\/wp\/v2\/comments?post=1888"}],"version-history":[{"count":2,"href":"https:\/\/cepronda.com\/blog\/wp-json\/wp\/v2\/posts\/1888\/revisions"}],"predecessor-version":[{"id":1980,"href":"https:\/\/cepronda.com\/blog\/wp-json\/wp\/v2\/posts\/1888\/revisions\/1980"}],"wp:featuredmedia":[{"embeddable":true,"href":"https:\/\/cepronda.com\/blog\/wp-json\/wp\/v2\/media\/1059"}],"wp:attachment":[{"href":"https:\/\/cepronda.com\/blog\/wp-json\/wp\/v2\/media?parent=1888"}],"wp:term":[{"taxonomy":"category","embeddable":true,"href":"https:\/\/cepronda.com\/blog\/wp-json\/wp\/v2\/categories?post=1888"},{"taxonomy":"post_tag","embeddable":true,"href":"https:\/\/cepronda.com\/blog\/wp-json\/wp\/v2\/tags?post=1888"}],"curies":[{"name":"wp","href":"https:\/\/api.w.org\/{rel}","templated":true}]}}