{"id":1884,"date":"2018-05-22T09:55:35","date_gmt":"2018-05-22T07:55:35","guid":{"rendered":"http:\/\/cepronda.com\/blog\/?p=1884"},"modified":"2018-05-22T09:55:35","modified_gmt":"2018-05-22T07:55:35","slug":"educacion-fisica-en-la-calle-por-parte-de-los-cpr","status":"publish","type":"post","link":"https:\/\/cepronda.com\/blog\/educacion-fisica-en-la-calle-por-parte-de-los-cpr\/","title":{"rendered":"Educaci\u00f3n F\u00edsica en la calle por parte de los CPR"},"content":{"rendered":"<p>Muy buenas,&nbsp;<\/p>\n<p>Queremos compartir con todos y todas vosotras esta actividad organizada por los CPR de nuestra comarca, as\u00ed como algunos de los centros peque\u00f1os de nuestra zona, y que tiene como eje la Educaci\u00f3n F\u00edsica y el juego.&nbsp;<\/p>\n<p><em>\u00abEsta actividad est\u00e1 ideada y formada por un grupo de maestros y maestras de varios centros pertenecientes a peque\u00f1os municipios, en su mayor\u00eda rurales, que se localizan a lo largo de la sierra de M\u00e1laga y relativamente cerca de Ronda.<\/em><br \/>\n<em>Queremos llevar a cabo una jornada de diversi\u00f3n y convivencia con el juego y el deporte como ejes centrales de la actividad, en un entorno diferente al habitual de nuestras sesiones.<\/em><br \/>\n<em>Perseguimos con esta jornada un triple objetivo. Por un lado buscamos una propuesta curricular y pedag\u00f3gica motivante y significativa para los alumnos y alumnas. Por otro lado pretendemos ofrecer a nuestros chicos y chicas una oportunidad de compartir experiencias con compa\u00f1eros y compa\u00f1eras de diferentes localidades y edades a trav\u00e9s de variadas actividades l\u00fadico-did\u00e1cticas. Adem\u00e1s, intentamos fomentar entre los alumnos h\u00e1bitos de vida activa a trav\u00e9s de la actividad f\u00edsica continuada.<\/em><br \/>\n<em>Hemos organizado una serie de juegos y deportes, en su mayor\u00eda de car\u00e1cter alternativo, a trav\u00e9s de los cuales trabajaremos valores inherentes a la pr\u00e1ctica deportiva como el compa\u00f1erismo, la colaboraci\u00f3n, el respeto, el esfuerzo o las ganas de mejorar, dejando la competici\u00f3n en un segundo plano\u00bb.<\/em><\/p>\n<p>Desde el Centro de Profesorado damos la enhorabuena a todo el profesorado implicado, y seguro que pas\u00e1is un d\u00eda genial. prometemos hacer fotos y subirlas al blog.&nbsp;<\/p>\n<p>Os dejamos con enlaces a los distintos documentos que han elaborado.&nbsp;<\/p>\n<p><a href=\"http:\/\/cepronda.com\/blog\/wp-content\/uploads\/2018\/05\/ANEXOS-EF-EN-LA-CALLE.pdf\">ANEXOS EF EN LA CALLE<\/a><\/p>\n<p><a href=\"http:\/\/cepronda.com\/blog\/wp-content\/uploads\/2018\/05\/D\u00cdA-DE-LA-EDUCACI\u00d3N-F\u00cdSICA-EN-LA-CALLE.pdf\">D\u00cdA DE LA EDUCACI\u00d3N F\u00cdSICA EN LA CALLE<\/a><\/p>\n","protected":false},"excerpt":{"rendered":"<p>Muy buenas,&nbsp; Queremos compartir con todos y todas vosotras esta actividad organizada por los CPR de nuestra comarca, as\u00ed como algunos de los centros peque\u00f1os de nuestra zona, y que tiene como eje la Educaci\u00f3n F\u00edsica y el juego.&nbsp; \u00abEsta actividad est\u00e1 ideada y formada por un grupo de maestros y maestras de varios centros [&hellip;]<\/p>\n","protected":false},"author":3,"featured_media":912,"comment_status":"open","ping_status":"open","sticky":false,"template":"","format":"standard","meta":{"_crdt_document":"","advanced_seo_description":"","jetpack_seo_html_title":"","jetpack_seo_noindex":false,"jetpack_post_was_ever_published":false,"_jetpack_newsletter_access":"","_jetpack_dont_email_post_to_subs":false,"_jetpack_newsletter_tier_id":0,"_jetpack_memberships_contains_paywalled_content":false,"_jetpack_memberships_contains_paid_content":false,"footnotes":"","jetpack_publicize_message":"Educaci\u00f3n F\u00edsica en la calle por parte de los CPR y \"colegios peque\u00f1os\" de la zona el pr\u00f3ximo 30 de mayo","jetpack_publicize_feature_enabled":true,"jetpack_social_post_already_shared":true,"jetpack_social_options":{"image_generator_settings":{"template":"highway","default_image_id":0,"font":"","enabled":false},"version":2}},"categories":[5],"tags":[22],"class_list":{"0":"post-1884","1":"post","2":"type-post","3":"status-publish","4":"format-standard","5":"has-post-thumbnail","7":"category-noticias","8":"tag-ef","9":"czr-hentry"},"jetpack_publicize_connections":[],"jetpack_featured_media_url":"https:\/\/i0.wp.com\/cepronda.com\/blog\/wp-content\/uploads\/2017\/05\/jump-1154509_640.jpg?fit=480%2C640&ssl=1","jetpack_shortlink":"https:\/\/wp.me\/p8M4X7-uo","jetpack-related-posts":[{"id":1982,"url":"https:\/\/cepronda.com\/blog\/educacion-fisica-en-la-calle\/","url_meta":{"origin":1884,"position":0},"title":"Educaci\u00f3n F\u00edsica en la calle","author":"V\u00edctor Caballero","date":"31 mayo, 2018","format":false,"excerpt":"\u00a1Hola! Ayer por la ma\u00f1ana una serie de maestras y maestros de colegios rurales y colegios de nuestros pueblos se unieron para jugar y disfrutar con su alumnado con el \u00fanico fin de divertirse y promover h\u00e1bitos de vida saludable.\u00a0 Fue una jornada incre\u00edble, en la que jugaron, se divirtieron,\u2026","rel":"","context":"En \u00abNoticias\u00bb","block_context":{"text":"Noticias","link":"https:\/\/cepronda.com\/blog\/category\/noticias\/"},"img":{"alt_text":"","src":"https:\/\/i0.wp.com\/cepronda.com\/blog\/wp-content\/uploads\/2018\/05\/Foto-de-Helena-Gonzalez9.jpg?fit=1200%2C676&ssl=1&resize=350%2C200","width":350,"height":200,"srcset":"https:\/\/i0.wp.com\/cepronda.com\/blog\/wp-content\/uploads\/2018\/05\/Foto-de-Helena-Gonzalez9.jpg?fit=1200%2C676&ssl=1&resize=350%2C200 1x, https:\/\/i0.wp.com\/cepronda.com\/blog\/wp-content\/uploads\/2018\/05\/Foto-de-Helena-Gonzalez9.jpg?fit=1200%2C676&ssl=1&resize=525%2C300 1.5x, https:\/\/i0.wp.com\/cepronda.com\/blog\/wp-content\/uploads\/2018\/05\/Foto-de-Helena-Gonzalez9.jpg?fit=1200%2C676&ssl=1&resize=700%2C400 2x, https:\/\/i0.wp.com\/cepronda.com\/blog\/wp-content\/uploads\/2018\/05\/Foto-de-Helena-Gonzalez9.jpg?fit=1200%2C676&ssl=1&resize=1050%2C600 3x"},"classes":[]},{"id":2560,"url":"https:\/\/cepronda.com\/blog\/parkour-en-el-area-de-educacion-fisica\/","url_meta":{"origin":1884,"position":1},"title":"PARKOUR EN EL \u00c1REA DE EDUCACI\u00d3N F\u00cdSICA","author":"V\u00edctor Caballero","date":"8 enero, 2019","format":false,"excerpt":"Hola de nuevo, En este caso queremos contaros esta actividad dirigida al profesorado de Educaci\u00f3n F\u00edsica, aunque tendr\u00e1 preferencia el profesorado integrante del Grupo de Trabajo \"Innovar en Educaci\u00f3n F\u00edsica 3.0\". Os animamos a participar en la misma, ya que el Parkour supone una herramienta muy interesante a usar en\u2026","rel":"","context":"En \u00abFormaciones\u00bb","block_context":{"text":"Formaciones","link":"https:\/\/cepronda.com\/blog\/category\/formaciones\/"},"img":{"alt_text":"","src":"https:\/\/i0.wp.com\/cepronda.com\/blog\/wp-content\/uploads\/2019\/01\/disintegration-1819860_1920.jpg?fit=1200%2C797&ssl=1&resize=350%2C200","width":350,"height":200,"srcset":"https:\/\/i0.wp.com\/cepronda.com\/blog\/wp-content\/uploads\/2019\/01\/disintegration-1819860_1920.jpg?fit=1200%2C797&ssl=1&resize=350%2C200 1x, https:\/\/i0.wp.com\/cepronda.com\/blog\/wp-content\/uploads\/2019\/01\/disintegration-1819860_1920.jpg?fit=1200%2C797&ssl=1&resize=525%2C300 1.5x, https:\/\/i0.wp.com\/cepronda.com\/blog\/wp-content\/uploads\/2019\/01\/disintegration-1819860_1920.jpg?fit=1200%2C797&ssl=1&resize=700%2C400 2x, https:\/\/i0.wp.com\/cepronda.com\/blog\/wp-content\/uploads\/2019\/01\/disintegration-1819860_1920.jpg?fit=1200%2C797&ssl=1&resize=1050%2C600 3x"},"classes":[]},{"id":8891,"url":"https:\/\/cepronda.com\/blog\/la-inclusion-mediante-nuevos-deportes-alternativos-en-el-curriculum-de-educacion-fisica\/","url_meta":{"origin":1884,"position":2},"title":"LA INCLUSI\u00d3N MEDIANTE NUEVOS DEPORTES ALTERNATIVOS EN EL CURR\u00cdCULUM DE EDUCACI\u00d3N F\u00cdSICA","author":"V\u00edctor Caballero","date":"9 octubre, 2025","format":false,"excerpt":"Abierto el plazo de inscripci\u00f3n para el curso semipresencial\u00a0 \"LA INCLUSI\u00d3N MEDIANTE NUEVOS DEPORTES ALTERNATIVOS EN EL CURR\u00cdCULUM DE EDUCACI\u00d3N F\u00cdSICA\" c\u00f3digo 262924GE101 Destinado a docentes de la especialidad de Educaci\u00f3n F\u00edsica de centros p\u00fablicos y, en segunda estancia, para docentes de otras \u00e1reas motivados por por la atenci\u00f3n a\u2026","rel":"","context":"En \u00abFormaciones\u00bb","block_context":{"text":"Formaciones","link":"https:\/\/cepronda.com\/blog\/category\/formaciones\/"},"img":{"alt_text":"","src":"https:\/\/i0.wp.com\/cepronda.com\/blog\/wp-content\/uploads\/2025\/10\/262924GE2101-Cartel-EF.png?fit=960%2C1200&ssl=1&resize=350%2C200","width":350,"height":200,"srcset":"https:\/\/i0.wp.com\/cepronda.com\/blog\/wp-content\/uploads\/2025\/10\/262924GE2101-Cartel-EF.png?fit=960%2C1200&ssl=1&resize=350%2C200 1x, https:\/\/i0.wp.com\/cepronda.com\/blog\/wp-content\/uploads\/2025\/10\/262924GE2101-Cartel-EF.png?fit=960%2C1200&ssl=1&resize=525%2C300 1.5x, https:\/\/i0.wp.com\/cepronda.com\/blog\/wp-content\/uploads\/2025\/10\/262924GE2101-Cartel-EF.png?fit=960%2C1200&ssl=1&resize=700%2C400 2x"},"classes":[]},{"id":4128,"url":"https:\/\/cepronda.com\/blog\/danzas-urbanas-en-las-aulas-de-educacion-fisica\/","url_meta":{"origin":1884,"position":3},"title":"DANZAS URBANAS EN LAS AULAS DE EDUCACI\u00d3N F\u00cdSICA","author":"V\u00edctor Caballero","date":"22 enero, 2021","format":false,"excerpt":"Muy buenas, compa\u00f1eros y compa\u00f1eras. Se abre el plazo para participar en la actividad formativa dirigida especialmente para docentes de Educaci\u00f3n F\u00edsica:\u00a0 \" DANZAS URBANAS EN LAS AULAS DE EDUCACI\u00d3N F\u00cdSICA\", con Raquel\u00a0 Montiel como ponente. Esperamos que sea de vuestro inter\u00e9s. Un saludo. Fecha actividad:\u00a009\/02\/2021 hasta 16\/02\/2021 Fecha inscripci\u00f3n:\u00a022\/01\/2021\u2026","rel":"","context":"En \u00abFormaciones\u00bb","block_context":{"text":"Formaciones","link":"https:\/\/cepronda.com\/blog\/category\/formaciones\/"},"img":{"alt_text":"","src":"https:\/\/i0.wp.com\/cepronda.com\/blog\/wp-content\/uploads\/2021\/01\/Danza-urbana.jpg?fit=848%2C1200&ssl=1&resize=350%2C200","width":350,"height":200,"srcset":"https:\/\/i0.wp.com\/cepronda.com\/blog\/wp-content\/uploads\/2021\/01\/Danza-urbana.jpg?fit=848%2C1200&ssl=1&resize=350%2C200 1x, https:\/\/i0.wp.com\/cepronda.com\/blog\/wp-content\/uploads\/2021\/01\/Danza-urbana.jpg?fit=848%2C1200&ssl=1&resize=525%2C300 1.5x, https:\/\/i0.wp.com\/cepronda.com\/blog\/wp-content\/uploads\/2021\/01\/Danza-urbana.jpg?fit=848%2C1200&ssl=1&resize=700%2C400 2x"},"classes":[]},{"id":222,"url":"https:\/\/cepronda.com\/blog\/i-jornada-cpr-serrania-de-ronda\/","url_meta":{"origin":1884,"position":4},"title":"I Jornada CPR Serran\u00eda de Ronda","author":"V\u00edctor Caballero","date":"17 octubre, 2016","format":false,"excerpt":"Hola \"compis\", \u00bfQu\u00e9 tal vuestro fin de semana? Seguro que hab\u00e9is recargado pilas... Para todo el profesorado que trabaje en centros rurales, tanto CPR como centros que tengan al alumnado agrupado por ciclos en clase, hemos preparado las I Jornadas CPR Serran\u00eda de Ronda, donde queremos crear ese espacio de\u2026","rel":"","context":"En \u00abNoticias\u00bb","block_context":{"text":"Noticias","link":"https:\/\/cepronda.com\/blog\/category\/noticias\/"},"img":{"alt_text":"tree-996311_640","src":"https:\/\/i0.wp.com\/cepronda.com\/blog\/wp-content\/uploads\/2016\/10\/tree-996311_640-300x153.jpg?resize=350%2C200","width":350,"height":200},"classes":[]},{"id":8430,"url":"https:\/\/cepronda.com\/blog\/vii-jornadas-provinciales-de-educacion-fisica\/","url_meta":{"origin":1884,"position":5},"title":"VII JORNADAS PROVINCIALES DE EDUCACI\u00d3N F\u00cdSICA. MODELOS PEDAG\u00d3GICOS","author":"V\u00edctor Caballero","date":"1 abril, 2025","format":false,"excerpt":"Se abre el plazo de inscripci\u00f3n para las \"VII JORNADAS PROVINCIALES DE EDUCACI\u00d3N F\u00cdSICA (#EFIMA25): MODELOS PEDAG\u00d3GICOS EN EDUCACI\u00d3N F\u00cdSICA\" Dirigida al profesorado de Educaci\u00f3n F\u00edsica de la provincia de M\u00e1laga. Las fechas de realizaci\u00f3n:\u00a014 y 15 de mayo de 2025 Lugar: CEULAJ de Mollina. Fechas de inscripci\u00f3n: desde el\u2026","rel":"","context":"En \u00abFormaciones\u00bb","block_context":{"text":"Formaciones","link":"https:\/\/cepronda.com\/blog\/category\/formaciones\/"},"img":{"alt_text":"","src":"https:\/\/i0.wp.com\/cepronda.com\/blog\/wp-content\/uploads\/2025\/04\/Captura-de-pantalla-2025-04-01-a-las-12.27.42.png?fit=716%2C1009&ssl=1&resize=350%2C200","width":350,"height":200,"srcset":"https:\/\/i0.wp.com\/cepronda.com\/blog\/wp-content\/uploads\/2025\/04\/Captura-de-pantalla-2025-04-01-a-las-12.27.42.png?fit=716%2C1009&ssl=1&resize=350%2C200 1x, https:\/\/i0.wp.com\/cepronda.com\/blog\/wp-content\/uploads\/2025\/04\/Captura-de-pantalla-2025-04-01-a-las-12.27.42.png?fit=716%2C1009&ssl=1&resize=525%2C300 1.5x, https:\/\/i0.wp.com\/cepronda.com\/blog\/wp-content\/uploads\/2025\/04\/Captura-de-pantalla-2025-04-01-a-las-12.27.42.png?fit=716%2C1009&ssl=1&resize=700%2C400 2x"},"classes":[]}],"jetpack_sharing_enabled":true,"_links":{"self":[{"href":"https:\/\/cepronda.com\/blog\/wp-json\/wp\/v2\/posts\/1884","targetHints":{"allow":["GET"]}}],"collection":[{"href":"https:\/\/cepronda.com\/blog\/wp-json\/wp\/v2\/posts"}],"about":[{"href":"https:\/\/cepronda.com\/blog\/wp-json\/wp\/v2\/types\/post"}],"author":[{"embeddable":true,"href":"https:\/\/cepronda.com\/blog\/wp-json\/wp\/v2\/users\/3"}],"replies":[{"embeddable":true,"href":"https:\/\/cepronda.com\/blog\/wp-json\/wp\/v2\/comments?post=1884"}],"version-history":[{"count":1,"href":"https:\/\/cepronda.com\/blog\/wp-json\/wp\/v2\/posts\/1884\/revisions"}],"predecessor-version":[{"id":1887,"href":"https:\/\/cepronda.com\/blog\/wp-json\/wp\/v2\/posts\/1884\/revisions\/1887"}],"wp:featuredmedia":[{"embeddable":true,"href":"https:\/\/cepronda.com\/blog\/wp-json\/wp\/v2\/media\/912"}],"wp:attachment":[{"href":"https:\/\/cepronda.com\/blog\/wp-json\/wp\/v2\/media?parent=1884"}],"wp:term":[{"taxonomy":"category","embeddable":true,"href":"https:\/\/cepronda.com\/blog\/wp-json\/wp\/v2\/categories?post=1884"},{"taxonomy":"post_tag","embeddable":true,"href":"https:\/\/cepronda.com\/blog\/wp-json\/wp\/v2\/tags?post=1884"}],"curies":[{"name":"wp","href":"https:\/\/api.w.org\/{rel}","templated":true}]}}