{"id":1854,"date":"2018-05-18T09:46:44","date_gmt":"2018-05-18T07:46:44","guid":{"rendered":"http:\/\/cepronda.com\/blog\/?p=1854"},"modified":"2018-05-18T09:46:44","modified_gmt":"2018-05-18T07:46:44","slug":"gymkhana-sobre-al-andalus-del-alumnado-del-ies-rodriguez-delgado","status":"publish","type":"post","link":"https:\/\/cepronda.com\/blog\/gymkhana-sobre-al-andalus-del-alumnado-del-ies-rodriguez-delgado\/","title":{"rendered":"Gymkhana sobre Al \u00c1ndalus del alumnado del IES Rodr\u00edguez Delgado"},"content":{"rendered":"<p>\u00a1Hola!<\/p>\n<p>Seguimos compartiendo, asistiendo y hasta colaborando en vuestras actividades. En este caso el IES Rodr\u00edguez Delgado ha organizado una semana de actividades sobre Al Andalus en Ronda. Han recibido charlas, han pintado azulejos, han participado en un mosaico colectivo, han realizado rutas por distintos monumentos y ayer jueves realizaron una Gymkhana por la ciudad, recorriendo distintos monumentos y respondiendo a diversas preguntas sobre los mismos.&nbsp;<\/p>\n<p>Desde el CEP de Ronda queremos dar la enhorabuena a toda la comunidad educativa por todo el trabajo realizado. Os dejamos con fotos de algunas de las actividades.<\/p>\n<p>[ngg_images source=\u00bbgalleries\u00bb container_ids=\u00bb9&#8243; display_type=\u00bbphotocrati-nextgen_basic_slideshow\u00bb gallery_width=\u00bb600&#8243; gallery_height=\u00bb400&#8243; cycle_effect=\u00bbshuffle\u00bb cycle_interval=\u00bb5&#8243; show_thumbnail_link=\u00bb1&#8243; thumbnail_link_text=\u00bb[Mostrar miniaturas]\u00bb order_by=\u00bbsortorder\u00bb order_direction=\u00bbASC\u00bb returns=\u00bbincluded\u00bb maximum_entity_count=\u00bb500&#8243;]<\/p>\n","protected":false},"excerpt":{"rendered":"<p>\u00a1Hola! Seguimos compartiendo, asistiendo y hasta colaborando en vuestras actividades. En este caso el IES Rodr\u00edguez Delgado ha organizado una semana de actividades sobre Al Andalus en Ronda. Han recibido charlas, han pintado azulejos, han participado en un mosaico colectivo, han realizado rutas por distintos monumentos y ayer jueves realizaron una Gymkhana por la ciudad, [&hellip;]<\/p>\n","protected":false},"author":3,"featured_media":1881,"comment_status":"open","ping_status":"open","sticky":false,"template":"","format":"standard","meta":{"_crdt_document":"","advanced_seo_description":"","jetpack_seo_html_title":"","jetpack_seo_noindex":false,"jetpack_post_was_ever_published":false,"_jetpack_newsletter_access":"","_jetpack_dont_email_post_to_subs":false,"_jetpack_newsletter_tier_id":0,"_jetpack_memberships_contains_paywalled_content":false,"_jetpack_memberships_contains_paid_content":false,"footnotes":"","jetpack_publicize_message":"","jetpack_publicize_feature_enabled":true,"jetpack_social_post_already_shared":true,"jetpack_social_options":{"image_generator_settings":{"template":"highway","default_image_id":0,"font":"","enabled":false},"version":2}},"categories":[5],"tags":[101,79],"class_list":{"0":"post-1854","1":"post","2":"type-post","3":"status-publish","4":"format-standard","5":"has-post-thumbnail","7":"category-noticias","8":"tag-actividades","9":"tag-educacion-secundaria","10":"czr-hentry"},"jetpack_publicize_connections":[],"jetpack_featured_media_url":"https:\/\/i0.wp.com\/cepronda.com\/blog\/wp-content\/uploads\/2018\/05\/Foto-de-Helena-Gonzalez11.jpg?fit=1599%2C1200&ssl=1","jetpack_shortlink":"https:\/\/wp.me\/p8M4X7-tU","jetpack-related-posts":[{"id":5674,"url":"https:\/\/cepronda.com\/blog\/el-ies-dr-rodriguez-delgado-de-ronda-recibe-el-reconocimiento-del-cihar-por-su-semana-andalusi\/","url_meta":{"origin":1854,"position":0},"title":"El IES Dr. Rodr\u00edguez Delgado de Ronda recibe el reconocimiento del CIHAR por su \u201cSemana Andalus\u00ed\u201d.","author":"Inmaculada Garc\u00eda","date":"21 diciembre, 2022","format":false,"excerpt":"Buenos d\u00edas. Quer\u00edamos dar la enhorabuena al IES Dr. Rodr\u00edguez Delgado de Ronda por el reconocimiento recibido por parte del CIHAR por su \u201cSemana Andalus\u00ed\u201d. El pasado viernes 16 de diciembre, el Consejero Cultural en la Provincia de M\u00e1laga, el historiador Antonio R. Acedo, hizo entrega del reconocimiento del C\u00edrculo\u2026","rel":"","context":"En \u00abNoticias\u00bb","block_context":{"text":"Noticias","link":"https:\/\/cepronda.com\/blog\/category\/noticias\/"},"img":{"alt_text":"","src":"https:\/\/i0.wp.com\/cepronda.com\/blog\/wp-content\/uploads\/2022\/12\/Copia-de-ESTANCIAS-FORMATIVAS-EN-EMPRESAS-PARA-EL-PROFESORADO-DE-FORMACION-PROFESIONAL.png?fit=1080%2C1080&ssl=1&resize=350%2C200","width":350,"height":200,"srcset":"https:\/\/i0.wp.com\/cepronda.com\/blog\/wp-content\/uploads\/2022\/12\/Copia-de-ESTANCIAS-FORMATIVAS-EN-EMPRESAS-PARA-EL-PROFESORADO-DE-FORMACION-PROFESIONAL.png?fit=1080%2C1080&ssl=1&resize=350%2C200 1x, https:\/\/i0.wp.com\/cepronda.com\/blog\/wp-content\/uploads\/2022\/12\/Copia-de-ESTANCIAS-FORMATIVAS-EN-EMPRESAS-PARA-EL-PROFESORADO-DE-FORMACION-PROFESIONAL.png?fit=1080%2C1080&ssl=1&resize=525%2C300 1.5x, https:\/\/i0.wp.com\/cepronda.com\/blog\/wp-content\/uploads\/2022\/12\/Copia-de-ESTANCIAS-FORMATIVAS-EN-EMPRESAS-PARA-EL-PROFESORADO-DE-FORMACION-PROFESIONAL.png?fit=1080%2C1080&ssl=1&resize=700%2C400 2x, https:\/\/i0.wp.com\/cepronda.com\/blog\/wp-content\/uploads\/2022\/12\/Copia-de-ESTANCIAS-FORMATIVAS-EN-EMPRESAS-PARA-EL-PROFESORADO-DE-FORMACION-PROFESIONAL.png?fit=1080%2C1080&ssl=1&resize=1050%2C600 3x"},"classes":[]},{"id":1701,"url":"https:\/\/cepronda.com\/blog\/certamen-de-teatro-en-el-aula-ciudad-de-ronda\/","url_meta":{"origin":1854,"position":1},"title":"Certamen de Teatro en el aula \u00abCiudad de Ronda\u00bb","author":"V\u00edctor Caballero","date":"19 abril, 2018","format":false,"excerpt":"Hola de nuevo,\u00a0 En esta entrada queremos compartir con todos y todas vosotras que ya se han realizado los tres talleres vinculados al Certamen de teatro en el aula \"Ciudad de Ronda\". Adjuntamos fotos de los mismos, donde han participado 110 alumnas y alumnos en el Convento de Santo Domingo\u2026","rel":"","context":"En \u00abNoticias\u00bb","block_context":{"text":"Noticias","link":"https:\/\/cepronda.com\/blog\/category\/noticias\/"},"img":{"alt_text":"","src":"https:\/\/i0.wp.com\/cepronda.com\/blog\/wp-content\/uploads\/2018\/04\/Foto-de-Helena-Gonzalez-6.jpg?fit=860%2C1200&ssl=1&resize=350%2C200","width":350,"height":200,"srcset":"https:\/\/i0.wp.com\/cepronda.com\/blog\/wp-content\/uploads\/2018\/04\/Foto-de-Helena-Gonzalez-6.jpg?fit=860%2C1200&ssl=1&resize=350%2C200 1x, https:\/\/i0.wp.com\/cepronda.com\/blog\/wp-content\/uploads\/2018\/04\/Foto-de-Helena-Gonzalez-6.jpg?fit=860%2C1200&ssl=1&resize=525%2C300 1.5x, https:\/\/i0.wp.com\/cepronda.com\/blog\/wp-content\/uploads\/2018\/04\/Foto-de-Helena-Gonzalez-6.jpg?fit=860%2C1200&ssl=1&resize=700%2C400 2x"},"classes":[]},{"id":5493,"url":"https:\/\/cepronda.com\/blog\/el-ave-fenix-del-incendio-de-sierra-bermeja-ies-martin-rivero-ronda-malaga\/","url_meta":{"origin":1854,"position":2},"title":"El ave F\u00e9nix del incendio de Sierra Bermeja. IES Martin Rivero, Ronda (M\u00e1laga)","author":"Mamen Moreno","date":"21 septiembre, 2022","format":false,"excerpt":"Este proyecto ha sido ganador de RedeSTEAM. Las alumnas de este instituto de la Serran\u00eda de Ronda han ideado un proyecto para recuperar el suelo quemado despu\u00e9s de un incendio forestal como el acaecido en Sierra Bermeja (M\u00e1laga) en septiembre del a\u00f1o pasado. Alumnas: Clara Fern\u00e1ndez, Claudia Garc\u00eda, Alba Guerrero,\u2026","rel":"","context":"En \u00abNoticias\u00bb","block_context":{"text":"Noticias","link":"https:\/\/cepronda.com\/blog\/category\/noticias\/"},"img":{"alt_text":"","src":"https:\/\/i0.wp.com\/cepronda.com\/blog\/wp-content\/uploads\/2022\/09\/FOTO-MARTIN.jpeg?fit=734%2C512&ssl=1&resize=350%2C200","width":350,"height":200,"srcset":"https:\/\/i0.wp.com\/cepronda.com\/blog\/wp-content\/uploads\/2022\/09\/FOTO-MARTIN.jpeg?fit=734%2C512&ssl=1&resize=350%2C200 1x, https:\/\/i0.wp.com\/cepronda.com\/blog\/wp-content\/uploads\/2022\/09\/FOTO-MARTIN.jpeg?fit=734%2C512&ssl=1&resize=525%2C300 1.5x, https:\/\/i0.wp.com\/cepronda.com\/blog\/wp-content\/uploads\/2022\/09\/FOTO-MARTIN.jpeg?fit=734%2C512&ssl=1&resize=700%2C400 2x"},"classes":[]},{"id":6001,"url":"https:\/\/cepronda.com\/blog\/el-ies-gran-capitan-de-cordoba-y-martin-rivero-de-ronda-logran-el-primer-premio-ciccartuja-futuros-investigadores\/","url_meta":{"origin":1854,"position":3},"title":"El IES Gran Capit\u00e1n de C\u00f3rdoba y Mart\u00edn Rivero de Ronda, logran el primer Premio CicCartuja \u201cfuturos investigadores\u201d","author":"Inmaculada Garc\u00eda","date":"17 mayo, 2023","format":false,"excerpt":"Desde el CEP de Ronda queremos dar la enhorabuena al alumnado y al profesorado del I.E.S. MArt\u00edn Rivero (Ronda) por su premio. \u201cDocumentales y Youtube: En busca de ideas para nuevas investigaciones\u201d es el t\u00edtulo del trabajo realizado de manera simult\u00e1nea durante este curso escolar en los IES Gran Capit\u00e1n\u2026","rel":"","context":"En \u00abNoticias\u00bb","block_context":{"text":"Noticias","link":"https:\/\/cepronda.com\/blog\/category\/noticias\/"},"img":{"alt_text":"","src":"https:\/\/i0.wp.com\/cepronda.com\/blog\/wp-content\/uploads\/2023\/05\/Entrega-premio-total.jpg?fit=853%2C841&ssl=1&resize=350%2C200","width":350,"height":200,"srcset":"https:\/\/i0.wp.com\/cepronda.com\/blog\/wp-content\/uploads\/2023\/05\/Entrega-premio-total.jpg?fit=853%2C841&ssl=1&resize=350%2C200 1x, https:\/\/i0.wp.com\/cepronda.com\/blog\/wp-content\/uploads\/2023\/05\/Entrega-premio-total.jpg?fit=853%2C841&ssl=1&resize=525%2C300 1.5x, https:\/\/i0.wp.com\/cepronda.com\/blog\/wp-content\/uploads\/2023\/05\/Entrega-premio-total.jpg?fit=853%2C841&ssl=1&resize=700%2C400 2x"},"classes":[]},{"id":408,"url":"https:\/\/cepronda.com\/blog\/iv-certamen-de-teatro-ciudad-de-ronda\/","url_meta":{"origin":1854,"position":4},"title":"IV CERTAMEN DE TEATRO CIUDAD DE RONDA","author":"V\u00edctor Caballero","date":"1 diciembre, 2016","format":false,"excerpt":"Nos es grato anunciaros que desde hoy 1 DE DICIEMBRE est\u00e1n abiertos los formularios de inscripci\u00f3n y participaci\u00f3n como p\u00fablico en el\u00a0 IV CERTAMEN DE TEATRO \"CIUDAD DE RONDA\" que ya est\u00e1 convirti\u00e9ndose en un cl\u00e1sico en nuestra ciudad: El IES Dr. Rodr\u00edguez Delgado a trav\u00e9s de su Departamento de\u2026","rel":"","context":"En \u00abNoticias\u00bb","block_context":{"text":"Noticias","link":"https:\/\/cepronda.com\/blog\/category\/noticias\/"},"img":{"alt_text":"theater-1477670_1280","src":"https:\/\/i0.wp.com\/cepronda.com\/blog\/wp-content\/uploads\/2016\/12\/theater-1477670_1280-300x199.jpg?resize=350%2C200","width":350,"height":200},"classes":[]},{"id":5644,"url":"https:\/\/cepronda.com\/blog\/actividades-formativas-del-cep-de-ronda-para-el-curso-22-23\/","url_meta":{"origin":1854,"position":5},"title":"ACTIVIDADES FORMATIVAS DEL CEP DE RONDA para el CURSO 22-23","author":"Inmaculada Garc\u00eda","date":"7 diciembre, 2022","format":false,"excerpt":"Buenos d\u00edas, compa\u00f1eros y compa\u00f1eras. Os compartimos nuestro cartel vivo con las ACTIVIDADES FORMATIVAS DEL CEP DE RONDA para el CURSO 22-23 \u00a0Pincha en el enlace 00-Cartel vivo CEP QR o escanea el c\u00f3digo QR para visualizar la relaci\u00f3n de actividades formativas del CEP de Ronda para este curso.","rel":"","context":"En \u00abNoticias\u00bb","block_context":{"text":"Noticias","link":"https:\/\/cepronda.com\/blog\/category\/noticias\/"},"img":{"alt_text":"","src":"https:\/\/i0.wp.com\/cepronda.com\/blog\/wp-content\/uploads\/2022\/12\/Diseno-sin-titulo.png?fit=848%2C1200&ssl=1&resize=350%2C200","width":350,"height":200,"srcset":"https:\/\/i0.wp.com\/cepronda.com\/blog\/wp-content\/uploads\/2022\/12\/Diseno-sin-titulo.png?fit=848%2C1200&ssl=1&resize=350%2C200 1x, https:\/\/i0.wp.com\/cepronda.com\/blog\/wp-content\/uploads\/2022\/12\/Diseno-sin-titulo.png?fit=848%2C1200&ssl=1&resize=525%2C300 1.5x, https:\/\/i0.wp.com\/cepronda.com\/blog\/wp-content\/uploads\/2022\/12\/Diseno-sin-titulo.png?fit=848%2C1200&ssl=1&resize=700%2C400 2x"},"classes":[]}],"jetpack_sharing_enabled":true,"_links":{"self":[{"href":"https:\/\/cepronda.com\/blog\/wp-json\/wp\/v2\/posts\/1854","targetHints":{"allow":["GET"]}}],"collection":[{"href":"https:\/\/cepronda.com\/blog\/wp-json\/wp\/v2\/posts"}],"about":[{"href":"https:\/\/cepronda.com\/blog\/wp-json\/wp\/v2\/types\/post"}],"author":[{"embeddable":true,"href":"https:\/\/cepronda.com\/blog\/wp-json\/wp\/v2\/users\/3"}],"replies":[{"embeddable":true,"href":"https:\/\/cepronda.com\/blog\/wp-json\/wp\/v2\/comments?post=1854"}],"version-history":[{"count":1,"href":"https:\/\/cepronda.com\/blog\/wp-json\/wp\/v2\/posts\/1854\/revisions"}],"predecessor-version":[{"id":1882,"href":"https:\/\/cepronda.com\/blog\/wp-json\/wp\/v2\/posts\/1854\/revisions\/1882"}],"wp:featuredmedia":[{"embeddable":true,"href":"https:\/\/cepronda.com\/blog\/wp-json\/wp\/v2\/media\/1881"}],"wp:attachment":[{"href":"https:\/\/cepronda.com\/blog\/wp-json\/wp\/v2\/media?parent=1854"}],"wp:term":[{"taxonomy":"category","embeddable":true,"href":"https:\/\/cepronda.com\/blog\/wp-json\/wp\/v2\/categories?post=1854"},{"taxonomy":"post_tag","embeddable":true,"href":"https:\/\/cepronda.com\/blog\/wp-json\/wp\/v2\/tags?post=1854"}],"curies":[{"name":"wp","href":"https:\/\/api.w.org\/{rel}","templated":true}]}}