{"id":1798,"date":"2018-05-14T12:15:41","date_gmt":"2018-05-14T10:15:41","guid":{"rendered":"http:\/\/cepronda.com\/blog\/?p=1798"},"modified":"2018-05-14T12:27:22","modified_gmt":"2018-05-14T10:27:22","slug":"un-patio-muy-molon-en-el-ceip-martin-pinzon","status":"publish","type":"post","link":"https:\/\/cepronda.com\/blog\/un-patio-muy-molon-en-el-ceip-martin-pinzon\/","title":{"rendered":"Un patio muy \u00abmol\u00f3n\u00bb en el CEIP Juan Mart\u00edn Pinz\u00f3n"},"content":{"rendered":"<p>\u00a1Hola de nuevo!<\/p>\n<p>Este fin de semana ha sido muy intenso en Ronda, y no lo decimos s\u00f3lo por la celebraci\u00f3n de los 101 km, sino que hoy hemos conocido que un grupo de familias pertenecientes al AMPA del CEIP Juan Mart\u00edn Pinz\u00f3n&nbsp; han estado estos d\u00edas renovando las pistas polideportivas. El resultados, como ver\u00e9is en las fotograf\u00edas es espectacular.<\/p>\n<p>[ngg_images source=\u00bbgalleries\u00bb container_ids=\u00bb7&#8243; display_type=\u00bbphotocrati-nextgen_basic_slideshow\u00bb gallery_width=\u00bb600&#8243; gallery_height=\u00bb400&#8243; cycle_effect=\u00bbshuffle\u00bb cycle_interval=\u00bb5&#8243; show_thumbnail_link=\u00bb1&#8243; thumbnail_link_text=\u00bb[Mostrar miniaturas]\u00bb order_by=\u00bbsortorder\u00bb order_direction=\u00bbASC\u00bb returns=\u00bbincluded\u00bb maximum_entity_count=\u00bb500&#8243;]<\/p>\n<p>&nbsp;<\/p>\n<p>Desde el CEP queremos dar la enhorabuena a todas las personas que han realizado estas maravillas, y felicitar al alumnado que a partir de hoy mismo podr\u00e1 disfrutarlas.&nbsp;<\/p>\n<p>&nbsp;<\/p>\n","protected":false},"excerpt":{"rendered":"<p>\u00a1Hola de nuevo! Este fin de semana ha sido muy intenso en Ronda, y no lo decimos s\u00f3lo por la celebraci\u00f3n de los 101 km, sino que hoy hemos conocido que un grupo de familias pertenecientes al AMPA del CEIP Juan Mart\u00edn Pinz\u00f3n&nbsp; han estado estos d\u00edas renovando las pistas polideportivas. El resultados, como ver\u00e9is [&hellip;]<\/p>\n","protected":false},"author":3,"featured_media":1811,"comment_status":"open","ping_status":"open","sticky":false,"template":"","format":"standard","meta":{"_crdt_document":"","advanced_seo_description":"","jetpack_seo_html_title":"","jetpack_seo_noindex":false,"jetpack_post_was_ever_published":false,"_jetpack_newsletter_access":"","_jetpack_dont_email_post_to_subs":false,"_jetpack_newsletter_tier_id":0,"_jetpack_memberships_contains_paywalled_content":false,"_jetpack_memberships_contains_paid_content":false,"footnotes":"","jetpack_publicize_message":"","jetpack_publicize_feature_enabled":true,"jetpack_social_post_already_shared":true,"jetpack_social_options":{"image_generator_settings":{"template":"highway","default_image_id":0,"font":"","enabled":false},"version":2}},"categories":[5],"tags":[131],"class_list":{"0":"post-1798","1":"post","2":"type-post","3":"status-publish","4":"format-standard","5":"has-post-thumbnail","7":"category-noticias","8":"tag-famlias","9":"czr-hentry"},"jetpack_publicize_connections":[],"jetpack_featured_media_url":"https:\/\/i0.wp.com\/cepronda.com\/blog\/wp-content\/uploads\/2018\/05\/Foto-de-Helena-Gonzalez3.jpg?fit=1024%2C768&ssl=1","jetpack_shortlink":"https:\/\/wp.me\/p8M4X7-t0","jetpack-related-posts":[{"id":2550,"url":"https:\/\/cepronda.com\/blog\/trabajando-el-dia-de-la-lectura-en-nuestros-centros\/","url_meta":{"origin":1798,"position":0},"title":"Trabajando el d\u00eda de la lectura en nuestros centros","author":"V\u00edctor Caballero","date":"20 diciembre, 2018","format":false,"excerpt":"Muy buenas familia, nos est\u00e1n llegando algunos ejemplos de las actividades que hab\u00e9is trabajado en vuestros centros con motivo del D\u00eda de la Lectura. En este caso se trata de una actividad del CEIP Juan Mart\u00edn Pinz\u00f3n donde decidieron homenajear a las Misiones Pedag\u00f3gicas, y por otro lado el CEIP\u2026","rel":"","context":"En \u00abNoticias\u00bb","block_context":{"text":"Noticias","link":"https:\/\/cepronda.com\/blog\/category\/noticias\/"},"img":{"alt_text":"","src":"https:\/\/i0.wp.com\/cepronda.com\/blog\/wp-content\/uploads\/2018\/12\/girl-160172_1280.png?fit=600%2C1200&ssl=1&resize=350%2C200","width":350,"height":200,"srcset":"https:\/\/i0.wp.com\/cepronda.com\/blog\/wp-content\/uploads\/2018\/12\/girl-160172_1280.png?fit=600%2C1200&ssl=1&resize=350%2C200 1x, https:\/\/i0.wp.com\/cepronda.com\/blog\/wp-content\/uploads\/2018\/12\/girl-160172_1280.png?fit=600%2C1200&ssl=1&resize=525%2C300 1.5x"},"classes":[]},{"id":1597,"url":"https:\/\/cepronda.com\/blog\/cuaderno-iseneca-en-el-ceip-juan-martin-pinzon\/","url_meta":{"origin":1798,"position":1},"title":"CUADERNO ISENECA EN EL CEIP JUAN MART\u00cdN PINZ\u00d3N","author":"V\u00edctor Caballero","date":"6 febrero, 2018","format":false,"excerpt":"Hola familia,\u00a0 Abrimos este curso para resto de profesorado interesado en conocer el uso del cuaderno IS\u00e9neca. Est\u00e1 orientado para profesorado de Educaci\u00f3n Primaria e Infantil.\u00a0 Toda la informaci\u00f3n la ten\u00e9is en el siguiente enlace o bien haciendo clic en la imagen.","rel":"","context":"En \u00abFormaciones\u00bb","block_context":{"text":"Formaciones","link":"https:\/\/cepronda.com\/blog\/category\/formaciones\/"},"img":{"alt_text":"","src":"https:\/\/i0.wp.com\/cepronda.com\/blog\/wp-content\/uploads\/2017\/05\/CvIM0y6WcAA7hen.jpg?fit=673%2C305&ssl=1&resize=350%2C200","width":350,"height":200,"srcset":"https:\/\/i0.wp.com\/cepronda.com\/blog\/wp-content\/uploads\/2017\/05\/CvIM0y6WcAA7hen.jpg?fit=673%2C305&ssl=1&resize=350%2C200 1x, https:\/\/i0.wp.com\/cepronda.com\/blog\/wp-content\/uploads\/2017\/05\/CvIM0y6WcAA7hen.jpg?fit=673%2C305&ssl=1&resize=525%2C300 1.5x"},"classes":[]},{"id":2547,"url":"https:\/\/cepronda.com\/blog\/2-fotografias-de-nuestros-centros-en-el-calendario-stop-violencia-de-genero\/","url_meta":{"origin":1798,"position":2},"title":"2 fotograf\u00edas de nuestros centros en el calendario STOP Violencia de G\u00e9nero","author":"V\u00edctor Caballero","date":"20 diciembre, 2018","format":false,"excerpt":"Un nuevo calendario recoge los trabajos presentados a la novena edici\u00f3n del Concurso de Fotograf\u00eda \u201c\u00a1Stop! Violencia de g\u00e9nero\u201d. La delegada territorial de Educaci\u00f3n, Patricia Alba, la coordinadora provincial del Instituto Andaluz de la Mujer, Mar\u00eda del Carmen Moreno, y la responsable de la Unidad de Solidaridad Social y Educaci\u00f3n\u2026","rel":"","context":"En \u00abNoticias\u00bb","block_context":{"text":"Noticias","link":"https:\/\/cepronda.com\/blog\/category\/noticias\/"},"img":{"alt_text":"","src":"https:\/\/i0.wp.com\/cepronda.com\/blog\/wp-content\/uploads\/2018\/12\/calendario-2019-final-1-2.jpg?resize=350%2C200&ssl=1","width":350,"height":200,"srcset":"https:\/\/i0.wp.com\/cepronda.com\/blog\/wp-content\/uploads\/2018\/12\/calendario-2019-final-1-2.jpg?resize=350%2C200&ssl=1 1x, https:\/\/i0.wp.com\/cepronda.com\/blog\/wp-content\/uploads\/2018\/12\/calendario-2019-final-1-2.jpg?resize=525%2C300&ssl=1 1.5x, https:\/\/i0.wp.com\/cepronda.com\/blog\/wp-content\/uploads\/2018\/12\/calendario-2019-final-1-2.jpg?resize=700%2C400&ssl=1 2x, https:\/\/i0.wp.com\/cepronda.com\/blog\/wp-content\/uploads\/2018\/12\/calendario-2019-final-1-2.jpg?resize=1050%2C600&ssl=1 3x, https:\/\/i0.wp.com\/cepronda.com\/blog\/wp-content\/uploads\/2018\/12\/calendario-2019-final-1-2.jpg?resize=1400%2C800&ssl=1 4x"},"classes":[]},{"id":2784,"url":"https:\/\/cepronda.com\/blog\/i-marcha-solidaria-a-favor-de-la-asociacion-de-fenilcetonuria-y-otm-de-andalucia-oriental\/","url_meta":{"origin":1798,"position":3},"title":"I marcha solidaria a favor de la Asociaci\u00f3n de Fenilcetonuria y OTM de Andaluc\u00eda Oriental","author":"V\u00edctor Caballero","date":"7 mayo, 2019","format":false,"excerpt":"Hola muy buenas familia, Desde el AMPA del CEIP MArt\u00edn Pinz\u00f3n de Ronda nos invitan a la I MARCHA SOLIDARIA A FAVOR DE LA ASOCIACI\u00d3N DE FENILCETONURIA Y OTROS TRASTORNOS METAB\u00d3LICOS PARA ANDALUC\u00cdA ORIENTAL - ASPYO METABOLICS- que se celebrar\u00e1 en Ronda el d\u00eda 2\u00a0 de Junio de 2019 Domingo.\u2026","rel":"","context":"En \u00abNoticias\u00bb","block_context":{"text":"Noticias","link":"https:\/\/cepronda.com\/blog\/category\/noticias\/"},"img":{"alt_text":"","src":"https:\/\/i0.wp.com\/cepronda.com\/blog\/wp-content\/uploads\/2019\/05\/Cartel-marcha-1.jpg?resize=350%2C200&ssl=1","width":350,"height":200,"srcset":"https:\/\/i0.wp.com\/cepronda.com\/blog\/wp-content\/uploads\/2019\/05\/Cartel-marcha-1.jpg?resize=350%2C200&ssl=1 1x, https:\/\/i0.wp.com\/cepronda.com\/blog\/wp-content\/uploads\/2019\/05\/Cartel-marcha-1.jpg?resize=525%2C300&ssl=1 1.5x, https:\/\/i0.wp.com\/cepronda.com\/blog\/wp-content\/uploads\/2019\/05\/Cartel-marcha-1.jpg?resize=700%2C400&ssl=1 2x, https:\/\/i0.wp.com\/cepronda.com\/blog\/wp-content\/uploads\/2019\/05\/Cartel-marcha-1.jpg?resize=1050%2C600&ssl=1 3x, https:\/\/i0.wp.com\/cepronda.com\/blog\/wp-content\/uploads\/2019\/05\/Cartel-marcha-1.jpg?resize=1400%2C800&ssl=1 4x"},"classes":[]},{"id":614,"url":"https:\/\/cepronda.com\/blog\/semana-muy-intensa\/","url_meta":{"origin":1798,"position":4},"title":"Semana muy intensa","author":"V\u00edctor Caballero","date":"30 enero, 2017","format":false,"excerpt":"Muy buenas, Seguimos con las actividad intensa con la que hemos comenzado este trimestre, y con la que esperamos poder satisfacer vuestras demandas e intereses. Hoy lunes tenemos la primera sesi\u00f3n del curso \"Cuaderno del Profesor de Seneca-Pasen\", donde aprenderemos a usar esta potente herramienta, y como nos puede facilitar\u2026","rel":"","context":"En \u00abNoticias\u00bb","block_context":{"text":"Noticias","link":"https:\/\/cepronda.com\/blog\/category\/noticias\/"},"img":{"alt_text":"","src":"","width":0,"height":0},"classes":[]},{"id":9529,"url":"https:\/\/cepronda.com\/blog\/psicomotricidad-e-inclusion-en-la-etapa-de-educacion-infantil\/","url_meta":{"origin":1798,"position":5},"title":"PSICOMOTRICIDAD E INCLUSI\u00d3N EN LA ETAPA DE EDUCACI\u00d3N INFANTIL","author":"V\u00edctor Caballero","date":"27 abril, 2026","format":false,"excerpt":"\u27a1\ufe0fSe convoca la actividad PSICOMOTRICIDAD E INCLUSI\u00d3N EN LA ETAPA DE EDUCACI\u00d3N INFANTIL con c\u00f3digo 262924GE106 dirigida al profesorado de educaci\u00f3n f\u00edsica y educaci\u00f3n infantil de centros p\u00fablicos y conveniados. \ud83d\udea8 IMPORTANTE leer el detalle de la actividad al completo. \u23f3 PLAZO DE INSCRIPCI\u00d3N: desde el 27 de abril al\u2026","rel":"","context":"En \u00abFormaciones\u00bb","block_context":{"text":"Formaciones","link":"https:\/\/cepronda.com\/blog\/category\/formaciones\/"},"img":{"alt_text":"","src":"https:\/\/i0.wp.com\/cepronda.com\/blog\/wp-content\/uploads\/2026\/04\/262924GE106-Cartel-curso-Psicomotricidad.png?fit=960%2C1200&ssl=1&resize=350%2C200","width":350,"height":200,"srcset":"https:\/\/i0.wp.com\/cepronda.com\/blog\/wp-content\/uploads\/2026\/04\/262924GE106-Cartel-curso-Psicomotricidad.png?fit=960%2C1200&ssl=1&resize=350%2C200 1x, https:\/\/i0.wp.com\/cepronda.com\/blog\/wp-content\/uploads\/2026\/04\/262924GE106-Cartel-curso-Psicomotricidad.png?fit=960%2C1200&ssl=1&resize=525%2C300 1.5x, https:\/\/i0.wp.com\/cepronda.com\/blog\/wp-content\/uploads\/2026\/04\/262924GE106-Cartel-curso-Psicomotricidad.png?fit=960%2C1200&ssl=1&resize=700%2C400 2x"},"classes":[]}],"jetpack_sharing_enabled":true,"_links":{"self":[{"href":"https:\/\/cepronda.com\/blog\/wp-json\/wp\/v2\/posts\/1798","targetHints":{"allow":["GET"]}}],"collection":[{"href":"https:\/\/cepronda.com\/blog\/wp-json\/wp\/v2\/posts"}],"about":[{"href":"https:\/\/cepronda.com\/blog\/wp-json\/wp\/v2\/types\/post"}],"author":[{"embeddable":true,"href":"https:\/\/cepronda.com\/blog\/wp-json\/wp\/v2\/users\/3"}],"replies":[{"embeddable":true,"href":"https:\/\/cepronda.com\/blog\/wp-json\/wp\/v2\/comments?post=1798"}],"version-history":[{"count":3,"href":"https:\/\/cepronda.com\/blog\/wp-json\/wp\/v2\/posts\/1798\/revisions"}],"predecessor-version":[{"id":1853,"href":"https:\/\/cepronda.com\/blog\/wp-json\/wp\/v2\/posts\/1798\/revisions\/1853"}],"wp:featuredmedia":[{"embeddable":true,"href":"https:\/\/cepronda.com\/blog\/wp-json\/wp\/v2\/media\/1811"}],"wp:attachment":[{"href":"https:\/\/cepronda.com\/blog\/wp-json\/wp\/v2\/media?parent=1798"}],"wp:term":[{"taxonomy":"category","embeddable":true,"href":"https:\/\/cepronda.com\/blog\/wp-json\/wp\/v2\/categories?post=1798"},{"taxonomy":"post_tag","embeddable":true,"href":"https:\/\/cepronda.com\/blog\/wp-json\/wp\/v2\/tags?post=1798"}],"curies":[{"name":"wp","href":"https:\/\/api.w.org\/{rel}","templated":true}]}}