{"id":1793,"date":"2018-05-14T09:21:18","date_gmt":"2018-05-14T07:21:18","guid":{"rendered":"http:\/\/cepronda.com\/blog\/?p=1793"},"modified":"2025-04-28T11:59:16","modified_gmt":"2025-04-28T09:59:16","slug":"convocatoria-de-puestos-especificos","status":"publish","type":"post","link":"https:\/\/cepronda.com\/blog\/convocatoria-de-puestos-especificos\/","title":{"rendered":"Convocatoria de puestos espec\u00edficos"},"content":{"rendered":"<p>Muy buenas a todo el mundo,&nbsp;<\/p>\n<p>Comenzamos la semana compartiendo la&nbsp;Resoluci\u00f3n de 8 de mayo de 2018 de la Delegaci\u00f3n Territorial de la Consejer\u00eda de Educaci\u00f3n de la Junta de Andaluc\u00eda en Sevilla, por la que se realiza convocatoria para la cobertura, con ocasi\u00f3n de vacante y, en su caso concesi\u00f3n de continuidades, de puestos docentes espec\u00edficos de los cuerpos de Maestros, Profesores de Educaci\u00f3n Secundaria y Profesores T\u00e9cnicos de Formaci\u00f3n Profesional para el curso 2018\/2019.<\/p>\n<p>Si <a href=\"http:\/\/www.juntadeandalucia.es\/educacion\/portals\/web\/ced\/normativa\/-\/normativas\/detalle\/resolucion-de-8-de-mayo-de-2018-de-la-delegacion-territorial-de-la-consejeria-de-educacion-de-la-junta-de-andalucia-en\" target=\"_blank\" rel=\"noopener\">segu\u00eds este enlace<\/a> pod\u00e9is acceder a toda la informaci\u00f3n en la web de la Consejer\u00eda. Un saludo.<\/p>\n<p><a href=\"http:\/\/www.juntadeandalucia.es\/educacion\/portals\/web\/ced\/normativa\/-\/normativas\/detalle\/resolucion-de-8-de-mayo-de-2018-de-la-delegacion-territorial-de-la-consejeria-de-educacion-de-la-junta-de-andalucia-en\" target=\"_blank\" rel=\"noopener\"><img data-recalc-dims=\"1\" loading=\"lazy\" decoding=\"async\" class=\"aligncenter wp-image-848 size-medium\" src=\"https:\/\/i0.wp.com\/cepronda.com\/blog\/wp-content\/uploads\/2017\/05\/logo_ja_ce_mejor-300x246.jpg?resize=300%2C246\" alt=\"\" width=\"300\" height=\"246\" srcset=\"https:\/\/i0.wp.com\/cepronda.com\/blog\/wp-content\/uploads\/2017\/05\/logo_ja_ce_mejor.jpg?resize=300%2C246&amp;ssl=1 300w, https:\/\/i0.wp.com\/cepronda.com\/blog\/wp-content\/uploads\/2017\/05\/logo_ja_ce_mejor.jpg?w=732&amp;ssl=1 732w\" sizes=\"auto, (max-width: 300px) 100vw, 300px\" \/><\/a><\/p>\n","protected":false},"excerpt":{"rendered":"<p>Muy buenas a todo el mundo,&nbsp; Comenzamos la semana compartiendo la&nbsp;Resoluci\u00f3n de 8 de mayo de 2018 de la Delegaci\u00f3n Territorial de la Consejer\u00eda de Educaci\u00f3n de la Junta de Andaluc\u00eda en Sevilla, por la que se realiza convocatoria para la cobertura, con ocasi\u00f3n de vacante y, en su caso concesi\u00f3n de continuidades, de puestos [&hellip;]<\/p>\n","protected":false},"author":3,"featured_media":848,"comment_status":"open","ping_status":"open","sticky":false,"template":"","format":"standard","meta":{"_crdt_document":"","advanced_seo_description":"","jetpack_seo_html_title":"","jetpack_seo_noindex":false,"jetpack_post_was_ever_published":false,"_jetpack_newsletter_access":"","_jetpack_dont_email_post_to_subs":false,"_jetpack_newsletter_tier_id":0,"_jetpack_memberships_contains_paywalled_content":false,"_jetpack_memberships_contains_paid_content":false,"footnotes":"","jetpack_publicize_message":"Convocatoria de puestos espec\u00edficos para el pr\u00f3ximo curso escolar 2018\/19","jetpack_publicize_feature_enabled":true,"jetpack_social_post_already_shared":true,"jetpack_social_options":{"image_generator_settings":{"template":"highway","default_image_id":0,"font":"","enabled":false},"version":2}},"categories":[3,5],"tags":[54],"class_list":{"0":"post-1793","1":"post","2":"type-post","3":"status-publish","4":"format-standard","5":"has-post-thumbnail","7":"category-formaciones","8":"category-noticias","9":"tag-normativa","10":"czr-hentry"},"jetpack_publicize_connections":[],"jetpack_featured_media_url":"https:\/\/i0.wp.com\/cepronda.com\/blog\/wp-content\/uploads\/2017\/05\/logo_ja_ce_mejor.jpg?fit=732%2C600&ssl=1","jetpack_shortlink":"https:\/\/wp.me\/p8M4X7-sV","jetpack-related-posts":[{"id":5179,"url":"https:\/\/cepronda.com\/blog\/provision-de-puestos-docentes-para-el-desarrollo-de-funciones-de-impulso-de-la-formacion-profesional-dual\/","url_meta":{"origin":1793,"position":0},"title":"Provisi\u00f3n de puestos docentes para el desarrollo de funciones de impulso de la Formaci\u00f3n Profesional Dual","author":"Inmaculada Garc\u00eda","date":"17 marzo, 2022","format":false,"excerpt":"Buenos d\u00edas, compa\u00f1eros y compa\u00f1eras. Ha salido publicada la convocatoria p\u00fablica para la provisi\u00f3n de puestos docentes para el desarrollo de funciones de impulso de la Formaci\u00f3n Profesional Dual mediante el trabajo en red. Convocatoria, mediante concurso de m\u00e9ritos, para la selecci\u00f3n y nombramiento de cincuenta docentes con funciones de\u2026","rel":"","context":"En \u00abNoticias\u00bb","block_context":{"text":"Noticias","link":"https:\/\/cepronda.com\/blog\/category\/noticias\/"},"img":{"alt_text":"","src":"https:\/\/i0.wp.com\/cepronda.com\/blog\/wp-content\/uploads\/2022\/03\/Copia-de-ESTANCIAS-FORMATIVAS-EN-EMPRESAS-PARA-EL-PROFESORADO-DE-FORMACION-PROFESIONAL-1.png?fit=1080%2C1080&ssl=1&resize=350%2C200","width":350,"height":200,"srcset":"https:\/\/i0.wp.com\/cepronda.com\/blog\/wp-content\/uploads\/2022\/03\/Copia-de-ESTANCIAS-FORMATIVAS-EN-EMPRESAS-PARA-EL-PROFESORADO-DE-FORMACION-PROFESIONAL-1.png?fit=1080%2C1080&ssl=1&resize=350%2C200 1x, https:\/\/i0.wp.com\/cepronda.com\/blog\/wp-content\/uploads\/2022\/03\/Copia-de-ESTANCIAS-FORMATIVAS-EN-EMPRESAS-PARA-EL-PROFESORADO-DE-FORMACION-PROFESIONAL-1.png?fit=1080%2C1080&ssl=1&resize=525%2C300 1.5x, https:\/\/i0.wp.com\/cepronda.com\/blog\/wp-content\/uploads\/2022\/03\/Copia-de-ESTANCIAS-FORMATIVAS-EN-EMPRESAS-PARA-EL-PROFESORADO-DE-FORMACION-PROFESIONAL-1.png?fit=1080%2C1080&ssl=1&resize=700%2C400 2x, https:\/\/i0.wp.com\/cepronda.com\/blog\/wp-content\/uploads\/2022\/03\/Copia-de-ESTANCIAS-FORMATIVAS-EN-EMPRESAS-PARA-EL-PROFESORADO-DE-FORMACION-PROFESIONAL-1.png?fit=1080%2C1080&ssl=1&resize=1050%2C600 3x"},"classes":[]},{"id":4134,"url":"https:\/\/cepronda.com\/blog\/2a-convocatoria-regional-oferta-formativa\/","url_meta":{"origin":1793,"position":1},"title":"2\u00aa Convocatoria Regional. Oferta formativa","author":"Maribel Mu\u00f1oz","date":"1 febrero, 2021","format":false,"excerpt":"Buenas tardes compa\u00f1eras y compa\u00f1eros , Os informamos que ya es posible consultar la oferta formativa de la 2\u00aa Convocatoria Regional de la Consejer\u00eda de Educaci\u00f3n y Deporte. El plazo de inscripci\u00f3n ser\u00e1 del 8 de febrero\u00a0 a las 15:00 h, hasta el\u00a0 11 de febrero\u00a0 a las 15:00h. Deseamos\u2026","rel":"","context":"En \u00abFormaciones\u00bb","block_context":{"text":"Formaciones","link":"https:\/\/cepronda.com\/blog\/category\/formaciones\/"},"img":{"alt_text":"","src":"https:\/\/i0.wp.com\/cepronda.com\/blog\/wp-content\/uploads\/2020\/09\/Logo-progamas-de-formacion-oficial.jpg?resize=350%2C200","width":350,"height":200},"classes":[]},{"id":3816,"url":"https:\/\/cepronda.com\/blog\/1o-convocatoria-regional-oferta-formativa\/","url_meta":{"origin":1793,"position":2},"title":"1\u00ba Convocatoria Regional. Oferta formativa.","author":"Maribel Mu\u00f1oz","date":"7 octubre, 2020","format":false,"excerpt":"Buenas tardes compa\u00f1eras y compa\u00f1eros , Os informamos que ya es posible consultar la oferta formativa de la 1\u00aa Convocatoria Regional de la Consejer\u00eda de Educaci\u00f3n y Deporte. El plazo de inscripci\u00f3n ser\u00e1 del 15 de octubre a las 15: 00 h hasta el 19 de octubre a las 15:00h.\u2026","rel":"","context":"En \u00abFormaciones\u00bb","block_context":{"text":"Formaciones","link":"https:\/\/cepronda.com\/blog\/category\/formaciones\/"},"img":{"alt_text":"","src":"https:\/\/i0.wp.com\/cepronda.com\/blog\/wp-content\/uploads\/2020\/10\/Cursos-oferta-formativa-300x130.jpg?resize=350%2C200","width":350,"height":200},"classes":[]},{"id":4488,"url":"https:\/\/cepronda.com\/blog\/convocatoria-vacantes-direcciones-cep\/","url_meta":{"origin":1793,"position":3},"title":"Convocatoria vacantes direcciones CEP","author":"Mar\u00eda Jos\u00e9 M\u00e1rquez","date":"26 abril, 2021","format":false,"excerpt":"Estimados compa\u00f1eros y estimadas compa\u00f1eras, os informamos que se ha publicado la Resoluci\u00f3n de 12 de abril de 2021, de la Direcci\u00f3n General de Formaci\u00f3n del Profesorado e Innovaci\u00f3n Educativa, por la que se efect\u00faa la convocatoria para la provisi\u00f3n de plazas vacantes de directores y directoras en Centros del\u2026","rel":"","context":"En \u00abNoticias\u00bb","block_context":{"text":"Noticias","link":"https:\/\/cepronda.com\/blog\/category\/noticias\/"},"img":{"alt_text":"","src":"","width":0,"height":0},"classes":[]},{"id":5443,"url":"https:\/\/cepronda.com\/blog\/convocatoria-regional-infantil-primer-ciclo-0-3-anos\/","url_meta":{"origin":1793,"position":4},"title":"CONVOCATORIA REGIONAL INFANTIL (Primer Ciclo 0-3 a\u00f1os)","author":"Mamen Moreno","date":"20 septiembre, 2022","format":false,"excerpt":"Os informamos de que el pr\u00f3ximo viernes 23 de septiembre se abrir\u00e1 el plazo para solicitar la inscripci\u00f3n en las formaciones ofertadas en la Convocatoria Regional Infantil (Primer Ciclo 0-3 a\u00f1os), del Servicio de Planes de Formaci\u00f3n de la\u00a0D.G. de Tecnolog\u00edas Avanzadas y Transformaci\u00f3n Educativa de la\u00a0Consejer\u00eda de Desarrollo Educativo\u2026","rel":"","context":"En \u00abFormaciones\u00bb","block_context":{"text":"Formaciones","link":"https:\/\/cepronda.com\/blog\/category\/formaciones\/"},"img":{"alt_text":"","src":"https:\/\/i0.wp.com\/cepronda.com\/blog\/wp-content\/uploads\/2022\/09\/CONVOCATORIA-REGIONAL-0-3.jpg?fit=1200%2C675&ssl=1&resize=350%2C200","width":350,"height":200,"srcset":"https:\/\/i0.wp.com\/cepronda.com\/blog\/wp-content\/uploads\/2022\/09\/CONVOCATORIA-REGIONAL-0-3.jpg?fit=1200%2C675&ssl=1&resize=350%2C200 1x, https:\/\/i0.wp.com\/cepronda.com\/blog\/wp-content\/uploads\/2022\/09\/CONVOCATORIA-REGIONAL-0-3.jpg?fit=1200%2C675&ssl=1&resize=525%2C300 1.5x, https:\/\/i0.wp.com\/cepronda.com\/blog\/wp-content\/uploads\/2022\/09\/CONVOCATORIA-REGIONAL-0-3.jpg?fit=1200%2C675&ssl=1&resize=700%2C400 2x, https:\/\/i0.wp.com\/cepronda.com\/blog\/wp-content\/uploads\/2022\/09\/CONVOCATORIA-REGIONAL-0-3.jpg?fit=1200%2C675&ssl=1&resize=1050%2C600 3x"},"classes":[]},{"id":4037,"url":"https:\/\/cepronda.com\/blog\/publicada-convocatoria-oposiciones\/","url_meta":{"origin":1793,"position":5},"title":"PUBLICADA CONVOCATORIA OPOSICIONES","author":"Maribel Mu\u00f1oz","date":"11 diciembre, 2020","format":false,"excerpt":"Buenos d\u00edas compa\u00f1eras y compa\u00f1eros, Os informamos que est\u00e1 publicada la\u00a0Orden de 30 de noviembre de 2020, por la que se efect\u00faa convocatoria de procedimientos selectivos para el ingreso en los Cuerpos de Profesores de Ense\u00f1anza Secundaria, Profesores T\u00e9cnicos de Formaci\u00f3n Profesional, Profesores de Escuelas Oficiales de Idiomas, Profesores de\u2026","rel":"","context":"En \u00abFormaciones\u00bb","block_context":{"text":"Formaciones","link":"https:\/\/cepronda.com\/blog\/category\/formaciones\/"},"img":{"alt_text":"","src":"https:\/\/i0.wp.com\/cepronda.com\/blog\/wp-content\/uploads\/2020\/03\/S%C2%B0mbolo-gen%C3%87rico-RRSS-redondo-negativo.png?fit=1200%2C1200&ssl=1&resize=350%2C200","width":350,"height":200,"srcset":"https:\/\/i0.wp.com\/cepronda.com\/blog\/wp-content\/uploads\/2020\/03\/S%C2%B0mbolo-gen%C3%87rico-RRSS-redondo-negativo.png?fit=1200%2C1200&ssl=1&resize=350%2C200 1x, https:\/\/i0.wp.com\/cepronda.com\/blog\/wp-content\/uploads\/2020\/03\/S%C2%B0mbolo-gen%C3%87rico-RRSS-redondo-negativo.png?fit=1200%2C1200&ssl=1&resize=525%2C300 1.5x, https:\/\/i0.wp.com\/cepronda.com\/blog\/wp-content\/uploads\/2020\/03\/S%C2%B0mbolo-gen%C3%87rico-RRSS-redondo-negativo.png?fit=1200%2C1200&ssl=1&resize=700%2C400 2x, https:\/\/i0.wp.com\/cepronda.com\/blog\/wp-content\/uploads\/2020\/03\/S%C2%B0mbolo-gen%C3%87rico-RRSS-redondo-negativo.png?fit=1200%2C1200&ssl=1&resize=1050%2C600 3x"},"classes":[]}],"jetpack_sharing_enabled":true,"_links":{"self":[{"href":"https:\/\/cepronda.com\/blog\/wp-json\/wp\/v2\/posts\/1793","targetHints":{"allow":["GET"]}}],"collection":[{"href":"https:\/\/cepronda.com\/blog\/wp-json\/wp\/v2\/posts"}],"about":[{"href":"https:\/\/cepronda.com\/blog\/wp-json\/wp\/v2\/types\/post"}],"author":[{"embeddable":true,"href":"https:\/\/cepronda.com\/blog\/wp-json\/wp\/v2\/users\/3"}],"replies":[{"embeddable":true,"href":"https:\/\/cepronda.com\/blog\/wp-json\/wp\/v2\/comments?post=1793"}],"version-history":[{"count":1,"href":"https:\/\/cepronda.com\/blog\/wp-json\/wp\/v2\/posts\/1793\/revisions"}],"predecessor-version":[{"id":1794,"href":"https:\/\/cepronda.com\/blog\/wp-json\/wp\/v2\/posts\/1793\/revisions\/1794"}],"wp:featuredmedia":[{"embeddable":true,"href":"https:\/\/cepronda.com\/blog\/wp-json\/wp\/v2\/media\/848"}],"wp:attachment":[{"href":"https:\/\/cepronda.com\/blog\/wp-json\/wp\/v2\/media?parent=1793"}],"wp:term":[{"taxonomy":"category","embeddable":true,"href":"https:\/\/cepronda.com\/blog\/wp-json\/wp\/v2\/categories?post=1793"},{"taxonomy":"post_tag","embeddable":true,"href":"https:\/\/cepronda.com\/blog\/wp-json\/wp\/v2\/tags?post=1793"}],"curies":[{"name":"wp","href":"https:\/\/api.w.org\/{rel}","templated":true}]}}