{"id":1785,"date":"2018-05-07T19:20:50","date_gmt":"2018-05-07T17:20:50","guid":{"rendered":"http:\/\/cepronda.com\/blog\/?p=1785"},"modified":"2018-05-07T19:20:50","modified_gmt":"2018-05-07T17:20:50","slug":"video-final-de-las-actividades-del-dia-del-libro-en-el-ceip-virgen-de-la-cabeza","status":"publish","type":"post","link":"https:\/\/cepronda.com\/blog\/video-final-de-las-actividades-del-dia-del-libro-en-el-ceip-virgen-de-la-cabeza\/","title":{"rendered":"V\u00eddeo final de las actividades del D\u00eda del Libro en el CEIP Virgen de la Cabeza"},"content":{"rendered":"<p>Muy buenas,&nbsp;<\/p>\n<p>Como os cont\u00e1bamos hace un par de semanas en el CEIP Virgen de la Cabeza&nbsp; estaban realizando un trabajo magn\u00edfico entre el profesorado y el alumnado, tomando como eje el libro de \u00abLa vuelta al mundo en 80 d\u00edas\u00bb. Me acaban de pasar el enlace al v\u00eddeo que han realizado y queremos compartirlo con todas y todos vosotros. Ver\u00e9is que gran trabajo han realizado.<\/p>\n<p>Desde el Centro de Profesorado damos la enhorabuena a toda la comunidad educativa del CEIP Virgen de la Cabeza, con su equipo de biblioteca a la cabeza.<\/p>\n<p><span class=\"embed-youtube\" style=\"text-align:center; display: block;\"><iframe loading=\"lazy\" class=\"youtube-player\" width=\"1170\" height=\"659\" src=\"https:\/\/www.youtube.com\/embed\/NtsZs6yfNKE?version=3&#038;rel=1&#038;showsearch=0&#038;showinfo=1&#038;iv_load_policy=1&#038;fs=1&#038;hl=es-ES&#038;autohide=2&#038;wmode=transparent\" allowfullscreen=\"true\" style=\"border:0;\" sandbox=\"allow-scripts allow-same-origin allow-popups allow-presentation allow-popups-to-escape-sandbox\"><\/iframe><\/span><\/p>\n","protected":false},"excerpt":{"rendered":"<p>Muy buenas,&nbsp; Como os cont\u00e1bamos hace un par de semanas en el CEIP Virgen de la Cabeza&nbsp; estaban realizando un trabajo magn\u00edfico entre el profesorado y el alumnado, tomando como eje el libro de \u00abLa vuelta al mundo en 80 d\u00edas\u00bb. Me acaban de pasar el enlace al v\u00eddeo que han realizado y queremos compartirlo [&hellip;]<\/p>\n","protected":false},"author":3,"featured_media":1677,"comment_status":"open","ping_status":"open","sticky":false,"template":"","format":"standard","meta":{"_crdt_document":"","advanced_seo_description":"","jetpack_seo_html_title":"","jetpack_seo_noindex":false,"jetpack_post_was_ever_published":false,"_jetpack_newsletter_access":"","_jetpack_dont_email_post_to_subs":false,"_jetpack_newsletter_tier_id":0,"_jetpack_memberships_contains_paywalled_content":false,"_jetpack_memberships_contains_paid_content":false,"footnotes":"","jetpack_publicize_message":"V\u00eddeo final de las actividades del D\u00eda del Libro en el CEIP Virgen de la Cabeza","jetpack_publicize_feature_enabled":true,"jetpack_social_post_already_shared":true,"jetpack_social_options":{"image_generator_settings":{"template":"highway","default_image_id":0,"font":"","enabled":false},"version":2}},"categories":[5],"tags":[23,59],"class_list":{"0":"post-1785","1":"post","2":"type-post","3":"status-publish","4":"format-standard","5":"has-post-thumbnail","7":"category-noticias","8":"tag-educacion-infantil","9":"tag-primaria","10":"czr-hentry"},"jetpack_publicize_connections":[],"jetpack_featured_media_url":"https:\/\/i0.wp.com\/cepronda.com\/blog\/wp-content\/uploads\/2018\/04\/002Lisa-mascota-biblio7.jpg?fit=247%2C270&ssl=1","jetpack_shortlink":"https:\/\/wp.me\/p8M4X7-sN","jetpack-related-posts":[{"id":2764,"url":"https:\/\/cepronda.com\/blog\/el-misterio-resuelto-en-el-ceip-virgen-de-la-cabeza\/","url_meta":{"origin":1785,"position":0},"title":"El misterio resuelto en el CEIP Virgen de la Cabeza&#8230;","author":"V\u00edctor Caballero","date":"26 abril, 2019","format":false,"excerpt":"Comenz\u00f3 la ma\u00f1ana del jueves lluviosa, esa lluvia de Londres que moja sin mojar...preludio de los misterios a resolver por el alumnado del CEIP Virgen de la Cabeza y preparados con mucho trabajo y cari\u00f1o por el grupo de apoyo a la biblioteca del centro. Tuve la gran suerte de\u2026","rel":"","context":"En \u00abNoticias\u00bb","block_context":{"text":"Noticias","link":"https:\/\/cepronda.com\/blog\/category\/noticias\/"},"img":{"alt_text":"","src":"https:\/\/i0.wp.com\/cepronda.com\/blog\/wp-content\/uploads\/2019\/04\/D%C3%ADa-del-libro-Virgen-de-la-Cabeza.jpeg?fit=1200%2C900&ssl=1&resize=350%2C200","width":350,"height":200,"srcset":"https:\/\/i0.wp.com\/cepronda.com\/blog\/wp-content\/uploads\/2019\/04\/D%C3%ADa-del-libro-Virgen-de-la-Cabeza.jpeg?fit=1200%2C900&ssl=1&resize=350%2C200 1x, https:\/\/i0.wp.com\/cepronda.com\/blog\/wp-content\/uploads\/2019\/04\/D%C3%ADa-del-libro-Virgen-de-la-Cabeza.jpeg?fit=1200%2C900&ssl=1&resize=525%2C300 1.5x, https:\/\/i0.wp.com\/cepronda.com\/blog\/wp-content\/uploads\/2019\/04\/D%C3%ADa-del-libro-Virgen-de-la-Cabeza.jpeg?fit=1200%2C900&ssl=1&resize=700%2C400 2x, https:\/\/i0.wp.com\/cepronda.com\/blog\/wp-content\/uploads\/2019\/04\/D%C3%ADa-del-libro-Virgen-de-la-Cabeza.jpeg?fit=1200%2C900&ssl=1&resize=1050%2C600 3x"},"classes":[]},{"id":2468,"url":"https:\/\/cepronda.com\/blog\/video-contra-la-violencia-de-genero-del-ceip-virgen-de-la-cabeza\/","url_meta":{"origin":1785,"position":1},"title":"V\u00eddeo contra la violencia de g\u00e9nero del CEIP Virgen de la Cabeza","author":"V\u00edctor Caballero","date":"26 noviembre, 2018","format":false,"excerpt":"\u00a1Hola! El viernes tarde recib\u00ed unos de esos regalos que te alegran la tarde. Y es que desde el CEIP Virgen de la Cabeza me hicieron llegar el v\u00eddeo que han preparado con su alumnado como reivindicaci\u00f3n en el 25 de noviembre. Os dejo que disfrut\u00e9is con \u00e9l, y desde\u2026","rel":"","context":"En \u00abNoticias\u00bb","block_context":{"text":"Noticias","link":"https:\/\/cepronda.com\/blog\/category\/noticias\/"},"img":{"alt_text":"","src":"https:\/\/i0.wp.com\/cepronda.com\/blog\/wp-content\/uploads\/2018\/11\/man-101001_1920.jpg?fit=1200%2C848&ssl=1&resize=350%2C200","width":350,"height":200,"srcset":"https:\/\/i0.wp.com\/cepronda.com\/blog\/wp-content\/uploads\/2018\/11\/man-101001_1920.jpg?fit=1200%2C848&ssl=1&resize=350%2C200 1x, https:\/\/i0.wp.com\/cepronda.com\/blog\/wp-content\/uploads\/2018\/11\/man-101001_1920.jpg?fit=1200%2C848&ssl=1&resize=525%2C300 1.5x, https:\/\/i0.wp.com\/cepronda.com\/blog\/wp-content\/uploads\/2018\/11\/man-101001_1920.jpg?fit=1200%2C848&ssl=1&resize=700%2C400 2x, https:\/\/i0.wp.com\/cepronda.com\/blog\/wp-content\/uploads\/2018\/11\/man-101001_1920.jpg?fit=1200%2C848&ssl=1&resize=1050%2C600 3x"},"classes":[]},{"id":2550,"url":"https:\/\/cepronda.com\/blog\/trabajando-el-dia-de-la-lectura-en-nuestros-centros\/","url_meta":{"origin":1785,"position":2},"title":"Trabajando el d\u00eda de la lectura en nuestros centros","author":"V\u00edctor Caballero","date":"20 diciembre, 2018","format":false,"excerpt":"Muy buenas familia, nos est\u00e1n llegando algunos ejemplos de las actividades que hab\u00e9is trabajado en vuestros centros con motivo del D\u00eda de la Lectura. En este caso se trata de una actividad del CEIP Juan Mart\u00edn Pinz\u00f3n donde decidieron homenajear a las Misiones Pedag\u00f3gicas, y por otro lado el CEIP\u2026","rel":"","context":"En \u00abNoticias\u00bb","block_context":{"text":"Noticias","link":"https:\/\/cepronda.com\/blog\/category\/noticias\/"},"img":{"alt_text":"","src":"https:\/\/i0.wp.com\/cepronda.com\/blog\/wp-content\/uploads\/2018\/12\/girl-160172_1280.png?fit=600%2C1200&ssl=1&resize=350%2C200","width":350,"height":200,"srcset":"https:\/\/i0.wp.com\/cepronda.com\/blog\/wp-content\/uploads\/2018\/12\/girl-160172_1280.png?fit=600%2C1200&ssl=1&resize=350%2C200 1x, https:\/\/i0.wp.com\/cepronda.com\/blog\/wp-content\/uploads\/2018\/12\/girl-160172_1280.png?fit=600%2C1200&ssl=1&resize=525%2C300 1.5x"},"classes":[]},{"id":2540,"url":"https:\/\/cepronda.com\/blog\/algunos-proyectos-del-ceip-virgen-de-la-cabeza\/","url_meta":{"origin":1785,"position":3},"title":"Algunos proyectos del CEIP Virgen de la Cabeza","author":"V\u00edctor Caballero","date":"14 diciembre, 2018","format":false,"excerpt":"Muy buenas familia, Una de las mayores recompensas que podemos tener de nuestras iniciativas formativas, es ver como va llegando a los centros y a su comunidad educativa lo trabajado en estas formaciones. El CEIP Virgen de la Cabeza se ha estado formando en este primer trimestre en el Aprendizaje\u2026","rel":"","context":"En \u00abNoticias\u00bb","block_context":{"text":"Noticias","link":"https:\/\/cepronda.com\/blog\/category\/noticias\/"},"img":{"alt_text":"","src":"https:\/\/i0.wp.com\/cepronda.com\/blog\/wp-content\/uploads\/2018\/09\/puzzle-210785_640.jpg?fit=640%2C480&ssl=1&resize=350%2C200","width":350,"height":200,"srcset":"https:\/\/i0.wp.com\/cepronda.com\/blog\/wp-content\/uploads\/2018\/09\/puzzle-210785_640.jpg?fit=640%2C480&ssl=1&resize=350%2C200 1x, https:\/\/i0.wp.com\/cepronda.com\/blog\/wp-content\/uploads\/2018\/09\/puzzle-210785_640.jpg?fit=640%2C480&ssl=1&resize=525%2C300 1.5x"},"classes":[]},{"id":1675,"url":"https:\/\/cepronda.com\/blog\/experiencia-del-ceip-virgen-de-la-cabeza\/","url_meta":{"origin":1785,"position":4},"title":"Experiencia del CEIP Virgen de la Cabeza","author":"V\u00edctor Caballero","date":"9 abril, 2018","format":false,"excerpt":"Hola familia, Desde el equipo de trabajo de la biblioteca del CEIP Virgen de la Cabeza quieren compartir con todos y todas nosotras el trabajo que han estado realizando en estas \u00faltimas semanas. Ya desde el curso pasado dieron un giro en el trabajo alrededor del d\u00eda de Andaluc\u00eda, y\u2026","rel":"","context":"En \u00abNoticias\u00bb","block_context":{"text":"Noticias","link":"https:\/\/cepronda.com\/blog\/category\/noticias\/"},"img":{"alt_text":"","src":"https:\/\/i0.wp.com\/cepronda.com\/blog\/wp-content\/uploads\/2018\/04\/Foto-de-Helena-Gonzalez-1-e1523264588222-283x300.jpg?resize=350%2C200","width":350,"height":200},"classes":[]},{"id":3500,"url":"https:\/\/cepronda.com\/blog\/ideas-de-nuestros-centros-en-esta-primera-semana-de-confinamiento\/","url_meta":{"origin":1785,"position":5},"title":"Ideas de nuestros centros en esta primera semana de confinamiento","author":"V\u00edctor Caballero","date":"21 marzo, 2020","format":false,"excerpt":"Muy buenas, compartimos con todos y todas vosotras distintas iniciativas de distintos centros que nos est\u00e1n llegando, y que creemos que son muy interesantes y pueden ayudarnos en estos momentos tan complicados. V\u00eddeo de \u00e1nimo del CEIP Virgen de la Cabeza https:\/\/www.youtube.com\/watch?v=i_6gnaHD-5o&feature=youtu.be Reto de m\u00fasica del CEIP Virgen de la\u2026","rel":"","context":"En \u00abNoticias\u00bb","block_context":{"text":"Noticias","link":"https:\/\/cepronda.com\/blog\/category\/noticias\/"},"img":{"alt_text":"","src":"https:\/\/i0.wp.com\/cepronda.com\/blog\/wp-content\/uploads\/2020\/02\/Logo_twitter_cep_ronda-INSTITUCIONAL-Transparente.png?fit=546%2C563&ssl=1&resize=350%2C200","width":350,"height":200,"srcset":"https:\/\/i0.wp.com\/cepronda.com\/blog\/wp-content\/uploads\/2020\/02\/Logo_twitter_cep_ronda-INSTITUCIONAL-Transparente.png?fit=546%2C563&ssl=1&resize=350%2C200 1x, https:\/\/i0.wp.com\/cepronda.com\/blog\/wp-content\/uploads\/2020\/02\/Logo_twitter_cep_ronda-INSTITUCIONAL-Transparente.png?fit=546%2C563&ssl=1&resize=525%2C300 1.5x"},"classes":[]}],"jetpack_sharing_enabled":true,"_links":{"self":[{"href":"https:\/\/cepronda.com\/blog\/wp-json\/wp\/v2\/posts\/1785","targetHints":{"allow":["GET"]}}],"collection":[{"href":"https:\/\/cepronda.com\/blog\/wp-json\/wp\/v2\/posts"}],"about":[{"href":"https:\/\/cepronda.com\/blog\/wp-json\/wp\/v2\/types\/post"}],"author":[{"embeddable":true,"href":"https:\/\/cepronda.com\/blog\/wp-json\/wp\/v2\/users\/3"}],"replies":[{"embeddable":true,"href":"https:\/\/cepronda.com\/blog\/wp-json\/wp\/v2\/comments?post=1785"}],"version-history":[{"count":1,"href":"https:\/\/cepronda.com\/blog\/wp-json\/wp\/v2\/posts\/1785\/revisions"}],"predecessor-version":[{"id":1786,"href":"https:\/\/cepronda.com\/blog\/wp-json\/wp\/v2\/posts\/1785\/revisions\/1786"}],"wp:featuredmedia":[{"embeddable":true,"href":"https:\/\/cepronda.com\/blog\/wp-json\/wp\/v2\/media\/1677"}],"wp:attachment":[{"href":"https:\/\/cepronda.com\/blog\/wp-json\/wp\/v2\/media?parent=1785"}],"wp:term":[{"taxonomy":"category","embeddable":true,"href":"https:\/\/cepronda.com\/blog\/wp-json\/wp\/v2\/categories?post=1785"},{"taxonomy":"post_tag","embeddable":true,"href":"https:\/\/cepronda.com\/blog\/wp-json\/wp\/v2\/tags?post=1785"}],"curies":[{"name":"wp","href":"https:\/\/api.w.org\/{rel}","templated":true}]}}