{"id":1769,"date":"2018-05-04T13:02:09","date_gmt":"2018-05-04T11:02:09","guid":{"rendered":"http:\/\/cepronda.com\/blog\/?p=1769"},"modified":"2018-05-04T13:02:09","modified_gmt":"2018-05-04T11:02:09","slug":"convocatoria-de-los-premios-rosa-regas","status":"publish","type":"post","link":"https:\/\/cepronda.com\/blog\/convocatoria-de-los-premios-rosa-regas\/","title":{"rendered":"Convocatoria de los premios Rosa Reg\u00e0s"},"content":{"rendered":"<p>\u00a1Hola de nuevo!<\/p>\n<p>Vuelvo a escribiros para compartir con todos y todas la convocatoria de los premios Rosa Reg\u00e0s. Acaba de salir publicada la resoluci\u00f3n de 17 de abril de 2018, de la Direcci\u00f3n General de Participaci\u00f3n y Equidad, por la que se convocan los premios \u00abRosa Reg\u00e0s\u00bb a materiales curriculares que promuevan la igualdad entre hombres y mujeres en educaci\u00f3n y que destaquen por su valor coeducativo, en su XII edici\u00f3n correspondiente al curso 2017-2018.<\/p>\n<p>Para acceder a la misma <a href=\"http:\/\/www.juntadeandalucia.es\/boja\/2018\/85\/BOJA18-085-00008-7643-01_00135040.pdf\" target=\"_blank\" rel=\"noopener\">seguid este enlace<\/a>. Animaros a participar, que s\u00e9 que en muchos de vuestros centros est\u00e1is haciendo grandes trabajos en el plano de la igualdad.<\/p>\n<p><a href=\"http:\/\/www.juntadeandalucia.es\/boja\/2018\/85\/BOJA18-085-00008-7643-01_00135040.pdf\" target=\"_blank\" rel=\"noopener\"><img data-recalc-dims=\"1\" loading=\"lazy\" decoding=\"async\" class=\"aligncenter wp-image-1770 size-full\" src=\"https:\/\/i0.wp.com\/cepronda.com\/blog\/wp-content\/uploads\/2018\/05\/Premiorosaregas.jpg?resize=600%2C300\" alt=\"\" width=\"600\" height=\"300\" srcset=\"https:\/\/i0.wp.com\/cepronda.com\/blog\/wp-content\/uploads\/2018\/05\/Premiorosaregas.jpg?w=600&amp;ssl=1 600w, https:\/\/i0.wp.com\/cepronda.com\/blog\/wp-content\/uploads\/2018\/05\/Premiorosaregas.jpg?resize=300%2C150&amp;ssl=1 300w\" sizes=\"auto, (max-width: 600px) 100vw, 600px\" \/><\/a><\/p>\n","protected":false},"excerpt":{"rendered":"<p>\u00a1Hola de nuevo! Vuelvo a escribiros para compartir con todos y todas la convocatoria de los premios Rosa Reg\u00e0s. Acaba de salir publicada la resoluci\u00f3n de 17 de abril de 2018, de la Direcci\u00f3n General de Participaci\u00f3n y Equidad, por la que se convocan los premios \u00abRosa Reg\u00e0s\u00bb a materiales curriculares que promuevan la igualdad [&hellip;]<\/p>\n","protected":false},"author":3,"featured_media":1770,"comment_status":"open","ping_status":"open","sticky":false,"template":"","format":"standard","meta":{"_crdt_document":"","advanced_seo_description":"","jetpack_seo_html_title":"","jetpack_seo_noindex":false,"jetpack_post_was_ever_published":false,"_jetpack_newsletter_access":"","_jetpack_dont_email_post_to_subs":false,"_jetpack_newsletter_tier_id":0,"_jetpack_memberships_contains_paywalled_content":false,"_jetpack_memberships_contains_paid_content":false,"footnotes":"","jetpack_publicize_message":"","jetpack_publicize_feature_enabled":true,"jetpack_social_post_already_shared":true,"jetpack_social_options":{"image_generator_settings":{"template":"highway","default_image_id":0,"font":"","enabled":false},"version":2}},"categories":[5],"tags":[57],"class_list":{"0":"post-1769","1":"post","2":"type-post","3":"status-publish","4":"format-standard","5":"has-post-thumbnail","7":"category-noticias","8":"tag-premios","9":"czr-hentry"},"jetpack_publicize_connections":[],"jetpack_featured_media_url":"https:\/\/i0.wp.com\/cepronda.com\/blog\/wp-content\/uploads\/2018\/05\/Premiorosaregas.jpg?fit=600%2C300&ssl=1","jetpack_shortlink":"https:\/\/wp.me\/p8M4X7-sx","jetpack-related-posts":[{"id":3726,"url":"https:\/\/cepronda.com\/blog\/convocatoria-premios-rosa-regas-2\/","url_meta":{"origin":1769,"position":0},"title":"CONVOCATORIA PREMIOS    \u00abROSA REG\u00c1S\u00bb","author":"Maribel Mu\u00f1oz","date":"4 septiembre, 2020","format":false,"excerpt":"Buenas tardes compa\u00f1eras y compa\u00f1eros, Os informamos que se ha publicado la convocatoria de los premios \u00abRosa Reg\u00e0s\u00bb a materiales curriculares que promuevan la igualdad entre hombres y mujeres en educaci\u00f3n y que destaquen por su valor coeducativo, en su XIV edici\u00f3n correspondiente al curso 2019-2020. Aqu\u00ed pod\u00e9is acceder al\u2026","rel":"","context":"En \u00abNoticias\u00bb","block_context":{"text":"Noticias","link":"https:\/\/cepronda.com\/blog\/category\/noticias\/"},"img":{"alt_text":"Rosa Reg\u00e1s","src":"https:\/\/i0.wp.com\/cepronda.com\/blog\/wp-content\/uploads\/2020\/09\/foto-Rosa-regas-300x185.jpg?resize=350%2C200","width":350,"height":200},"classes":[]},{"id":2874,"url":"https:\/\/cepronda.com\/blog\/convocatoria-de-los-premios-rosa-regas-2\/","url_meta":{"origin":1769,"position":1},"title":"Convocatoria de los premios Rosa Reg\u00e1s","author":"V\u00edctor Caballero","date":"6 junio, 2019","format":false,"excerpt":"Muy buenas, Os comunicamos que ha salido publicada la Resoluci\u00f3n de 24 de mayo de 2019, de la Direcci\u00f3n General de Atenci\u00f3n a la Diversidad, Participaci\u00f3n y Convivencia Escolar, por la que se convocan los premios Rosa Reg\u00e0s a materiales curriculares que promuevan la igualdad entre hombres y mujeres en\u2026","rel":"","context":"En \u00abFormaciones\u00bb","block_context":{"text":"Formaciones","link":"https:\/\/cepronda.com\/blog\/category\/formaciones\/"},"img":{"alt_text":"","src":"https:\/\/i0.wp.com\/cepronda.com\/blog\/wp-content\/uploads\/2018\/05\/Premiorosaregas.jpg?fit=600%2C300&ssl=1&resize=350%2C200","width":350,"height":200,"srcset":"https:\/\/i0.wp.com\/cepronda.com\/blog\/wp-content\/uploads\/2018\/05\/Premiorosaregas.jpg?fit=600%2C300&ssl=1&resize=350%2C200 1x, https:\/\/i0.wp.com\/cepronda.com\/blog\/wp-content\/uploads\/2018\/05\/Premiorosaregas.jpg?fit=600%2C300&ssl=1&resize=525%2C300 1.5x"},"classes":[]},{"id":1943,"url":"https:\/\/cepronda.com\/blog\/convocatoria-premios-buenas-practicas-en-bibliotecas-escolares-y-en-fomento-de-la-lectura\/","url_meta":{"origin":1769,"position":2},"title":"Convocatoria Premios Buenas Pr\u00e1cticas en Bibliotecas Escolares y en Fomento de la Lectura","author":"V\u00edctor Caballero","date":"25 mayo, 2018","format":false,"excerpt":"Muy buenas de nuevo,\u00a0 Compartimos con todas las personas responsables de biblioteca esta convocatoria, que vemos muy interesante y a la que creemos muchas de vuestras bibliotecas pueden optar. Si segu\u00eds este enlace podr\u00e9is acceder a toda la informaci\u00f3n.\u00a0 \u00a1Os animamos a participar!","rel":"","context":"En \u00abFormaciones\u00bb","block_context":{"text":"Formaciones","link":"https:\/\/cepronda.com\/blog\/category\/formaciones\/"},"img":{"alt_text":"","src":"https:\/\/i0.wp.com\/cepronda.com\/blog\/wp-content\/uploads\/2018\/05\/premio_biblioteca_escolar.png?fit=731%2C892&ssl=1&resize=350%2C200","width":350,"height":200,"srcset":"https:\/\/i0.wp.com\/cepronda.com\/blog\/wp-content\/uploads\/2018\/05\/premio_biblioteca_escolar.png?fit=731%2C892&ssl=1&resize=350%2C200 1x, https:\/\/i0.wp.com\/cepronda.com\/blog\/wp-content\/uploads\/2018\/05\/premio_biblioteca_escolar.png?fit=731%2C892&ssl=1&resize=525%2C300 1.5x, https:\/\/i0.wp.com\/cepronda.com\/blog\/wp-content\/uploads\/2018\/05\/premio_biblioteca_escolar.png?fit=731%2C892&ssl=1&resize=700%2C400 2x"},"classes":[]},{"id":2848,"url":"https:\/\/cepronda.com\/blog\/premios-andalucia-sobre-migraciones-xv-edicion-2019\/","url_meta":{"origin":1769,"position":3},"title":"Premios Andaluc\u00eda sobre Migraciones. XV edici\u00f3n (2019)","author":"V\u00edctor Caballero","date":"20 mayo, 2019","format":false,"excerpt":"Hola de nuevo, Queremos compartir con todos los centros de nuestra zona la convocatoria de estos premios, ya que una de las modalidades de los mismos est\u00e1 dedicada a la Modalidad Programas Educativos de Fomento de la Interculturalidad, y sabemos que muchos y muchas de nuestras docentes est\u00e1is haciendo grandes\u2026","rel":"","context":"En \u00abFormaciones\u00bb","block_context":{"text":"Formaciones","link":"https:\/\/cepronda.com\/blog\/category\/formaciones\/"},"img":{"alt_text":"","src":"https:\/\/i0.wp.com\/cepronda.com\/blog\/wp-content\/uploads\/2019\/05\/logo-nuevo.jpg?fit=531%2C342&ssl=1&resize=350%2C200","width":350,"height":200,"srcset":"https:\/\/i0.wp.com\/cepronda.com\/blog\/wp-content\/uploads\/2019\/05\/logo-nuevo.jpg?fit=531%2C342&ssl=1&resize=350%2C200 1x, https:\/\/i0.wp.com\/cepronda.com\/blog\/wp-content\/uploads\/2019\/05\/logo-nuevo.jpg?fit=531%2C342&ssl=1&resize=525%2C300 1.5x"},"classes":[]},{"id":3006,"url":"https:\/\/cepronda.com\/blog\/premios-anuales-a-la-promocion-de-la-cultura-de-paz-y-la-convivencia-escolar-en-andalucia-para-el-curso-escolar-2019-2020\/","url_meta":{"origin":1769,"position":4},"title":"Premios Anuales a la Promoci\u00f3n de la Cultura de Paz y la Convivencia Escolar en Andaluc\u00eda para el curso escolar 2019-2020.","author":"V\u00edctor Caballero","date":"18 septiembre, 2019","format":false,"excerpt":"Muy buenas de nuevo, Compartimos tambi\u00e9n la convocatoria de los Premios Anuales a la Promoci\u00f3n de la Cultura de Paz y la Convivencia Escolar en Andaluc\u00eda para el curso escolar 2019-2020. Pod\u00e9is encontrar toda la informaci\u00f3n en el siguiente enlace.","rel":"","context":"En \u00abNoticias\u00bb","block_context":{"text":"Noticias","link":"https:\/\/cepronda.com\/blog\/category\/noticias\/"},"img":{"alt_text":"","src":"https:\/\/i0.wp.com\/cepronda.com\/blog\/wp-content\/uploads\/2019\/09\/vw-1308501_1920.jpg?resize=350%2C200&ssl=1","width":350,"height":200,"srcset":"https:\/\/i0.wp.com\/cepronda.com\/blog\/wp-content\/uploads\/2019\/09\/vw-1308501_1920.jpg?resize=350%2C200&ssl=1 1x, https:\/\/i0.wp.com\/cepronda.com\/blog\/wp-content\/uploads\/2019\/09\/vw-1308501_1920.jpg?resize=525%2C300&ssl=1 1.5x, https:\/\/i0.wp.com\/cepronda.com\/blog\/wp-content\/uploads\/2019\/09\/vw-1308501_1920.jpg?resize=700%2C400&ssl=1 2x, https:\/\/i0.wp.com\/cepronda.com\/blog\/wp-content\/uploads\/2019\/09\/vw-1308501_1920.jpg?resize=1050%2C600&ssl=1 3x, https:\/\/i0.wp.com\/cepronda.com\/blog\/wp-content\/uploads\/2019\/09\/vw-1308501_1920.jpg?resize=1400%2C800&ssl=1 4x"},"classes":[]},{"id":780,"url":"https:\/\/cepronda.com\/blog\/convocatoria-de-la-xxix-edicion-del-concurso-de-los-premios-joaquin-guichot-y-antonio-dominguez-ortiz\/","url_meta":{"origin":1769,"position":5},"title":"Convocatoria de la XXIX edici\u00f3n del concurso de los Premios Joaqu\u00edn Guichot y Antonio Dom\u00ednguez Ortiz.","author":"V\u00edctor Caballero","date":"18 abril, 2017","format":false,"excerpt":"Muy buenas, Compartimos con todas y todos vosotros esta informaci\u00f3n relativa al concurso de los premios Joaqu\u00edn Guichot y Antonio Dom\u00ednguez Ort\u00edz. Se convoca la XXIX edici\u00f3n del concurso para el fomento de la investigaci\u00f3n e innovaci\u00f3n educativa en sus dos modalidades, Premio \u00abJoaqu\u00edn Guichot\u00bb y Premio \u00abAntonio Dom\u00ednguez Ortiz\u00bb\u2026","rel":"","context":"En \u00abNoticias\u00bb","block_context":{"text":"Noticias","link":"https:\/\/cepronda.com\/blog\/category\/noticias\/"},"img":{"alt_text":"","src":"https:\/\/i0.wp.com\/cepronda.com\/blog\/wp-content\/uploads\/2017\/05\/logo_ja_ce_mejor.jpg?fit=732%2C600&ssl=1&resize=350%2C200","width":350,"height":200,"srcset":"https:\/\/i0.wp.com\/cepronda.com\/blog\/wp-content\/uploads\/2017\/05\/logo_ja_ce_mejor.jpg?fit=732%2C600&ssl=1&resize=350%2C200 1x, https:\/\/i0.wp.com\/cepronda.com\/blog\/wp-content\/uploads\/2017\/05\/logo_ja_ce_mejor.jpg?fit=732%2C600&ssl=1&resize=525%2C300 1.5x, https:\/\/i0.wp.com\/cepronda.com\/blog\/wp-content\/uploads\/2017\/05\/logo_ja_ce_mejor.jpg?fit=732%2C600&ssl=1&resize=700%2C400 2x"},"classes":[]}],"jetpack_sharing_enabled":true,"_links":{"self":[{"href":"https:\/\/cepronda.com\/blog\/wp-json\/wp\/v2\/posts\/1769","targetHints":{"allow":["GET"]}}],"collection":[{"href":"https:\/\/cepronda.com\/blog\/wp-json\/wp\/v2\/posts"}],"about":[{"href":"https:\/\/cepronda.com\/blog\/wp-json\/wp\/v2\/types\/post"}],"author":[{"embeddable":true,"href":"https:\/\/cepronda.com\/blog\/wp-json\/wp\/v2\/users\/3"}],"replies":[{"embeddable":true,"href":"https:\/\/cepronda.com\/blog\/wp-json\/wp\/v2\/comments?post=1769"}],"version-history":[{"count":1,"href":"https:\/\/cepronda.com\/blog\/wp-json\/wp\/v2\/posts\/1769\/revisions"}],"predecessor-version":[{"id":1771,"href":"https:\/\/cepronda.com\/blog\/wp-json\/wp\/v2\/posts\/1769\/revisions\/1771"}],"wp:featuredmedia":[{"embeddable":true,"href":"https:\/\/cepronda.com\/blog\/wp-json\/wp\/v2\/media\/1770"}],"wp:attachment":[{"href":"https:\/\/cepronda.com\/blog\/wp-json\/wp\/v2\/media?parent=1769"}],"wp:term":[{"taxonomy":"category","embeddable":true,"href":"https:\/\/cepronda.com\/blog\/wp-json\/wp\/v2\/categories?post=1769"},{"taxonomy":"post_tag","embeddable":true,"href":"https:\/\/cepronda.com\/blog\/wp-json\/wp\/v2\/tags?post=1769"}],"curies":[{"name":"wp","href":"https:\/\/api.w.org\/{rel}","templated":true}]}}