{"id":1763,"date":"2018-05-04T10:01:09","date_gmt":"2018-05-04T08:01:09","guid":{"rendered":"http:\/\/cepronda.com\/blog\/?p=1763"},"modified":"2018-05-07T16:29:47","modified_gmt":"2018-05-07T14:29:47","slug":"jornadas-regionales-de-bibliotecas-escolares","status":"publish","type":"post","link":"https:\/\/cepronda.com\/blog\/jornadas-regionales-de-bibliotecas-escolares\/","title":{"rendered":"Jornadas provinciales de Bibliotecas Escolares"},"content":{"rendered":"<p>\u00a1Hola de nuevo! Volvemos a compartir con todas y todos vosotros la informaci\u00f3n sobre estas jornadas provinciales de biblioteca, y os animamos a asistir a las mismas.&nbsp;<\/p>\n<p>Se trata de las Jornadas de de bibliotecas escolares a celebrar el pr\u00f3ximo 16 de mayo, mi\u00e9rcoles, en el CEP de M\u00e1laga. Os pongo el programa de las mismas, aunque para acceder a la<a href=\"https:\/\/www.juntadeandalucia.es\/educacion\/secretariavirtual\/consultaCEP\/actividad\/189924BE002\/\" target=\"_blank\" rel=\"noopener\"> informaci\u00f3n e inscribiros en los talleres<\/a>, s\u00f3lo ten\u00e9is que <a href=\"https:\/\/www.juntadeandalucia.es\/educacion\/secretariavirtual\/consultaCEP\/actividad\/189924BE002\/\" target=\"_blank\" rel=\"noopener\">seguir este enlace<\/a>.&nbsp;<\/p>\n<p>PROGRAMA DE LA JORNADA:<\/p>\n<p>16:00 a 16:15: Recogida de material.<\/p>\n<p>16:15 a 16:30: Inauguraci\u00f3n.Aula 2<\/p>\n<p>16:30 a 18:00. Talleres simult\u00e1neos. TALLER 1 Ponente: Jos\u00e9 Juan Sanz Peinado Titulo: Bibliotecas inclusivas TALLER 2. Ponente: Ignacio Pangua M\u00e9ndez T\u00edtulo:: Introducci\u00f3n al Pasaporte Lector. Herramienta gr\u00e1fica de dinamizaci\u00f3n de la lectura.<\/p>\n<p>18:00 a 18:30. Descanso.<\/p>\n<p>18:30 a 20:00. Talleres simult\u00e1neos. TALLER 3 Ponentes:Marina Do\u00f1a Pozo y Manuel \u00c1lvarez Cuesta T\u00edtulo:Desarrollo de la competencia global a trav\u00e9s de un noticiero internacional biling\u00fce TALLER 4 Ponente: F\u00e1tima Trujillo Rodr\u00edguez T\u00edtulo:Una biblio de cine: \u00bfC\u00f3mo gamificar desde la biblioteca escolar?<\/p>\n<p><a href=\"https:\/\/www.juntadeandalucia.es\/educacion\/secretariavirtual\/consultaCEP\/actividad\/189924BE002\/\" target=\"_blank\" rel=\"noopener\"><img data-recalc-dims=\"1\" loading=\"lazy\" decoding=\"async\" class=\"aligncenter wp-image-1692 size-full\" src=\"https:\/\/i0.wp.com\/cepronda.com\/blog\/wp-content\/uploads\/2018\/04\/shelf-3290109_640.jpg?resize=640%2C428\" alt=\"\" width=\"640\" height=\"428\" srcset=\"https:\/\/i0.wp.com\/cepronda.com\/blog\/wp-content\/uploads\/2018\/04\/shelf-3290109_640.jpg?w=640&amp;ssl=1 640w, https:\/\/i0.wp.com\/cepronda.com\/blog\/wp-content\/uploads\/2018\/04\/shelf-3290109_640.jpg?resize=300%2C201&amp;ssl=1 300w\" sizes=\"auto, (max-width: 640px) 100vw, 640px\" \/><\/a><\/p>\n","protected":false},"excerpt":{"rendered":"<p>\u00a1Hola de nuevo! Volvemos a compartir con todas y todos vosotros la informaci\u00f3n sobre estas jornadas provinciales de biblioteca, y os animamos a asistir a las mismas.&nbsp; Se trata de las Jornadas de de bibliotecas escolares a celebrar el pr\u00f3ximo 16 de mayo, mi\u00e9rcoles, en el CEP de M\u00e1laga. Os pongo el programa de las [&hellip;]<\/p>\n","protected":false},"author":3,"featured_media":1692,"comment_status":"open","ping_status":"open","sticky":false,"template":"","format":"standard","meta":{"_crdt_document":"","advanced_seo_description":"","jetpack_seo_html_title":"","jetpack_seo_noindex":false,"jetpack_post_was_ever_published":false,"_jetpack_newsletter_access":"","_jetpack_dont_email_post_to_subs":false,"_jetpack_newsletter_tier_id":0,"_jetpack_memberships_contains_paywalled_content":false,"_jetpack_memberships_contains_paid_content":false,"footnotes":"","jetpack_publicize_message":"","jetpack_publicize_feature_enabled":true,"jetpack_social_post_already_shared":true,"jetpack_social_options":{"image_generator_settings":{"template":"highway","default_image_id":0,"font":"","enabled":false},"version":2}},"categories":[3,5],"tags":[11],"class_list":{"0":"post-1763","1":"post","2":"type-post","3":"status-publish","4":"format-standard","5":"has-post-thumbnail","7":"category-formaciones","8":"category-noticias","9":"tag-biblioteca","10":"czr-hentry"},"jetpack_publicize_connections":[],"jetpack_featured_media_url":"https:\/\/i0.wp.com\/cepronda.com\/blog\/wp-content\/uploads\/2018\/04\/shelf-3290109_640.jpg?fit=640%2C428&ssl=1","jetpack_shortlink":"https:\/\/wp.me\/p8M4X7-sr","jetpack-related-posts":[{"id":1691,"url":"https:\/\/cepronda.com\/blog\/jornadas-redes-provinciales-de-bibliotecas-escolares\/","url_meta":{"origin":1763,"position":0},"title":"JORNADAS REDES PROVINCIALES DE BIBLIOTECAS ESCOLARES","author":"V\u00edctor Caballero","date":"16 abril, 2018","format":false,"excerpt":"\u00a1Buenos d\u00edas! Comenzamos una nueva semana (ya por f\u00edn parece que soleada) con una informaci\u00f3n importante para las personas responsables de la biblioteca escolar, las personas componentes del equipo de apoyo y al resto de profesorado interesado. Se trata de las Jornadas de de bibliotecas escolares a celebrar el pr\u00f3ximo\u2026","rel":"","context":"En \u00abFormaciones\u00bb","block_context":{"text":"Formaciones","link":"https:\/\/cepronda.com\/blog\/category\/formaciones\/"},"img":{"alt_text":"","src":"https:\/\/i0.wp.com\/cepronda.com\/blog\/wp-content\/uploads\/2018\/04\/shelf-3290109_640.jpg?fit=640%2C428&ssl=1&resize=350%2C200","width":350,"height":200,"srcset":"https:\/\/i0.wp.com\/cepronda.com\/blog\/wp-content\/uploads\/2018\/04\/shelf-3290109_640.jpg?fit=640%2C428&ssl=1&resize=350%2C200 1x, https:\/\/i0.wp.com\/cepronda.com\/blog\/wp-content\/uploads\/2018\/04\/shelf-3290109_640.jpg?fit=640%2C428&ssl=1&resize=525%2C300 1.5x"},"classes":[]},{"id":687,"url":"https:\/\/cepronda.com\/blog\/jornadas-de-redes-provinciales-de-bibliotecas-escolares\/","url_meta":{"origin":1763,"position":1},"title":"Jornadas de redes provinciales de Bibliotecas Escolares","author":"V\u00edctor Caballero","date":"21 febrero, 2017","format":false,"excerpt":"Hola \u00bfqu\u00e9 tal? Aunque estamos en v\u00edsperas de la Semana Blanca, seguimos poniendo en marcha distintas actividades. En este caso se trata de las Jornadas de redes provinciales de bibliotecas escolares, a celebrar en el CEP de M\u00e1laga el pr\u00f3ximo 23 de marzo, de 16 a 20 horas. Os adjunto\u2026","rel":"","context":"En \u00abNoticias\u00bb","block_context":{"text":"Noticias","link":"https:\/\/cepronda.com\/blog\/category\/noticias\/"},"img":{"alt_text":"","src":"","width":0,"height":0},"classes":[]},{"id":4323,"url":"https:\/\/cepronda.com\/blog\/jornadas-redes-provinciales-de-bibliotecas-escolares-3\/","url_meta":{"origin":1763,"position":2},"title":"JORNADAS REDES PROVINCIALES DE BIBLIOTECAS ESCOLARES","author":"Maribel Mu\u00f1oz","date":"16 marzo, 2021","format":false,"excerpt":"Buenas tardes\u00a0 compa\u00f1eras y compa\u00f1eros, Os informamos que est\u00e1 abierto el plazo de inscripci\u00f3n de las JORNADAS REDES PROVINCIALES DE BIBLIOTECAS ESCOLARES \u00a0219922BE001,\u00a0\u00a0 que comenzar\u00e1n a desarrollarse el pr\u00f3ximo\u00a0 12\/04\/2021.\u00a0 Adjuntamos\u00a0enlace : https:\/\/www.juntadeandalucia.es\/educacion\/secretariavirtual\/consultaCEP\/actividad\/219922BE001\/ El plazo de inscripci\u00f3n finaliza el pr\u00f3ximo 05\/04\/2021. \u00a0 Deseamos que sea de vuestro inter\u00e9s.\u00a0 Saludos.","rel":"","context":"En \u00abFormaciones\u00bb","block_context":{"text":"Formaciones","link":"https:\/\/cepronda.com\/blog\/category\/formaciones\/"},"img":{"alt_text":"","src":"https:\/\/i0.wp.com\/cepronda.com\/blog\/wp-content\/uploads\/2021\/03\/WhatsApp-Image-2021-03-16-at-12.47.02.jpeg?fit=481%2C674&ssl=1&resize=350%2C200","width":350,"height":200},"classes":[]},{"id":9516,"url":"https:\/\/cepronda.com\/blog\/jornadas-provinciales-de-la-red-profesional-de-bibliotecas-escolares-becrea-malaga\/","url_meta":{"origin":1763,"position":3},"title":"JORNADAS PROVINCIALES DE LA RED PROFESIONAL DE BIBLIOTECAS ESCOLARES- BECREA M\u00c1LAGA","author":"Maribel Mu\u00f1oz","date":"21 abril, 2026","format":false,"excerpt":"Se encuentra abierto el plazo inscripci\u00f3n para las\u00a0 Jornadas Provinciales de la Red Profesional de Bibliotecas Escolares BECREA M\u00c1LAGA. Inscripciones hasta el 24 de abril: https:\/\/lajunta.es\/6dwpw Descarga el programa aqu\u00ed: https:\/\/drive.google.com\/file\/d\/1incEKdE9Ca-EZlq0oPWMsHIyQElE0Ov0\/view?usp=sharing Dirigido a: Internivelar \u00a0 \u00a0 \u00a0 \u00a0","rel":"","context":"En \u00abFormaciones\u00bb","block_context":{"text":"Formaciones","link":"https:\/\/cepronda.com\/blog\/category\/formaciones\/"},"img":{"alt_text":"","src":"https:\/\/i0.wp.com\/cepronda.com\/blog\/wp-content\/uploads\/2026\/04\/WhatsApp-Image-2026-04-20-at-13.25.19-185x300.jpeg?resize=350%2C200&ssl=1","width":350,"height":200},"classes":[]},{"id":2657,"url":"https:\/\/cepronda.com\/blog\/jornadas-redes-provinciales-de-bibliotecas-escolares-2\/","url_meta":{"origin":1763,"position":4},"title":"JORNADAS REDES PROVINCIALES DE BIBLIOTECAS ESCOLARES","author":"V\u00edctor Caballero","date":"4 marzo, 2019","format":false,"excerpt":"Hola de nuevo, Compartimos con todas y todos vosotros la informaci\u00f3n sobre las jornadas provinciales de Bibliotecas Escolares que se van a llevar a cabo el pr\u00f3ximo 26 de marzo en horario de 16 a 20 horas en el CEP de M\u00e1laga. Jornada en relaci\u00f3n con la rede de bibliotecas\u2026","rel":"","context":"En \u00abFormaciones\u00bb","block_context":{"text":"Formaciones","link":"https:\/\/cepronda.com\/blog\/category\/formaciones\/"},"img":{"alt_text":"","src":"https:\/\/i0.wp.com\/cepronda.com\/blog\/wp-content\/uploads\/2017\/05\/silhouette-1632912_640.jpg?fit=640%2C426&ssl=1&resize=350%2C200","width":350,"height":200,"srcset":"https:\/\/i0.wp.com\/cepronda.com\/blog\/wp-content\/uploads\/2017\/05\/silhouette-1632912_640.jpg?fit=640%2C426&ssl=1&resize=350%2C200 1x, https:\/\/i0.wp.com\/cepronda.com\/blog\/wp-content\/uploads\/2017\/05\/silhouette-1632912_640.jpg?fit=640%2C426&ssl=1&resize=525%2C300 1.5x"},"classes":[]},{"id":5200,"url":"https:\/\/cepronda.com\/blog\/reunion-informativa-v-premios-bibliotecas-escolares-y-fomento-de-la-lectura-2\/","url_meta":{"origin":1763,"position":5},"title":"JORNADAS REDES PROVINCIALES DE BIBLIOTECAS ESCOLARES","author":"Maribel Mu\u00f1oz","date":"29 marzo, 2022","format":false,"excerpt":"Buenas tardes compa\u00f1eras y compa\u00f1eros Os informamos que est\u00e1 abierto el plazo de inscripci\u00f3n en las JORNADAS REDES PROVINCIALES DE BIBLIOTECAS ESCOLARES, con c\u00f3digo 229922BE001. Estas jornadas est\u00e1n dirigidas al profesorado de los centros docentes p\u00fablicos que imparten Educaci\u00f3n Infantil, Educaci\u00f3n Primaria y Educaci\u00f3n Secundaria. Las fechas son las siguientes:\u2026","rel":"","context":"En \u00abNoticias\u00bb","block_context":{"text":"Noticias","link":"https:\/\/cepronda.com\/blog\/category\/noticias\/"},"img":{"alt_text":"","src":"https:\/\/i0.wp.com\/cepronda.com\/blog\/wp-content\/uploads\/2022\/03\/Jornadas-provinciales-BBEE-19-20-de-abril.jpg?fit=577%2C824&ssl=1&resize=350%2C200","width":350,"height":200,"srcset":"https:\/\/i0.wp.com\/cepronda.com\/blog\/wp-content\/uploads\/2022\/03\/Jornadas-provinciales-BBEE-19-20-de-abril.jpg?fit=577%2C824&ssl=1&resize=350%2C200 1x, https:\/\/i0.wp.com\/cepronda.com\/blog\/wp-content\/uploads\/2022\/03\/Jornadas-provinciales-BBEE-19-20-de-abril.jpg?fit=577%2C824&ssl=1&resize=525%2C300 1.5x"},"classes":[]}],"jetpack_sharing_enabled":true,"_links":{"self":[{"href":"https:\/\/cepronda.com\/blog\/wp-json\/wp\/v2\/posts\/1763","targetHints":{"allow":["GET"]}}],"collection":[{"href":"https:\/\/cepronda.com\/blog\/wp-json\/wp\/v2\/posts"}],"about":[{"href":"https:\/\/cepronda.com\/blog\/wp-json\/wp\/v2\/types\/post"}],"author":[{"embeddable":true,"href":"https:\/\/cepronda.com\/blog\/wp-json\/wp\/v2\/users\/3"}],"replies":[{"embeddable":true,"href":"https:\/\/cepronda.com\/blog\/wp-json\/wp\/v2\/comments?post=1763"}],"version-history":[{"count":2,"href":"https:\/\/cepronda.com\/blog\/wp-json\/wp\/v2\/posts\/1763\/revisions"}],"predecessor-version":[{"id":1773,"href":"https:\/\/cepronda.com\/blog\/wp-json\/wp\/v2\/posts\/1763\/revisions\/1773"}],"wp:featuredmedia":[{"embeddable":true,"href":"https:\/\/cepronda.com\/blog\/wp-json\/wp\/v2\/media\/1692"}],"wp:attachment":[{"href":"https:\/\/cepronda.com\/blog\/wp-json\/wp\/v2\/media?parent=1763"}],"wp:term":[{"taxonomy":"category","embeddable":true,"href":"https:\/\/cepronda.com\/blog\/wp-json\/wp\/v2\/categories?post=1763"},{"taxonomy":"post_tag","embeddable":true,"href":"https:\/\/cepronda.com\/blog\/wp-json\/wp\/v2\/tags?post=1763"}],"curies":[{"name":"wp","href":"https:\/\/api.w.org\/{rel}","templated":true}]}}