{"id":1761,"date":"2018-05-04T09:45:05","date_gmt":"2018-05-04T07:45:05","guid":{"rendered":"http:\/\/cepronda.com\/blog\/?p=1761"},"modified":"2018-05-04T09:45:05","modified_gmt":"2018-05-04T07:45:05","slug":"programa-de-intercambios-escolares-para-ies-y-centros-extranjeros","status":"publish","type":"post","link":"https:\/\/cepronda.com\/blog\/programa-de-intercambios-escolares-para-ies-y-centros-extranjeros\/","title":{"rendered":"Programa de intercambios escolares para IES y centros extranjeros"},"content":{"rendered":"<p>Buenas,&nbsp;<\/p>\n<p>Compartimos con los centros de Secundaria esta convocatoria que creemos os puede resultar de inter\u00e9s. Se trata de la Resoluci\u00f3n de la direcci\u00f3n general de Innovaci\u00f3n y Formaci\u00f3n del profesorado de 3 de mayo de 2018 por la que se convoca el programa de intercambios escolares de los institutos de ense\u00f1anza secundaria dependientes de la Junta de Andaluc\u00eda con centros educativos de habla alemana, china (mandar\u00edn), francesa, inglesa y portuguesa para el curso 2018\/19.&nbsp;<\/p>\n<header>\n<p class=\"titulo\">Documentos de la normativa<\/p>\n<\/header>\n<div class=\"wrapper-listado\">\n<div class=\"inner-item\">&nbsp;<a href=\"http:\/\/www.juntadeandalucia.es\/educacion\/portals\/abaco-portlet\/content\/cbf7142a-b11b-4324-bf42-9d4f40d4668f\" target=\"_blank\" rel=\"noopener\">RESOLUCI\u00d3N DE INTERCAMBIOS 3-05-2018 (PDF \/ 235.93Kb)<\/a><\/div>\n<p>&nbsp;<\/p>\n<\/div>\n<p>&nbsp;<\/p>\n","protected":false},"excerpt":{"rendered":"<p>Buenas,&nbsp; Compartimos con los centros de Secundaria esta convocatoria que creemos os puede resultar de inter\u00e9s. Se trata de la Resoluci\u00f3n de la direcci\u00f3n general de Innovaci\u00f3n y Formaci\u00f3n del profesorado de 3 de mayo de 2018 por la que se convoca el programa de intercambios escolares de los institutos de ense\u00f1anza secundaria dependientes de [&hellip;]<\/p>\n","protected":false},"author":3,"featured_media":848,"comment_status":"open","ping_status":"open","sticky":false,"template":"","format":"standard","meta":{"_crdt_document":"","advanced_seo_description":"","jetpack_seo_html_title":"","jetpack_seo_noindex":false,"jetpack_post_was_ever_published":false,"_jetpack_newsletter_access":"","_jetpack_dont_email_post_to_subs":false,"_jetpack_newsletter_tier_id":0,"_jetpack_memberships_contains_paywalled_content":false,"_jetpack_memberships_contains_paid_content":false,"footnotes":"","jetpack_publicize_message":"","jetpack_publicize_feature_enabled":true,"jetpack_social_post_already_shared":true,"jetpack_social_options":{"image_generator_settings":{"template":"highway","default_image_id":0,"font":"","enabled":false},"version":2}},"categories":[5],"tags":[17],"class_list":{"0":"post-1761","1":"post","2":"type-post","3":"status-publish","4":"format-standard","5":"has-post-thumbnail","7":"category-noticias","8":"tag-convocatorias","9":"czr-hentry"},"jetpack_publicize_connections":[],"jetpack_featured_media_url":"https:\/\/i0.wp.com\/cepronda.com\/blog\/wp-content\/uploads\/2017\/05\/logo_ja_ce_mejor.jpg?fit=732%2C600&ssl=1","jetpack_shortlink":"https:\/\/wp.me\/p8M4X7-sp","jetpack-related-posts":[{"id":2667,"url":"https:\/\/cepronda.com\/blog\/ii-premios-para-el-reconocimiento-a-centros-publicos-de-andalucia-con-buenas-practicas-docentes-en-bibliotecas-escolares-y-en-el-fomento-de-la-lectura\/","url_meta":{"origin":1761,"position":0},"title":"II Premios para el reconocimiento a centros p\u00fablicos de Andaluc\u00eda con buenas pr\u00e1cticas docentes en Bibliotecas Escolares y en el fomento de la lectura","author":"V\u00edctor Caballero","date":"13 marzo, 2019","format":false,"excerpt":"Muy buenas familia, queremos compartir con todos y todas vosotras la convocatoria de estos premios, ya que sabemos que muchas de las bibliotecas de los centros de nuestra zona est\u00e1n haciendo un gran trabajo, y creemos sinceramente que pod\u00e9is optar a estos premios. Os dejamos con la informaci\u00f3n sobre la\u2026","rel":"","context":"En \u00abNoticias\u00bb","block_context":{"text":"Noticias","link":"https:\/\/cepronda.com\/blog\/category\/noticias\/"},"img":{"alt_text":"","src":"","width":0,"height":0},"classes":[]},{"id":3388,"url":"https:\/\/cepronda.com\/blog\/iii-premios-para-el-reconocimiento-a-centros-publicos-de-andalucia-con-buenas-practicas-docentes-en-bibliotecas-escolares-y-en-el-fomento-de-la-lectura\/","url_meta":{"origin":1761,"position":1},"title":"III Premios para el reconocimiento a centros p\u00fablicos de Andaluc\u00eda con buenas pr\u00e1cticas docentes en bibliotecas escolares y en el fomento de la lectura","author":"V\u00edctor Caballero","date":"4 febrero, 2020","format":false,"excerpt":"Muy buenas, Sabemos que en muchos de nuestros centros la biblioteca es uno de los motores que ayuda a dinamizar la vida escolar, y por lo tanto sabemos que muchas de nuestras bibliotecas sois referentes. Por eso os animamos a participar en esta convocatoria. Pr\u00f3xima publicaci\u00f3n en BOJA. Caracter\u00edsticas de\u2026","rel":"","context":"En \u00abFormaciones\u00bb","block_context":{"text":"Formaciones","link":"https:\/\/cepronda.com\/blog\/category\/formaciones\/"},"img":{"alt_text":"","src":"https:\/\/i0.wp.com\/cepronda.com\/blog\/wp-content\/uploads\/2018\/10\/child-315049_1280.jpg?fit=794%2C1200&ssl=1&resize=350%2C200","width":350,"height":200,"srcset":"https:\/\/i0.wp.com\/cepronda.com\/blog\/wp-content\/uploads\/2018\/10\/child-315049_1280.jpg?fit=794%2C1200&ssl=1&resize=350%2C200 1x, https:\/\/i0.wp.com\/cepronda.com\/blog\/wp-content\/uploads\/2018\/10\/child-315049_1280.jpg?fit=794%2C1200&ssl=1&resize=525%2C300 1.5x, https:\/\/i0.wp.com\/cepronda.com\/blog\/wp-content\/uploads\/2018\/10\/child-315049_1280.jpg?fit=794%2C1200&ssl=1&resize=700%2C400 2x"},"classes":[]},{"id":5187,"url":"https:\/\/cepronda.com\/blog\/reunion-informativa-v-premios-bibliotecas-escolares-y-fomento-de-la-lectura\/","url_meta":{"origin":1761,"position":2},"title":"REUNI\u00d3N INFORMATIVA V PREMIOS BIBLIOTECAS ESCOLARES Y FOMENTO DE LA LECTURA.","author":"Maribel Mu\u00f1oz","date":"28 marzo, 2022","format":false,"excerpt":"Buenas tardes compa\u00f1eras y compa\u00f1eros Os informamos que el pr\u00f3ximo 6 de abril de 2022 se va a desarrollar una REUNI\u00d3N INFORMATIVA V PREMIOS BIBLIOTECAS ESCOLARES Y FOMENTO DE LA LECTURA.\u00a0 Est\u00e1 dirigida al profesorado responsable de BE y direcciones de centros de Educaci\u00f3n Infantil de 2\u00ba ciclo, Educaci\u00f3n Primaria\u2026","rel":"","context":"En \u00abNoticias\u00bb","block_context":{"text":"Noticias","link":"https:\/\/cepronda.com\/blog\/category\/noticias\/"},"img":{"alt_text":"","src":"https:\/\/i0.wp.com\/cepronda.com\/blog\/wp-content\/uploads\/2022\/03\/BBEE-cartel-reunion-1.jpg?fit=580%2C820&ssl=1&resize=350%2C200","width":350,"height":200,"srcset":"https:\/\/i0.wp.com\/cepronda.com\/blog\/wp-content\/uploads\/2022\/03\/BBEE-cartel-reunion-1.jpg?fit=580%2C820&ssl=1&resize=350%2C200 1x, https:\/\/i0.wp.com\/cepronda.com\/blog\/wp-content\/uploads\/2022\/03\/BBEE-cartel-reunion-1.jpg?fit=580%2C820&ssl=1&resize=525%2C300 1.5x"},"classes":[]},{"id":5768,"url":"https:\/\/cepronda.com\/blog\/convocatoria-de-los-vi-premios-bibliotecas-escolares-y-fomento-de-la-lectura\/","url_meta":{"origin":1761,"position":3},"title":"CONVOCATORIA DE LOS VI PREMIOS  BIBLIOTECAS ESCOLARES Y FOMENTO DE LA LECTURA","author":"Inmaculada Garc\u00eda","date":"9 febrero, 2023","format":false,"excerpt":"Convocatoria Resoluci\u00f3n de 3 de febrero de 2023, de la Direcci\u00f3n General de Tecnolog\u00edas Avanzadas y Transformaci\u00f3n Educativa, por la que se convocan los VI premios para el reconocimiento a centros con buenas pr\u00e1cticas docentes en bibliotecas escolares y en el fomento de la lectura, correspondientes al curso 2022-2023. Premios.\u2026","rel":"","context":"En \u00abNoticias\u00bb","block_context":{"text":"Noticias","link":"https:\/\/cepronda.com\/blog\/category\/noticias\/"},"img":{"alt_text":"","src":"https:\/\/i0.wp.com\/cepronda.com\/blog\/wp-content\/uploads\/2023\/02\/Copia-de-ESTANCIAS-FORMATIVAS-EN-EMPRESAS-PARA-EL-PROFESORADO-DE-FORMACION-PROFESIONAL-2.png?fit=1080%2C1080&ssl=1&resize=350%2C200","width":350,"height":200,"srcset":"https:\/\/i0.wp.com\/cepronda.com\/blog\/wp-content\/uploads\/2023\/02\/Copia-de-ESTANCIAS-FORMATIVAS-EN-EMPRESAS-PARA-EL-PROFESORADO-DE-FORMACION-PROFESIONAL-2.png?fit=1080%2C1080&ssl=1&resize=350%2C200 1x, https:\/\/i0.wp.com\/cepronda.com\/blog\/wp-content\/uploads\/2023\/02\/Copia-de-ESTANCIAS-FORMATIVAS-EN-EMPRESAS-PARA-EL-PROFESORADO-DE-FORMACION-PROFESIONAL-2.png?fit=1080%2C1080&ssl=1&resize=525%2C300 1.5x, https:\/\/i0.wp.com\/cepronda.com\/blog\/wp-content\/uploads\/2023\/02\/Copia-de-ESTANCIAS-FORMATIVAS-EN-EMPRESAS-PARA-EL-PROFESORADO-DE-FORMACION-PROFESIONAL-2.png?fit=1080%2C1080&ssl=1&resize=700%2C400 2x, https:\/\/i0.wp.com\/cepronda.com\/blog\/wp-content\/uploads\/2023\/02\/Copia-de-ESTANCIAS-FORMATIVAS-EN-EMPRESAS-PARA-EL-PROFESORADO-DE-FORMACION-PROFESIONAL-2.png?fit=1080%2C1080&ssl=1&resize=1050%2C600 3x"},"classes":[]},{"id":5102,"url":"https:\/\/cepronda.com\/blog\/jefatura-de-estudios-organizacion-y-funcionamiento-de-los-centros-secundaria\/","url_meta":{"origin":1761,"position":4},"title":"JEFATURA DE ESTUDIOS: ORGANIZACI\u00d3N Y FUNCIONAMIENTO DE LOS CENTROS (SECUNDARIA)","author":"Maribel Mu\u00f1oz","date":"14 febrero, 2022","format":false,"excerpt":"Buenos d\u00edas compa\u00f1eras y compa\u00f1eros Os informamos que se encuentra abierta la inscripci\u00f3n del Curso a distancia provincial JEFATURA DE ESTUDIOS: ORGANIZACI\u00d3N Y FUNCIONAMIENTO DE LOS CENTROS (SECUNDARIA) C\u00f3digo: 229923PF373 Inscripciones: Del 14\/2\/22 hasta el 04\/03\/2022 Comienzo del curso: 15\/03\/2022 Lugar de realizaci\u00f3n: AVFP (Aula virtual de formaci\u00f3n del Profesorado)\u2026","rel":"","context":"En \u00abFormaciones\u00bb","block_context":{"text":"Formaciones","link":"https:\/\/cepronda.com\/blog\/category\/formaciones\/"},"img":{"alt_text":"","src":"https:\/\/i0.wp.com\/cepronda.com\/blog\/wp-content\/uploads\/2022\/02\/WhatsApp-Image-2022-02-14-at-10.50.24.jpeg?fit=848%2C1200&ssl=1&resize=350%2C200","width":350,"height":200,"srcset":"https:\/\/i0.wp.com\/cepronda.com\/blog\/wp-content\/uploads\/2022\/02\/WhatsApp-Image-2022-02-14-at-10.50.24.jpeg?fit=848%2C1200&ssl=1&resize=350%2C200 1x, https:\/\/i0.wp.com\/cepronda.com\/blog\/wp-content\/uploads\/2022\/02\/WhatsApp-Image-2022-02-14-at-10.50.24.jpeg?fit=848%2C1200&ssl=1&resize=525%2C300 1.5x, https:\/\/i0.wp.com\/cepronda.com\/blog\/wp-content\/uploads\/2022\/02\/WhatsApp-Image-2022-02-14-at-10.50.24.jpeg?fit=848%2C1200&ssl=1&resize=700%2C400 2x"},"classes":[]},{"id":7399,"url":"https:\/\/cepronda.com\/blog\/jefatura-de-estudios-organizacion-y-funcionamiento-de-los-centros-secundaria-2\/","url_meta":{"origin":1761,"position":5},"title":"JEFATURA DE ESTUDIOS: ORGANIZACI\u00d3N Y FUNCIONAMIENTO DE LOS CENTROS (SECUNDARIA)","author":"Mamen Moreno","date":"19 enero, 2024","format":false,"excerpt":"Os informamos que se encuentra abierta la inscripci\u00f3n en el curso provincial, JEFATURA DE ESTUDIOS: ORGANIZACI\u00d3N Y FUNCIONAMIENTO DE LOS CENTROS (SECUNDARIA) con c\u00f3digo 249923PF373 Inscripciones: 18\/01\/2024 al 31\/01\/2024 Fecha actividad: 7 de febrero hasta el 7 de abril de 2024 Duraci\u00f3n: 30 horas no presenciales en AVFP Detalle e\u2026","rel":"","context":"En \u00abFormaciones\u00bb","block_context":{"text":"Formaciones","link":"https:\/\/cepronda.com\/blog\/category\/formaciones\/"},"img":{"alt_text":"","src":"https:\/\/i0.wp.com\/cepronda.com\/blog\/wp-content\/uploads\/2024\/01\/WhatsApp-Image-2024-01-18-at-19.45.23.jpeg?fit=1080%2C1080&ssl=1&resize=350%2C200","width":350,"height":200,"srcset":"https:\/\/i0.wp.com\/cepronda.com\/blog\/wp-content\/uploads\/2024\/01\/WhatsApp-Image-2024-01-18-at-19.45.23.jpeg?fit=1080%2C1080&ssl=1&resize=350%2C200 1x, https:\/\/i0.wp.com\/cepronda.com\/blog\/wp-content\/uploads\/2024\/01\/WhatsApp-Image-2024-01-18-at-19.45.23.jpeg?fit=1080%2C1080&ssl=1&resize=525%2C300 1.5x, https:\/\/i0.wp.com\/cepronda.com\/blog\/wp-content\/uploads\/2024\/01\/WhatsApp-Image-2024-01-18-at-19.45.23.jpeg?fit=1080%2C1080&ssl=1&resize=700%2C400 2x, https:\/\/i0.wp.com\/cepronda.com\/blog\/wp-content\/uploads\/2024\/01\/WhatsApp-Image-2024-01-18-at-19.45.23.jpeg?fit=1080%2C1080&ssl=1&resize=1050%2C600 3x"},"classes":[]}],"jetpack_sharing_enabled":true,"_links":{"self":[{"href":"https:\/\/cepronda.com\/blog\/wp-json\/wp\/v2\/posts\/1761","targetHints":{"allow":["GET"]}}],"collection":[{"href":"https:\/\/cepronda.com\/blog\/wp-json\/wp\/v2\/posts"}],"about":[{"href":"https:\/\/cepronda.com\/blog\/wp-json\/wp\/v2\/types\/post"}],"author":[{"embeddable":true,"href":"https:\/\/cepronda.com\/blog\/wp-json\/wp\/v2\/users\/3"}],"replies":[{"embeddable":true,"href":"https:\/\/cepronda.com\/blog\/wp-json\/wp\/v2\/comments?post=1761"}],"version-history":[{"count":1,"href":"https:\/\/cepronda.com\/blog\/wp-json\/wp\/v2\/posts\/1761\/revisions"}],"predecessor-version":[{"id":1762,"href":"https:\/\/cepronda.com\/blog\/wp-json\/wp\/v2\/posts\/1761\/revisions\/1762"}],"wp:featuredmedia":[{"embeddable":true,"href":"https:\/\/cepronda.com\/blog\/wp-json\/wp\/v2\/media\/848"}],"wp:attachment":[{"href":"https:\/\/cepronda.com\/blog\/wp-json\/wp\/v2\/media?parent=1761"}],"wp:term":[{"taxonomy":"category","embeddable":true,"href":"https:\/\/cepronda.com\/blog\/wp-json\/wp\/v2\/categories?post=1761"},{"taxonomy":"post_tag","embeddable":true,"href":"https:\/\/cepronda.com\/blog\/wp-json\/wp\/v2\/tags?post=1761"}],"curies":[{"name":"wp","href":"https:\/\/api.w.org\/{rel}","templated":true}]}}