{"id":1751,"date":"2018-05-02T17:18:28","date_gmt":"2018-05-02T15:18:28","guid":{"rendered":"http:\/\/cepronda.com\/blog\/?p=1751"},"modified":"2018-05-02T17:18:28","modified_gmt":"2018-05-02T15:18:28","slug":"jornada-de-educacion-ambiental-genatur","status":"publish","type":"post","link":"https:\/\/cepronda.com\/blog\/jornada-de-educacion-ambiental-genatur\/","title":{"rendered":"Jornada de Educaci\u00f3n Ambiental Genatur"},"content":{"rendered":"<p>\u00a1Hola!<\/p>\n<p>\u00bfQu\u00e9 tal esa vuelta? \u00bfQu\u00e9 tal esa recarga de pilas? Esperamos que todo genial.&nbsp;<\/p>\n<p>Hoy queremos compartir con todos y todas vosotras que el pr\u00f3ximo 17 de mayo, jueves, desde la empresa Genatur nos han solicitado nuestro sal\u00f3n de actos para impartir unas jornadas de educaci\u00f3n ambiental. Compartimos la informaci\u00f3n, para todas aquellas personas que est\u00e9is interesadas en el tema;&nbsp; informaci\u00f3n que pod\u00e9is consultar en el cartel de la actividad que incluimos.&nbsp;<\/p>\n<p><a href=\"https:\/\/i0.wp.com\/cepronda.com\/blog\/wp-content\/uploads\/2018\/05\/cartel-jornadas-sobre-educaci%C3%B3n-ambiental.jpg\"><img data-recalc-dims=\"1\" loading=\"lazy\" decoding=\"async\" class=\"aligncenter size-full wp-image-1753\" src=\"https:\/\/i0.wp.com\/cepronda.com\/blog\/wp-content\/uploads\/2018\/05\/cartel-jornadas-sobre-educaci%C3%B3n-ambiental.jpg?resize=1170%2C839\" alt=\"\" width=\"1170\" height=\"839\" srcset=\"https:\/\/i0.wp.com\/cepronda.com\/blog\/wp-content\/uploads\/2018\/05\/cartel-jornadas-sobre-educaci%C3%B3n-ambiental.jpg?w=4971&amp;ssl=1 4971w, https:\/\/i0.wp.com\/cepronda.com\/blog\/wp-content\/uploads\/2018\/05\/cartel-jornadas-sobre-educaci%C3%B3n-ambiental.jpg?resize=300%2C215&amp;ssl=1 300w, https:\/\/i0.wp.com\/cepronda.com\/blog\/wp-content\/uploads\/2018\/05\/cartel-jornadas-sobre-educaci%C3%B3n-ambiental.jpg?resize=768%2C551&amp;ssl=1 768w, https:\/\/i0.wp.com\/cepronda.com\/blog\/wp-content\/uploads\/2018\/05\/cartel-jornadas-sobre-educaci%C3%B3n-ambiental.jpg?resize=1024%2C735&amp;ssl=1 1024w, https:\/\/i0.wp.com\/cepronda.com\/blog\/wp-content\/uploads\/2018\/05\/cartel-jornadas-sobre-educaci%C3%B3n-ambiental.jpg?w=2340&amp;ssl=1 2340w, https:\/\/i0.wp.com\/cepronda.com\/blog\/wp-content\/uploads\/2018\/05\/cartel-jornadas-sobre-educaci%C3%B3n-ambiental.jpg?w=3510&amp;ssl=1 3510w\" sizes=\"auto, (max-width: 1170px) 100vw, 1170px\" \/><\/a><\/p>\n","protected":false},"excerpt":{"rendered":"<p>\u00a1Hola! \u00bfQu\u00e9 tal esa vuelta? \u00bfQu\u00e9 tal esa recarga de pilas? Esperamos que todo genial.&nbsp; Hoy queremos compartir con todos y todas vosotras que el pr\u00f3ximo 17 de mayo, jueves, desde la empresa Genatur nos han solicitado nuestro sal\u00f3n de actos para impartir unas jornadas de educaci\u00f3n ambiental. Compartimos la informaci\u00f3n, para todas aquellas personas [&hellip;]<\/p>\n","protected":false},"author":3,"featured_media":1753,"comment_status":"open","ping_status":"open","sticky":false,"template":"","format":"standard","meta":{"_crdt_document":"","advanced_seo_description":"","jetpack_seo_html_title":"","jetpack_seo_noindex":false,"jetpack_post_was_ever_published":false,"_jetpack_newsletter_access":"","_jetpack_dont_email_post_to_subs":false,"_jetpack_newsletter_tier_id":0,"_jetpack_memberships_contains_paywalled_content":false,"_jetpack_memberships_contains_paid_content":false,"footnotes":"","jetpack_publicize_message":"Jornada de Educaci\u00f3n Ambiental Genatur el pr\u00f3ximo 17 de mayo","jetpack_publicize_feature_enabled":true,"jetpack_social_post_already_shared":true,"jetpack_social_options":{"image_generator_settings":{"template":"highway","default_image_id":0,"font":"","enabled":false},"version":2}},"categories":[5],"tags":[128],"class_list":{"0":"post-1751","1":"post","2":"type-post","3":"status-publish","4":"format-standard","5":"has-post-thumbnail","7":"category-noticias","8":"tag-educacion-ambiental","9":"czr-hentry"},"jetpack_publicize_connections":[],"jetpack_featured_media_url":"https:\/\/i0.wp.com\/cepronda.com\/blog\/wp-content\/uploads\/2018\/05\/cartel-jornadas-sobre-educaci%C3%B3n-ambiental.jpg?fit=4971%2C3566&ssl=1","jetpack_shortlink":"https:\/\/wp.me\/p8M4X7-sf","jetpack-related-posts":[{"id":2976,"url":"https:\/\/cepronda.com\/blog\/teachers-for-future-spain\/","url_meta":{"origin":1751,"position":0},"title":"Teachers For Future Spain","author":"V\u00edctor Caballero","date":"6 septiembre, 2019","format":false,"excerpt":"\u00a1Hola de nuevo familia! A finales del curso pasado nos sorprendi\u00f3 a algunas personas el movimiento juvenil contra el cambio clim\u00e1tico que tuvo lugar en todo el mundo. Dentro de este movimiento se han ido sumando otra serie de colectivos, y no pod\u00eda faltar el colectivo docente. Queremos compartir con\u2026","rel":"","context":"En \u00abNoticias\u00bb","block_context":{"text":"Noticias","link":"https:\/\/cepronda.com\/blog\/category\/noticias\/"},"img":{"alt_text":"","src":"https:\/\/i0.wp.com\/cepronda.com\/blog\/wp-content\/uploads\/2019\/09\/cropped-earth-11015_1280.jpg?resize=350%2C200&ssl=1","width":350,"height":200,"srcset":"https:\/\/i0.wp.com\/cepronda.com\/blog\/wp-content\/uploads\/2019\/09\/cropped-earth-11015_1280.jpg?resize=350%2C200&ssl=1 1x, https:\/\/i0.wp.com\/cepronda.com\/blog\/wp-content\/uploads\/2019\/09\/cropped-earth-11015_1280.jpg?resize=525%2C300&ssl=1 1.5x, https:\/\/i0.wp.com\/cepronda.com\/blog\/wp-content\/uploads\/2019\/09\/cropped-earth-11015_1280.jpg?resize=700%2C400&ssl=1 2x, https:\/\/i0.wp.com\/cepronda.com\/blog\/wp-content\/uploads\/2019\/09\/cropped-earth-11015_1280.jpg?resize=1050%2C600&ssl=1 3x, https:\/\/i0.wp.com\/cepronda.com\/blog\/wp-content\/uploads\/2019\/09\/cropped-earth-11015_1280.jpg?resize=1400%2C800&ssl=1 4x"},"classes":[]},{"id":3126,"url":"https:\/\/cepronda.com\/blog\/senderos-didacticos-en-parques-naturales-de-la-serrania-de-ronda\/","url_meta":{"origin":1751,"position":1},"title":"SENDEROS DID\u00c1CTICOS EN PARQUES NATURALES DE LA SERRAN\u00cdA DE RONDA","author":"V\u00edctor Caballero","date":"7 noviembre, 2019","format":false,"excerpt":"Muy buenas familia, Para las personas amantes de las rutas de senderismo de nuestra comarca, y que adem\u00e1s quieran poner en pr\u00e1ctica alguna con su alumnado, volvemos a convocar esta actividad. Para inscribiros y ver las fechas, os dejamos el siguiente enlace.","rel":"","context":"En \u00abFormaciones\u00bb","block_context":{"text":"Formaciones","link":"https:\/\/cepronda.com\/blog\/category\/formaciones\/"},"img":{"alt_text":"","src":"https:\/\/i0.wp.com\/cepronda.com\/blog\/wp-content\/uploads\/2019\/11\/senderos_did%C3%A1cticos.png?fit=570%2C807&ssl=1&resize=350%2C200","width":350,"height":200,"srcset":"https:\/\/i0.wp.com\/cepronda.com\/blog\/wp-content\/uploads\/2019\/11\/senderos_did%C3%A1cticos.png?fit=570%2C807&ssl=1&resize=350%2C200 1x, https:\/\/i0.wp.com\/cepronda.com\/blog\/wp-content\/uploads\/2019\/11\/senderos_did%C3%A1cticos.png?fit=570%2C807&ssl=1&resize=525%2C300 1.5x"},"classes":[]},{"id":3489,"url":"https:\/\/cepronda.com\/blog\/informacion-sobre-la-delegacion-provincial-de-educacion-de-malaga\/","url_meta":{"origin":1751,"position":2},"title":"Informaci\u00f3n sobre la delegaci\u00f3n provincial de Educaci\u00f3n de M\u00e1laga","author":"V\u00edctor Caballero","date":"19 marzo, 2020","format":false,"excerpt":"Hola de nuevo familia, Os dejamos con informaci\u00f3n sobre la Delegaci\u00f3n Provincial de Educaci\u00f3n, informaci\u00f3n que pod\u00e9is consultar en las siguientes im\u00e1genes.","rel":"","context":"En \u00abNoticias\u00bb","block_context":{"text":"Noticias","link":"https:\/\/cepronda.com\/blog\/category\/noticias\/"},"img":{"alt_text":"","src":"https:\/\/i0.wp.com\/cepronda.com\/blog\/wp-content\/uploads\/2020\/03\/WhatsApp-Image-2020-03-18-at-19.44.42-2.jpeg?fit=480%2C1200&ssl=1&resize=350%2C200","width":350,"height":200},"classes":[]},{"id":1553,"url":"https:\/\/cepronda.com\/blog\/jornada-provincial-retos-educativos-educacion-emocional-y-comunicacion-en-las-familias-del-siglo-xxi\/","url_meta":{"origin":1751,"position":3},"title":"Jornada provincial \u00abRetos educativos. Educaci\u00f3n emocional y comunicaci\u00f3n en las familias del siglo XXI\u00bb","author":"V\u00edctor Caballero","date":"12 enero, 2018","format":false,"excerpt":"\u00a1Hola de nuevo! Queremos compartir con todos y todas vosotras esta jornada provincial que se va a desarrollar en M\u00e1laga el pr\u00f3ximo 24 de enero, y que va dirigida tanto a docentes como a las familias. La actividad se denomina \"Retos educativos. Educaci\u00f3n emocional y comunicaci\u00f3n en las familias del\u2026","rel":"","context":"En \u00abNoticias\u00bb","block_context":{"text":"Noticias","link":"https:\/\/cepronda.com\/blog\/category\/noticias\/"},"img":{"alt_text":"","src":"https:\/\/i0.wp.com\/cepronda.com\/blog\/wp-content\/uploads\/2018\/01\/familia_m%C3%A1laga.png?fit=643%2C903&ssl=1&resize=350%2C200","width":350,"height":200,"srcset":"https:\/\/i0.wp.com\/cepronda.com\/blog\/wp-content\/uploads\/2018\/01\/familia_m%C3%A1laga.png?fit=643%2C903&ssl=1&resize=350%2C200 1x, https:\/\/i0.wp.com\/cepronda.com\/blog\/wp-content\/uploads\/2018\/01\/familia_m%C3%A1laga.png?fit=643%2C903&ssl=1&resize=525%2C300 1.5x"},"classes":[]},{"id":2371,"url":"https:\/\/cepronda.com\/blog\/red-de-educacion-especial\/","url_meta":{"origin":1751,"position":4},"title":"Red de Educaci\u00f3n Especial","author":"V\u00edctor Caballero","date":"8 octubre, 2018","format":false,"excerpt":"Y al igual que con Educaci\u00f3n Infantil, tambi\u00e9n tenemos red de Educaci\u00f3n Especial, donde nos reunimos todas aquellas personas que atendemos como especialistas a la diversidad en nuestras aulas.\u00a0 La primera sesi\u00f3n tendr\u00e1 lugar el pr\u00f3ximo 25 de octubre a las 16\u00b430 en la biblioteca del CEP. Animamos a todos\u2026","rel":"","context":"En \u00abFormaciones\u00bb","block_context":{"text":"Formaciones","link":"https:\/\/cepronda.com\/blog\/category\/formaciones\/"},"img":{"alt_text":"","src":"https:\/\/i0.wp.com\/cepronda.com\/blog\/wp-content\/uploads\/2018\/10\/child-315049_1280.jpg?fit=794%2C1200&ssl=1&resize=350%2C200","width":350,"height":200,"srcset":"https:\/\/i0.wp.com\/cepronda.com\/blog\/wp-content\/uploads\/2018\/10\/child-315049_1280.jpg?fit=794%2C1200&ssl=1&resize=350%2C200 1x, https:\/\/i0.wp.com\/cepronda.com\/blog\/wp-content\/uploads\/2018\/10\/child-315049_1280.jpg?fit=794%2C1200&ssl=1&resize=525%2C300 1.5x, https:\/\/i0.wp.com\/cepronda.com\/blog\/wp-content\/uploads\/2018\/10\/child-315049_1280.jpg?fit=794%2C1200&ssl=1&resize=700%2C400 2x"},"classes":[]},{"id":7591,"url":"https:\/\/cepronda.com\/blog\/i-jornadas-provinciales-profesorado-de-educacion-plastica-visual-y-audiovisual\/","url_meta":{"origin":1751,"position":5},"title":"I JORNADAS PROVINCIALES PROFESORADO DE EDUCACI\u00d3N PL\u00c1STICA, VISUAL Y AUDIOVISUAL.","author":"Mamen Moreno","date":"22 abril, 2024","format":false,"excerpt":"Abierto el plazo de solicitudes de las I JORNADAS PROVINCIALES PROFESORADO DE EDUCACI\u00d3N PL\u00c1STICA, VISUAL Y AUDIOVISUAL. 8 horas presenciales (Lugar: Colecci\u00f3n del Museo Ruso de M\u00e1laga). Fecha inscripci\u00f3n: 22\/04\/2024 hasta 06\/05\/2024. Fecha actividad: 16\/05\/2024. M\u00e1s informaci\u00f3n e inscripci\u00f3n: https:\/\/www.juntadeandalucia.es\/educacion\/secretariavirtual\/consultaCEP\/actividad\/242922GE257\/","rel":"","context":"En \u00abNoticias\u00bb","block_context":{"text":"Noticias","link":"https:\/\/cepronda.com\/blog\/category\/noticias\/"},"img":{"alt_text":"","src":"https:\/\/i0.wp.com\/cepronda.com\/blog\/wp-content\/uploads\/2024\/04\/WhatsApp-Image-2024-04-20-at-11.09.52.jpeg?fit=942%2C787&ssl=1&resize=350%2C200","width":350,"height":200,"srcset":"https:\/\/i0.wp.com\/cepronda.com\/blog\/wp-content\/uploads\/2024\/04\/WhatsApp-Image-2024-04-20-at-11.09.52.jpeg?fit=942%2C787&ssl=1&resize=350%2C200 1x, https:\/\/i0.wp.com\/cepronda.com\/blog\/wp-content\/uploads\/2024\/04\/WhatsApp-Image-2024-04-20-at-11.09.52.jpeg?fit=942%2C787&ssl=1&resize=525%2C300 1.5x, https:\/\/i0.wp.com\/cepronda.com\/blog\/wp-content\/uploads\/2024\/04\/WhatsApp-Image-2024-04-20-at-11.09.52.jpeg?fit=942%2C787&ssl=1&resize=700%2C400 2x"},"classes":[]}],"jetpack_sharing_enabled":true,"_links":{"self":[{"href":"https:\/\/cepronda.com\/blog\/wp-json\/wp\/v2\/posts\/1751","targetHints":{"allow":["GET"]}}],"collection":[{"href":"https:\/\/cepronda.com\/blog\/wp-json\/wp\/v2\/posts"}],"about":[{"href":"https:\/\/cepronda.com\/blog\/wp-json\/wp\/v2\/types\/post"}],"author":[{"embeddable":true,"href":"https:\/\/cepronda.com\/blog\/wp-json\/wp\/v2\/users\/3"}],"replies":[{"embeddable":true,"href":"https:\/\/cepronda.com\/blog\/wp-json\/wp\/v2\/comments?post=1751"}],"version-history":[{"count":2,"href":"https:\/\/cepronda.com\/blog\/wp-json\/wp\/v2\/posts\/1751\/revisions"}],"predecessor-version":[{"id":1754,"href":"https:\/\/cepronda.com\/blog\/wp-json\/wp\/v2\/posts\/1751\/revisions\/1754"}],"wp:featuredmedia":[{"embeddable":true,"href":"https:\/\/cepronda.com\/blog\/wp-json\/wp\/v2\/media\/1753"}],"wp:attachment":[{"href":"https:\/\/cepronda.com\/blog\/wp-json\/wp\/v2\/media?parent=1751"}],"wp:term":[{"taxonomy":"category","embeddable":true,"href":"https:\/\/cepronda.com\/blog\/wp-json\/wp\/v2\/categories?post=1751"},{"taxonomy":"post_tag","embeddable":true,"href":"https:\/\/cepronda.com\/blog\/wp-json\/wp\/v2\/tags?post=1751"}],"curies":[{"name":"wp","href":"https:\/\/api.w.org\/{rel}","templated":true}]}}