{"id":1747,"date":"2018-04-27T10:52:57","date_gmt":"2018-04-27T08:52:57","guid":{"rendered":"http:\/\/cepronda.com\/blog\/?p=1747"},"modified":"2018-04-27T10:52:57","modified_gmt":"2018-04-27T08:52:57","slug":"programa-de-salud-juvenil-de-la-casa-de-la-juventud","status":"publish","type":"post","link":"https:\/\/cepronda.com\/blog\/programa-de-salud-juvenil-de-la-casa-de-la-juventud\/","title":{"rendered":"Programa de Salud Juvenil de la Casa de la Juventud"},"content":{"rendered":"<p>Hola, muy buenas, queremos compartir con todos y todas vosotras la informaci\u00f3n sobre una serie de talleres relacionados con la juventud y la salud que organiza el Ayuntamiento de Ronda a trav\u00e9s de la Casa de la Juventud. Aqu\u00ed m\u00e1s abajo ten\u00e9is el cartel en imagen y en archivo PDF.&nbsp;<\/p>\n<p><a href=\"https:\/\/i0.wp.com\/cepronda.com\/blog\/wp-content\/uploads\/2018\/04\/salud_casa_de_la_juventud.png\"><img data-recalc-dims=\"1\" loading=\"lazy\" decoding=\"async\" class=\"aligncenter size-full wp-image-1748\" src=\"https:\/\/i0.wp.com\/cepronda.com\/blog\/wp-content\/uploads\/2018\/04\/salud_casa_de_la_juventud.png?resize=591%2C852\" alt=\"\" width=\"591\" height=\"852\" srcset=\"https:\/\/i0.wp.com\/cepronda.com\/blog\/wp-content\/uploads\/2018\/04\/salud_casa_de_la_juventud.png?w=591&amp;ssl=1 591w, https:\/\/i0.wp.com\/cepronda.com\/blog\/wp-content\/uploads\/2018\/04\/salud_casa_de_la_juventud.png?resize=208%2C300&amp;ssl=1 208w\" sizes=\"auto, (max-width: 591px) 100vw, 591px\" \/><\/a><\/p>\n<p><a href=\"http:\/\/cepronda.com\/blog\/wp-content\/uploads\/2018\/04\/cartelsalud.pdf\">cartelsalud<\/a><\/p>\n","protected":false},"excerpt":{"rendered":"<p>Hola, muy buenas, queremos compartir con todos y todas vosotras la informaci\u00f3n sobre una serie de talleres relacionados con la juventud y la salud que organiza el Ayuntamiento de Ronda a trav\u00e9s de la Casa de la Juventud. Aqu\u00ed m\u00e1s abajo ten\u00e9is el cartel en imagen y en archivo PDF.&nbsp; cartelsalud<\/p>\n","protected":false},"author":3,"featured_media":1748,"comment_status":"open","ping_status":"open","sticky":false,"template":"","format":"standard","meta":{"_crdt_document":"","advanced_seo_description":"","jetpack_seo_html_title":"","jetpack_seo_noindex":false,"jetpack_post_was_ever_published":false,"_jetpack_newsletter_access":"","_jetpack_dont_email_post_to_subs":false,"_jetpack_newsletter_tier_id":0,"_jetpack_memberships_contains_paywalled_content":false,"_jetpack_memberships_contains_paid_content":false,"footnotes":"","jetpack_publicize_message":"Programa de Salud Juvenil de la Casa de la Juventud","jetpack_publicize_feature_enabled":true,"jetpack_social_post_already_shared":true,"jetpack_social_options":{"image_generator_settings":{"template":"highway","default_image_id":0,"font":"","enabled":false},"version":2}},"categories":[5],"tags":[107],"class_list":{"0":"post-1747","1":"post","2":"type-post","3":"status-publish","4":"format-standard","5":"has-post-thumbnail","7":"category-noticias","8":"tag-habitos-de-vida-saludable","9":"czr-hentry"},"jetpack_publicize_connections":[],"jetpack_featured_media_url":"https:\/\/i0.wp.com\/cepronda.com\/blog\/wp-content\/uploads\/2018\/04\/salud_casa_de_la_juventud.png?fit=591%2C852&ssl=1","jetpack_shortlink":"https:\/\/wp.me\/p8M4X7-sb","jetpack-related-posts":[{"id":1698,"url":"https:\/\/cepronda.com\/blog\/v-certamen-de-relatos-cortos-para-jovenes-nacidos-o-residentes-en-ronda-y-la-serrania\/","url_meta":{"origin":1747,"position":0},"title":"V Certamen de Relatos Cortos para j\u00f3venes nacidos o residentes en Ronda y la Serran\u00eda","author":"V\u00edctor Caballero","date":"19 abril, 2018","format":false,"excerpt":"\u00a1Muy buenas! Compartimos con todas y todos vosotros esta informaci\u00f3n desde la Casa de la Juventud.\u00a0 \u00a0 Un a\u00f1o m\u00e1s, con motivo del D\u00eda Mundial del Libro y con la intenci\u00f3n de motivar a los j\u00f3venes hacia el \u00a0h\u00e1bito lector y la creaci\u00f3n literaria, desde la Delegaci\u00f3n de Juventud se\u2026","rel":"","context":"En \u00abNoticias\u00bb","block_context":{"text":"Noticias","link":"https:\/\/cepronda.com\/blog\/category\/noticias\/"},"img":{"alt_text":"","src":"","width":0,"height":0},"classes":[]},{"id":3630,"url":"https:\/\/cepronda.com\/blog\/ganadores-relatos-cortos\/","url_meta":{"origin":1747,"position":1},"title":"Ganadores Relatos Cortos","author":"V\u00edctor Caballero","date":"30 junio, 2020","format":false,"excerpt":"Nos comunican desde el IES Profesor Gonzalo Huesa que, desde la Casa de la Juventud de Ronda, una gran noticia: los ganadores del certamen de relato corto del Ayuntamiento de nuestra ciudad en categor\u00eda 1 y 2 son dos estudiantes de 3\u00ba de ESO \u00a0de nuestro centro. Los alumnos premiados\u2026","rel":"","context":"En \u00abNoticias\u00bb","block_context":{"text":"Noticias","link":"https:\/\/cepronda.com\/blog\/category\/noticias\/"},"img":{"alt_text":"","src":"https:\/\/i0.wp.com\/cepronda.com\/blog\/wp-content\/uploads\/2020\/06\/u1xcXPOz_400x400.jpg?resize=350%2C200","width":350,"height":200},"classes":[]},{"id":2501,"url":"https:\/\/cepronda.com\/blog\/premiados-en-el-iii-certamen-de-microrrelatos-sobre-violencia-de-genero-en-la-juventud\/","url_meta":{"origin":1747,"position":2},"title":"Premiados en el III CERTAMEN DE MICRORRELATOS SOBRE VIOLENCIA DE G\u00c9NERO EN LA JUVENTUD","author":"V\u00edctor Caballero","date":"30 noviembre, 2018","format":false,"excerpt":"Muy buenas, terminamos la semana con una magn\u00edfica noticia, y es que 3 relatos presentados por 3 alumnas del IES Profesor Gonzalo Huesa han sido seleccionados en el\u00a0III CERTAMEN DE MICRORRELATOS SOBREVIOLENCIA DE G\u00c9NERO EN LA JUVENTUD. Os dejamos con algunas fotos tomadas en el d\u00eda de la entrega de\u2026","rel":"","context":"En \u00abNoticias\u00bb","block_context":{"text":"Noticias","link":"https:\/\/cepronda.com\/blog\/category\/noticias\/"},"img":{"alt_text":"","src":"https:\/\/i0.wp.com\/cepronda.com\/blog\/wp-content\/uploads\/2018\/11\/Gonzalo-Huesa-premio.jpg?fit=576%2C1024&ssl=1&resize=350%2C200","width":350,"height":200,"srcset":"https:\/\/i0.wp.com\/cepronda.com\/blog\/wp-content\/uploads\/2018\/11\/Gonzalo-Huesa-premio.jpg?fit=576%2C1024&ssl=1&resize=350%2C200 1x, https:\/\/i0.wp.com\/cepronda.com\/blog\/wp-content\/uploads\/2018\/11\/Gonzalo-Huesa-premio.jpg?fit=576%2C1024&ssl=1&resize=525%2C300 1.5x"},"classes":[]},{"id":2272,"url":"https:\/\/cepronda.com\/blog\/iii-certamen-de-microrrelatos-sobre-violencia-de-genero-en-la-juventud-malaga-2018\/","url_meta":{"origin":1747,"position":3},"title":"III Certamen de Microrrelatos sobre Violencia de g\u00e9nero en la juventud &#8211; M\u00e1laga 2018","author":"V\u00edctor Caballero","date":"7 septiembre, 2018","format":false,"excerpt":"Muy buenas de nuevo familia.\u00a0 Hoy queremos compartir con todas y todos vosotros una iniciativa que nos ha llegado por medio de Antonio Poleo. Se trata del III Certamen de Microrrelatos sobre violencia de g\u00e9nero en la juventud. Va dirigido a j\u00f3venes hasta 20 a\u00f1os, as\u00ed que pod\u00e9is participar con\u2026","rel":"","context":"En \u00abNoticias\u00bb","block_context":{"text":"Noticias","link":"https:\/\/cepronda.com\/blog\/category\/noticias\/"},"img":{"alt_text":"","src":"https:\/\/i0.wp.com\/cepronda.com\/blog\/wp-content\/uploads\/2018\/09\/Cartel_Microrrelatos.png?fit=608%2C855&ssl=1&resize=350%2C200","width":350,"height":200,"srcset":"https:\/\/i0.wp.com\/cepronda.com\/blog\/wp-content\/uploads\/2018\/09\/Cartel_Microrrelatos.png?fit=608%2C855&ssl=1&resize=350%2C200 1x, https:\/\/i0.wp.com\/cepronda.com\/blog\/wp-content\/uploads\/2018\/09\/Cartel_Microrrelatos.png?fit=608%2C855&ssl=1&resize=525%2C300 1.5x"},"classes":[]},{"id":3153,"url":"https:\/\/cepronda.com\/blog\/iv-certamen-de-microrrelatos-sobre-violencia-de-genero-en-la-juventud-malaga-2019-2\/","url_meta":{"origin":1747,"position":4},"title":"IV Certamen de microrrelatos sobre Violencia de g\u00e9nero en la juventud &#8211; M\u00e1laga 2019","author":"V\u00edctor Caballero","date":"19 noviembre, 2019","format":false,"excerpt":"\u00a1Buenos d\u00edas! Nos acaban de comunicar los doce microrrelatos que han sido elegidos por el jurado para el Acto de lectura p\u00fablica\u00a0del pr\u00f3ximo s\u00e1bado 23 de noviembre, a las 11:30 de la ma\u00f1ana en el Auditorio Edgar Neville de la Diputaci\u00f3n de M\u00e1laga. Y nuevamente tenemos que celebrar que cuatro\u2026","rel":"","context":"En \u00abNoticias\u00bb","block_context":{"text":"Noticias","link":"https:\/\/cepronda.com\/blog\/category\/noticias\/"},"img":{"alt_text":"","src":"https:\/\/i0.wp.com\/cepronda.com\/blog\/wp-content\/uploads\/2019\/09\/IES-Gonzalo-Huesa.png?resize=350%2C200","width":350,"height":200},"classes":[]},{"id":2919,"url":"https:\/\/cepronda.com\/blog\/xxxi-certamen-jovenes-investigadores-2019\/","url_meta":{"origin":1747,"position":5},"title":"XXXI Certamen J\u00f3venes Investigadores 2019","author":"V\u00edctor Caballero","date":"21 junio, 2019","format":false,"excerpt":"El Jurado del XXXI Certamen J\u00f3venes Investigadores 2019\u00a0ha seleccionado cuarenta proyectos que sus autores defender\u00e1n p\u00fablicamente en un Congreso que se celebrar\u00e1 en el\u00a0Centro Eurolatinoamericano de Juventud (CEULAJ)\u00a0en Mollina (M\u00e1laga), del 17 al 20 de junio de 2019.\u00a0 Dentro de los trabajos seleccionados y posteriormente premiados podemos encontrar dos alumnos\u2026","rel":"","context":"En \u00abNoticias\u00bb","block_context":{"text":"Noticias","link":"https:\/\/cepronda.com\/blog\/category\/noticias\/"},"img":{"alt_text":"","src":"https:\/\/i0.wp.com\/cepronda.com\/blog\/wp-content\/uploads\/2019\/06\/logo-jovenes-investigadores-1.jpg?fit=1200%2C1200&ssl=1&resize=350%2C200","width":350,"height":200,"srcset":"https:\/\/i0.wp.com\/cepronda.com\/blog\/wp-content\/uploads\/2019\/06\/logo-jovenes-investigadores-1.jpg?fit=1200%2C1200&ssl=1&resize=350%2C200 1x, https:\/\/i0.wp.com\/cepronda.com\/blog\/wp-content\/uploads\/2019\/06\/logo-jovenes-investigadores-1.jpg?fit=1200%2C1200&ssl=1&resize=525%2C300 1.5x, https:\/\/i0.wp.com\/cepronda.com\/blog\/wp-content\/uploads\/2019\/06\/logo-jovenes-investigadores-1.jpg?fit=1200%2C1200&ssl=1&resize=700%2C400 2x, https:\/\/i0.wp.com\/cepronda.com\/blog\/wp-content\/uploads\/2019\/06\/logo-jovenes-investigadores-1.jpg?fit=1200%2C1200&ssl=1&resize=1050%2C600 3x"},"classes":[]}],"jetpack_sharing_enabled":true,"_links":{"self":[{"href":"https:\/\/cepronda.com\/blog\/wp-json\/wp\/v2\/posts\/1747","targetHints":{"allow":["GET"]}}],"collection":[{"href":"https:\/\/cepronda.com\/blog\/wp-json\/wp\/v2\/posts"}],"about":[{"href":"https:\/\/cepronda.com\/blog\/wp-json\/wp\/v2\/types\/post"}],"author":[{"embeddable":true,"href":"https:\/\/cepronda.com\/blog\/wp-json\/wp\/v2\/users\/3"}],"replies":[{"embeddable":true,"href":"https:\/\/cepronda.com\/blog\/wp-json\/wp\/v2\/comments?post=1747"}],"version-history":[{"count":1,"href":"https:\/\/cepronda.com\/blog\/wp-json\/wp\/v2\/posts\/1747\/revisions"}],"predecessor-version":[{"id":1750,"href":"https:\/\/cepronda.com\/blog\/wp-json\/wp\/v2\/posts\/1747\/revisions\/1750"}],"wp:featuredmedia":[{"embeddable":true,"href":"https:\/\/cepronda.com\/blog\/wp-json\/wp\/v2\/media\/1748"}],"wp:attachment":[{"href":"https:\/\/cepronda.com\/blog\/wp-json\/wp\/v2\/media?parent=1747"}],"wp:term":[{"taxonomy":"category","embeddable":true,"href":"https:\/\/cepronda.com\/blog\/wp-json\/wp\/v2\/categories?post=1747"},{"taxonomy":"post_tag","embeddable":true,"href":"https:\/\/cepronda.com\/blog\/wp-json\/wp\/v2\/tags?post=1747"}],"curies":[{"name":"wp","href":"https:\/\/api.w.org\/{rel}","templated":true}]}}