{"id":1744,"date":"2018-04-25T18:17:17","date_gmt":"2018-04-25T16:17:17","guid":{"rendered":"http:\/\/cepronda.com\/blog\/?p=1744"},"modified":"2018-04-25T18:17:17","modified_gmt":"2018-04-25T16:17:17","slug":"xxx-edicion-del-concurso-para-el-fomento-de-la-investigacion-e-innovacion-educativa-en-sus-dos-modalidades-premio-joaquin-guichot-y-premio-antonio-dominguez-ortiz","status":"publish","type":"post","link":"https:\/\/cepronda.com\/blog\/xxx-edicion-del-concurso-para-el-fomento-de-la-investigacion-e-innovacion-educativa-en-sus-dos-modalidades-premio-joaquin-guichot-y-premio-antonio-dominguez-ortiz\/","title":{"rendered":"XXX edici\u00f3n del concurso para el fomento de la investigaci\u00f3n e innovaci\u00f3n educativa en sus dos modalidades, premio \u00abJoaqu\u00edn Guichot\u00bb y premio \u00abAntonio Dom\u00ednguez Ortiz\u00bb"},"content":{"rendered":"<p>Muy buenas,&nbsp;<\/p>\n<p>Ponemos en conocimiento de todo el profesorado que se ha lanzado la convocatoria de la XXX edici\u00f3n del concurso para el fomento de la investigaci\u00f3n e innovaci\u00f3n educativa en sus dos modalidades \u00abJoaqu\u00edn Guichot\u00bb y premio \u00abAntonio Dom\u00ednguez Ort\u00edz\u00bb.&nbsp;<\/p>\n<p>Para acceder a la informaci\u00f3n, s\u00f3lo ten\u00e9is <a href=\"http:\/\/www.juntadeandalucia.es\/educacion\/portals\/web\/ced\/normativa\/-\/normativas\/detalle\/resolucion-de-2-de-marzo-de-2018-de-la-direccion-general-de-innovacion-y-formacion-del-profesorado-por-la-que-se\" target=\"_blank\" rel=\"noopener\">seguir este enlace<\/a>. Un saludo.&nbsp;<\/p>\n<h1 class=\"titulo\"><a href=\"http:\/\/www.juntadeandalucia.es\/educacion\/portals\/web\/ced\/normativa\/-\/normativas\/detalle\/resolucion-de-2-de-marzo-de-2018-de-la-direccion-general-de-innovacion-y-formacion-del-profesorado-por-la-que-se\" target=\"_blank\" rel=\"noopener\"><img data-recalc-dims=\"1\" loading=\"lazy\" decoding=\"async\" class=\"aligncenter wp-image-848 size-medium\" src=\"https:\/\/i0.wp.com\/cepronda.com\/blog\/wp-content\/uploads\/2017\/05\/logo_ja_ce_mejor-300x246.jpg?resize=300%2C246\" alt=\"\" width=\"300\" height=\"246\" srcset=\"https:\/\/i0.wp.com\/cepronda.com\/blog\/wp-content\/uploads\/2017\/05\/logo_ja_ce_mejor.jpg?resize=300%2C246&amp;ssl=1 300w, https:\/\/i0.wp.com\/cepronda.com\/blog\/wp-content\/uploads\/2017\/05\/logo_ja_ce_mejor.jpg?w=732&amp;ssl=1 732w\" sizes=\"auto, (max-width: 300px) 100vw, 300px\" \/><\/a><\/h1>\n","protected":false},"excerpt":{"rendered":"<p>Muy buenas,&nbsp; Ponemos en conocimiento de todo el profesorado que se ha lanzado la convocatoria de la XXX edici\u00f3n del concurso para el fomento de la investigaci\u00f3n e innovaci\u00f3n educativa en sus dos modalidades \u00abJoaqu\u00edn Guichot\u00bb y premio \u00abAntonio Dom\u00ednguez Ort\u00edz\u00bb.&nbsp; Para acceder a la informaci\u00f3n, s\u00f3lo ten\u00e9is seguir este enlace. Un saludo.&nbsp;<\/p>\n","protected":false},"author":3,"featured_media":848,"comment_status":"open","ping_status":"open","sticky":false,"template":"","format":"standard","meta":{"_crdt_document":"","advanced_seo_description":"","jetpack_seo_html_title":"","jetpack_seo_noindex":false,"jetpack_post_was_ever_published":false,"_jetpack_newsletter_access":"","_jetpack_dont_email_post_to_subs":false,"_jetpack_newsletter_tier_id":0,"_jetpack_memberships_contains_paywalled_content":false,"_jetpack_memberships_contains_paid_content":false,"footnotes":"","jetpack_publicize_message":"","jetpack_publicize_feature_enabled":true,"jetpack_social_post_already_shared":true,"jetpack_social_options":{"image_generator_settings":{"template":"highway","default_image_id":0,"font":"","enabled":false},"version":2}},"categories":[5],"tags":[39],"class_list":{"0":"post-1744","1":"post","2":"type-post","3":"status-publish","4":"format-standard","5":"has-post-thumbnail","7":"category-noticias","8":"tag-innovacion-educativa","9":"czr-hentry"},"jetpack_publicize_connections":[],"jetpack_featured_media_url":"https:\/\/i0.wp.com\/cepronda.com\/blog\/wp-content\/uploads\/2017\/05\/logo_ja_ce_mejor.jpg?fit=732%2C600&ssl=1","jetpack_shortlink":"https:\/\/wp.me\/p8M4X7-s8","jetpack-related-posts":[{"id":5272,"url":"https:\/\/cepronda.com\/blog\/xxxii-edicion-del-concurso-para-el-fomento-de-la-investigacion-e-innovacion-educativa-joaquin-guichot-y-antonio-dominguez-ortiz\/","url_meta":{"origin":1744,"position":0},"title":"XXXII edici\u00f3n del concurso para el fomento de la investigaci\u00f3n e innovaci\u00f3n educativa \u00abJoaqu\u00edn Guichot\u00bb Y \u00abAntonio Dom\u00ednguez Ortiz\u00bb","author":"Inmaculada Garc\u00eda","date":"5 mayo, 2022","format":false,"excerpt":"Convocados los premios \u00abJoaqu\u00edn Guichot\u00bb y \u00abAntonio Dom\u00ednguez Ortiz\u00bb. Resoluci\u00f3n de 1 de abril de 2022, de la Direcci\u00f3n General de Formaci\u00f3n del Profesorado e Innovaci\u00f3n Educativa, por la que se convoca la XXXII edici\u00f3n del concurso para el fomento de la investigaci\u00f3n e innovaci\u00f3n educativa en sus dos modalidades,\u2026","rel":"","context":"En \u00abNoticias\u00bb","block_context":{"text":"Noticias","link":"https:\/\/cepronda.com\/blog\/category\/noticias\/"},"img":{"alt_text":"","src":"https:\/\/i0.wp.com\/cepronda.com\/blog\/wp-content\/uploads\/2022\/05\/ESTANCIAS-FORMATIVAS-EN-EMPRESAS-PARA-EL-PROFESORADO-DE-FORMACION-PROFESIONAL.png?fit=1080%2C1080&ssl=1&resize=350%2C200","width":350,"height":200,"srcset":"https:\/\/i0.wp.com\/cepronda.com\/blog\/wp-content\/uploads\/2022\/05\/ESTANCIAS-FORMATIVAS-EN-EMPRESAS-PARA-EL-PROFESORADO-DE-FORMACION-PROFESIONAL.png?fit=1080%2C1080&ssl=1&resize=350%2C200 1x, https:\/\/i0.wp.com\/cepronda.com\/blog\/wp-content\/uploads\/2022\/05\/ESTANCIAS-FORMATIVAS-EN-EMPRESAS-PARA-EL-PROFESORADO-DE-FORMACION-PROFESIONAL.png?fit=1080%2C1080&ssl=1&resize=525%2C300 1.5x, https:\/\/i0.wp.com\/cepronda.com\/blog\/wp-content\/uploads\/2022\/05\/ESTANCIAS-FORMATIVAS-EN-EMPRESAS-PARA-EL-PROFESORADO-DE-FORMACION-PROFESIONAL.png?fit=1080%2C1080&ssl=1&resize=700%2C400 2x, https:\/\/i0.wp.com\/cepronda.com\/blog\/wp-content\/uploads\/2022\/05\/ESTANCIAS-FORMATIVAS-EN-EMPRESAS-PARA-EL-PROFESORADO-DE-FORMACION-PROFESIONAL.png?fit=1080%2C1080&ssl=1&resize=1050%2C600 3x"},"classes":[]},{"id":780,"url":"https:\/\/cepronda.com\/blog\/convocatoria-de-la-xxix-edicion-del-concurso-de-los-premios-joaquin-guichot-y-antonio-dominguez-ortiz\/","url_meta":{"origin":1744,"position":1},"title":"Convocatoria de la XXIX edici\u00f3n del concurso de los Premios Joaqu\u00edn Guichot y Antonio Dom\u00ednguez Ortiz.","author":"V\u00edctor Caballero","date":"18 abril, 2017","format":false,"excerpt":"Muy buenas, Compartimos con todas y todos vosotros esta informaci\u00f3n relativa al concurso de los premios Joaqu\u00edn Guichot y Antonio Dom\u00ednguez Ort\u00edz. Se convoca la XXIX edici\u00f3n del concurso para el fomento de la investigaci\u00f3n e innovaci\u00f3n educativa en sus dos modalidades, Premio \u00abJoaqu\u00edn Guichot\u00bb y Premio \u00abAntonio Dom\u00ednguez Ortiz\u00bb\u2026","rel":"","context":"En \u00abNoticias\u00bb","block_context":{"text":"Noticias","link":"https:\/\/cepronda.com\/blog\/category\/noticias\/"},"img":{"alt_text":"","src":"https:\/\/i0.wp.com\/cepronda.com\/blog\/wp-content\/uploads\/2017\/05\/logo_ja_ce_mejor.jpg?fit=732%2C600&ssl=1&resize=350%2C200","width":350,"height":200,"srcset":"https:\/\/i0.wp.com\/cepronda.com\/blog\/wp-content\/uploads\/2017\/05\/logo_ja_ce_mejor.jpg?fit=732%2C600&ssl=1&resize=350%2C200 1x, https:\/\/i0.wp.com\/cepronda.com\/blog\/wp-content\/uploads\/2017\/05\/logo_ja_ce_mejor.jpg?fit=732%2C600&ssl=1&resize=525%2C300 1.5x, https:\/\/i0.wp.com\/cepronda.com\/blog\/wp-content\/uploads\/2017\/05\/logo_ja_ce_mejor.jpg?fit=732%2C600&ssl=1&resize=700%2C400 2x"},"classes":[]},{"id":2876,"url":"https:\/\/cepronda.com\/blog\/convocatoria-xxxi-edicion-de-los-premios-joaquin-guichot-y-antonio-dominguez-ortiz\/","url_meta":{"origin":1744,"position":2},"title":"Convocatoria XXXI Edici\u00f3n de los Premios Joaqu\u00edn Guichot y Antonio Dom\u00ednguez Ortiz","author":"V\u00edctor Caballero","date":"12 junio, 2019","format":false,"excerpt":"Convocada la XXXI edici\u00f3n del concurso para el fomento de la investigaci\u00f3n e innovaci\u00f3n educativa en sus dos modalidades, Premio \u00abJoaqu\u00edn Guichot\u00bb y Premio \u00abAntonio Dom\u00ednguez Ortiz\u00bb en centros p\u00fablicos correspondiente al curso 2018\/2019 por la RESOLUCI\u00d3N de 23 de mayo de 2019, de la Direcci\u00f3n General de Formaci\u00f3n del\u2026","rel":"","context":"En \u00abFormaciones\u00bb","block_context":{"text":"Formaciones","link":"https:\/\/cepronda.com\/blog\/category\/formaciones\/"},"img":{"alt_text":"","src":"https:\/\/i0.wp.com\/cepronda.com\/blog\/wp-content\/uploads\/2019\/05\/logo-nuevo.jpg?fit=531%2C342&ssl=1&resize=350%2C200","width":350,"height":200,"srcset":"https:\/\/i0.wp.com\/cepronda.com\/blog\/wp-content\/uploads\/2019\/05\/logo-nuevo.jpg?fit=531%2C342&ssl=1&resize=350%2C200 1x, https:\/\/i0.wp.com\/cepronda.com\/blog\/wp-content\/uploads\/2019\/05\/logo-nuevo.jpg?fit=531%2C342&ssl=1&resize=525%2C300 1.5x"},"classes":[]},{"id":9210,"url":"https:\/\/cepronda.com\/blog\/9210-2\/","url_meta":{"origin":1744,"position":3},"title":"NOS CONCEDEN EL 3\u00ba PREMIO \u00abJOAQU\u00cdN GUICHOT\u00bb A LA INNOVACI\u00d3N EDUCATIVA.","author":"Encarni Jim\u00e9nez Rosado","date":"15 enero, 2026","format":false,"excerpt":"\u00a1ESTAMOS DE ENHORABUENA! Nos llena de orgullo anunciar que el Show de Inventos y Talentos de Ronda. IT\u00b4s RONDA ha sido galardonado con el 3\u00ba Premio en la modalidad \"Joaqu\u00edn Guichot\". Este reconocimiento llega en el marco de la XXXIV edici\u00f3n del concurso para el fomento de la investigaci\u00f3n e\u2026","rel":"","context":"En \u00abNoticias\u00bb","block_context":{"text":"Noticias","link":"https:\/\/cepronda.com\/blog\/category\/noticias\/"},"img":{"alt_text":"","src":"https:\/\/i0.wp.com\/cepronda.com\/blog\/wp-content\/uploads\/2026\/01\/premio.jpg?fit=960%2C1200&ssl=1&resize=350%2C200","width":350,"height":200,"srcset":"https:\/\/i0.wp.com\/cepronda.com\/blog\/wp-content\/uploads\/2026\/01\/premio.jpg?fit=960%2C1200&ssl=1&resize=350%2C200 1x, https:\/\/i0.wp.com\/cepronda.com\/blog\/wp-content\/uploads\/2026\/01\/premio.jpg?fit=960%2C1200&ssl=1&resize=525%2C300 1.5x, https:\/\/i0.wp.com\/cepronda.com\/blog\/wp-content\/uploads\/2026\/01\/premio.jpg?fit=960%2C1200&ssl=1&resize=700%2C400 2x"},"classes":[]},{"id":9214,"url":"https:\/\/cepronda.com\/blog\/9214-2\/","url_meta":{"origin":1744,"position":4},"title":"PARTICIPA EN LA V EDICI\u00d3N DE LA FERIA DE INVENTOS Y TALENTOS. IT\u00b4s RONDA 2026.","author":"Encarni Jim\u00e9nez Rosado","date":"16 enero, 2026","format":false,"excerpt":"Queremos contar contigo en la V edici\u00f3n de la\u00a0Feria de Inventos y Talentos de Ronda, reci\u00e9n galardonada con el 3\u00ba Premio Joaqu\u00edn Guichot a la Innovaci\u00f3n Educativa. Se celebrar\u00e1 los d\u00edas 22 (mi\u00e9rcoles) y 23 (jueves) de abril de 2026. Buscamos mentes inquietas, inventores e inventoras del futuro y talentos\u2026","rel":"","context":"En \u00abNoticias\u00bb","block_context":{"text":"Noticias","link":"https:\/\/cepronda.com\/blog\/category\/noticias\/"},"img":{"alt_text":"","src":"https:\/\/i0.wp.com\/cepronda.com\/blog\/wp-content\/uploads\/2026\/01\/feria-2.jpg?fit=960%2C1200&ssl=1&resize=350%2C200","width":350,"height":200,"srcset":"https:\/\/i0.wp.com\/cepronda.com\/blog\/wp-content\/uploads\/2026\/01\/feria-2.jpg?fit=960%2C1200&ssl=1&resize=350%2C200 1x, https:\/\/i0.wp.com\/cepronda.com\/blog\/wp-content\/uploads\/2026\/01\/feria-2.jpg?fit=960%2C1200&ssl=1&resize=525%2C300 1.5x, https:\/\/i0.wp.com\/cepronda.com\/blog\/wp-content\/uploads\/2026\/01\/feria-2.jpg?fit=960%2C1200&ssl=1&resize=700%2C400 2x"},"classes":[]},{"id":3777,"url":"https:\/\/cepronda.com\/blog\/grupos-de-trabajo-formacion-en-centros-programas-para-la-innovacion-educativa\/","url_meta":{"origin":1744,"position":5},"title":"Grupos de trabajo. Formaci\u00f3n en centros. Programas para la innovaci\u00f3n educativa.","author":"Maribel Mu\u00f1oz","date":"28 septiembre, 2020","format":false,"excerpt":"Buenos d\u00edas compa\u00f1eras y compa\u00f1eros, Os informamos que est\u00e1 abierto el plazo para solicitar Grupos de Trabajo y as\u00ed como Formaci\u00f3n en Centros. Estas dos modalidades de autoformaci\u00f3n se solicitan v\u00eda S\u00e9neca. Adjuntamos las instrucciones publicadas ( GT y FC) . Tambi\u00e9n os hacemos llegar las instrucciones relativas a la\u2026","rel":"","context":"En \u00abFormaciones\u00bb","block_context":{"text":"Formaciones","link":"https:\/\/cepronda.com\/blog\/category\/formaciones\/"},"img":{"alt_text":"","src":"https:\/\/i0.wp.com\/cepronda.com\/blog\/wp-content\/uploads\/2020\/09\/Logo-progamas-de-formacion-oficial.jpg?resize=350%2C200","width":350,"height":200},"classes":[]}],"jetpack_sharing_enabled":true,"_links":{"self":[{"href":"https:\/\/cepronda.com\/blog\/wp-json\/wp\/v2\/posts\/1744","targetHints":{"allow":["GET"]}}],"collection":[{"href":"https:\/\/cepronda.com\/blog\/wp-json\/wp\/v2\/posts"}],"about":[{"href":"https:\/\/cepronda.com\/blog\/wp-json\/wp\/v2\/types\/post"}],"author":[{"embeddable":true,"href":"https:\/\/cepronda.com\/blog\/wp-json\/wp\/v2\/users\/3"}],"replies":[{"embeddable":true,"href":"https:\/\/cepronda.com\/blog\/wp-json\/wp\/v2\/comments?post=1744"}],"version-history":[{"count":1,"href":"https:\/\/cepronda.com\/blog\/wp-json\/wp\/v2\/posts\/1744\/revisions"}],"predecessor-version":[{"id":1745,"href":"https:\/\/cepronda.com\/blog\/wp-json\/wp\/v2\/posts\/1744\/revisions\/1745"}],"wp:featuredmedia":[{"embeddable":true,"href":"https:\/\/cepronda.com\/blog\/wp-json\/wp\/v2\/media\/848"}],"wp:attachment":[{"href":"https:\/\/cepronda.com\/blog\/wp-json\/wp\/v2\/media?parent=1744"}],"wp:term":[{"taxonomy":"category","embeddable":true,"href":"https:\/\/cepronda.com\/blog\/wp-json\/wp\/v2\/categories?post=1744"},{"taxonomy":"post_tag","embeddable":true,"href":"https:\/\/cepronda.com\/blog\/wp-json\/wp\/v2\/tags?post=1744"}],"curies":[{"name":"wp","href":"https:\/\/api.w.org\/{rel}","templated":true}]}}