{"id":1741,"date":"2018-04-24T12:29:29","date_gmt":"2018-04-24T10:29:29","guid":{"rendered":"http:\/\/cepronda.com\/blog\/?p=1741"},"modified":"2018-04-24T12:29:29","modified_gmt":"2018-04-24T10:29:29","slug":"conciertos-didacticos-del-guitarrista-pablo-sainz-villegas-en-centros-educativos-de-andalucia","status":"publish","type":"post","link":"https:\/\/cepronda.com\/blog\/conciertos-didacticos-del-guitarrista-pablo-sainz-villegas-en-centros-educativos-de-andalucia\/","title":{"rendered":"Conciertos Did\u00e1cticos del guitarrista Pablo S\u00e1inz Villegas en centros educativos de Andaluc\u00eda"},"content":{"rendered":"<section class=\"cuerpo detalle_html\">\n<div class=\"inner_cuerpo\">\n<p>Con objeto de acercar la m\u00fasica a los escolares de Andaluc\u00eda, la Consejer\u00eda de Educaci\u00f3n ofrece a los centros docentes de nuestra Comunidad la posibilidad de participar en una inciativa muy especial. Se trata del sorteo de conciertos did\u00e1cticos puestos en marcha gracias al ofrecimiento de Pablo S\u00e1inz Villegas, guitarrista espa\u00f1ol radicado en Nueva York con una destacada carrera profesional en los escenarios de mayor prestigio a nivel mundial.<\/p>\n<p>En los conciertos que celebre en centros educativos, S\u00e1inz Villegas compartir\u00e1 con ni\u00f1os y j\u00f3venes la m\u00fasica que interpreta en importantes escenarios. Adem\u00e1s, como introducci\u00f3n a cada obra, les narrar\u00e1 su historia personal y les animar\u00e1 a cultivar valores como la responsabilidad, la constancia, el respeto, la igualdad, la generosidad y muchos otros que son fundamentales para alcanzar metas en sus vidas y que a diario buscan reforzar tanto en los centros escolares como en las familias.<\/p>\n<p>El plazo de votaciones para elegir los centros en los que se celebrar\u00e1n los conciertos ya se ha abierto. En concreto, se realizar\u00e1 un sorteo en el que resultar\u00e1n ganadores los centros que reciban m\u00e1s votos hasta el 4 de mayo.<\/p>\n<p>La votaci\u00f3n puede realizarse a trav\u00e9s de la web&nbsp;<a href=\"http:\/\/www.pablosainzvillegas.com\/visitamicole\" target=\"_blank\" rel=\"noopener\">http:\/\/www.pablosainzvillegas.com\/visitamicole<\/a><\/p>\n<p>Asimismo, desde la web del artista&nbsp;<a href=\"http:\/\/www.pablosainzvillegas.com\/materialparacoles\" target=\"_blank\" rel=\"noopener\">( http:\/\/www.pablosainzvillegas.com\/materialparacoles )<\/a>&nbsp;se podr\u00e1n descargar tambi\u00e9n carteles, material para fotocopiar, im\u00e1genes y videos para animar las votaciones a trav\u00e9s de las redes sociales. Del mismo modo, se sortear\u00e1n discos autografiados entre todos los votos recibidos como agradecimiento a la participaci\u00f3n individual. La din\u00e1mica del concurso es muy sencilla:<\/p>\n<p>1. Acceder a la web&nbsp;<a href=\"http:\/\/www.pablosainzvillegas.com\/visitamicole\" target=\"_blank\" rel=\"noopener\">www.pablosainzvillegas.com\/visitamicole<\/a><\/p>\n<p>2. Seleccionar la provincia de nuestra Comunidad Aut\u00f3noma, la localidad y el centro educativo. Introducir el nombre de quien env\u00eda el mail y su direcci\u00f3n de correo electr\u00f3nico (cada correo solo puede ser introducido una vez).<\/p>\n<p>3. Marcar la casilla de Protecci\u00f3n de datos y presionar el bot\u00f3n enviar.<\/p>\n<p>Los ganadores de los conciertos ser\u00e1n los centros que m\u00e1s votos reciban entre&nbsp;<strong>el 24 de abril&nbsp;y el 4 de mayo de 2018<\/strong>. Entre todos los correos enviados, Pablo sortear\u00e1 discos dedicados y autografiados en agradecimiento a la participaci\u00f3n individual.<\/p>\n<p>Dado el gran inter\u00e9s de esta iniciativa, desde esta Consejer\u00eda os animamos a participar.<\/p>\n<\/div>\n<\/section>\n<section class=\"section_widget_abaco documentos doc_relacionados_web\">\n<div class=\"wrapper-listado\">\n<div class=\"inner-item\">&nbsp;<a title=\"Visualizar el documento Se abre en una nueva ventana\" href=\"http:\/\/www.juntadeandalucia.es\/educacion\/portals\/abaco-portlet\/content\/e8bf6c89-cd49-463e-8677-d33245742f65\" target=\"_blank\" rel=\"noopener\">Cartel.pdf (PDF \/ 421.89Kb)<\/a>&nbsp;<a title=\"Visualizar el documento Se abre en una nueva ventana\" href=\"http:\/\/www.juntadeandalucia.es\/educacion\/portals\/abaco-portlet\/content\/aa9567aa-eb03-48fa-b64f-530d7ad25f15\" target=\"_blank\" rel=\"noopener\">Folleto.pdf (PDF \/ 4204.67Kb)<\/a><\/div>\n<div><a href=\"https:\/\/i0.wp.com\/cepronda.com\/blog\/wp-content\/uploads\/2018\/04\/Guitarrista.jpg\"><img data-recalc-dims=\"1\" loading=\"lazy\" decoding=\"async\" class=\"aligncenter size-full wp-image-1742\" src=\"https:\/\/i0.wp.com\/cepronda.com\/blog\/wp-content\/uploads\/2018\/04\/Guitarrista.jpg?resize=1111%2C657\" alt=\"\" width=\"1111\" height=\"657\" srcset=\"https:\/\/i0.wp.com\/cepronda.com\/blog\/wp-content\/uploads\/2018\/04\/Guitarrista.jpg?w=1111&amp;ssl=1 1111w, https:\/\/i0.wp.com\/cepronda.com\/blog\/wp-content\/uploads\/2018\/04\/Guitarrista.jpg?resize=300%2C177&amp;ssl=1 300w, https:\/\/i0.wp.com\/cepronda.com\/blog\/wp-content\/uploads\/2018\/04\/Guitarrista.jpg?resize=768%2C454&amp;ssl=1 768w, https:\/\/i0.wp.com\/cepronda.com\/blog\/wp-content\/uploads\/2018\/04\/Guitarrista.jpg?resize=1024%2C606&amp;ssl=1 1024w\" sizes=\"auto, (max-width: 1111px) 100vw, 1111px\" \/><\/a><\/div>\n<\/div>\n<\/section>\n","protected":false},"excerpt":{"rendered":"<p>Con objeto de acercar la m\u00fasica a los escolares de Andaluc\u00eda, la Consejer\u00eda de Educaci\u00f3n ofrece a los centros docentes de nuestra Comunidad la posibilidad de participar en una inciativa muy especial. Se trata del sorteo de conciertos did\u00e1cticos puestos en marcha gracias al ofrecimiento de Pablo S\u00e1inz Villegas, guitarrista espa\u00f1ol radicado en Nueva York [&hellip;]<\/p>\n","protected":false},"author":3,"featured_media":1742,"comment_status":"open","ping_status":"open","sticky":false,"template":"","format":"standard","meta":{"_crdt_document":"","advanced_seo_description":"","jetpack_seo_html_title":"","jetpack_seo_noindex":false,"jetpack_post_was_ever_published":false,"_jetpack_newsletter_access":"","_jetpack_dont_email_post_to_subs":false,"_jetpack_newsletter_tier_id":0,"_jetpack_memberships_contains_paywalled_content":false,"_jetpack_memberships_contains_paid_content":false,"footnotes":"","jetpack_publicize_message":"","jetpack_publicize_feature_enabled":true,"jetpack_social_post_already_shared":true,"jetpack_social_options":{"image_generator_settings":{"template":"highway","default_image_id":0,"font":"","enabled":false},"version":2}},"categories":[5],"tags":[49],"class_list":{"0":"post-1741","1":"post","2":"type-post","3":"status-publish","4":"format-standard","5":"has-post-thumbnail","7":"category-noticias","8":"tag-musica","9":"czr-hentry"},"jetpack_publicize_connections":[],"jetpack_featured_media_url":"https:\/\/i0.wp.com\/cepronda.com\/blog\/wp-content\/uploads\/2018\/04\/Guitarrista.jpg?fit=1111%2C657&ssl=1","jetpack_shortlink":"https:\/\/wp.me\/p8M4X7-s5","jetpack-related-posts":[{"id":474,"url":"https:\/\/cepronda.com\/blog\/curso-fundamentacion-juridica-para-la-gestion-de-los-centros-educativos\/","url_meta":{"origin":1741,"position":0},"title":"Curso \u00abFundamentaci\u00f3n jur\u00eddica para la gesti\u00f3n de los centros educativos\u00bb","author":"V\u00edctor Caballero","date":"13 diciembre, 2016","format":false,"excerpt":"\u00a1No nos paran! Seguimos con un \u00a0curso con seguimiento dirigido a las personas responsables de las secretar\u00edas en los centros y al resto de los miembros de los Equipos Directivos para su actualizaci\u00f3n a la hora de aplicar la legislaci\u00f3n educativa como norma para la mejora de la gesti\u00f3n econ\u00f3mica\u2026","rel":"","context":"En \u00abFormaciones\u00bb","block_context":{"text":"Formaciones","link":"https:\/\/cepronda.com\/blog\/category\/formaciones\/"},"img":{"alt_text":"home-office-336377_640","src":"https:\/\/i0.wp.com\/cepronda.com\/blog\/wp-content\/uploads\/2016\/12\/home-office-336377_640.jpg?resize=350%2C200","width":350,"height":200},"classes":[]},{"id":5307,"url":"https:\/\/cepronda.com\/blog\/la-realidad-de-los-centros-publicos-rurales-revista-andalucia-educativa\/","url_meta":{"origin":1741,"position":1},"title":"LA REALIDAD DE LOS CENTROS P\u00daBLICOS RURALES. REVISTA ANDALUC\u00cdA EDUCATIVA.","author":"Inmaculada Garc\u00eda","date":"12 mayo, 2022","format":false,"excerpt":"Estimados compa\u00f1eros y compa\u00f1eras, el pasado 26 de abril la revista Andaluc\u00eda Educativa public\u00f3 un art\u00edculo en el que contamos las necesidades detectadas en los CPRs de nuestra zona desde el CEP de Ronda y su asesor\u00eda de referencia, as\u00ed como las diferentes acciones que llevamos a cabo en esta\u2026","rel":"","context":"En \u00abNoticias\u00bb","block_context":{"text":"Noticias","link":"https:\/\/cepronda.com\/blog\/category\/noticias\/"},"img":{"alt_text":"","src":"https:\/\/i0.wp.com\/cepronda.com\/blog\/wp-content\/uploads\/2022\/05\/Captura-de-pantalla-104.png?fit=608%2C596&ssl=1&resize=350%2C200","width":350,"height":200,"srcset":"https:\/\/i0.wp.com\/cepronda.com\/blog\/wp-content\/uploads\/2022\/05\/Captura-de-pantalla-104.png?fit=608%2C596&ssl=1&resize=350%2C200 1x, https:\/\/i0.wp.com\/cepronda.com\/blog\/wp-content\/uploads\/2022\/05\/Captura-de-pantalla-104.png?fit=608%2C596&ssl=1&resize=525%2C300 1.5x"},"classes":[]},{"id":4450,"url":"https:\/\/cepronda.com\/blog\/orden-de-29-03-2021-por-la-que-se-establecen-los-marcos-de-la-competencia-digital-en-el-sistema-educativo-no-universitario-de-la-comunidad-autonoma-de-andalucia\/","url_meta":{"origin":1741,"position":2},"title":"Orden de 29\/03\/2021 por la que se establecen los marcos de la Competencia Digital en el sistema educativo no universitario de la Comunidad Aut\u00f3noma de Andaluc\u00eda","author":"V\u00edctor Caballero","date":"20 abril, 2021","format":false,"excerpt":"ENLACE a la Orden del 29\/03\/2021 por el que se establecen los marcos de Competencia Digital. Buenas tardes\u00a0 compa\u00f1eras y compa\u00f1eros, Os informamos que con fecha de 12 de abril de 2021 se ha publicado en BOJA la Orden de 29\/03\/2021 por la que se establecen los marcos de la\u2026","rel":"","context":"En \u00abFormaciones\u00bb","block_context":{"text":"Formaciones","link":"https:\/\/cepronda.com\/blog\/category\/formaciones\/"},"img":{"alt_text":"","src":"https:\/\/i0.wp.com\/cepronda.com\/blog\/wp-content\/uploads\/2021\/04\/Boja.png?fit=682%2C938&ssl=1&resize=350%2C200","width":350,"height":200,"srcset":"https:\/\/i0.wp.com\/cepronda.com\/blog\/wp-content\/uploads\/2021\/04\/Boja.png?fit=682%2C938&ssl=1&resize=350%2C200 1x, https:\/\/i0.wp.com\/cepronda.com\/blog\/wp-content\/uploads\/2021\/04\/Boja.png?fit=682%2C938&ssl=1&resize=525%2C300 1.5x"},"classes":[]},{"id":3794,"url":"https:\/\/cepronda.com\/blog\/iii-premios-para-el-reconocimiento-a-centros-publicos-de-andalucia-con-buenas-practicas-docentes-en-bibliotecas-escolares-y-en-el-fomento-de-la-lectura-2\/","url_meta":{"origin":1741,"position":3},"title":"III Premios para el reconocimiento a centros p\u00fablicos de Andaluc\u00eda con buenas pr\u00e1cticas docentes en Bibliotecas Escolares y en el fomento de la lectura","author":"Inmaculada Garc\u00eda","date":"5 octubre, 2020","format":false,"excerpt":"\u00a0 \u00a0 \u00a0 Enhorabuena a todos los centros que han sido premiados en los III Premios para el reconocimiento a centros p\u00fablicos de Andaluc\u00eda con buenas pr\u00e1cticas docentes en bibliotecas escolares y en el fomento de la lectura correspondientes al curso 2019-2020. (Publicaci\u00f3n del fallo del jurado) \u00a0 \u00a0 \u00a0\u2026","rel":"","context":"En \u00abNoticias\u00bb","block_context":{"text":"Noticias","link":"https:\/\/cepronda.com\/blog\/category\/noticias\/"},"img":{"alt_text":"","src":"https:\/\/i0.wp.com\/cepronda.com\/blog\/wp-content\/uploads\/2020\/03\/premio_bibliotecas_escolares.png?fit=1200%2C678&ssl=1&resize=350%2C200","width":350,"height":200,"srcset":"https:\/\/i0.wp.com\/cepronda.com\/blog\/wp-content\/uploads\/2020\/03\/premio_bibliotecas_escolares.png?fit=1200%2C678&ssl=1&resize=350%2C200 1x, https:\/\/i0.wp.com\/cepronda.com\/blog\/wp-content\/uploads\/2020\/03\/premio_bibliotecas_escolares.png?fit=1200%2C678&ssl=1&resize=525%2C300 1.5x, https:\/\/i0.wp.com\/cepronda.com\/blog\/wp-content\/uploads\/2020\/03\/premio_bibliotecas_escolares.png?fit=1200%2C678&ssl=1&resize=700%2C400 2x, https:\/\/i0.wp.com\/cepronda.com\/blog\/wp-content\/uploads\/2020\/03\/premio_bibliotecas_escolares.png?fit=1200%2C678&ssl=1&resize=1050%2C600 3x"},"classes":[]},{"id":2285,"url":"https:\/\/cepronda.com\/blog\/instrucciones-sobre-talleres-matematicos-y-de-comprension-lectora-para-primaria\/","url_meta":{"origin":1741,"position":4},"title":"Instrucciones sobre talleres matem\u00e1ticos y de comprensi\u00f3n lectora para Primaria","author":"V\u00edctor Caballero","date":"7 septiembre, 2018","format":false,"excerpt":"Hola de nuevo, Compartimos con todos los centros de Primaria estas instrucciones que acaban de publicar donde se dicta\u00a0el procedimiento para la configuraci\u00f3n y el desarrollo de talleres did\u00e1cticos para la resoluci\u00f3n de problemas matem\u00e1ticos y de lectura comprensiva en centros docentes de Andaluc\u00eda en los que se imparte Educaci\u00f3n\u2026","rel":"","context":"En \u00abNoticias\u00bb","block_context":{"text":"Noticias","link":"https:\/\/cepronda.com\/blog\/category\/noticias\/"},"img":{"alt_text":"","src":"https:\/\/i0.wp.com\/cepronda.com\/blog\/wp-content\/uploads\/2017\/05\/logo_ja_ce_mejor.jpg?fit=732%2C600&ssl=1&resize=350%2C200","width":350,"height":200,"srcset":"https:\/\/i0.wp.com\/cepronda.com\/blog\/wp-content\/uploads\/2017\/05\/logo_ja_ce_mejor.jpg?fit=732%2C600&ssl=1&resize=350%2C200 1x, https:\/\/i0.wp.com\/cepronda.com\/blog\/wp-content\/uploads\/2017\/05\/logo_ja_ce_mejor.jpg?fit=732%2C600&ssl=1&resize=525%2C300 1.5x, https:\/\/i0.wp.com\/cepronda.com\/blog\/wp-content\/uploads\/2017\/05\/logo_ja_ce_mejor.jpg?fit=732%2C600&ssl=1&resize=700%2C400 2x"},"classes":[]},{"id":1761,"url":"https:\/\/cepronda.com\/blog\/programa-de-intercambios-escolares-para-ies-y-centros-extranjeros\/","url_meta":{"origin":1741,"position":5},"title":"Programa de intercambios escolares para IES y centros extranjeros","author":"V\u00edctor Caballero","date":"4 mayo, 2018","format":false,"excerpt":"Buenas,\u00a0 Compartimos con los centros de Secundaria esta convocatoria que creemos os puede resultar de inter\u00e9s. Se trata de la Resoluci\u00f3n de la direcci\u00f3n general de Innovaci\u00f3n y Formaci\u00f3n del profesorado de 3 de mayo de 2018 por la que se convoca el programa de intercambios escolares de los institutos\u2026","rel":"","context":"En \u00abNoticias\u00bb","block_context":{"text":"Noticias","link":"https:\/\/cepronda.com\/blog\/category\/noticias\/"},"img":{"alt_text":"","src":"https:\/\/i0.wp.com\/cepronda.com\/blog\/wp-content\/uploads\/2017\/05\/logo_ja_ce_mejor.jpg?fit=732%2C600&ssl=1&resize=350%2C200","width":350,"height":200,"srcset":"https:\/\/i0.wp.com\/cepronda.com\/blog\/wp-content\/uploads\/2017\/05\/logo_ja_ce_mejor.jpg?fit=732%2C600&ssl=1&resize=350%2C200 1x, https:\/\/i0.wp.com\/cepronda.com\/blog\/wp-content\/uploads\/2017\/05\/logo_ja_ce_mejor.jpg?fit=732%2C600&ssl=1&resize=525%2C300 1.5x, https:\/\/i0.wp.com\/cepronda.com\/blog\/wp-content\/uploads\/2017\/05\/logo_ja_ce_mejor.jpg?fit=732%2C600&ssl=1&resize=700%2C400 2x"},"classes":[]}],"jetpack_sharing_enabled":true,"_links":{"self":[{"href":"https:\/\/cepronda.com\/blog\/wp-json\/wp\/v2\/posts\/1741","targetHints":{"allow":["GET"]}}],"collection":[{"href":"https:\/\/cepronda.com\/blog\/wp-json\/wp\/v2\/posts"}],"about":[{"href":"https:\/\/cepronda.com\/blog\/wp-json\/wp\/v2\/types\/post"}],"author":[{"embeddable":true,"href":"https:\/\/cepronda.com\/blog\/wp-json\/wp\/v2\/users\/3"}],"replies":[{"embeddable":true,"href":"https:\/\/cepronda.com\/blog\/wp-json\/wp\/v2\/comments?post=1741"}],"version-history":[{"count":1,"href":"https:\/\/cepronda.com\/blog\/wp-json\/wp\/v2\/posts\/1741\/revisions"}],"predecessor-version":[{"id":1743,"href":"https:\/\/cepronda.com\/blog\/wp-json\/wp\/v2\/posts\/1741\/revisions\/1743"}],"wp:featuredmedia":[{"embeddable":true,"href":"https:\/\/cepronda.com\/blog\/wp-json\/wp\/v2\/media\/1742"}],"wp:attachment":[{"href":"https:\/\/cepronda.com\/blog\/wp-json\/wp\/v2\/media?parent=1741"}],"wp:term":[{"taxonomy":"category","embeddable":true,"href":"https:\/\/cepronda.com\/blog\/wp-json\/wp\/v2\/categories?post=1741"},{"taxonomy":"post_tag","embeddable":true,"href":"https:\/\/cepronda.com\/blog\/wp-json\/wp\/v2\/tags?post=1741"}],"curies":[{"name":"wp","href":"https:\/\/api.w.org\/{rel}","templated":true}]}}