{"id":1688,"date":"2018-04-13T12:38:53","date_gmt":"2018-04-13T10:38:53","guid":{"rendered":"http:\/\/cepronda.com\/blog\/?p=1688"},"modified":"2018-04-13T12:39:07","modified_gmt":"2018-04-13T10:39:07","slug":"v-jornadas-de-divulgacion-cientifica-diego-perez-de-mesa","status":"publish","type":"post","link":"https:\/\/cepronda.com\/blog\/v-jornadas-de-divulgacion-cientifica-diego-perez-de-mesa\/","title":{"rendered":"V Jornadas de divulgaci\u00f3n cient\u00edfica \u00abDiego P\u00e9rez de Mesa\u00bb"},"content":{"rendered":"<p>Muy buenas,<\/p>\n<p>Como se viene haciendo en los \u00faltimos a\u00f1os desde el CEP de Ronda, en colaboraci\u00f3n con la Asociaci\u00f3n Astron\u00f3mica Abb\u00e1s Ibn Firn\u00e1s, se han preparado las V Jornadas de Divulgaci\u00f3n Cient\u00edfica \u00abDiego P\u00e9rez de Mesa\u00bb. Este a\u00f1o se ha cambiado un poco el formato de las mismas, y antes de cada una de las sesiones se proyectar\u00e1 una pel\u00edcula o un extracto de la misma, que servir\u00e1 de introducci\u00f3n a la posterior ponencia. Como siempre estas jornadas est\u00e1n abiertas tanto al profesorado de la comarca como al resto de personas interesadas en estos temas. Para el profesorado se certificar\u00e1 su asistencia a las mismas, por lo que deber\u00e9is inscribiros en las mismas.&nbsp;<\/p>\n<h1 id=\"h.p_M4Lj0yibfWrV\" class=\"zfr3Q duRjpb\">PROGRAMA<\/h1>\n<div class=\"s1gOZb\">\n<pre id=\"h.p_KkSmZ_oJfZVZ\" class=\"zfr3Q FVr0A\"><code><em>8 de mayo, 18:30 horas<\/em><\/code><\/pre>\n<\/div>\n<p id=\"h.p_uhVmoNGsfhLw\" class=\"zfr3Q\"><em>Cambio clim\u00e1tico.<\/em><\/p>\n<p id=\"h.p_YsuQv7E6Kysc\" class=\"zfr3Q\">Documental: Una verdad inc\u00f3moda ( 20 &#8216;)<\/p>\n<p id=\"h.p_GhbDkWXTpC8F\" class=\"zfr3Q\"><strong>Francisco Javier L\u00f3pez Gordillo<\/strong> &#8211; <a class=\"dhtgD\" href=\"https:\/\/www.google.com\/url?q=https%3A%2F%2Fduma.uma.es%2Fduma%2Fbuscador%2Fpersona%2F115c28a0-2fbc-408d-984a-5a1e3e9078f8%2F&amp;sa=D&amp;sntz=1&amp;usg=AFQjCNG-KbtzStZguO0eqk_J5P9eSsLycA\" target=\"_blank\" rel=\"noopener\">Profesor del Dpto. de Ecolog\u00eda de la facultad de ciencias de la Universidad de M\u00e1laga.<\/a><\/p>\n<div class=\"s1gOZb\">\n<pre id=\"h.p_KM1Xz1rdk41n\" class=\"zfr3Q FVr0A\"><code><em>15 de mayo, 18:30 horas<\/em><\/code><\/pre>\n<\/div>\n<p id=\"h.p_1fR1wkBNk-M5\" class=\"zfr3Q\"><em>Reprogramaci\u00f3n celular<\/em><\/p>\n<p id=\"h.p_0IqNTLU-LAB4\" class=\"zfr3Q\"><em>Documental: <\/em><\/p>\n<p id=\"h.p_9aDdJpp2nKGQ\" class=\"zfr3Q\"><strong>Silvia Barrena Garc\u00eda<\/strong> &#8211; <a class=\"dhtgD\" href=\"https:\/\/www.google.com\/url?q=https%3A%2F%2Flanochedelosinvestigadores.fundaciondescubre.es%2Finvestigador%2Fsilvia-barrena-garcia%2F&amp;sa=D&amp;sntz=1&amp;usg=AFQjCNFM0tp4fRjxZu7FLWe4R6YKW309Fw\" target=\"_blank\" rel=\"noopener\">Licenciada en biolog\u00eda por la Universidad de Granada<\/a><\/p>\n<div class=\"s1gOZb\">\n<pre id=\"h.p_Yz7BrJOXqqVP\" class=\"zfr3Q FVr0A\"><code><em>22 de mayo, 18:30 horas<\/em><\/code><\/pre>\n<\/div>\n<p id=\"h.p_mkZ09IDjLCk_\" class=\"zfr3Q\"><em>Hablemos de Marte<\/em><\/p>\n<p id=\"h.p_P_ZPbhHyLIJ1\" class=\"zfr3Q\"><em>Documental : Llevando astronautas a otros planetas en la Tierra.<\/em><\/p>\n<p id=\"h.p_J5I4173tLEGD\" class=\"zfr3Q\"><strong>Jes\u00fas Mart\u00ednez Fr\u00edas<\/strong> &#8211; <a class=\"dhtgD\" href=\"http:\/\/www.google.com\/url?q=http%3A%2F%2Ftierra.rediris.es%2Fjmfrias%2FBrief_CV_JMF_2017.pdf&amp;sa=D&amp;sntz=1&amp;usg=AFQjCNGnS-80CpWwvgRX1JeqbX5mx9x8gA\" target=\"_blank\" rel=\"noopener\">Doctor en Ciencias Geol\u00f3gicas.<\/a><\/p>\n<div class=\"s1gOZb\">\n<pre id=\"h.p_wvRFFq-aQKTk\" class=\"zfr3Q FVr0A\"><code><em>29 de mayo, 18:30 horas<\/em><\/code><\/pre>\n<\/div>\n<p id=\"h.p_grPeev7oSwE7\" class=\"zfr3Q\"><em>Matryoshka, el cortometraje espacial.<\/em><\/p>\n<p id=\"h.p_udQ4GRqbS1wc\" class=\"zfr3Q\"><strong>Fran Kapilla<\/strong> &#8211; <a class=\"dhtgD\" href=\"http:\/\/www.google.com\/url?q=http%3A%2F%2Fwww.frankapilla.com%2F&amp;sa=D&amp;sntz=1&amp;usg=AFQjCNE2wbPTHW8TQoCCJtyDddLhrTyAOw\" target=\"_blank\" rel=\"noopener\">Director de cine<\/a><\/p>\n<p id=\"h.p_HvOjUQdqTbAP\" class=\"zfr3Q\"><strong>Blanca Troughton Luque<\/strong> &#8211; <a class=\"dhtgD\" href=\"https:\/\/www.google.com\/url?q=https%3A%2F%2Fxxiiicea.org%2Findex.php%2Fc-cientifico&amp;sa=D&amp;sntz=1&amp;usg=AFQjCNGkzU_mRhZd8cS-eC9bWBlpfRPhlg\" target=\"_blank\" rel=\"noopener\">Licenciada en Matem\u00e1ticas por la Universidad de M\u00e1laga.<\/a><\/p>\n<p>Desde aqu\u00ed os animamos a participar en las mismas, ya que creemos que pueden ser muy interesantes. Para cualquier duda no dud\u00e9is en poneros en contacto con nuestro equipo o en <a href=\"https:\/\/sites.google.com\/cepronda.com\/vjorndpm\/p%C3%A1gina-principal\" target=\"_blank\" rel=\"noopener\">acceder a la web<\/a> creada para las mismas. Un saludo y nos vemos por el CEP.&nbsp;<\/p>\n<p><a href=\"https:\/\/sites.google.com\/cepronda.com\/vjorndpm\/p%C3%A1gina-principal\" target=\"_blank\" rel=\"noopener\"><img data-recalc-dims=\"1\" loading=\"lazy\" decoding=\"async\" class=\"aligncenter wp-image-1689 size-full\" src=\"https:\/\/i0.wp.com\/cepronda.com\/blog\/wp-content\/uploads\/2018\/04\/jornadas_ciencias.png?resize=1170%2C338\" alt=\"\" width=\"1170\" height=\"338\" srcset=\"https:\/\/i0.wp.com\/cepronda.com\/blog\/wp-content\/uploads\/2018\/04\/jornadas_ciencias.png?w=1267&amp;ssl=1 1267w, https:\/\/i0.wp.com\/cepronda.com\/blog\/wp-content\/uploads\/2018\/04\/jornadas_ciencias.png?resize=300%2C87&amp;ssl=1 300w, https:\/\/i0.wp.com\/cepronda.com\/blog\/wp-content\/uploads\/2018\/04\/jornadas_ciencias.png?resize=768%2C222&amp;ssl=1 768w, https:\/\/i0.wp.com\/cepronda.com\/blog\/wp-content\/uploads\/2018\/04\/jornadas_ciencias.png?resize=1024%2C296&amp;ssl=1 1024w\" sizes=\"auto, (max-width: 1170px) 100vw, 1170px\" \/><\/a><\/p>\n","protected":false},"excerpt":{"rendered":"<p>Muy buenas, Como se viene haciendo en los \u00faltimos a\u00f1os desde el CEP de Ronda, en colaboraci\u00f3n con la Asociaci\u00f3n Astron\u00f3mica Abb\u00e1s Ibn Firn\u00e1s, se han preparado las V Jornadas de Divulgaci\u00f3n Cient\u00edfica \u00abDiego P\u00e9rez de Mesa\u00bb. Este a\u00f1o se ha cambiado un poco el formato de las mismas, y antes de cada una de [&hellip;]<\/p>\n","protected":false},"author":3,"featured_media":1689,"comment_status":"open","ping_status":"open","sticky":false,"template":"","format":"standard","meta":{"_crdt_document":"","advanced_seo_description":"","jetpack_seo_html_title":"","jetpack_seo_noindex":false,"jetpack_post_was_ever_published":false,"_jetpack_newsletter_access":"","_jetpack_dont_email_post_to_subs":false,"_jetpack_newsletter_tier_id":0,"_jetpack_memberships_contains_paywalled_content":false,"_jetpack_memberships_contains_paid_content":false,"footnotes":"","jetpack_publicize_message":"V Jornadas de divulgaci\u00f3n cient\u00edfica \"Diego P\u00e9rez de Mesa\" en el CEP de Ronda. No te las puedes perder.","jetpack_publicize_feature_enabled":true,"jetpack_social_post_already_shared":true,"jetpack_social_options":{"image_generator_settings":{"template":"highway","default_image_id":0,"font":"","enabled":false},"version":2}},"categories":[5],"tags":[14],"class_list":{"0":"post-1688","1":"post","2":"type-post","3":"status-publish","4":"format-standard","5":"has-post-thumbnail","7":"category-noticias","8":"tag-ciencias","9":"czr-hentry"},"jetpack_publicize_connections":[],"jetpack_featured_media_url":"https:\/\/i0.wp.com\/cepronda.com\/blog\/wp-content\/uploads\/2018\/04\/jornadas_ciencias.png?fit=1267%2C366&ssl=1","jetpack_shortlink":"https:\/\/wp.me\/p8M4X7-re","jetpack-related-posts":[{"id":7324,"url":"https:\/\/cepronda.com\/blog\/vii-jornadas-de-divulgacion-cientifica-diego-perez-de-mesa-la-ciencia-no-entiende-de-genero-2\/","url_meta":{"origin":1688,"position":0},"title":"VII JORNADAS DE DIVULGACI\u00d3N CIENT\u00cdFICA \u00bbDIEGO P\u00c9REZ DE MESA\u00bb. LA CIENCIA NO ENTIENDE DE G\u00c9NERO","author":"Mamen Moreno","date":"11 enero, 2024","format":false,"excerpt":"Se encuentra abierto el plazo de inscripci\u00f3n de las VII JORNADAS DE DIVULGACI\u00d3N CIENT\u00cdFICA ''DIEGO P\u00c9REZ DE MESA'' con c\u00f3digo 242924GE030. En esta ocasi\u00f3n relacionadas con la Ciencia no entiende de g\u00e9nero. El contenido de estas jornadas comprende tres sesiones con una serie de conferencias relacionadas con la divulgaci\u00f3n cient\u00edfica,\u2026","rel":"","context":"En \u00abFormaciones\u00bb","block_context":{"text":"Formaciones","link":"https:\/\/cepronda.com\/blog\/category\/formaciones\/"},"img":{"alt_text":"","src":"https:\/\/i0.wp.com\/cepronda.com\/blog\/wp-content\/uploads\/2024\/01\/Poster-Contratacion-de-la-Universidad-Foto-en-Escala-de-Grises-y-Azul.png?fit=848%2C1200&ssl=1&resize=350%2C200","width":350,"height":200,"srcset":"https:\/\/i0.wp.com\/cepronda.com\/blog\/wp-content\/uploads\/2024\/01\/Poster-Contratacion-de-la-Universidad-Foto-en-Escala-de-Grises-y-Azul.png?fit=848%2C1200&ssl=1&resize=350%2C200 1x, https:\/\/i0.wp.com\/cepronda.com\/blog\/wp-content\/uploads\/2024\/01\/Poster-Contratacion-de-la-Universidad-Foto-en-Escala-de-Grises-y-Azul.png?fit=848%2C1200&ssl=1&resize=525%2C300 1.5x, https:\/\/i0.wp.com\/cepronda.com\/blog\/wp-content\/uploads\/2024\/01\/Poster-Contratacion-de-la-Universidad-Foto-en-Escala-de-Grises-y-Azul.png?fit=848%2C1200&ssl=1&resize=700%2C400 2x"},"classes":[]},{"id":822,"url":"https:\/\/cepronda.com\/blog\/iv-ciclo-de-conferencias-de-divulgacion-cientifica-diego-perez-de-mesa\/","url_meta":{"origin":1688,"position":1},"title":"IV CICLO DE CONFERENCIAS DE DIVULGACI\u00d3N CIENT\u00cdFICA \u00bbDIEGO P\u00c9REZ DE MESA\u00bb","author":"V\u00edctor Caballero","date":"12 mayo, 2017","format":false,"excerpt":"Muy buenas, \u00a1Terminamos la semana con energ\u00eda! A partir de hoy pod\u00e9is inscribiros en las jornadas de divulgaci\u00f3n cient\u00edfica que tendr\u00e1n lugar los pr\u00f3ximos 17 y 18 de mayo en la biblioteca del CEP de Ronda.\u00a0Con estas conferencias pretendemos dar un paso m\u00e1s en la divulgaci\u00f3n de la ciencia, aprovechando\u2026","rel":"","context":"En \u00abNoticias\u00bb","block_context":{"text":"Noticias","link":"https:\/\/cepronda.com\/blog\/category\/noticias\/"},"img":{"alt_text":"","src":"https:\/\/i0.wp.com\/cepronda.com\/blog\/wp-content\/uploads\/2017\/05\/beakers-309864_640.png?fit=607%2C640&ssl=1&resize=350%2C200","width":350,"height":200,"srcset":"https:\/\/i0.wp.com\/cepronda.com\/blog\/wp-content\/uploads\/2017\/05\/beakers-309864_640.png?fit=607%2C640&ssl=1&resize=350%2C200 1x, https:\/\/i0.wp.com\/cepronda.com\/blog\/wp-content\/uploads\/2017\/05\/beakers-309864_640.png?fit=607%2C640&ssl=1&resize=525%2C300 1.5x"},"classes":[]},{"id":5940,"url":"https:\/\/cepronda.com\/blog\/vii-jornadas-de-divulgacion-cientifica-diego-perez-de-mesa-la-ciencia-no-entiende-de-genero\/","url_meta":{"origin":1688,"position":2},"title":"VII JORNADAS DE DIVULGACI\u00d3N CIENT\u00cdFICA \u00bbDIEGO P\u00c9REZ DE MESA\u00bb. LA CIENCIA NO ENTIENDE DE G\u00c9NERO","author":"Mamen Moreno","date":"18 abril, 2023","format":false,"excerpt":"Volvemos a retomar para el mes de mayo con las VII Jornadas de Divulgaci\u00f3n Cient\u00edfica Diego P\u00e9rez de Mesa. En esta ocasi\u00f3n relacionadas con la Ciencia no entiende g\u00e9nero. El contenido de estas jornadas comprende tres sesiones con una serie de conferencias relacionadas con la divulgaci\u00f3n cient\u00edfica: Jueves 4 de\u2026","rel":"","context":"En \u00abFormaciones\u00bb","block_context":{"text":"Formaciones","link":"https:\/\/cepronda.com\/blog\/category\/formaciones\/"},"img":{"alt_text":"","src":"https:\/\/i0.wp.com\/cepronda.com\/blog\/wp-content\/uploads\/2023\/04\/CARTEL-JORNADAS-DE-DIVULGACION-CIENTIFICA.jpg?fit=848%2C1200&ssl=1&resize=350%2C200","width":350,"height":200,"srcset":"https:\/\/i0.wp.com\/cepronda.com\/blog\/wp-content\/uploads\/2023\/04\/CARTEL-JORNADAS-DE-DIVULGACION-CIENTIFICA.jpg?fit=848%2C1200&ssl=1&resize=350%2C200 1x, https:\/\/i0.wp.com\/cepronda.com\/blog\/wp-content\/uploads\/2023\/04\/CARTEL-JORNADAS-DE-DIVULGACION-CIENTIFICA.jpg?fit=848%2C1200&ssl=1&resize=525%2C300 1.5x, https:\/\/i0.wp.com\/cepronda.com\/blog\/wp-content\/uploads\/2023\/04\/CARTEL-JORNADAS-DE-DIVULGACION-CIENTIFICA.jpg?fit=848%2C1200&ssl=1&resize=700%2C400 2x"},"classes":[]},{"id":2769,"url":"https:\/\/cepronda.com\/blog\/vi-jornadas-de-divulgacion-cientifica-diego-perez-de-mesa-50-aniversario-de-la-llegada-del-ser-humano-a-la-luna\/","url_meta":{"origin":1688,"position":3},"title":"VI JORNADAS DE DIVULGACI\u00d3N CIENT\u00cdFICA \u00bbDIEGO P\u00c9REZ DE MESA\u00bb: 50 ANIVERSARIO DE LA LLEGADA DEL SER HUMANO A LA LUNA.","author":"V\u00edctor Caballero","date":"29 abril, 2019","format":false,"excerpt":"Como ya va siendo habitual, junto con la llegada del calor y el buen tiempo aparecen en escena las VI Jornada de divulgaci\u00f3n cient\u00edfica Diego P\u00e9rez de Mesa. En esta ocasi\u00f3n est\u00e1n muy relacionadas con el aniversario de la llegada del ser humano a la Luna. El contenido de estas\u2026","rel":"","context":"En \u00abFormaciones\u00bb","block_context":{"text":"Formaciones","link":"https:\/\/cepronda.com\/blog\/category\/formaciones\/"},"img":{"alt_text":"","src":"https:\/\/i0.wp.com\/cepronda.com\/blog\/wp-content\/uploads\/2019\/04\/50-a%C3%B1os-luna-Humano-logos-1.jpg?fit=841%2C1200&ssl=1&resize=350%2C200","width":350,"height":200,"srcset":"https:\/\/i0.wp.com\/cepronda.com\/blog\/wp-content\/uploads\/2019\/04\/50-a%C3%B1os-luna-Humano-logos-1.jpg?fit=841%2C1200&ssl=1&resize=350%2C200 1x, https:\/\/i0.wp.com\/cepronda.com\/blog\/wp-content\/uploads\/2019\/04\/50-a%C3%B1os-luna-Humano-logos-1.jpg?fit=841%2C1200&ssl=1&resize=525%2C300 1.5x, https:\/\/i0.wp.com\/cepronda.com\/blog\/wp-content\/uploads\/2019\/04\/50-a%C3%B1os-luna-Humano-logos-1.jpg?fit=841%2C1200&ssl=1&resize=700%2C400 2x"},"classes":[]},{"id":7591,"url":"https:\/\/cepronda.com\/blog\/i-jornadas-provinciales-profesorado-de-educacion-plastica-visual-y-audiovisual\/","url_meta":{"origin":1688,"position":4},"title":"I JORNADAS PROVINCIALES PROFESORADO DE EDUCACI\u00d3N PL\u00c1STICA, VISUAL Y AUDIOVISUAL.","author":"Mamen Moreno","date":"22 abril, 2024","format":false,"excerpt":"Abierto el plazo de solicitudes de las I JORNADAS PROVINCIALES PROFESORADO DE EDUCACI\u00d3N PL\u00c1STICA, VISUAL Y AUDIOVISUAL. 8 horas presenciales (Lugar: Colecci\u00f3n del Museo Ruso de M\u00e1laga). Fecha inscripci\u00f3n: 22\/04\/2024 hasta 06\/05\/2024. Fecha actividad: 16\/05\/2024. M\u00e1s informaci\u00f3n e inscripci\u00f3n: https:\/\/www.juntadeandalucia.es\/educacion\/secretariavirtual\/consultaCEP\/actividad\/242922GE257\/","rel":"","context":"En \u00abNoticias\u00bb","block_context":{"text":"Noticias","link":"https:\/\/cepronda.com\/blog\/category\/noticias\/"},"img":{"alt_text":"","src":"https:\/\/i0.wp.com\/cepronda.com\/blog\/wp-content\/uploads\/2024\/04\/WhatsApp-Image-2024-04-20-at-11.09.52.jpeg?fit=942%2C787&ssl=1&resize=350%2C200","width":350,"height":200,"srcset":"https:\/\/i0.wp.com\/cepronda.com\/blog\/wp-content\/uploads\/2024\/04\/WhatsApp-Image-2024-04-20-at-11.09.52.jpeg?fit=942%2C787&ssl=1&resize=350%2C200 1x, https:\/\/i0.wp.com\/cepronda.com\/blog\/wp-content\/uploads\/2024\/04\/WhatsApp-Image-2024-04-20-at-11.09.52.jpeg?fit=942%2C787&ssl=1&resize=525%2C300 1.5x, https:\/\/i0.wp.com\/cepronda.com\/blog\/wp-content\/uploads\/2024\/04\/WhatsApp-Image-2024-04-20-at-11.09.52.jpeg?fit=942%2C787&ssl=1&resize=700%2C400 2x"},"classes":[]},{"id":7629,"url":"https:\/\/cepronda.com\/blog\/i-jornadas-provinciales-para-el-profesorado-de-educacion-plastica-visual-y-audiovisual-de-malaga\/","url_meta":{"origin":1688,"position":5},"title":"I JORNADAS PROVINCIALES PARA EL PROFESORADO DE EDUCACI\u00d3N PL\u00c1STICA, VISUAL Y AUDIOVISUAL DE M\u00c1LAGA","author":"Inmaculada Garc\u00eda","date":"16 mayo, 2024","format":false,"excerpt":"Nuestra Coordinadora provincial de formaci\u00f3n, Mar\u00eda Jos\u00e9 Bueno, inaugura las I Jornadas provinciales para el profesorado de Educaci\u00f3n Plastica, Visual y audiovisual que se celebran en el Museo Ruso de M\u00e1laga. Un encuentro donde los profesionales podr\u00e1n compartir y conocer \"Experiencias educativas de \u00e9xito de Educaci\u00f3n Pl\u00e1stica, Visual y Audiovisual\",\u2026","rel":"","context":"En \u00abFormaciones\u00bb","block_context":{"text":"Formaciones","link":"https:\/\/cepronda.com\/blog\/category\/formaciones\/"},"img":{"alt_text":"","src":"https:\/\/i0.wp.com\/cepronda.com\/blog\/wp-content\/uploads\/2024\/04\/WhatsApp-Image-2024-04-20-at-11.09.52.jpeg?fit=942%2C787&ssl=1&resize=350%2C200","width":350,"height":200,"srcset":"https:\/\/i0.wp.com\/cepronda.com\/blog\/wp-content\/uploads\/2024\/04\/WhatsApp-Image-2024-04-20-at-11.09.52.jpeg?fit=942%2C787&ssl=1&resize=350%2C200 1x, https:\/\/i0.wp.com\/cepronda.com\/blog\/wp-content\/uploads\/2024\/04\/WhatsApp-Image-2024-04-20-at-11.09.52.jpeg?fit=942%2C787&ssl=1&resize=525%2C300 1.5x, https:\/\/i0.wp.com\/cepronda.com\/blog\/wp-content\/uploads\/2024\/04\/WhatsApp-Image-2024-04-20-at-11.09.52.jpeg?fit=942%2C787&ssl=1&resize=700%2C400 2x"},"classes":[]}],"jetpack_sharing_enabled":true,"_links":{"self":[{"href":"https:\/\/cepronda.com\/blog\/wp-json\/wp\/v2\/posts\/1688","targetHints":{"allow":["GET"]}}],"collection":[{"href":"https:\/\/cepronda.com\/blog\/wp-json\/wp\/v2\/posts"}],"about":[{"href":"https:\/\/cepronda.com\/blog\/wp-json\/wp\/v2\/types\/post"}],"author":[{"embeddable":true,"href":"https:\/\/cepronda.com\/blog\/wp-json\/wp\/v2\/users\/3"}],"replies":[{"embeddable":true,"href":"https:\/\/cepronda.com\/blog\/wp-json\/wp\/v2\/comments?post=1688"}],"version-history":[{"count":1,"href":"https:\/\/cepronda.com\/blog\/wp-json\/wp\/v2\/posts\/1688\/revisions"}],"predecessor-version":[{"id":1690,"href":"https:\/\/cepronda.com\/blog\/wp-json\/wp\/v2\/posts\/1688\/revisions\/1690"}],"wp:featuredmedia":[{"embeddable":true,"href":"https:\/\/cepronda.com\/blog\/wp-json\/wp\/v2\/media\/1689"}],"wp:attachment":[{"href":"https:\/\/cepronda.com\/blog\/wp-json\/wp\/v2\/media?parent=1688"}],"wp:term":[{"taxonomy":"category","embeddable":true,"href":"https:\/\/cepronda.com\/blog\/wp-json\/wp\/v2\/categories?post=1688"},{"taxonomy":"post_tag","embeddable":true,"href":"https:\/\/cepronda.com\/blog\/wp-json\/wp\/v2\/tags?post=1688"}],"curies":[{"name":"wp","href":"https:\/\/api.w.org\/{rel}","templated":true}]}}