{"id":1682,"date":"2018-04-12T12:52:53","date_gmt":"2018-04-12T10:52:53","guid":{"rendered":"http:\/\/cepronda.com\/blog\/?p=1682"},"modified":"2018-04-12T12:52:53","modified_gmt":"2018-04-12T10:52:53","slug":"video-tarea-de-los-super-pan-del-curso-de-inteligencia-emocional","status":"publish","type":"post","link":"https:\/\/cepronda.com\/blog\/video-tarea-de-los-super-pan-del-curso-de-inteligencia-emocional\/","title":{"rendered":"V\u00eddeo Tarea de los Super Pan del curso de Inteligencia Emocional"},"content":{"rendered":"<p>Muy buenas,&nbsp;<\/p>\n<p>Ayer tarde tuve la gran oportunidad de vivir uno de esos momentos m\u00e1gicos que de cuando en cuando nos depara estar aqu\u00ed en el CEP. Vino a buscarme uno de los ponentes del curso de Inteligencia emocional para pedirme que grabara \u00abuna cosa\u00bb&#8230;y esto fue lo vivido&#8230; GRACIAS&nbsp;<\/p>\n<p><span class=\"embed-youtube\" style=\"text-align:center; display: block;\"><iframe loading=\"lazy\" class=\"youtube-player\" width=\"1170\" height=\"659\" src=\"https:\/\/www.youtube.com\/embed\/sW-1nCABqgk?version=3&#038;rel=1&#038;showsearch=0&#038;showinfo=1&#038;iv_load_policy=1&#038;fs=1&#038;hl=es-ES&#038;autohide=2&#038;wmode=transparent\" allowfullscreen=\"true\" style=\"border:0;\" sandbox=\"allow-scripts allow-same-origin allow-popups allow-presentation allow-popups-to-escape-sandbox\"><\/iframe><\/span><\/p>\n","protected":false},"excerpt":{"rendered":"<p>Muy buenas,&nbsp; Ayer tarde tuve la gran oportunidad de vivir uno de esos momentos m\u00e1gicos que de cuando en cuando nos depara estar aqu\u00ed en el CEP. Vino a buscarme uno de los ponentes del curso de Inteligencia emocional para pedirme que grabara \u00abuna cosa\u00bb&#8230;y esto fue lo vivido&#8230; GRACIAS&nbsp;<\/p>\n","protected":false},"author":3,"featured_media":1454,"comment_status":"open","ping_status":"open","sticky":false,"template":"","format":"standard","meta":{"_crdt_document":"","advanced_seo_description":"","jetpack_seo_html_title":"","jetpack_seo_noindex":false,"jetpack_post_was_ever_published":false,"_jetpack_newsletter_access":"","_jetpack_dont_email_post_to_subs":false,"_jetpack_newsletter_tier_id":0,"_jetpack_memberships_contains_paywalled_content":false,"_jetpack_memberships_contains_paid_content":false,"footnotes":"","jetpack_publicize_message":"V\u00eddeo Tarea de los Super Pan del curso de Inteligencia Emocional","jetpack_publicize_feature_enabled":true,"jetpack_social_post_already_shared":true,"jetpack_social_options":{"image_generator_settings":{"template":"highway","default_image_id":0,"font":"","enabled":false},"version":2}},"categories":[5],"tags":[97],"class_list":{"0":"post-1682","1":"post","2":"type-post","3":"status-publish","4":"format-standard","5":"has-post-thumbnail","7":"category-noticias","8":"tag-inteligencia-emocional","9":"czr-hentry"},"jetpack_publicize_connections":[],"jetpack_featured_media_url":"https:\/\/i0.wp.com\/cepronda.com\/blog\/wp-content\/uploads\/2017\/11\/kids-2835426_640.jpg?fit=640%2C423&ssl=1","jetpack_shortlink":"https:\/\/wp.me\/p8M4X7-r8","jetpack-related-posts":[{"id":1391,"url":"https:\/\/cepronda.com\/blog\/curso-sobre-inteligencia-emocional-y-social-en-el-ambito-educativo\/","url_meta":{"origin":1682,"position":0},"title":"Curso sobre \u00abInteligencia emocional y social en el \u00e1mbito educativo\u00bb","author":"V\u00edctor Caballero","date":"6 noviembre, 2017","format":false,"excerpt":"Muy buenas a todos y a todas, \u00bfQu\u00e9 tal ha ido ese fin de semana \"m\u00e1gico\"? Nosotros por nuestra parte seguimos proponiendo actividades y cursos respondiendo a vuestras demandas del presente curso y del anterior.\u00a0 En este caso se trata de dar respuesta a vuestras necesidades formativas sobre la inteligencia\u2026","rel":"","context":"En \u00abFormaciones\u00bb","block_context":{"text":"Formaciones","link":"https:\/\/cepronda.com\/blog\/category\/formaciones\/"},"img":{"alt_text":"","src":"https:\/\/i0.wp.com\/cepronda.com\/blog\/wp-content\/uploads\/2017\/11\/smilies-2912634_640.jpg?fit=640%2C283&ssl=1&resize=350%2C200","width":350,"height":200,"srcset":"https:\/\/i0.wp.com\/cepronda.com\/blog\/wp-content\/uploads\/2017\/11\/smilies-2912634_640.jpg?fit=640%2C283&ssl=1&resize=350%2C200 1x, https:\/\/i0.wp.com\/cepronda.com\/blog\/wp-content\/uploads\/2017\/11\/smilies-2912634_640.jpg?fit=640%2C283&ssl=1&resize=525%2C300 1.5x"},"classes":[]},{"id":697,"url":"https:\/\/cepronda.com\/blog\/inteligencia-emocional-nivel-i-zona-cortes-de-la-frontera\/","url_meta":{"origin":1682,"position":1},"title":"INTELIGENCIA EMOCIONAL. NIVEL I (ZONA CORTES DE LA FRONTERA)","author":"V\u00edctor Caballero","date":"22 febrero, 2017","format":false,"excerpt":"Abierto el plazo de solicitudes para el curso Inteligencia Emocional. Nivel I en Cortes de la Frontera, que comenzaremos a la vuelta de las vacaciones\u00a0Semana Blanca (mi\u00e9rcoles 8 de marzo) Para saber m\u00e1s e inscribirte pincha AQU\u00cd","rel":"","context":"En \u00abFormaciones\u00bb","block_context":{"text":"Formaciones","link":"https:\/\/cepronda.com\/blog\/category\/formaciones\/"},"img":{"alt_text":"","src":"","width":0,"height":0},"classes":[]},{"id":3305,"url":"https:\/\/cepronda.com\/blog\/inteligencia-emocional-una-herramienta-educativa-en-todos-los-ambitos\/","url_meta":{"origin":1682,"position":2},"title":"INTELIGENCIA EMOCIONAL. UNA HERRAMIENTA EDUCATIVA EN TODOS LOS \u00c1MBITOS","author":"V\u00edctor Caballero","date":"9 enero, 2020","format":false,"excerpt":"\u00a1Hola de nuevo! Os escribimos para informaros sobre este curso dirigido fundamentalmente a docentes de ERE, ense\u00f1anzas de adultos, RE y con horario de tarde. Para ver los detalles de la misma e inscribiros s\u00f3lo ten\u00e9is que seguir este enlace.","rel":"","context":"En \u00abFormaciones\u00bb","block_context":{"text":"Formaciones","link":"https:\/\/cepronda.com\/blog\/category\/formaciones\/"},"img":{"alt_text":"","src":"https:\/\/i0.wp.com\/cepronda.com\/blog\/wp-content\/uploads\/2020\/01\/fomentando-la-lectura-con-inteligencia-emocional.png?fit=848%2C1200&ssl=1&resize=350%2C200","width":350,"height":200,"srcset":"https:\/\/i0.wp.com\/cepronda.com\/blog\/wp-content\/uploads\/2020\/01\/fomentando-la-lectura-con-inteligencia-emocional.png?fit=848%2C1200&ssl=1&resize=350%2C200 1x, https:\/\/i0.wp.com\/cepronda.com\/blog\/wp-content\/uploads\/2020\/01\/fomentando-la-lectura-con-inteligencia-emocional.png?fit=848%2C1200&ssl=1&resize=525%2C300 1.5x, https:\/\/i0.wp.com\/cepronda.com\/blog\/wp-content\/uploads\/2020\/01\/fomentando-la-lectura-con-inteligencia-emocional.png?fit=848%2C1200&ssl=1&resize=700%2C400 2x"},"classes":[]},{"id":2334,"url":"https:\/\/cepronda.com\/blog\/nivel-i-y-ii-programa-de-inteligencia-emocional-sensibilizacion-y-desarrollo\/","url_meta":{"origin":1682,"position":3},"title":"NIVEL I Y II. PROGRAMA DE INTELIGENCIA EMOCIONAL: SENSIBILIZACI\u00d3N Y DESARROLLO","author":"V\u00edctor Caballero","date":"25 septiembre, 2018","format":false,"excerpt":"\u00a1Hola de nuevo!\u00a0 Queremos compartir con todas y todos vosotros este curso tan esperado por todo el mundo, dado el \u00e9xito del curso pasado. Se trata de los niveles I y II del programa de inteligencia emocional, donde aprenderemos mucho a nivel personal y como trasladar este programa a nuestros\u2026","rel":"","context":"En \u00abFormaciones\u00bb","block_context":{"text":"Formaciones","link":"https:\/\/cepronda.com\/blog\/category\/formaciones\/"},"img":{"alt_text":"","src":"https:\/\/i0.wp.com\/cepronda.com\/blog\/wp-content\/uploads\/2018\/09\/blond-1868815_640.jpg?fit=640%2C426&ssl=1&resize=350%2C200","width":350,"height":200,"srcset":"https:\/\/i0.wp.com\/cepronda.com\/blog\/wp-content\/uploads\/2018\/09\/blond-1868815_640.jpg?fit=640%2C426&ssl=1&resize=350%2C200 1x, https:\/\/i0.wp.com\/cepronda.com\/blog\/wp-content\/uploads\/2018\/09\/blond-1868815_640.jpg?fit=640%2C426&ssl=1&resize=525%2C300 1.5x"},"classes":[]},{"id":2995,"url":"https:\/\/cepronda.com\/blog\/itinerario-formativo-de-inteligencia-emocional\/","url_meta":{"origin":1682,"position":4},"title":"Itinerario formativo de Inteligencia emocional","author":"V\u00edctor Caballero","date":"10 septiembre, 2019","format":false,"excerpt":"Muy buenas de nuevo, Una de las actividades que despierta mayor inter\u00e9s entre las personas docentes de nuestra zona es el itinerario en inteligencia emocional, con Alberto Ortega. Os dejamos con el cartel que hemos preparado con toda la informaci\u00f3n de los niveles que ponemos a vuestra disposici\u00f3n. Asimismo ya\u2026","rel":"","context":"En \u00abFormaciones\u00bb","block_context":{"text":"Formaciones","link":"https:\/\/cepronda.com\/blog\/category\/formaciones\/"},"img":{"alt_text":"","src":"https:\/\/i0.wp.com\/cepronda.com\/blog\/wp-content\/uploads\/2019\/09\/Copia-de-Inteligencia-Emocional-Itinerario.jpg?fit=794%2C1123&ssl=1&resize=350%2C200","width":350,"height":200,"srcset":"https:\/\/i0.wp.com\/cepronda.com\/blog\/wp-content\/uploads\/2019\/09\/Copia-de-Inteligencia-Emocional-Itinerario.jpg?fit=794%2C1123&ssl=1&resize=350%2C200 1x, https:\/\/i0.wp.com\/cepronda.com\/blog\/wp-content\/uploads\/2019\/09\/Copia-de-Inteligencia-Emocional-Itinerario.jpg?fit=794%2C1123&ssl=1&resize=525%2C300 1.5x, https:\/\/i0.wp.com\/cepronda.com\/blog\/wp-content\/uploads\/2019\/09\/Copia-de-Inteligencia-Emocional-Itinerario.jpg?fit=794%2C1123&ssl=1&resize=700%2C400 2x"},"classes":[]},{"id":4700,"url":"https:\/\/cepronda.com\/blog\/inteligencia-emocional-n-ii-y-n-iii-desarrollo-e-implementacion\/","url_meta":{"origin":1682,"position":5},"title":"INTELIGENCIA EMOCIONAL N.II Y N.III. DESARROLLO E IMPLEMENTACI\u00d3N.","author":"Inmaculada Garc\u00eda","date":"29 septiembre, 2021","format":false,"excerpt":"Buenos d\u00edas compa\u00f1eros y compa\u00f1eras, hoy se abre el plazo de inscripci\u00f3n para la actividad formativa INTELIGENCIA EMOCIONAL N.II Y N.III. DESARROLLO E IMPLEMENTACI\u00d3N, con Alberto Ortega, Manuel Deco, Mar\u00eda Valencia, Marisa Ben\u00edtez y Jos\u00e9 Eduardo Faya. Esperamos que sea de vuestro inter\u00e9s. Un saludo. \u00a0 \u00a0 PINCHA EN EL\u2026","rel":"","context":"En \u00abNoticias\u00bb","block_context":{"text":"Noticias","link":"https:\/\/cepronda.com\/blog\/category\/noticias\/"},"img":{"alt_text":"","src":"https:\/\/i0.wp.com\/cepronda.com\/blog\/wp-content\/uploads\/2021\/09\/ITINERARIO-FORMATIVO-DE-INTELIGENCIA-EMOCIONAL-1.png?fit=848%2C1200&ssl=1&resize=350%2C200","width":350,"height":200,"srcset":"https:\/\/i0.wp.com\/cepronda.com\/blog\/wp-content\/uploads\/2021\/09\/ITINERARIO-FORMATIVO-DE-INTELIGENCIA-EMOCIONAL-1.png?fit=848%2C1200&ssl=1&resize=350%2C200 1x, https:\/\/i0.wp.com\/cepronda.com\/blog\/wp-content\/uploads\/2021\/09\/ITINERARIO-FORMATIVO-DE-INTELIGENCIA-EMOCIONAL-1.png?fit=848%2C1200&ssl=1&resize=525%2C300 1.5x, https:\/\/i0.wp.com\/cepronda.com\/blog\/wp-content\/uploads\/2021\/09\/ITINERARIO-FORMATIVO-DE-INTELIGENCIA-EMOCIONAL-1.png?fit=848%2C1200&ssl=1&resize=700%2C400 2x"},"classes":[]}],"jetpack_sharing_enabled":true,"_links":{"self":[{"href":"https:\/\/cepronda.com\/blog\/wp-json\/wp\/v2\/posts\/1682","targetHints":{"allow":["GET"]}}],"collection":[{"href":"https:\/\/cepronda.com\/blog\/wp-json\/wp\/v2\/posts"}],"about":[{"href":"https:\/\/cepronda.com\/blog\/wp-json\/wp\/v2\/types\/post"}],"author":[{"embeddable":true,"href":"https:\/\/cepronda.com\/blog\/wp-json\/wp\/v2\/users\/3"}],"replies":[{"embeddable":true,"href":"https:\/\/cepronda.com\/blog\/wp-json\/wp\/v2\/comments?post=1682"}],"version-history":[{"count":1,"href":"https:\/\/cepronda.com\/blog\/wp-json\/wp\/v2\/posts\/1682\/revisions"}],"predecessor-version":[{"id":1683,"href":"https:\/\/cepronda.com\/blog\/wp-json\/wp\/v2\/posts\/1682\/revisions\/1683"}],"wp:featuredmedia":[{"embeddable":true,"href":"https:\/\/cepronda.com\/blog\/wp-json\/wp\/v2\/media\/1454"}],"wp:attachment":[{"href":"https:\/\/cepronda.com\/blog\/wp-json\/wp\/v2\/media?parent=1682"}],"wp:term":[{"taxonomy":"category","embeddable":true,"href":"https:\/\/cepronda.com\/blog\/wp-json\/wp\/v2\/categories?post=1682"},{"taxonomy":"post_tag","embeddable":true,"href":"https:\/\/cepronda.com\/blog\/wp-json\/wp\/v2\/tags?post=1682"}],"curies":[{"name":"wp","href":"https:\/\/api.w.org\/{rel}","templated":true}]}}