{"id":1669,"date":"2018-04-05T11:32:08","date_gmt":"2018-04-05T09:32:08","guid":{"rendered":"http:\/\/cepronda.com\/blog\/?p=1669"},"modified":"2018-04-05T11:32:08","modified_gmt":"2018-04-05T09:32:08","slug":"programa-nacional-recuperacion-y-utilizacion-educativa-de-pueblos-abandonados","status":"publish","type":"post","link":"https:\/\/cepronda.com\/blog\/programa-nacional-recuperacion-y-utilizacion-educativa-de-pueblos-abandonados\/","title":{"rendered":"Programa nacional \u00abRecuperaci\u00f3n y Utilizaci\u00f3n Educativa de Pueblos Abandonados\u00bb"},"content":{"rendered":"<p>Hola de nuevo,<\/p>\n<p>Desde la Consejer\u00eda de Educaci\u00f3n nos informan de este programa que creemos que puede ser muy interesante. A continuaci\u00f3n os transcribimos la<a href=\"http:\/\/www.juntadeandalucia.es\/educacion\/portals\/web\/ced\/contenidos\/-\/contenidos\/detalle\/se-convocan-becas-para-participar-en-el-programa-nacional-recuperacion-y-utilizacion-educativa-de-pueblos-abandonados\" target=\"_blank\" rel=\"noopener\"> informaci\u00f3n recogida en la web.<\/a><\/p>\n<section class=\"cuerpo detalle_html\">\n<div class=\"inner_cuerpo\">\n<p><em>Se convocan para su concesi\u00f3n en r\u00e9gimen de concurrencia competitiva, becas para un m\u00e1ximo de 700 alumnos de centros educativos espa\u00f1oles, para la participaci\u00f3n en la actividad de \u00abRecuperaci\u00f3n y utilizaci\u00f3n educativa de los pueblos abandonados\u00bb en B\u00fabal (Huesca), Granadilla (C\u00e1ceres) y Umbralejo (Guadalajara), durante 4 turnos, comprendidos entre el 8 de julio al 4 de agosto de 2018.<\/em><\/p>\n<p><em>La oferta de plazas de alumnos disponibles por semana se distribuye de la siguiente forma: B\u00fabal 50,Granadilla 75 y Umbralejo 50, resultando un total de 200 alumnos en B\u00fabal, 300 en Granadilla y 200 en Umbralejo. Los turnos semanales son de siete d\u00edas de domingo por la tarde a s\u00e1bado por la ma\u00f1ana.<\/em><\/p>\n<p><em><strong>Destinatarios:<\/strong><\/em><\/p>\n<p><em>Podr\u00e1n participar en esta convocatoria, los alumnos\/as de centros educativos espa\u00f1oles que cursen alguna de las siguientes ense\u00f1anzas: 3\u00ba y 4\u00ba de Educaci\u00f3n Secundaria Obligatoria y Formaci\u00f3n Profesional B\u00e1sica. Ciclos formativos de Grado Medio de Formaci\u00f3n Profesional, Ciclos formativos de Grado Medio de Ense\u00f1anzas Art\u00edsticas y Bachillerato.<\/em><\/p>\n<p><em><strong>Lugar de presentaci\u00f3n:<\/strong><\/em><\/p>\n<p><em>La solicitud se cumplimentar\u00e1 en el modelo que aparece en la p\u00e1gina web del Ministerio de Educaci\u00f3n, Cultura y Deporte (<a href=\"https:\/\/sede.educacion.gob.es\/portada.html\">http:\/\/sede.educacion.gob.es<\/a>,), secci\u00f3n \u201cTr\u00e1mites y Servicios\u201d.<\/em><\/p>\n<p><em>Plazo de presentaci\u00f3n:<\/em><\/p>\n<p><em>El plazo de presentaci\u00f3n de solicitudes finalizar\u00e1 el d\u00eda&nbsp;<strong>23 de abril de 2018.<\/strong><\/em><\/p>\n<\/div>\n<\/section>\n<section class=\"section_widget_abaco documentos doc_relacionados_web\">\n<header>\n<h1 class=\"titulo\"><em>Convocatoria:<\/em><\/h1>\n<\/header>\n<div class=\"wrapper-listado\">\n<ul class=\"listado\">\n<li class=\"item item_listado\">\n<div class=\"inner-item\">\n<div class=\"item_icon icopdf\"><em>Icono descriptivo<\/em><\/div>\n<p><em>&nbsp;<a title=\"Visualizar el documento Se abre en una nueva ventana\" href=\"http:\/\/www.juntadeandalucia.es\/educacion\/portals\/abaco-portlet\/content\/45223601-9968-40de-99fa-6dc0b6b04bb9\" target=\"_blank\" rel=\"noopener\">Resoluci\u00f3n 15 de marzo de 2018 (PDF \/ 1139.14Kb)<\/a><\/em><\/div>\n<\/li>\n<\/ul>\n<\/div>\n<\/section>\n","protected":false},"excerpt":{"rendered":"<p>Hola de nuevo, Desde la Consejer\u00eda de Educaci\u00f3n nos informan de este programa que creemos que puede ser muy interesante. A continuaci\u00f3n os transcribimos la informaci\u00f3n recogida en la web. Se convocan para su concesi\u00f3n en r\u00e9gimen de concurrencia competitiva, becas para un m\u00e1ximo de 700 alumnos de centros educativos espa\u00f1oles, para la participaci\u00f3n en [&hellip;]<\/p>\n","protected":false},"author":3,"featured_media":1670,"comment_status":"open","ping_status":"open","sticky":false,"template":"","format":"standard","meta":{"_crdt_document":"","advanced_seo_description":"","jetpack_seo_html_title":"","jetpack_seo_noindex":false,"jetpack_post_was_ever_published":false,"_jetpack_newsletter_access":"","_jetpack_dont_email_post_to_subs":false,"_jetpack_newsletter_tier_id":0,"_jetpack_memberships_contains_paywalled_content":false,"_jetpack_memberships_contains_paid_content":false,"footnotes":"","jetpack_publicize_message":"","jetpack_publicize_feature_enabled":true,"jetpack_social_post_already_shared":true,"jetpack_social_options":{"image_generator_settings":{"template":"highway","default_image_id":0,"font":"","enabled":false},"version":2}},"categories":[5],"tags":[62],"class_list":{"0":"post-1669","1":"post","2":"type-post","3":"status-publish","4":"format-standard","5":"has-post-thumbnail","7":"category-noticias","8":"tag-secundaria","9":"czr-hentry"},"jetpack_publicize_connections":[],"jetpack_featured_media_url":"https:\/\/i0.wp.com\/cepronda.com\/blog\/wp-content\/uploads\/2018\/04\/black-people-2000943_640.jpg?fit=640%2C426&ssl=1","jetpack_shortlink":"https:\/\/wp.me\/p8M4X7-qV","jetpack-related-posts":[{"id":3111,"url":"https:\/\/cepronda.com\/blog\/premios-fundacion-endesa-a-la-ecoinnovacion-educativa-2019-2020\/","url_meta":{"origin":1669,"position":0},"title":"Premios Fundaci\u00f3n Endesa a la Ecoinnovaci\u00f3n Educativa 2019-2020","author":"V\u00edctor Caballero","date":"31 octubre, 2019","format":false,"excerpt":"El objetivo de los Premios Fundaci\u00f3n Endesa a la Ecoinnovaci\u00f3n Educativa es recopilar las buenas pr\u00e1cticas en materia de educaci\u00f3n medioambiental, concretamente la enfocada en la preservaci\u00f3n y cuidado de nuestro entorno. Los proyectos premiados obtienen difusi\u00f3n nacional y europea para poner de manifiesto el compromiso de nuestro pa\u00eds con\u2026","rel":"","context":"En \u00abNoticias\u00bb","block_context":{"text":"Noticias","link":"https:\/\/cepronda.com\/blog\/category\/noticias\/"},"img":{"alt_text":"","src":"https:\/\/i0.wp.com\/cepronda.com\/blog\/wp-content\/uploads\/2019\/05\/logo-nuevo.jpg?fit=531%2C342&ssl=1&resize=350%2C200","width":350,"height":200,"srcset":"https:\/\/i0.wp.com\/cepronda.com\/blog\/wp-content\/uploads\/2019\/05\/logo-nuevo.jpg?fit=531%2C342&ssl=1&resize=350%2C200 1x, https:\/\/i0.wp.com\/cepronda.com\/blog\/wp-content\/uploads\/2019\/05\/logo-nuevo.jpg?fit=531%2C342&ssl=1&resize=525%2C300 1.5x"},"classes":[]},{"id":3044,"url":"https:\/\/cepronda.com\/blog\/programa-rutas-cientificas-artisticas-y-literarias-con-inmersion-linguistica-en-ingles-durante-el-otono-de-2019\/","url_meta":{"origin":1669,"position":1},"title":"Programa \u00abRutas cient\u00edficas, art\u00edsticas y literarias con inmersi\u00f3n ling\u00fc\u00edstica en ingl\u00e9s durante el oto\u00f1o de 2019\u00bb","author":"V\u00edctor Caballero","date":"24 septiembre, 2019","format":false,"excerpt":"Compartimos con todas y todos vosotros esta informaci\u00f3n por si os interesa participar con vuestro alumnado. Pod\u00e9is encontrar toda la informaci\u00f3n en el siguiente enlace. Descripci\u00f3n Programa de ayudas a centros educativos para complementar los conocimientos que los alumnos reciben en sus centros, a trav\u00e9s de diversas actividades desarrolladas a\u2026","rel":"","context":"En \u00abNoticias\u00bb","block_context":{"text":"Noticias","link":"https:\/\/cepronda.com\/blog\/category\/noticias\/"},"img":{"alt_text":"","src":"","width":0,"height":0},"classes":[]},{"id":9381,"url":"https:\/\/cepronda.com\/blog\/primeros-auxilios-y-prevencion-del-consumo-de-nicotina-en-la-comunidad-educativa\/","url_meta":{"origin":1669,"position":2},"title":"PRIMEROS AUXILIOS Y PREVENCI\u00d3N DEL CONSUMO DE NICOTINA EN LA COMUNIDAD EDUCATIVA","author":"Inmaculada Garc\u00eda","date":"18 febrero, 2026","format":false,"excerpt":"Se encuentra abierto el plazo de inscripci\u00f3n a la actividad \"PRIMEROS AUXILIOS Y PREVENCI\u00d3N DEL CONSUMO DE NICOTINA EN LA COMUNIDAD EDUCATIVA'', con c\u00f3digo: 262924GE054. \u00a0 \u00a0Inscripci\u00f3n: del 18\/02\/2026 al 06\/03\/2026. \u00a0 Fecha de la actividad: 10 y 11 de marzo de 2026. \u00a0 \u23f1 Duraci\u00f3n: 6 h presenciales +\u2026","rel":"","context":"En \u00abFormaciones\u00bb","block_context":{"text":"Formaciones","link":"https:\/\/cepronda.com\/blog\/category\/formaciones\/"},"img":{"alt_text":"","src":"https:\/\/i0.wp.com\/cepronda.com\/blog\/wp-content\/uploads\/2026\/02\/WhatsApp-Image-2026-02-18-at-09.42.13.jpeg?fit=960%2C1200&ssl=1&resize=350%2C200","width":350,"height":200,"srcset":"https:\/\/i0.wp.com\/cepronda.com\/blog\/wp-content\/uploads\/2026\/02\/WhatsApp-Image-2026-02-18-at-09.42.13.jpeg?fit=960%2C1200&ssl=1&resize=350%2C200 1x, https:\/\/i0.wp.com\/cepronda.com\/blog\/wp-content\/uploads\/2026\/02\/WhatsApp-Image-2026-02-18-at-09.42.13.jpeg?fit=960%2C1200&ssl=1&resize=525%2C300 1.5x, https:\/\/i0.wp.com\/cepronda.com\/blog\/wp-content\/uploads\/2026\/02\/WhatsApp-Image-2026-02-18-at-09.42.13.jpeg?fit=960%2C1200&ssl=1&resize=700%2C400 2x"},"classes":[]},{"id":7531,"url":"https:\/\/cepronda.com\/blog\/%e2%9c%a8-celebramos-la-internacionalizacion-educativa-en-el-ceip-ntra-sra-del-rosario-de-cortes-de-la-frontera-%e2%9c%a8\/","url_meta":{"origin":1669,"position":3},"title":"\u2728 \u00a1Celebramos la Internacionalizaci\u00f3n Educativa en el CEIP Ntra. Sra. Del Rosario de Cortes de la Frontera! \u2728","author":"Inmaculada Garc\u00eda","date":"20 marzo, 2024","format":false,"excerpt":"Nos emociona compartir que desde el 18 al 23 de marzo estamos recibiendo la visita del \u00c9cole Saint Joseph de M\u00e9an (Francia) con 23 alumnos y alumnas con edades entre los 9 y 11 a\u00f1os. Esta iniciativa parte del programa del consorcio Erasmus MEPRural coordinado desde el CEP de Ronda,\u2026","rel":"","context":"En \u00abFormaciones\u00bb","block_context":{"text":"Formaciones","link":"https:\/\/cepronda.com\/blog\/category\/formaciones\/"},"img":{"alt_text":"","src":"https:\/\/i0.wp.com\/cepronda.com\/blog\/wp-content\/uploads\/2024\/03\/WhatsApp-Image-2024-03-20-at-16.37.09.jpeg?fit=1200%2C689&ssl=1&resize=350%2C200","width":350,"height":200,"srcset":"https:\/\/i0.wp.com\/cepronda.com\/blog\/wp-content\/uploads\/2024\/03\/WhatsApp-Image-2024-03-20-at-16.37.09.jpeg?fit=1200%2C689&ssl=1&resize=350%2C200 1x, https:\/\/i0.wp.com\/cepronda.com\/blog\/wp-content\/uploads\/2024\/03\/WhatsApp-Image-2024-03-20-at-16.37.09.jpeg?fit=1200%2C689&ssl=1&resize=525%2C300 1.5x, https:\/\/i0.wp.com\/cepronda.com\/blog\/wp-content\/uploads\/2024\/03\/WhatsApp-Image-2024-03-20-at-16.37.09.jpeg?fit=1200%2C689&ssl=1&resize=700%2C400 2x, https:\/\/i0.wp.com\/cepronda.com\/blog\/wp-content\/uploads\/2024\/03\/WhatsApp-Image-2024-03-20-at-16.37.09.jpeg?fit=1200%2C689&ssl=1&resize=1050%2C600 3x"},"classes":[]},{"id":7647,"url":"https:\/\/cepronda.com\/blog\/formacion-programa-cima-participantes-249916kcim480\/","url_meta":{"origin":1669,"position":4},"title":"FORMACI\u00d3N \u00abPROGRAMA CIMA. COORDINADORES Y RESPONSABLES DE \u00c1MBITO\u00bb (249916KCIM480)","author":"Inmaculada Garc\u00eda","date":"4 junio, 2024","format":false,"excerpt":"Se encuentra abierto el plazo de solicitud para la convocatoria del curso \"PROGRAMA CIMA. COORDINADORES Y RESPONSABLES DE \u00c1MBITO\" con c\u00f3digo 249916KCIM480, con un total de 30h de formaci\u00f3n. Fecha actividad:\u00a010\/06\/2024 hasta 28\/06\/2024 Fecha inscripci\u00f3n:\u00a003\/06\/2024 hasta 07\/06\/2024 Este curso est\u00e1 pensado para los docentes participantes del Programa para la Innovaci\u00f3n\u2026","rel":"","context":"En \u00abFormaciones\u00bb","block_context":{"text":"Formaciones","link":"https:\/\/cepronda.com\/blog\/category\/formaciones\/"},"img":{"alt_text":"","src":"https:\/\/i0.wp.com\/cepronda.com\/blog\/wp-content\/uploads\/2024\/06\/cima-responsables.jpg?fit=667%2C382&ssl=1&resize=350%2C200","width":350,"height":200,"srcset":"https:\/\/i0.wp.com\/cepronda.com\/blog\/wp-content\/uploads\/2024\/06\/cima-responsables.jpg?fit=667%2C382&ssl=1&resize=350%2C200 1x, https:\/\/i0.wp.com\/cepronda.com\/blog\/wp-content\/uploads\/2024\/06\/cima-responsables.jpg?fit=667%2C382&ssl=1&resize=525%2C300 1.5x"},"classes":[]},{"id":7561,"url":"https:\/\/cepronda.com\/blog\/actividades-programa-cima\/","url_meta":{"origin":1669,"position":5},"title":"ACTIVIDADES PROGRAMA CIMA","author":"Mamen Moreno","date":"11 abril, 2024","format":false,"excerpt":"Abierto plazo de solicitudes de tres actividades formativas REGIONALES para docentes participantes en el programa CIMA: \"RECAPACICLA, EDUCACI\u00d3N PARA LA CIRCULARIDAD\": https:\/\/www.juntadeandalucia.es\/educacion\/secretariavirtual\/consultaCEP\/actividad\/249920EA114\/ \"LA AVENTURA DE NUESTRO ECOHUERTO\": https:\/\/www.juntadeandalucia.es\/educacion\/secretariavirtual\/consultaCEP\/actividad\/249907EA144\/ \u00a1T\u00da PUEDES SER OL\u00cdMPIC@! UNA PROPUESTA EDUCATIVA E INTEGRADORA A TRAV\u00c9S DEL OLIMPISMO: https:\/\/www.juntadeandalucia.es\/educacion\/secretariavirtual\/consultaCEP\/actividad\/249932HVS258\/ Solicitudes de inscripci\u00f3n: del 11 al 17 de\u2026","rel":"","context":"En \u00abFormaciones\u00bb","block_context":{"text":"Formaciones","link":"https:\/\/cepronda.com\/blog\/category\/formaciones\/"},"img":{"alt_text":"","src":"https:\/\/i0.wp.com\/cepronda.com\/blog\/wp-content\/uploads\/2024\/04\/Copia-de-TEATRO-SEMIOTICA-1-1.png?fit=1080%2C1080&ssl=1&resize=350%2C200","width":350,"height":200,"srcset":"https:\/\/i0.wp.com\/cepronda.com\/blog\/wp-content\/uploads\/2024\/04\/Copia-de-TEATRO-SEMIOTICA-1-1.png?fit=1080%2C1080&ssl=1&resize=350%2C200 1x, https:\/\/i0.wp.com\/cepronda.com\/blog\/wp-content\/uploads\/2024\/04\/Copia-de-TEATRO-SEMIOTICA-1-1.png?fit=1080%2C1080&ssl=1&resize=525%2C300 1.5x, https:\/\/i0.wp.com\/cepronda.com\/blog\/wp-content\/uploads\/2024\/04\/Copia-de-TEATRO-SEMIOTICA-1-1.png?fit=1080%2C1080&ssl=1&resize=700%2C400 2x, https:\/\/i0.wp.com\/cepronda.com\/blog\/wp-content\/uploads\/2024\/04\/Copia-de-TEATRO-SEMIOTICA-1-1.png?fit=1080%2C1080&ssl=1&resize=1050%2C600 3x"},"classes":[]}],"jetpack_sharing_enabled":true,"_links":{"self":[{"href":"https:\/\/cepronda.com\/blog\/wp-json\/wp\/v2\/posts\/1669","targetHints":{"allow":["GET"]}}],"collection":[{"href":"https:\/\/cepronda.com\/blog\/wp-json\/wp\/v2\/posts"}],"about":[{"href":"https:\/\/cepronda.com\/blog\/wp-json\/wp\/v2\/types\/post"}],"author":[{"embeddable":true,"href":"https:\/\/cepronda.com\/blog\/wp-json\/wp\/v2\/users\/3"}],"replies":[{"embeddable":true,"href":"https:\/\/cepronda.com\/blog\/wp-json\/wp\/v2\/comments?post=1669"}],"version-history":[{"count":1,"href":"https:\/\/cepronda.com\/blog\/wp-json\/wp\/v2\/posts\/1669\/revisions"}],"predecessor-version":[{"id":1671,"href":"https:\/\/cepronda.com\/blog\/wp-json\/wp\/v2\/posts\/1669\/revisions\/1671"}],"wp:featuredmedia":[{"embeddable":true,"href":"https:\/\/cepronda.com\/blog\/wp-json\/wp\/v2\/media\/1670"}],"wp:attachment":[{"href":"https:\/\/cepronda.com\/blog\/wp-json\/wp\/v2\/media?parent=1669"}],"wp:term":[{"taxonomy":"category","embeddable":true,"href":"https:\/\/cepronda.com\/blog\/wp-json\/wp\/v2\/categories?post=1669"},{"taxonomy":"post_tag","embeddable":true,"href":"https:\/\/cepronda.com\/blog\/wp-json\/wp\/v2\/tags?post=1669"}],"curies":[{"name":"wp","href":"https:\/\/api.w.org\/{rel}","templated":true}]}}